{"id":8138,"date":"2026-08-31T14:00:53","date_gmt":"2026-08-31T12:00:53","guid":{"rendered":"https:\/\/www.eurooppalainensuomi.fi\/?p=8138"},"modified":"2026-08-31T14:00:54","modified_gmt":"2026-08-31T12:00:54","slug":"eun-viikko-36-26-puolustus-laajentuminen-kauppa","status":"publish","type":"post","link":"https:\/\/www.eurooppalainensuomi.fi\/eun-viikko-36-26-puolustus-laajentuminen-kauppa","title":{"rendered":"EU:n viikko 36\/26: Puolustus | Laajentuminen | Kauppa"},"content":{"rendered":"\n<p>T\u00e4ll\u00e4 viikolla Euroopan parlamentin valiokunnat k\u00e4sittelev\u00e4t muun muassa kauppapolitiikkaa, kansanterveytt\u00e4, ihmisoikeuksia, digi- ja energiapolitiikkaa sek\u00e4 EU:n vuoden 2027 talousarviota.<\/p>\n\n\n\n<p>Maanantaista keskiviikkoon Irlannin puheenjohtajakausi j\u00e4rjest\u00e4\u00e4 EU:n puolustus- ja ulkoministerien ep\u00e4viralliset kokoukset. Keskusteluissa ovat esill\u00e4 Ukrainan tukeminen, turvallisuus ja puolustus, geopoliittinen kehitys sek\u00e4 EU:n kansainv\u00e4linen rooli.<\/p>\n\n\n\n<p>My\u00f6hemmin viikolla EU:n talous- ja rahoitusasioiden neuvonantajat sek\u00e4 Eurooppa-asioista vastaavat ministerit kokoontuvat keskustelemaan talouden painopisteist\u00e4, EU:n pitk\u00e4n aikav\u00e4lin talousarviosta, laajentumisesta ja demokraattisesta kriisinkest\u00e4vyydest\u00e4.<\/p>\n\n\n\n<p>Perjantaina komission puheenjohtaja Ursula von der Leyen johtaa komissaarien kollegion seminaaria, jossa valmistaudutaan unionin tilaa k\u00e4sittelev\u00e4\u00e4n puheeseen.<\/p>\n\n\n\n<p><em>Jos pid\u00e4t ty\u00f6st\u00e4mme ja haluat tukea sit\u00e4, harkitse lahjoituksen tekemist\u00e4.<\/em><\/p>\n\n\n\n<p><strong>Katso koko asialista<\/strong><\/p>\n\n\n\n<h2>Euroopan parlamentti<\/h2>\n\n\n\n<p>Tiistaina ITRE-valiokunta keskustelee Irlannin puheenjohtajakauden painopisteist\u00e4 televiestinn\u00e4n, kyberturvallisuuden, energian, tutkimuksen ja innovaatioiden alalla. Lis\u00e4ksi valiokunta \u00e4\u00e4nest\u00e4\u00e4 EU:n vuoden 2027 talousarviosta ja talousarvion toteuttamista koskevista s\u00e4\u00e4nn\u00f6ist\u00e4.<\/p>\n\n\n\n<p>FEMM-valiokunta tarkastelee EU:n tasa-arvoa koskevan toimintasuunnitelman toimeenpanoa sek\u00e4 valmistautumista vuoden 2027 j\u00e4lkeiseen seuraajaan.<\/p>\n\n\n\n<p>Keskiviikkona SANT-valiokunnan aiheina ovat rajat ylitt\u00e4v\u00e4 terveydenhuolto, lasten sy\u00f6v\u00e4t sek\u00e4 l\u00e4\u00e4kekehityksen tulevaisuus.<\/p>\n\n\n\n<p>Keskiviikosta torstaihin INTA-valiokunta k\u00e4sittelee EU:n kauppapolitiikkaa, WTO:n kehityst\u00e4, teollisuustukia, taloudellista pakottamista sek\u00e4 k\u00e4ynniss\u00e4 olevia kauppaneuvotteluja Norsunluurannikon, Filippiinien ja Yhdistyneiden arabiemiirikuntien kanssa.<\/p>\n\n\n\n<p>DROI-valiokunta puolestaan k\u00e4sittelee ihmisoikeuksien painopisteit\u00e4, Pakistanin, Kazakstanin, Afganistanin ja Egyptin tilannetta sek\u00e4 uskonnollisten v\u00e4hemmist\u00f6jen suojelua.<\/p>\n\n\n\n<p><strong>Lue lis\u00e4\u00e4<\/strong><\/p>\n\n\n\n<h2>Euroopan komissio<\/h2>\n\n\n\n<p>Maanantaina komissaari Dubravka \u0160uica osallistuu Sloveniassa j\u00e4rjestett\u00e4v\u00e4\u00e4n Bled Strategic Forumiin.<\/p>\n\n\n\n<p>Torstaina komissaari Glenn Micallef puhuu Lviviss\u00e4 j\u00e4rjestett\u00e4v\u00e4ss\u00e4 kansainv\u00e4lisess\u00e4&nbsp;<em>Art &amp; Resilience<\/em>&nbsp;-foorumissa. Komissaari Ekaterina Zaharieva puolestaan osallistuu Prahassa j\u00e4rjestett\u00e4v\u00e4\u00e4n Keski- ja It\u00e4-Euroopan AI-huippukokoukseen.<\/p>\n\n\n\n<p>Perjantaina komission puheenjohtaja Ursula von der Leyen johtaa komissaarien kollegion seminaaria, jossa valmistaudutaan unionin tilaa k\u00e4sittelev\u00e4\u00e4n puheeseen. Seminaarissa keskustellaan asiantuntijoiden kanssa muun muassa ilmastonmuutoksen vaikutuksista ja teollisesta teko\u00e4lyst\u00e4.<\/p>\n\n\n\n<p><strong>Lue lis\u00e4\u00e4<\/strong><\/p>\n\n\n\n<h2>Euroopan unionin neuvosto<\/h2>\n\n\n\n<p>Maanantaista tiistaihin Irlannin puheenjohtajakausi j\u00e4rjest\u00e4\u00e4 Wicklow&#8217;ssa EU:n puolustusministerien ep\u00e4virallisen kokouksen. Ministerit keskustelevat Ukrainan tukemisesta, avaruuden roolista turvallisuudessa ja puolustuksessa sek\u00e4 ajankohtaisista kysymyksist\u00e4, kuten Libanonista ja meriturvallisuudesta.<\/p>\n\n\n\n<p>Tiistaista keskiviikkoon EU:n ulkoministerit kokoontuvat ep\u00e4virallisesti vaihtamaan n\u00e4kemyksi\u00e4 geopoliittisesta kehityksest\u00e4 ja EU:n roolista kansainv\u00e4lisell\u00e4 n\u00e4ytt\u00e4m\u00f6ll\u00e4.<\/p>\n\n\n\n<p>Torstaista perjantaihin EU:n talous- ja rahoitusasioiden neuvonantajat sek\u00e4 Eurooppa-asioista vastaavat ministerit kokoontuvat keskustelemaan talouden ja rahoituksen painopisteist\u00e4 sek\u00e4 EU:n pitk\u00e4n aikav\u00e4lin talousarviosta, laajentumisesta ja demokraattisesta kriisinkest\u00e4vyydest\u00e4.<\/p>\n","protected":false},"excerpt":{"rendered":"<p>T\u00e4ll\u00e4 viikolla Euroopan parlamentin valiokunnat k\u00e4sittelev\u00e4t muun muassa kauppapolitiikkaa, kansanterveytt\u00e4, ihmisoikeuksia, digi- ja energiapolitiikkaa sek\u00e4 EU:n vuoden 2027 talousarviota. Maanantaista keskiviikkoon Irlannin puheenjohtajakausi j\u00e4rjest\u00e4\u00e4 EU:n puolustus- ja ulkoministerien ep\u00e4viralliset kokoukset. [&hellip;]<\/p>\n","protected":false},"author":10,"featured_media":7677,"comment_status":"closed","ping_status":"closed","sticky":false,"template":"","format":"standard","meta":{"_et_pb_use_builder":"off","_et_pb_old_content":"","_et_gb_content_width":""},"categories":[8,123],"tags":[],"yoast_head":"<!-- This site is optimized with the Yoast SEO plugin v19.13 - https:\/\/yoast.com\/wordpress\/plugins\/seo\/ -->\n<title>EU:n viikko 36\/26: Puolustus | Laajentuminen | Kauppa - Eurooppalainen Suomi<\/title>\n<meta name=\"description\" content=\"T\u00e4ll\u00e4 viikolla EU:ssa keskustellaan puolustuksesta, Ukrainan tukemisesta, kauppapolitiikasta, vuoden 2027 budjetista ja EU:n laajentumisesta.\" \/>\n<meta name=\"robots\" content=\"index, follow, max-snippet:-1, max-image-preview:large, max-video-preview:-1\" \/>\n<link rel=\"canonical\" href=\"https:\/\/www.eurooppalainensuomi.fi\/eun-viikko-36-26-puolustus-laajentuminen-kauppa\" \/>\n<meta property=\"og:locale\" content=\"en_US\" \/>\n<meta property=\"og:type\" content=\"article\" \/>\n<meta property=\"og:title\" content=\"EU:n viikko 36\/26: Puolustus | Laajentuminen | Kauppa - Eurooppalainen Suomi\" \/>\n<meta property=\"og:description\" content=\"T\u00e4ll\u00e4 viikolla EU:ssa keskustellaan puolustuksesta, Ukrainan tukemisesta, kauppapolitiikasta, vuoden 2027 budjetista ja EU:n laajentumisesta.\" \/>\n<meta property=\"og:url\" content=\"https:\/\/www.eurooppalainensuomi.fi\/eun-viikko-36-26-puolustus-laajentuminen-kauppa\" \/>\n<meta property=\"og:site_name\" content=\"Eurooppalainen Suomi\" \/>\n<meta property=\"article:publisher\" content=\"https:\/\/www.facebook.com\/eurooppalainensuomi\" \/>\n<meta property=\"article:published_time\" content=\"2026-08-31T12:00:53+00:00\" \/>\n<meta property=\"article:modified_time\" content=\"2026-08-31T12:00:54+00:00\" \/>\n<meta property=\"og:image\" content=\"https:\/\/www.eurooppalainensuomi.fi\/wp-content\/uploads\/2025\/12\/Uutiset-1-1024x576.jpg\" \/>\n\t<meta property=\"og:image:width\" content=\"1024\" \/>\n\t<meta property=\"og:image:height\" content=\"576\" \/>\n\t<meta property=\"og:image:type\" content=\"image\/jpeg\" \/>\n<meta name=\"author\" content=\"Ninni Issakainen\" \/>\n<meta name=\"twitter:card\" content=\"summary_large_image\" \/>\n<meta name=\"twitter:creator\" content=\"@em_finland\" \/>\n<meta name=\"twitter:site\" content=\"@em_finland\" \/>\n<meta name=\"twitter:label1\" content=\"Written by\" \/>\n\t<meta name=\"twitter:data1\" content=\"Ninni Issakainen\" \/>\n\t<meta name=\"twitter:label2\" content=\"Est. reading time\" \/>\n\t<meta name=\"twitter:data2\" content=\"2 minutes\" \/>\n<script type=\"application\/ld+json\" class=\"yoast-schema-graph\">{\"@context\":\"https:\/\/schema.org\",\"@graph\":[{\"@type\":\"Article\",\"@id\":\"https:\/\/www.eurooppalainensuomi.fi\/eun-viikko-36-26-puolustus-laajentuminen-kauppa#article\",\"isPartOf\":{\"@id\":\"https:\/\/www.eurooppalainensuomi.fi\/eun-viikko-36-26-puolustus-laajentuminen-kauppa\"},\"author\":{\"name\":\"Ninni Issakainen\",\"@id\":\"https:\/\/www.eurooppalainensuomi.fi\/#\/schema\/person\/435badd3919f065aa5026e6e20cc5f4f\"},\"headline\":\"EU:n viikko 36\/26: Puolustus | Laajentuminen | Kauppa\",\"datePublished\":\"2026-08-31T12:00:53+00:00\",\"dateModified\":\"2026-08-31T12:00:54+00:00\",\"mainEntityOfPage\":{\"@id\":\"https:\/\/www.eurooppalainensuomi.fi\/eun-viikko-36-26-puolustus-laajentuminen-kauppa\"},\"wordCount\":396,\"publisher\":{\"@id\":\"https:\/\/www.eurooppalainensuomi.fi\/#organization\"},\"articleSection\":[\"Ajankohtaista\",\"EU:n viikko\"],\"inLanguage\":\"en\"},{\"@type\":\"WebPage\",\"@id\":\"https:\/\/www.eurooppalainensuomi.fi\/eun-viikko-36-26-puolustus-laajentuminen-kauppa\",\"url\":\"https:\/\/www.eurooppalainensuomi.fi\/eun-viikko-36-26-puolustus-laajentuminen-kauppa\",\"name\":\"EU:n viikko 36\/26: Puolustus | Laajentuminen | Kauppa - Eurooppalainen Suomi\",\"isPartOf\":{\"@id\":\"https:\/\/www.eurooppalainensuomi.fi\/#website\"},\"datePublished\":\"2026-08-31T12:00:53+00:00\",\"dateModified\":\"2026-08-31T12:00:54+00:00\",\"description\":\"T\u00e4ll\u00e4 viikolla EU:ssa keskustellaan puolustuksesta, Ukrainan tukemisesta, kauppapolitiikasta, vuoden 2027 budjetista ja EU:n laajentumisesta.\",\"breadcrumb\":{\"@id\":\"https:\/\/www.eurooppalainensuomi.fi\/eun-viikko-36-26-puolustus-laajentuminen-kauppa#breadcrumb\"},\"inLanguage\":\"en\",\"potentialAction\":[{\"@type\":\"ReadAction\",\"target\":[\"https:\/\/www.eurooppalainensuomi.fi\/eun-viikko-36-26-puolustus-laajentuminen-kauppa\"]}]},{\"@type\":\"BreadcrumbList\",\"@id\":\"https:\/\/www.eurooppalainensuomi.fi\/eun-viikko-36-26-puolustus-laajentuminen-kauppa#breadcrumb\",\"itemListElement\":[{\"@type\":\"ListItem\",\"position\":1,\"name\":\"Etusivu\",\"item\":\"https:\/\/www.eurooppalainensuomi.fi\/\"},{\"@type\":\"ListItem\",\"position\":2,\"name\":\"EU:n viikko 36\/26: Puolustus | Laajentuminen | Kauppa\"}]},{\"@type\":\"WebSite\",\"@id\":\"https:\/\/www.eurooppalainensuomi.fi\/#website\",\"url\":\"https:\/\/www.eurooppalainensuomi.fi\/\",\"name\":\"Eurooppalainen Suomi\",\"description\":\"Parempaa Eurooppaa rakentamassa\",\"publisher\":{\"@id\":\"https:\/\/www.eurooppalainensuomi.fi\/#organization\"},\"potentialAction\":[{\"@type\":\"SearchAction\",\"target\":{\"@type\":\"EntryPoint\",\"urlTemplate\":\"https:\/\/www.eurooppalainensuomi.fi\/?s={search_term_string}\"},\"query-input\":\"required name=search_term_string\"}],\"inLanguage\":\"en\"},{\"@type\":\"Organization\",\"@id\":\"https:\/\/www.eurooppalainensuomi.fi\/#organization\",\"name\":\"Eurooppalainen Suomi ry\",\"url\":\"https:\/\/www.eurooppalainensuomi.fi\/\",\"logo\":{\"@type\":\"ImageObject\",\"inLanguage\":\"en\",\"@id\":\"https:\/\/www.eurooppalainensuomi.fi\/#\/schema\/logo\/image\/\",\"url\":\"https:\/\/www.eurooppalainensuomi.fi\/wp-content\/uploads\/2021\/01\/PNG_large.png\",\"contentUrl\":\"https:\/\/www.eurooppalainensuomi.fi\/wp-content\/uploads\/2021\/01\/PNG_large.png\",\"width\":586,\"height\":220,\"caption\":\"Eurooppalainen Suomi ry\"},\"image\":{\"@id\":\"https:\/\/www.eurooppalainensuomi.fi\/#\/schema\/logo\/image\/\"},\"sameAs\":[\"https:\/\/instagram.com\/eurooppalainensuomi\",\"https:\/\/www.youtube.com\/channel\/UCBeqyrm1ze2RinjeAYS_-Jg\",\"https:\/\/fi.wikipedia.org\/wiki\/Eurooppalainen_Suomi\",\"https:\/\/www.facebook.com\/eurooppalainensuomi\",\"https:\/\/twitter.com\/em_finland\"]},{\"@type\":\"Person\",\"@id\":\"https:\/\/www.eurooppalainensuomi.fi\/#\/schema\/person\/435badd3919f065aa5026e6e20cc5f4f\",\"name\":\"Ninni Issakainen\",\"image\":{\"@type\":\"ImageObject\",\"inLanguage\":\"en\",\"@id\":\"https:\/\/www.eurooppalainensuomi.fi\/#\/schema\/person\/image\/\",\"url\":\"https:\/\/secure.gravatar.com\/avatar\/40a3bd6422fa5ef8f4053a5330e4b152?s=96&d=mm&r=g\",\"contentUrl\":\"https:\/\/secure.gravatar.com\/avatar\/40a3bd6422fa5ef8f4053a5330e4b152?s=96&d=mm&r=g\",\"caption\":\"Ninni Issakainen\"}}]}<\/script>\n<!-- \/ Yoast SEO plugin. -->","yoast_head_json":{"title":"EU:n viikko 36\/26: Puolustus | Laajentuminen | Kauppa - Eurooppalainen Suomi","description":"T\u00e4ll\u00e4 viikolla EU:ssa keskustellaan puolustuksesta, Ukrainan tukemisesta, kauppapolitiikasta, vuoden 2027 budjetista ja EU:n laajentumisesta.","robots":{"index":"index","follow":"follow","max-snippet":"max-snippet:-1","max-image-preview":"max-image-preview:large","max-video-preview":"max-video-preview:-1"},"canonical":"https:\/\/www.eurooppalainensuomi.fi\/eun-viikko-36-26-puolustus-laajentuminen-kauppa","og_locale":"en_US","og_type":"article","og_title":"EU:n viikko 36\/26: Puolustus | Laajentuminen | Kauppa - Eurooppalainen Suomi","og_description":"T\u00e4ll\u00e4 viikolla EU:ssa keskustellaan puolustuksesta, Ukrainan tukemisesta, kauppapolitiikasta, vuoden 2027 budjetista ja EU:n laajentumisesta.","og_url":"https:\/\/www.eurooppalainensuomi.fi\/eun-viikko-36-26-puolustus-laajentuminen-kauppa","og_site_name":"Eurooppalainen Suomi","article_publisher":"https:\/\/www.facebook.com\/eurooppalainensuomi","article_published_time":"2026-08-31T12:00:53+00:00","article_modified_time":"2026-08-31T12:00:54+00:00","og_image":[{"width":1024,"height":576,"url":"https:\/\/www.eurooppalainensuomi.fi\/wp-content\/uploads\/2025\/12\/Uutiset-1-1024x576.jpg","type":"image\/jpeg"}],"author":"Ninni Issakainen","twitter_card":"summary_large_image","twitter_creator":"@em_finland","twitter_site":"@em_finland","twitter_misc":{"Written by":"Ninni Issakainen","Est. reading time":"2 minutes"},"schema":{"@context":"https:\/\/schema.org","@graph":[{"@type":"Article","@id":"https:\/\/www.eurooppalainensuomi.fi\/eun-viikko-36-26-puolustus-laajentuminen-kauppa#article","isPartOf":{"@id":"https:\/\/www.eurooppalainensuomi.fi\/eun-viikko-36-26-puolustus-laajentuminen-kauppa"},"author":{"name":"Ninni Issakainen","@id":"https:\/\/www.eurooppalainensuomi.fi\/#\/schema\/person\/435badd3919f065aa5026e6e20cc5f4f"},"headline":"EU:n viikko 36\/26: Puolustus | Laajentuminen | Kauppa","datePublished":"2026-08-31T12:00:53+00:00","dateModified":"2026-08-31T12:00:54+00:00","mainEntityOfPage":{"@id":"https:\/\/www.eurooppalainensuomi.fi\/eun-viikko-36-26-puolustus-laajentuminen-kauppa"},"wordCount":396,"publisher":{"@id":"https:\/\/www.eurooppalainensuomi.fi\/#organization"},"articleSection":["Ajankohtaista","EU:n viikko"],"inLanguage":"en"},{"@type":"WebPage","@id":"https:\/\/www.eurooppalainensuomi.fi\/eun-viikko-36-26-puolustus-laajentuminen-kauppa","url":"https:\/\/www.eurooppalainensuomi.fi\/eun-viikko-36-26-puolustus-laajentuminen-kauppa","name":"EU:n viikko 36\/26: Puolustus | Laajentuminen | Kauppa - Eurooppalainen Suomi","isPartOf":{"@id":"https:\/\/www.eurooppalainensuomi.fi\/#website"},"datePublished":"2026-08-31T12:00:53+00:00","dateModified":"2026-08-31T12:00:54+00:00","description":"T\u00e4ll\u00e4 viikolla EU:ssa keskustellaan puolustuksesta, Ukrainan tukemisesta, kauppapolitiikasta, vuoden 2027 budjetista ja EU:n laajentumisesta.","breadcrumb":{"@id":"https:\/\/www.eurooppalainensuomi.fi\/eun-viikko-36-26-puolustus-laajentuminen-kauppa#breadcrumb"},"inLanguage":"en","potentialAction":[{"@type":"ReadAction","target":["https:\/\/www.eurooppalainensuomi.fi\/eun-viikko-36-26-puolustus-laajentuminen-kauppa"]}]},{"@type":"BreadcrumbList","@id":"https:\/\/www.eurooppalainensuomi.fi\/eun-viikko-36-26-puolustus-laajentuminen-kauppa#breadcrumb","itemListElement":[{"@type":"ListItem","position":1,"name":"Etusivu","item":"https:\/\/www.eurooppalainensuomi.fi\/"},{"@type":"ListItem","position":2,"name":"EU:n viikko 36\/26: Puolustus | Laajentuminen | Kauppa"}]},{"@type":"WebSite","@id":"https:\/\/www.eurooppalainensuomi.fi\/#website","url":"https:\/\/www.eurooppalainensuomi.fi\/","name":"Eurooppalainen Suomi","description":"Parempaa Eurooppaa rakentamassa","publisher":{"@id":"https:\/\/www.eurooppalainensuomi.fi\/#organization"},"potentialAction":[{"@type":"SearchAction","target":{"@type":"EntryPoint","urlTemplate":"https:\/\/www.eurooppalainensuomi.fi\/?s={search_term_string}"},"query-input":"required name=search_term_string"}],"inLanguage":"en"},{"@type":"Organization","@id":"https:\/\/www.eurooppalainensuomi.fi\/#organization","name":"Eurooppalainen Suomi ry","url":"https:\/\/www.eurooppalainensuomi.fi\/","logo":{"@type":"ImageObject","inLanguage":"en","@id":"https:\/\/www.eurooppalainensuomi.fi\/#\/schema\/logo\/image\/","url":"https:\/\/www.eurooppalainensuomi.fi\/wp-content\/uploads\/2021\/01\/PNG_large.png","contentUrl":"https:\/\/www.eurooppalainensuomi.fi\/wp-content\/uploads\/2021\/01\/PNG_large.png","width":586,"height":220,"caption":"Eurooppalainen Suomi ry"},"image":{"@id":"https:\/\/www.eurooppalainensuomi.fi\/#\/schema\/logo\/image\/"},"sameAs":["https:\/\/instagram.com\/eurooppalainensuomi","https:\/\/www.youtube.com\/channel\/UCBeqyrm1ze2RinjeAYS_-Jg","https:\/\/fi.wikipedia.org\/wiki\/Eurooppalainen_Suomi","https:\/\/www.facebook.com\/eurooppalainensuomi","https:\/\/twitter.com\/em_finland"]},{"@type":"Person","@id":"https:\/\/www.eurooppalainensuomi.fi\/#\/schema\/person\/435badd3919f065aa5026e6e20cc5f4f","name":"Ninni Issakainen","image":{"@type":"ImageObject","inLanguage":"en","@id":"https:\/\/www.eurooppalainensuomi.fi\/#\/schema\/person\/image\/","url":"https:\/\/secure.gravatar.com\/avatar\/40a3bd6422fa5ef8f4053a5330e4b152?s=96&d=mm&r=g","contentUrl":"https:\/\/secure.gravatar.com\/avatar\/40a3bd6422fa5ef8f4053a5330e4b152?s=96&d=mm&r=g","caption":"Ninni Issakainen"}}]}},"_links":{"self":[{"href":"https:\/\/www.eurooppalainensuomi.fi\/index.php?rest_route=\/wp\/v2\/posts\/8138"}],"collection":[{"href":"https:\/\/www.eurooppalainensuomi.fi\/index.php?rest_route=\/wp\/v2\/posts"}],"about":[{"href":"https:\/\/www.eurooppalainensuomi.fi\/index.php?rest_route=\/wp\/v2\/types\/post"}],"author":[{"embeddable":true,"href":"https:\/\/www.eurooppalainensuomi.fi\/index.php?rest_route=\/wp\/v2\/users\/10"}],"replies":[{"embeddable":true,"href":"https:\/\/www.eurooppalainensuomi.fi\/index.php?rest_route=%2Fwp%2Fv2%2Fcomments&post=8138"}],"version-history":[{"count":1,"href":"https:\/\/www.eurooppalainensuomi.fi\/index.php?rest_route=\/wp\/v2\/posts\/8138\/revisions"}],"predecessor-version":[{"id":8139,"href":"https:\/\/www.eurooppalainensuomi.fi\/index.php?rest_route=\/wp\/v2\/posts\/8138\/revisions\/8139"}],"wp:featuredmedia":[{"embeddable":true,"href":"https:\/\/www.eurooppalainensuomi.fi\/index.php?rest_route=\/wp\/v2\/media\/7677"}],"wp:attachment":[{"href":"https:\/\/www.eurooppalainensuomi.fi\/index.php?rest_route=%2Fwp%2Fv2%2Fmedia&parent=8138"}],"wp:term":[{"taxonomy":"category","embeddable":true,"href":"https:\/\/www.eurooppalainensuomi.fi\/index.php?rest_route=%2Fwp%2Fv2%2Fcategories&post=8138"},{"taxonomy":"post_tag","embeddable":true,"href":"https:\/\/www.eurooppalainensuomi.fi\/index.php?rest_route=%2Fwp%2Fv2%2Ftags&post=8138"}],"curies":[{"name":"wp","href":"https:\/\/api.w.org\/{rel}","templated":true}]}}