{"id":7972,"date":"2026-04-28T14:16:06","date_gmt":"2026-04-28T12:16:06","guid":{"rendered":"https:\/\/www.eurooppalainensuomi.fi\/?p=7972"},"modified":"2026-04-28T14:16:08","modified_gmt":"2026-04-28T12:16:08","slug":"itsenainen-eurooppa-vaatii-tekoja-eurooppa-paivan-juhlaseminaari-8-5","status":"publish","type":"post","link":"https:\/\/www.eurooppalainensuomi.fi\/itsenainen-eurooppa-vaatii-tekoja-eurooppa-paivan-juhlaseminaari-8-5","title":{"rendered":"Itsen\u00e4inen Eurooppa vaatii tekoja &#8211; Eurooppa-p\u00e4iv\u00e4n juhlaseminaari 8.5."},"content":{"rendered":"\n<p class=\"has-medium-font-size\"><em>Eurooppa-p\u00e4iv\u00e4n avoimessa juhlaseminaarissa keskustellaan Euroopan itsen\u00e4isyydest\u00e4 myrskyis\u00e4ss\u00e4 maailmassa, Suomen asemasta ja EU:n tulevasta rahoituskehyksest\u00e4 k\u00e4rkipoliitikkojen ja huippuasiantuntijoiden johdolla.&nbsp;<\/em><\/p>\n\n\n\n<p>Eurooppa-p\u00e4iv\u00e4 juhlistetaan t\u00e4n\u00e4 vuonna kaikille avoimella juhlaseminaarilla Helsingin keskustakirjasto Oodissa 8.5.2025 klo 11\u201317.<\/p>\n\n\n\n<p>Tilaisuus alkaa klo 11 Euroopan komission johtavan varapuheenjohtaja <strong>Henna Virkkusen <\/strong>avajaispuheella ja haastattelulla.<\/p>\n\n\n\n<p>Ohjelmassa kuullaan tuoreita n\u00e4kemyksi\u00e4 kansalaisten suhtautumisesta Euroopan tulevaisuuteen, kun Sitra ja Elinkeinoel\u00e4m\u00e4n valtuuskunta EVA julkaisevat yhteisen kyselytutkimuksensa tulokset. Tutkimusta k\u00e4sittelev\u00e4ss\u00e4 keskustelussa pohditaan itsen\u00e4isen Euroopan merkityst\u00e4 Suomelle.<\/p>\n\n\n\n<p>EU:n tulevasta rahoituskehyksest\u00e4 alustaa Eurooppa- ja ohjausministeri <strong>Joakim Strand<\/strong>, mink\u00e4 j\u00e4lkeen aiheesta keskustelevat europarlamentaarikot <strong>Elsi Katainen<\/strong> ja <strong>Eero Hein\u00e4luoma<\/strong> sek\u00e4 Euroopan komission Suomen-edustuston p\u00e4\u00e4llikk\u00f6 <strong>Elina Laurinen<\/strong>.<\/p>\n\n\n\n<p>Iltap\u00e4iv\u00e4ll\u00e4 tarkastellaan Suomen roolia ep\u00e4vakaassa maailmassa Euroopan investointipankin ohjelmassa. Keskustelussa ovat mukana europarlamentaarikko <strong>Jussi Saramo<\/strong> ja eduskunnan ulkoasiainvaliokunnan puheenjohtaja <strong>Johannes Koskinen<\/strong>.<\/p>\n\n\n\n<p>Kello 14.00 kuullaan p\u00e4\u00e4ministeri <strong>Petteri Orpon<\/strong> poliittinen linjapuhe suorana l\u00e4hetyksen\u00e4, jota kommentoivat toimittaja <strong>Marleena Pellin <\/strong>johdolla Ulkopoliittisen instituutin EU-ohjelmajohtaja <strong>Juha Jokela<\/strong> ja Eurooppanuorten <strong>Pieta P\u00e4iv\u00e4nen<\/strong>.&nbsp;<\/p>\n\n\n\n<p>Lis\u00e4ksi ohjelmassa on Eurooppanaisten paneelikeskustelu palkka-avoimuusdirektiivist\u00e4, jonka loppusanat antaa europarlamentaarikko <strong>Maria Ohisalo<\/strong> sek\u00e4 Eurooppanuorten poliittisten nuorisoj\u00e4rjest\u00f6jen puheenjohtajien paneeli, joka perinteisesti p\u00e4\u00e4tt\u00e4\u00e4 tilaisuuden.<\/p>\n\n\n\n<p>Seminaariin on vapaa p\u00e4\u00e4sy, ja l\u00f6yd\u00e4t ohjelman kokonaisuudessaan osoitteesta <a href=\"https:\/\/www.eurooppapaiva.fi\">eurooppapaiva.fi<\/a>. Ohjelma striimataan my\u00f6s Yle Areenaan!<\/p>\n\n\n\n<p><strong>Oheisohjelmana musiikkia, EU-tietovisa ja Eurooppatori<\/strong><\/p>\n\n\n\n<p>Keskusteluohjelma j\u00e4rjestet\u00e4\u00e4n kirjaston 3. kerroksen Saarikoski-matolla, mink\u00e4 lis\u00e4ksi 1. kerroksen Eurooppatorilla j\u00e4rjest\u00e4j\u00e4tahot, suurl\u00e4hetyst\u00f6t ja yhteisty\u00f6kumppanit esittelev\u00e4t toimintaansa. T\u00e4m\u00e4n lis\u00e4ksi 1. kerroksessa kuullaan ohjelmanumeroiden v\u00e4lill\u00e4 EU-el\u00e4kel\u00e4isten jazzorkesteri Rubaton ja Tapiolan lukiolaisten musiikkiesityksi\u00e4. EU@Oodi -pisteell\u00e4 on koko p\u00e4iv\u00e4n ajan nuoremmillekkin sopivaa puuhaa kuten pelej\u00e4 ja EU-tietovisa, jossa tarjolla pieni\u00e4 palkintoja. Euroopan investointipankki -ryhm\u00e4 tarjoaa kakkukahvit klo 14.00.&nbsp;<\/p>\n\n\n\n<p><strong>Jokavuotinen rauhan ja yhten\u00e4isyyden p\u00e4iv\u00e4<\/strong><\/p>\n\n\n\n<p><em>Eurooppa-p\u00e4iv\u00e4 on Euroopan rauhan ja yhten\u00e4isyyden p\u00e4iv\u00e4, jota vietet\u00e4\u00e4n aina 9.5. Schumanin julistuksen vuosip\u00e4iv\u00e4n\u00e4. Ranskan ulkoministeri Robert Schuman ehdotti Pariisissa vuonna 1950 pit\u00e4m\u00e4ss\u00e4\u00e4n puheessa Euroopalle uudenlaista poliittista yhteisty\u00f6t\u00e4, joka tekisi Euroopan kansakuntien v\u00e4liset sodat mahdottomiksi.<\/em><\/p>\n\n\n\n<p><em>H\u00e4nen ajatuksenaan oli luoda eurooppalainen elin, joka hallinnoisi yhteisesti hiilen ja ter\u00e4ksen tuotantoa. T\u00e4llaisen elimen perustamista koskeva sopimus allekirjoitettiin vajaa vuosi my\u00f6hemmin. Schumanin ehdotusta pidet\u00e4\u00e4n nykyisen Euroopan unionin alkuna.<\/em><\/p>\n\n\n\n<p><em>Suomessa Eurooppa-p\u00e4iv\u00e4n juhlan j\u00e4rjest\u00e4v\u00e4t Eurooppalainen Suomi ry, Euroopan komission Suomen-edustusto, Euroopan parlamentin Suomen-toimisto, Valtioneuvoston kanslia, Euroopan Investointipankki -ryhm\u00e4, Suomen itsen\u00e4isyyden juhlarahasto Sitra, Eurooppanuoret ry ja Eurooppanaiset ry.<\/em><\/p>\n","protected":false},"excerpt":{"rendered":"<p>Eurooppa-p\u00e4iv\u00e4n avoimessa juhlaseminaarissa keskustellaan Euroopan itsen\u00e4isyydest\u00e4 myrskyis\u00e4ss\u00e4 maailmassa, Suomen asemasta ja EU:n tulevasta rahoituskehyksest\u00e4 k\u00e4rkipoliitikkojen ja huippuasiantuntijoiden johdolla.&nbsp; Eurooppa-p\u00e4iv\u00e4 juhlistetaan t\u00e4n\u00e4 vuonna kaikille avoimella juhlaseminaarilla Helsingin keskustakirjasto Oodissa 8.5.2025 klo 11\u201317. Tilaisuus alkaa klo 11 Euroopan komission johtavan varapuheenjohtaja Henna Virkkusen avajaispuheella ja haastattelulla. Ohjelmassa kuullaan tuoreita n\u00e4kemyksi\u00e4 kansalaisten suhtautumisesta Euroopan tulevaisuuteen, kun Sitra ja [&hellip;]<\/p>\n","protected":false},"author":8,"featured_media":7973,"comment_status":"closed","ping_status":"closed","sticky":false,"template":"","format":"standard","meta":{"_et_pb_use_builder":"off","_et_pb_old_content":"","_et_gb_content_width":""},"categories":[8,19,129],"tags":[142],"yoast_head":"<!-- This site is optimized with the Yoast SEO plugin v19.13 - https:\/\/yoast.com\/wordpress\/plugins\/seo\/ -->\n<title>Itsen\u00e4inen Eurooppa vaatii tekoja - Eurooppa-p\u00e4iv\u00e4n juhlaseminaari 8.5. - Eurooppalainen Suomi<\/title>\n<meta name=\"description\" content=\"Tervetuloa juhlistamaan itsen\u00e4ist\u00e4 Eurooppaa ja Eurooppa-p\u00e4iv\u00e4\u00e4 keskuskirjasto Oodiin!\" \/>\n<meta name=\"robots\" content=\"index, follow, max-snippet:-1, max-image-preview:large, max-video-preview:-1\" \/>\n<link rel=\"canonical\" href=\"https:\/\/www.eurooppalainensuomi.fi\/itsenainen-eurooppa-vaatii-tekoja-eurooppa-paivan-juhlaseminaari-8-5\" \/>\n<meta property=\"og:locale\" content=\"en_US\" \/>\n<meta property=\"og:type\" content=\"article\" \/>\n<meta property=\"og:title\" content=\"Itsen\u00e4inen Eurooppa vaatii tekoja - Eurooppa-p\u00e4iv\u00e4n juhlaseminaari 8.5. - Eurooppalainen Suomi\" \/>\n<meta property=\"og:description\" content=\"Tervetuloa juhlistamaan itsen\u00e4ist\u00e4 Eurooppaa ja Eurooppa-p\u00e4iv\u00e4\u00e4 keskuskirjasto Oodiin!\" \/>\n<meta property=\"og:url\" content=\"https:\/\/www.eurooppalainensuomi.fi\/itsenainen-eurooppa-vaatii-tekoja-eurooppa-paivan-juhlaseminaari-8-5\" \/>\n<meta property=\"og:site_name\" content=\"Eurooppalainen Suomi\" \/>\n<meta property=\"article:publisher\" content=\"https:\/\/www.facebook.com\/eurooppalainensuomi\" \/>\n<meta property=\"article:published_time\" content=\"2026-04-28T12:16:06+00:00\" \/>\n<meta property=\"article:modified_time\" content=\"2026-04-28T12:16:08+00:00\" \/>\n<meta property=\"og:image\" content=\"https:\/\/www.eurooppalainensuomi.fi\/wp-content\/uploads\/2026\/04\/2-1024x576.png\" \/>\n\t<meta property=\"og:image:width\" content=\"1024\" \/>\n\t<meta property=\"og:image:height\" content=\"576\" \/>\n\t<meta property=\"og:image:type\" content=\"image\/png\" \/>\n<meta name=\"author\" content=\"Admin\" \/>\n<meta name=\"twitter:card\" content=\"summary_large_image\" \/>\n<meta name=\"twitter:creator\" content=\"@em_finland\" \/>\n<meta name=\"twitter:site\" content=\"@em_finland\" \/>\n<meta name=\"twitter:label1\" content=\"Written by\" \/>\n\t<meta name=\"twitter:data1\" content=\"Admin\" \/>\n\t<meta name=\"twitter:label2\" content=\"Est. reading time\" \/>\n\t<meta name=\"twitter:data2\" content=\"2 minutes\" \/>\n<script type=\"application\/ld+json\" class=\"yoast-schema-graph\">{\"@context\":\"https:\/\/schema.org\",\"@graph\":[{\"@type\":\"Article\",\"@id\":\"https:\/\/www.eurooppalainensuomi.fi\/itsenainen-eurooppa-vaatii-tekoja-eurooppa-paivan-juhlaseminaari-8-5#article\",\"isPartOf\":{\"@id\":\"https:\/\/www.eurooppalainensuomi.fi\/itsenainen-eurooppa-vaatii-tekoja-eurooppa-paivan-juhlaseminaari-8-5\"},\"author\":{\"name\":\"Admin\",\"@id\":\"https:\/\/www.eurooppalainensuomi.fi\/#\/schema\/person\/42824760f66031a9671691f8a3cc4931\"},\"headline\":\"Itsen\u00e4inen Eurooppa vaatii tekoja &#8211; Eurooppa-p\u00e4iv\u00e4n juhlaseminaari 8.5.\",\"datePublished\":\"2026-04-28T12:16:06+00:00\",\"dateModified\":\"2026-04-28T12:16:08+00:00\",\"mainEntityOfPage\":{\"@id\":\"https:\/\/www.eurooppalainensuomi.fi\/itsenainen-eurooppa-vaatii-tekoja-eurooppa-paivan-juhlaseminaari-8-5\"},\"wordCount\":415,\"publisher\":{\"@id\":\"https:\/\/www.eurooppalainensuomi.fi\/#organization\"},\"keywords\":[\"eurooppap\u00e4iv\u00e4\"],\"articleSection\":[\"Ajankohtaista\",\"Tapahtumat\",\"Tulevat\"],\"inLanguage\":\"en\"},{\"@type\":\"WebPage\",\"@id\":\"https:\/\/www.eurooppalainensuomi.fi\/itsenainen-eurooppa-vaatii-tekoja-eurooppa-paivan-juhlaseminaari-8-5\",\"url\":\"https:\/\/www.eurooppalainensuomi.fi\/itsenainen-eurooppa-vaatii-tekoja-eurooppa-paivan-juhlaseminaari-8-5\",\"name\":\"Itsen\u00e4inen Eurooppa vaatii tekoja - Eurooppa-p\u00e4iv\u00e4n juhlaseminaari 8.5. - Eurooppalainen Suomi\",\"isPartOf\":{\"@id\":\"https:\/\/www.eurooppalainensuomi.fi\/#website\"},\"datePublished\":\"2026-04-28T12:16:06+00:00\",\"dateModified\":\"2026-04-28T12:16:08+00:00\",\"description\":\"Tervetuloa juhlistamaan itsen\u00e4ist\u00e4 Eurooppaa ja Eurooppa-p\u00e4iv\u00e4\u00e4 keskuskirjasto Oodiin!\",\"breadcrumb\":{\"@id\":\"https:\/\/www.eurooppalainensuomi.fi\/itsenainen-eurooppa-vaatii-tekoja-eurooppa-paivan-juhlaseminaari-8-5#breadcrumb\"},\"inLanguage\":\"en\",\"potentialAction\":[{\"@type\":\"ReadAction\",\"target\":[\"https:\/\/www.eurooppalainensuomi.fi\/itsenainen-eurooppa-vaatii-tekoja-eurooppa-paivan-juhlaseminaari-8-5\"]}]},{\"@type\":\"BreadcrumbList\",\"@id\":\"https:\/\/www.eurooppalainensuomi.fi\/itsenainen-eurooppa-vaatii-tekoja-eurooppa-paivan-juhlaseminaari-8-5#breadcrumb\",\"itemListElement\":[{\"@type\":\"ListItem\",\"position\":1,\"name\":\"Etusivu\",\"item\":\"https:\/\/www.eurooppalainensuomi.fi\/\"},{\"@type\":\"ListItem\",\"position\":2,\"name\":\"Itsen\u00e4inen Eurooppa vaatii tekoja &#8211; Eurooppa-p\u00e4iv\u00e4n juhlaseminaari 8.5.\"}]},{\"@type\":\"WebSite\",\"@id\":\"https:\/\/www.eurooppalainensuomi.fi\/#website\",\"url\":\"https:\/\/www.eurooppalainensuomi.fi\/\",\"name\":\"Eurooppalainen Suomi\",\"description\":\"Parempaa Eurooppaa rakentamassa\",\"publisher\":{\"@id\":\"https:\/\/www.eurooppalainensuomi.fi\/#organization\"},\"potentialAction\":[{\"@type\":\"SearchAction\",\"target\":{\"@type\":\"EntryPoint\",\"urlTemplate\":\"https:\/\/www.eurooppalainensuomi.fi\/?s={search_term_string}\"},\"query-input\":\"required name=search_term_string\"}],\"inLanguage\":\"en\"},{\"@type\":\"Organization\",\"@id\":\"https:\/\/www.eurooppalainensuomi.fi\/#organization\",\"name\":\"Eurooppalainen Suomi ry\",\"url\":\"https:\/\/www.eurooppalainensuomi.fi\/\",\"logo\":{\"@type\":\"ImageObject\",\"inLanguage\":\"en\",\"@id\":\"https:\/\/www.eurooppalainensuomi.fi\/#\/schema\/logo\/image\/\",\"url\":\"https:\/\/www.eurooppalainensuomi.fi\/wp-content\/uploads\/2021\/01\/PNG_large.png\",\"contentUrl\":\"https:\/\/www.eurooppalainensuomi.fi\/wp-content\/uploads\/2021\/01\/PNG_large.png\",\"width\":586,\"height\":220,\"caption\":\"Eurooppalainen Suomi ry\"},\"image\":{\"@id\":\"https:\/\/www.eurooppalainensuomi.fi\/#\/schema\/logo\/image\/\"},\"sameAs\":[\"https:\/\/instagram.com\/eurooppalainensuomi\",\"https:\/\/www.youtube.com\/channel\/UCBeqyrm1ze2RinjeAYS_-Jg\",\"https:\/\/fi.wikipedia.org\/wiki\/Eurooppalainen_Suomi\",\"https:\/\/www.facebook.com\/eurooppalainensuomi\",\"https:\/\/twitter.com\/em_finland\"]},{\"@type\":\"Person\",\"@id\":\"https:\/\/www.eurooppalainensuomi.fi\/#\/schema\/person\/42824760f66031a9671691f8a3cc4931\",\"name\":\"Admin\",\"image\":{\"@type\":\"ImageObject\",\"inLanguage\":\"en\",\"@id\":\"https:\/\/www.eurooppalainensuomi.fi\/#\/schema\/person\/image\/\",\"url\":\"https:\/\/secure.gravatar.com\/avatar\/2a869497ae566d1e62d81a21a923ac47?s=96&d=mm&r=g\",\"contentUrl\":\"https:\/\/secure.gravatar.com\/avatar\/2a869497ae566d1e62d81a21a923ac47?s=96&d=mm&r=g\",\"caption\":\"Admin\"}}]}<\/script>\n<!-- \/ Yoast SEO plugin. -->","yoast_head_json":{"title":"Itsen\u00e4inen Eurooppa vaatii tekoja - Eurooppa-p\u00e4iv\u00e4n juhlaseminaari 8.5. - Eurooppalainen Suomi","description":"Tervetuloa juhlistamaan itsen\u00e4ist\u00e4 Eurooppaa ja Eurooppa-p\u00e4iv\u00e4\u00e4 keskuskirjasto Oodiin!","robots":{"index":"index","follow":"follow","max-snippet":"max-snippet:-1","max-image-preview":"max-image-preview:large","max-video-preview":"max-video-preview:-1"},"canonical":"https:\/\/www.eurooppalainensuomi.fi\/itsenainen-eurooppa-vaatii-tekoja-eurooppa-paivan-juhlaseminaari-8-5","og_locale":"en_US","og_type":"article","og_title":"Itsen\u00e4inen Eurooppa vaatii tekoja - Eurooppa-p\u00e4iv\u00e4n juhlaseminaari 8.5. - Eurooppalainen Suomi","og_description":"Tervetuloa juhlistamaan itsen\u00e4ist\u00e4 Eurooppaa ja Eurooppa-p\u00e4iv\u00e4\u00e4 keskuskirjasto Oodiin!","og_url":"https:\/\/www.eurooppalainensuomi.fi\/itsenainen-eurooppa-vaatii-tekoja-eurooppa-paivan-juhlaseminaari-8-5","og_site_name":"Eurooppalainen Suomi","article_publisher":"https:\/\/www.facebook.com\/eurooppalainensuomi","article_published_time":"2026-04-28T12:16:06+00:00","article_modified_time":"2026-04-28T12:16:08+00:00","og_image":[{"width":1024,"height":576,"url":"https:\/\/www.eurooppalainensuomi.fi\/wp-content\/uploads\/2026\/04\/2-1024x576.png","type":"image\/png"}],"author":"Admin","twitter_card":"summary_large_image","twitter_creator":"@em_finland","twitter_site":"@em_finland","twitter_misc":{"Written by":"Admin","Est. reading time":"2 minutes"},"schema":{"@context":"https:\/\/schema.org","@graph":[{"@type":"Article","@id":"https:\/\/www.eurooppalainensuomi.fi\/itsenainen-eurooppa-vaatii-tekoja-eurooppa-paivan-juhlaseminaari-8-5#article","isPartOf":{"@id":"https:\/\/www.eurooppalainensuomi.fi\/itsenainen-eurooppa-vaatii-tekoja-eurooppa-paivan-juhlaseminaari-8-5"},"author":{"name":"Admin","@id":"https:\/\/www.eurooppalainensuomi.fi\/#\/schema\/person\/42824760f66031a9671691f8a3cc4931"},"headline":"Itsen\u00e4inen Eurooppa vaatii tekoja &#8211; Eurooppa-p\u00e4iv\u00e4n juhlaseminaari 8.5.","datePublished":"2026-04-28T12:16:06+00:00","dateModified":"2026-04-28T12:16:08+00:00","mainEntityOfPage":{"@id":"https:\/\/www.eurooppalainensuomi.fi\/itsenainen-eurooppa-vaatii-tekoja-eurooppa-paivan-juhlaseminaari-8-5"},"wordCount":415,"publisher":{"@id":"https:\/\/www.eurooppalainensuomi.fi\/#organization"},"keywords":["eurooppap\u00e4iv\u00e4"],"articleSection":["Ajankohtaista","Tapahtumat","Tulevat"],"inLanguage":"en"},{"@type":"WebPage","@id":"https:\/\/www.eurooppalainensuomi.fi\/itsenainen-eurooppa-vaatii-tekoja-eurooppa-paivan-juhlaseminaari-8-5","url":"https:\/\/www.eurooppalainensuomi.fi\/itsenainen-eurooppa-vaatii-tekoja-eurooppa-paivan-juhlaseminaari-8-5","name":"Itsen\u00e4inen Eurooppa vaatii tekoja - Eurooppa-p\u00e4iv\u00e4n juhlaseminaari 8.5. - Eurooppalainen Suomi","isPartOf":{"@id":"https:\/\/www.eurooppalainensuomi.fi\/#website"},"datePublished":"2026-04-28T12:16:06+00:00","dateModified":"2026-04-28T12:16:08+00:00","description":"Tervetuloa juhlistamaan itsen\u00e4ist\u00e4 Eurooppaa ja Eurooppa-p\u00e4iv\u00e4\u00e4 keskuskirjasto Oodiin!","breadcrumb":{"@id":"https:\/\/www.eurooppalainensuomi.fi\/itsenainen-eurooppa-vaatii-tekoja-eurooppa-paivan-juhlaseminaari-8-5#breadcrumb"},"inLanguage":"en","potentialAction":[{"@type":"ReadAction","target":["https:\/\/www.eurooppalainensuomi.fi\/itsenainen-eurooppa-vaatii-tekoja-eurooppa-paivan-juhlaseminaari-8-5"]}]},{"@type":"BreadcrumbList","@id":"https:\/\/www.eurooppalainensuomi.fi\/itsenainen-eurooppa-vaatii-tekoja-eurooppa-paivan-juhlaseminaari-8-5#breadcrumb","itemListElement":[{"@type":"ListItem","position":1,"name":"Etusivu","item":"https:\/\/www.eurooppalainensuomi.fi\/"},{"@type":"ListItem","position":2,"name":"Itsen\u00e4inen Eurooppa vaatii tekoja &#8211; Eurooppa-p\u00e4iv\u00e4n juhlaseminaari 8.5."}]},{"@type":"WebSite","@id":"https:\/\/www.eurooppalainensuomi.fi\/#website","url":"https:\/\/www.eurooppalainensuomi.fi\/","name":"Eurooppalainen Suomi","description":"Parempaa Eurooppaa rakentamassa","publisher":{"@id":"https:\/\/www.eurooppalainensuomi.fi\/#organization"},"potentialAction":[{"@type":"SearchAction","target":{"@type":"EntryPoint","urlTemplate":"https:\/\/www.eurooppalainensuomi.fi\/?s={search_term_string}"},"query-input":"required name=search_term_string"}],"inLanguage":"en"},{"@type":"Organization","@id":"https:\/\/www.eurooppalainensuomi.fi\/#organization","name":"Eurooppalainen Suomi ry","url":"https:\/\/www.eurooppalainensuomi.fi\/","logo":{"@type":"ImageObject","inLanguage":"en","@id":"https:\/\/www.eurooppalainensuomi.fi\/#\/schema\/logo\/image\/","url":"https:\/\/www.eurooppalainensuomi.fi\/wp-content\/uploads\/2021\/01\/PNG_large.png","contentUrl":"https:\/\/www.eurooppalainensuomi.fi\/wp-content\/uploads\/2021\/01\/PNG_large.png","width":586,"height":220,"caption":"Eurooppalainen Suomi ry"},"image":{"@id":"https:\/\/www.eurooppalainensuomi.fi\/#\/schema\/logo\/image\/"},"sameAs":["https:\/\/instagram.com\/eurooppalainensuomi","https:\/\/www.youtube.com\/channel\/UCBeqyrm1ze2RinjeAYS_-Jg","https:\/\/fi.wikipedia.org\/wiki\/Eurooppalainen_Suomi","https:\/\/www.facebook.com\/eurooppalainensuomi","https:\/\/twitter.com\/em_finland"]},{"@type":"Person","@id":"https:\/\/www.eurooppalainensuomi.fi\/#\/schema\/person\/42824760f66031a9671691f8a3cc4931","name":"Admin","image":{"@type":"ImageObject","inLanguage":"en","@id":"https:\/\/www.eurooppalainensuomi.fi\/#\/schema\/person\/image\/","url":"https:\/\/secure.gravatar.com\/avatar\/2a869497ae566d1e62d81a21a923ac47?s=96&d=mm&r=g","contentUrl":"https:\/\/secure.gravatar.com\/avatar\/2a869497ae566d1e62d81a21a923ac47?s=96&d=mm&r=g","caption":"Admin"}}]}},"jetpack_featured_media_url":"https:\/\/www.eurooppalainensuomi.fi\/wp-content\/uploads\/2026\/04\/2.png","_links":{"self":[{"href":"https:\/\/www.eurooppalainensuomi.fi\/index.php?rest_route=\/wp\/v2\/posts\/7972"}],"collection":[{"href":"https:\/\/www.eurooppalainensuomi.fi\/index.php?rest_route=\/wp\/v2\/posts"}],"about":[{"href":"https:\/\/www.eurooppalainensuomi.fi\/index.php?rest_route=\/wp\/v2\/types\/post"}],"author":[{"embeddable":true,"href":"https:\/\/www.eurooppalainensuomi.fi\/index.php?rest_route=\/wp\/v2\/users\/8"}],"replies":[{"embeddable":true,"href":"https:\/\/www.eurooppalainensuomi.fi\/index.php?rest_route=%2Fwp%2Fv2%2Fcomments&post=7972"}],"version-history":[{"count":2,"href":"https:\/\/www.eurooppalainensuomi.fi\/index.php?rest_route=\/wp\/v2\/posts\/7972\/revisions"}],"predecessor-version":[{"id":7975,"href":"https:\/\/www.eurooppalainensuomi.fi\/index.php?rest_route=\/wp\/v2\/posts\/7972\/revisions\/7975"}],"wp:featuredmedia":[{"embeddable":true,"href":"https:\/\/www.eurooppalainensuomi.fi\/index.php?rest_route=\/wp\/v2\/media\/7973"}],"wp:attachment":[{"href":"https:\/\/www.eurooppalainensuomi.fi\/index.php?rest_route=%2Fwp%2Fv2%2Fmedia&parent=7972"}],"wp:term":[{"taxonomy":"category","embeddable":true,"href":"https:\/\/www.eurooppalainensuomi.fi\/index.php?rest_route=%2Fwp%2Fv2%2Fcategories&post=7972"},{"taxonomy":"post_tag","embeddable":true,"href":"https:\/\/www.eurooppalainensuomi.fi\/index.php?rest_route=%2Fwp%2Fv2%2Ftags&post=7972"}],"curies":[{"name":"wp","href":"https:\/\/api.w.org\/{rel}","templated":true}]}}