{"id":7969,"date":"2026-04-27T10:20:43","date_gmt":"2026-04-27T08:20:43","guid":{"rendered":"https:\/\/www.eurooppalainensuomi.fi\/?p=7969"},"modified":"2026-04-27T10:20:45","modified_gmt":"2026-04-27T08:20:45","slug":"eun-viikko-18-2026-liikenne-digitalisaatio-maatalous","status":"publish","type":"post","link":"https:\/\/www.eurooppalainensuomi.fi\/eun-viikko-18-2026-liikenne-digitalisaatio-maatalous","title":{"rendered":"EU:n viikko 18\/2026: Liikenne | Digitalisaatio | Maatalous"},"content":{"rendered":"\n<p>T\u00e4ll\u00e4 viikolla Euroopan parlamentin j\u00e4senet kokoontuvat Strasbourgissa t\u00e4ysistuntokeskusteluihin ja \u00e4\u00e4nestyksiin useista aiheista, kuten EU:n pitk\u00e4n aikav\u00e4lin budjetista, oikeusvaltioperiaatteesta ja vastauksista maailmanlaajuisiin kriiseihin.<\/p>\n\n\n\n<p>Maanantaina maatalous- ja kalastusneuvoston ministerit keskustelevat vuoden 2027 j\u00e4lkeisest\u00e4 yhteisest\u00e4 maatalouspolitiikasta sek\u00e4 maatalouden ja metsien roolista mets\u00e4palojen ehk\u00e4isyss\u00e4.<\/p>\n\n\n\n<p>Tiistaina EU-komissaarit kokoontuvat Strasbourgissa esitell\u00e4kseen kaksi uutta aloitetta: tiedonannon paremmasta s\u00e4\u00e4ntelyst\u00e4 ja sen t\u00e4yt\u00e4nt\u00f6\u00f6npanosta sek\u00e4 komission suosituksen i\u00e4nvarmennuksesta.<\/p>\n\n\n\n<p>Keskiviikkona ja torstaina Kyproksen puheenjohtajakausi is\u00e4nn\u00f6i televiestint\u00e4neuvoston ep\u00e4virallista kokousta Nikosiassa. Kokouksessa keskustellaan Euroopan digitaalisesta agendasta, mukaan lukien alaik\u00e4isten suojelusta verkossa sek\u00e4 muista digitaalisen ja kyberturvallisuuden alan keskeisist\u00e4 haasteista.<\/p>\n\n\n\n<p><strong>Euroopan parlamentti<\/strong><\/p>\n\n\n\n<p>Maanantaina mepit k\u00e4sittelev\u00e4t meridiplomatian roolia EU:n kalastuksen ja vesiviljelyn kilpailukyvyn vahvistamisessa.<\/p>\n\n\n\n<p>Tiistaina keskusteluissa ovat vuosien 2028\u20132034 monivuotista rahoituskehyst\u00e4 koskeva v\u00e4liraportti sek\u00e4 toimet, joilla varmistetaan vastuu ja oikeudenmukaisuus Ven\u00e4j\u00e4n jatkuvista hy\u00f6kk\u00e4yksist\u00e4 Ukrainan siviilej\u00e4 vastaan.<\/p>\n\n\n\n<p>Keskiviikkona mepit tarkastelevat EU:n strategiaa vastauksena jatkuvaan L\u00e4hi-id\u00e4n kriisiin, mukaan lukien kriisin vaikutuksia energian hintoihin ja lannoitteiden saatavuuteen.<\/p>\n\n\n\n<p>Lis\u00e4ksi parlamentti keskustelee tarpeesta kohdennetuille rikosoikeudellisille s\u00e4\u00e4nn\u00f6ksille ja alustojen suuremmalle vastuulle verkkokiusaamisen ja verkkoh\u00e4irinn\u00e4n torjumiseksi.<\/p>\n\n\n\n<p>Mepit k\u00e4sittelev\u00e4t my\u00f6s Libanonin tilannetta, erityisesti tulitauon toimeenpanoa, rauhanpyrkimysten tukemista ja humanitaarisen avun p\u00e4\u00e4sy\u00e4 alueelle, sek\u00e4 ihmisoikeuksien, demokratian ja oikeusvaltioperiaatteen loukkauksia.<\/p>\n\n\n\n<p><strong>Euroopan komissio<\/strong><\/p>\n\n\n\n<p>Maanantaina korkea edustaja ja komission varapuheenjohtaja Kaja Kallas vierailee Bruneissa, jossa h\u00e4n toimii toisena puheenjohtajana 25. EU:n ja ASEANin ministerikokouksessa.<\/p>\n\n\n\n<p>Keskiviikkona komissaari Apostolos Tzitzikostas osallistuu liikenneneuvoston ep\u00e4viralliseen kokoukseen Nikosiassa.<\/p>\n\n\n\n<p>Torstaina komissaari Glenn Micallef esittelee Euroopan kulttuurikompassin Euroopan talous- ja sosiaalikomitean t\u00e4ysistunnossa Brysseliss\u00e4.<\/p>\n\n\n\n<p><strong>Euroopan unionin neuvosto<\/strong><\/p>\n\n\n\n<p>Maanantaina maatalous- ja kalastusneuvoston ministerit kokoontuvat keskustelemaan maatalouden ja kest\u00e4v\u00e4n mets\u00e4nhoidon roolista mets\u00e4paloriskien ehk\u00e4isyss\u00e4 sek\u00e4 vuoden 2027 j\u00e4lkeisen yhteisen maatalouspolitiikan ehdotuksista, erityisesti tulotuen n\u00e4k\u00f6kulmasta.<\/p>\n\n\n\n<p>Ministerit arvioivat my\u00f6s markkinatilannetta erityisesti Ven\u00e4j\u00e4n Ukrainaan kohdistaman hy\u00f6kk\u00e4yssodan valossa.<\/p>\n\n\n\n<p>Tiistaina ja keskiviikkona Kyproksen puheenjohtajakausi is\u00e4nn\u00f6i liikenne-, televiestint\u00e4- ja energianeuvoston meriasioista vastaavien ministerien ep\u00e4virallista kokousta Nikosiassa. Kokouksen aiheena on Nikosian julistus, joka koskee merenkulkijoiden koulutuksen vahvistamista ja naisten osallistumisen edist\u00e4mist\u00e4 merenkulkualalla.<\/p>\n\n\n\n<p>Samaan aikaan Nikosiassa j\u00e4rjestet\u00e4\u00e4n my\u00f6s liikenne-, televiestint\u00e4- ja energianeuvoston liikenneministerien ep\u00e4virallinen kokous. Sen painopisteen\u00e4 ovat Euroopan liikenneinfrastruktuurin vahvistaminen ja EU:n satamastrategian poliittisen etenemisen vauhdittaminen.<\/p>\n","protected":false},"excerpt":{"rendered":"<p>T\u00e4ll\u00e4 viikolla Euroopan parlamentin j\u00e4senet kokoontuvat Strasbourgissa t\u00e4ysistuntokeskusteluihin ja \u00e4\u00e4nestyksiin useista aiheista, kuten EU:n pitk\u00e4n aikav\u00e4lin budjetista, oikeusvaltioperiaatteesta ja vastauksista maailmanlaajuisiin kriiseihin. Maanantaina maatalous- ja kalastusneuvoston ministerit keskustelevat vuoden 2027 j\u00e4lkeisest\u00e4 yhteisest\u00e4 maatalouspolitiikasta sek\u00e4 maatalouden ja metsien roolista mets\u00e4palojen ehk\u00e4isyss\u00e4. Tiistaina EU-komissaarit kokoontuvat Strasbourgissa esitell\u00e4kseen kaksi uutta aloitetta: tiedonannon paremmasta s\u00e4\u00e4ntelyst\u00e4 ja sen t\u00e4yt\u00e4nt\u00f6\u00f6npanosta sek\u00e4 [&hellip;]<\/p>\n","protected":false},"author":8,"featured_media":7677,"comment_status":"closed","ping_status":"closed","sticky":false,"template":"","format":"standard","meta":{"_et_pb_use_builder":"off","_et_pb_old_content":"","_et_gb_content_width":""},"categories":[8,123],"tags":[],"yoast_head":"<!-- This site is optimized with the Yoast SEO plugin v19.13 - https:\/\/yoast.com\/wordpress\/plugins\/seo\/ -->\n<title>EU:n viikko 18\/2026: Liikenne | Digitalisaatio | Maatalous - Eurooppalainen Suomi<\/title>\n<meta name=\"description\" content=\"EU:ss\u00e4 k\u00e4sitell\u00e4\u00e4n t\u00e4ll\u00e4 viikolla liikenne, digitalisaatio ja maatalous asioita.\" \/>\n<meta name=\"robots\" content=\"index, follow, max-snippet:-1, max-image-preview:large, max-video-preview:-1\" \/>\n<link rel=\"canonical\" href=\"https:\/\/www.eurooppalainensuomi.fi\/eun-viikko-18-2026-liikenne-digitalisaatio-maatalous\" \/>\n<meta property=\"og:locale\" content=\"en_US\" \/>\n<meta property=\"og:type\" content=\"article\" \/>\n<meta property=\"og:title\" content=\"EU:n viikko 18\/2026: Liikenne | Digitalisaatio | Maatalous - Eurooppalainen Suomi\" \/>\n<meta property=\"og:description\" content=\"EU:ss\u00e4 k\u00e4sitell\u00e4\u00e4n t\u00e4ll\u00e4 viikolla liikenne, digitalisaatio ja maatalous asioita.\" \/>\n<meta property=\"og:url\" content=\"https:\/\/www.eurooppalainensuomi.fi\/eun-viikko-18-2026-liikenne-digitalisaatio-maatalous\" \/>\n<meta property=\"og:site_name\" content=\"Eurooppalainen Suomi\" \/>\n<meta property=\"article:publisher\" content=\"https:\/\/www.facebook.com\/eurooppalainensuomi\" \/>\n<meta property=\"article:published_time\" content=\"2026-04-27T08:20:43+00:00\" \/>\n<meta property=\"article:modified_time\" content=\"2026-04-27T08:20:45+00:00\" \/>\n<meta property=\"og:image\" content=\"https:\/\/www.eurooppalainensuomi.fi\/wp-content\/uploads\/2025\/12\/Uutiset-1-1024x576.jpg\" \/>\n\t<meta property=\"og:image:width\" content=\"1024\" \/>\n\t<meta property=\"og:image:height\" content=\"576\" \/>\n\t<meta property=\"og:image:type\" content=\"image\/jpeg\" \/>\n<meta name=\"author\" content=\"Admin\" \/>\n<meta name=\"twitter:card\" content=\"summary_large_image\" \/>\n<meta name=\"twitter:creator\" content=\"@em_finland\" \/>\n<meta name=\"twitter:site\" content=\"@em_finland\" \/>\n<meta name=\"twitter:label1\" content=\"Written by\" \/>\n\t<meta name=\"twitter:data1\" content=\"Admin\" \/>\n\t<meta name=\"twitter:label2\" content=\"Est. reading time\" \/>\n\t<meta name=\"twitter:data2\" content=\"2 minutes\" \/>\n<script type=\"application\/ld+json\" class=\"yoast-schema-graph\">{\"@context\":\"https:\/\/schema.org\",\"@graph\":[{\"@type\":\"Article\",\"@id\":\"https:\/\/www.eurooppalainensuomi.fi\/eun-viikko-18-2026-liikenne-digitalisaatio-maatalous#article\",\"isPartOf\":{\"@id\":\"https:\/\/www.eurooppalainensuomi.fi\/eun-viikko-18-2026-liikenne-digitalisaatio-maatalous\"},\"author\":{\"name\":\"Admin\",\"@id\":\"https:\/\/www.eurooppalainensuomi.fi\/#\/schema\/person\/42824760f66031a9671691f8a3cc4931\"},\"headline\":\"EU:n viikko 18\/2026: Liikenne | Digitalisaatio | Maatalous\",\"datePublished\":\"2026-04-27T08:20:43+00:00\",\"dateModified\":\"2026-04-27T08:20:45+00:00\",\"mainEntityOfPage\":{\"@id\":\"https:\/\/www.eurooppalainensuomi.fi\/eun-viikko-18-2026-liikenne-digitalisaatio-maatalous\"},\"wordCount\":381,\"publisher\":{\"@id\":\"https:\/\/www.eurooppalainensuomi.fi\/#organization\"},\"articleSection\":[\"Ajankohtaista\",\"EU:n viikko\"],\"inLanguage\":\"en\"},{\"@type\":\"WebPage\",\"@id\":\"https:\/\/www.eurooppalainensuomi.fi\/eun-viikko-18-2026-liikenne-digitalisaatio-maatalous\",\"url\":\"https:\/\/www.eurooppalainensuomi.fi\/eun-viikko-18-2026-liikenne-digitalisaatio-maatalous\",\"name\":\"EU:n viikko 18\/2026: Liikenne | Digitalisaatio | Maatalous - Eurooppalainen Suomi\",\"isPartOf\":{\"@id\":\"https:\/\/www.eurooppalainensuomi.fi\/#website\"},\"datePublished\":\"2026-04-27T08:20:43+00:00\",\"dateModified\":\"2026-04-27T08:20:45+00:00\",\"description\":\"EU:ss\u00e4 k\u00e4sitell\u00e4\u00e4n t\u00e4ll\u00e4 viikolla liikenne, digitalisaatio ja maatalous asioita.\",\"breadcrumb\":{\"@id\":\"https:\/\/www.eurooppalainensuomi.fi\/eun-viikko-18-2026-liikenne-digitalisaatio-maatalous#breadcrumb\"},\"inLanguage\":\"en\",\"potentialAction\":[{\"@type\":\"ReadAction\",\"target\":[\"https:\/\/www.eurooppalainensuomi.fi\/eun-viikko-18-2026-liikenne-digitalisaatio-maatalous\"]}]},{\"@type\":\"BreadcrumbList\",\"@id\":\"https:\/\/www.eurooppalainensuomi.fi\/eun-viikko-18-2026-liikenne-digitalisaatio-maatalous#breadcrumb\",\"itemListElement\":[{\"@type\":\"ListItem\",\"position\":1,\"name\":\"Etusivu\",\"item\":\"https:\/\/www.eurooppalainensuomi.fi\/\"},{\"@type\":\"ListItem\",\"position\":2,\"name\":\"EU:n viikko 18\/2026: Liikenne | Digitalisaatio | Maatalous\"}]},{\"@type\":\"WebSite\",\"@id\":\"https:\/\/www.eurooppalainensuomi.fi\/#website\",\"url\":\"https:\/\/www.eurooppalainensuomi.fi\/\",\"name\":\"Eurooppalainen Suomi\",\"description\":\"Parempaa Eurooppaa rakentamassa\",\"publisher\":{\"@id\":\"https:\/\/www.eurooppalainensuomi.fi\/#organization\"},\"potentialAction\":[{\"@type\":\"SearchAction\",\"target\":{\"@type\":\"EntryPoint\",\"urlTemplate\":\"https:\/\/www.eurooppalainensuomi.fi\/?s={search_term_string}\"},\"query-input\":\"required name=search_term_string\"}],\"inLanguage\":\"en\"},{\"@type\":\"Organization\",\"@id\":\"https:\/\/www.eurooppalainensuomi.fi\/#organization\",\"name\":\"Eurooppalainen Suomi ry\",\"url\":\"https:\/\/www.eurooppalainensuomi.fi\/\",\"logo\":{\"@type\":\"ImageObject\",\"inLanguage\":\"en\",\"@id\":\"https:\/\/www.eurooppalainensuomi.fi\/#\/schema\/logo\/image\/\",\"url\":\"https:\/\/www.eurooppalainensuomi.fi\/wp-content\/uploads\/2021\/01\/PNG_large.png\",\"contentUrl\":\"https:\/\/www.eurooppalainensuomi.fi\/wp-content\/uploads\/2021\/01\/PNG_large.png\",\"width\":586,\"height\":220,\"caption\":\"Eurooppalainen Suomi ry\"},\"image\":{\"@id\":\"https:\/\/www.eurooppalainensuomi.fi\/#\/schema\/logo\/image\/\"},\"sameAs\":[\"https:\/\/instagram.com\/eurooppalainensuomi\",\"https:\/\/www.youtube.com\/channel\/UCBeqyrm1ze2RinjeAYS_-Jg\",\"https:\/\/fi.wikipedia.org\/wiki\/Eurooppalainen_Suomi\",\"https:\/\/www.facebook.com\/eurooppalainensuomi\",\"https:\/\/twitter.com\/em_finland\"]},{\"@type\":\"Person\",\"@id\":\"https:\/\/www.eurooppalainensuomi.fi\/#\/schema\/person\/42824760f66031a9671691f8a3cc4931\",\"name\":\"Admin\",\"image\":{\"@type\":\"ImageObject\",\"inLanguage\":\"en\",\"@id\":\"https:\/\/www.eurooppalainensuomi.fi\/#\/schema\/person\/image\/\",\"url\":\"https:\/\/secure.gravatar.com\/avatar\/2a869497ae566d1e62d81a21a923ac47?s=96&d=mm&r=g\",\"contentUrl\":\"https:\/\/secure.gravatar.com\/avatar\/2a869497ae566d1e62d81a21a923ac47?s=96&d=mm&r=g\",\"caption\":\"Admin\"}}]}<\/script>\n<!-- \/ Yoast SEO plugin. -->","yoast_head_json":{"title":"EU:n viikko 18\/2026: Liikenne | Digitalisaatio | Maatalous - Eurooppalainen Suomi","description":"EU:ss\u00e4 k\u00e4sitell\u00e4\u00e4n t\u00e4ll\u00e4 viikolla liikenne, digitalisaatio ja maatalous asioita.","robots":{"index":"index","follow":"follow","max-snippet":"max-snippet:-1","max-image-preview":"max-image-preview:large","max-video-preview":"max-video-preview:-1"},"canonical":"https:\/\/www.eurooppalainensuomi.fi\/eun-viikko-18-2026-liikenne-digitalisaatio-maatalous","og_locale":"en_US","og_type":"article","og_title":"EU:n viikko 18\/2026: Liikenne | Digitalisaatio | Maatalous - Eurooppalainen Suomi","og_description":"EU:ss\u00e4 k\u00e4sitell\u00e4\u00e4n t\u00e4ll\u00e4 viikolla liikenne, digitalisaatio ja maatalous asioita.","og_url":"https:\/\/www.eurooppalainensuomi.fi\/eun-viikko-18-2026-liikenne-digitalisaatio-maatalous","og_site_name":"Eurooppalainen Suomi","article_publisher":"https:\/\/www.facebook.com\/eurooppalainensuomi","article_published_time":"2026-04-27T08:20:43+00:00","article_modified_time":"2026-04-27T08:20:45+00:00","og_image":[{"width":1024,"height":576,"url":"https:\/\/www.eurooppalainensuomi.fi\/wp-content\/uploads\/2025\/12\/Uutiset-1-1024x576.jpg","type":"image\/jpeg"}],"author":"Admin","twitter_card":"summary_large_image","twitter_creator":"@em_finland","twitter_site":"@em_finland","twitter_misc":{"Written by":"Admin","Est. reading time":"2 minutes"},"schema":{"@context":"https:\/\/schema.org","@graph":[{"@type":"Article","@id":"https:\/\/www.eurooppalainensuomi.fi\/eun-viikko-18-2026-liikenne-digitalisaatio-maatalous#article","isPartOf":{"@id":"https:\/\/www.eurooppalainensuomi.fi\/eun-viikko-18-2026-liikenne-digitalisaatio-maatalous"},"author":{"name":"Admin","@id":"https:\/\/www.eurooppalainensuomi.fi\/#\/schema\/person\/42824760f66031a9671691f8a3cc4931"},"headline":"EU:n viikko 18\/2026: Liikenne | Digitalisaatio | Maatalous","datePublished":"2026-04-27T08:20:43+00:00","dateModified":"2026-04-27T08:20:45+00:00","mainEntityOfPage":{"@id":"https:\/\/www.eurooppalainensuomi.fi\/eun-viikko-18-2026-liikenne-digitalisaatio-maatalous"},"wordCount":381,"publisher":{"@id":"https:\/\/www.eurooppalainensuomi.fi\/#organization"},"articleSection":["Ajankohtaista","EU:n viikko"],"inLanguage":"en"},{"@type":"WebPage","@id":"https:\/\/www.eurooppalainensuomi.fi\/eun-viikko-18-2026-liikenne-digitalisaatio-maatalous","url":"https:\/\/www.eurooppalainensuomi.fi\/eun-viikko-18-2026-liikenne-digitalisaatio-maatalous","name":"EU:n viikko 18\/2026: Liikenne | Digitalisaatio | Maatalous - Eurooppalainen Suomi","isPartOf":{"@id":"https:\/\/www.eurooppalainensuomi.fi\/#website"},"datePublished":"2026-04-27T08:20:43+00:00","dateModified":"2026-04-27T08:20:45+00:00","description":"EU:ss\u00e4 k\u00e4sitell\u00e4\u00e4n t\u00e4ll\u00e4 viikolla liikenne, digitalisaatio ja maatalous asioita.","breadcrumb":{"@id":"https:\/\/www.eurooppalainensuomi.fi\/eun-viikko-18-2026-liikenne-digitalisaatio-maatalous#breadcrumb"},"inLanguage":"en","potentialAction":[{"@type":"ReadAction","target":["https:\/\/www.eurooppalainensuomi.fi\/eun-viikko-18-2026-liikenne-digitalisaatio-maatalous"]}]},{"@type":"BreadcrumbList","@id":"https:\/\/www.eurooppalainensuomi.fi\/eun-viikko-18-2026-liikenne-digitalisaatio-maatalous#breadcrumb","itemListElement":[{"@type":"ListItem","position":1,"name":"Etusivu","item":"https:\/\/www.eurooppalainensuomi.fi\/"},{"@type":"ListItem","position":2,"name":"EU:n viikko 18\/2026: Liikenne | Digitalisaatio | Maatalous"}]},{"@type":"WebSite","@id":"https:\/\/www.eurooppalainensuomi.fi\/#website","url":"https:\/\/www.eurooppalainensuomi.fi\/","name":"Eurooppalainen Suomi","description":"Parempaa Eurooppaa rakentamassa","publisher":{"@id":"https:\/\/www.eurooppalainensuomi.fi\/#organization"},"potentialAction":[{"@type":"SearchAction","target":{"@type":"EntryPoint","urlTemplate":"https:\/\/www.eurooppalainensuomi.fi\/?s={search_term_string}"},"query-input":"required name=search_term_string"}],"inLanguage":"en"},{"@type":"Organization","@id":"https:\/\/www.eurooppalainensuomi.fi\/#organization","name":"Eurooppalainen Suomi ry","url":"https:\/\/www.eurooppalainensuomi.fi\/","logo":{"@type":"ImageObject","inLanguage":"en","@id":"https:\/\/www.eurooppalainensuomi.fi\/#\/schema\/logo\/image\/","url":"https:\/\/www.eurooppalainensuomi.fi\/wp-content\/uploads\/2021\/01\/PNG_large.png","contentUrl":"https:\/\/www.eurooppalainensuomi.fi\/wp-content\/uploads\/2021\/01\/PNG_large.png","width":586,"height":220,"caption":"Eurooppalainen Suomi ry"},"image":{"@id":"https:\/\/www.eurooppalainensuomi.fi\/#\/schema\/logo\/image\/"},"sameAs":["https:\/\/instagram.com\/eurooppalainensuomi","https:\/\/www.youtube.com\/channel\/UCBeqyrm1ze2RinjeAYS_-Jg","https:\/\/fi.wikipedia.org\/wiki\/Eurooppalainen_Suomi","https:\/\/www.facebook.com\/eurooppalainensuomi","https:\/\/twitter.com\/em_finland"]},{"@type":"Person","@id":"https:\/\/www.eurooppalainensuomi.fi\/#\/schema\/person\/42824760f66031a9671691f8a3cc4931","name":"Admin","image":{"@type":"ImageObject","inLanguage":"en","@id":"https:\/\/www.eurooppalainensuomi.fi\/#\/schema\/person\/image\/","url":"https:\/\/secure.gravatar.com\/avatar\/2a869497ae566d1e62d81a21a923ac47?s=96&d=mm&r=g","contentUrl":"https:\/\/secure.gravatar.com\/avatar\/2a869497ae566d1e62d81a21a923ac47?s=96&d=mm&r=g","caption":"Admin"}}]}},"jetpack_featured_media_url":"https:\/\/www.eurooppalainensuomi.fi\/wp-content\/uploads\/2025\/12\/Uutiset-1.jpg","_links":{"self":[{"href":"https:\/\/www.eurooppalainensuomi.fi\/index.php?rest_route=\/wp\/v2\/posts\/7969"}],"collection":[{"href":"https:\/\/www.eurooppalainensuomi.fi\/index.php?rest_route=\/wp\/v2\/posts"}],"about":[{"href":"https:\/\/www.eurooppalainensuomi.fi\/index.php?rest_route=\/wp\/v2\/types\/post"}],"author":[{"embeddable":true,"href":"https:\/\/www.eurooppalainensuomi.fi\/index.php?rest_route=\/wp\/v2\/users\/8"}],"replies":[{"embeddable":true,"href":"https:\/\/www.eurooppalainensuomi.fi\/index.php?rest_route=%2Fwp%2Fv2%2Fcomments&post=7969"}],"version-history":[{"count":1,"href":"https:\/\/www.eurooppalainensuomi.fi\/index.php?rest_route=\/wp\/v2\/posts\/7969\/revisions"}],"predecessor-version":[{"id":7970,"href":"https:\/\/www.eurooppalainensuomi.fi\/index.php?rest_route=\/wp\/v2\/posts\/7969\/revisions\/7970"}],"wp:featuredmedia":[{"embeddable":true,"href":"https:\/\/www.eurooppalainensuomi.fi\/index.php?rest_route=\/wp\/v2\/media\/7677"}],"wp:attachment":[{"href":"https:\/\/www.eurooppalainensuomi.fi\/index.php?rest_route=%2Fwp%2Fv2%2Fmedia&parent=7969"}],"wp:term":[{"taxonomy":"category","embeddable":true,"href":"https:\/\/www.eurooppalainensuomi.fi\/index.php?rest_route=%2Fwp%2Fv2%2Fcategories&post=7969"},{"taxonomy":"post_tag","embeddable":true,"href":"https:\/\/www.eurooppalainensuomi.fi\/index.php?rest_route=%2Fwp%2Fv2%2Ftags&post=7969"}],"curies":[{"name":"wp","href":"https:\/\/api.w.org\/{rel}","templated":true}]}}