{"id":7934,"date":"2026-04-07T09:42:23","date_gmt":"2026-04-07T07:42:23","guid":{"rendered":"https:\/\/www.eurooppalainensuomi.fi\/?p=7934"},"modified":"2026-04-07T09:42:24","modified_gmt":"2026-04-07T07:42:24","slug":"eun-viikko-15-2026-turvallisuus-kestavyys-kasvu","status":"publish","type":"post","link":"https:\/\/www.eurooppalainensuomi.fi\/eun-viikko-15-2026-turvallisuus-kestavyys-kasvu","title":{"rendered":"EU:n viikko 15\/2026: Turvallisuus | Kest\u00e4vyys\u00a0| Kasvu"},"content":{"rendered":"\n<p>T\u00e4ll\u00e4 viikolla useat Euroopan parlamentin valiokunnat kokoontuvat Brysseliss\u00e4 keskustelemaan ja \u00e4\u00e4nest\u00e4m\u00e4\u00e4n eri aiheista. Tiistaina komission puheenjohtaja Ursula von der Leyen vastaanottaa Ala-Saksin osavaltion mitalin ja pit\u00e4\u00e4 puheen Hannoverissa. Euroopan unionin neuvosto ei kokoonnu t\u00e4ll\u00e4 viikolla.<\/p>\n\n\n\n<p><strong>Euroopan parlamentti<\/strong><strong><br><\/strong>Keskiviikkona turvallisuus- ja puolustusvaliokunta (SEDE) yhdess\u00e4 liikenne- ja matkailuvaliokunnan (TRAN) kanssa keskustelee toimenpidekehyksest\u00e4, jonka tavoitteena on helpottaa sotilaskaluston, tavaroiden ja henkil\u00f6st\u00f6n liikkumista EU:n alueella.<br>Torstaina maatalouden ja maaseudun kehitt\u00e4misen valiokunta (AGRI) j\u00e4rjest\u00e4\u00e4 ty\u00f6pajan monivuotisesta rahoituskehyksest\u00e4 (MFF) ja yhteisest\u00e4 maatalouspolitiikasta (CAP) kaudelle 2028\u20132034. T\u00e4m\u00e4n j\u00e4lkeen k\u00e4yd\u00e4\u00e4n n\u00e4kemystenvaihto komission kanssa L\u00e4hi-id\u00e4n kriittisest\u00e4 tilanteesta ja sen mahdollisista vaikutuksista Euroopan maataloussektoriin.<\/p>\n\n\n\n<p><strong>Euroopan komissio<\/strong><strong><br><\/strong>Tiistaina komissaari Valdis Dombrovskis tapaa Brysseliss\u00e4 SMEunitedin puheenjohtajan Davide Gallin ja p\u00e4\u00e4sihteerin V\u00e9ronique Willemsin.<br>Keskiviikkona komissaari Jessika Roswall j\u00e4rjest\u00e4\u00e4 Tukholmassa py\u00f6re\u00e4n p\u00f6yd\u00e4n keskustelun vesipuitedirektiivist\u00e4 hallituksen edustajien ja teollisuuden sidosryhmien kanssa.<br>Torstaina komissaari Maria Lu\u00eds Albuquerque tapaa Viron p\u00e4\u00e4ministerin Kristen Michal Tallinnassa.<\/p>\n\n\n\n<p><strong>Euroopan unionin neuvosto<\/strong><strong><br><\/strong>T\u00e4ll\u00e4 viikolla ei j\u00e4rjestet\u00e4 kokouksia.<\/p>\n","protected":false},"excerpt":{"rendered":"<p>T\u00e4ll\u00e4 viikolla useat Euroopan parlamentin valiokunnat kokoontuvat Brysseliss\u00e4 keskustelemaan ja \u00e4\u00e4nest\u00e4m\u00e4\u00e4n eri aiheista. Tiistaina komission puheenjohtaja Ursula von der Leyen vastaanottaa Ala-Saksin osavaltion mitalin ja pit\u00e4\u00e4 puheen Hannoverissa. Euroopan unionin neuvosto ei kokoonnu t\u00e4ll\u00e4 viikolla. Euroopan parlamenttiKeskiviikkona turvallisuus- ja puolustusvaliokunta (SEDE) yhdess\u00e4 liikenne- ja matkailuvaliokunnan (TRAN) kanssa keskustelee toimenpidekehyksest\u00e4, jonka tavoitteena on helpottaa sotilaskaluston, tavaroiden [&hellip;]<\/p>\n","protected":false},"author":8,"featured_media":7677,"comment_status":"closed","ping_status":"closed","sticky":false,"template":"","format":"standard","meta":{"_et_pb_use_builder":"off","_et_pb_old_content":"","_et_gb_content_width":""},"categories":[8,123],"tags":[],"yoast_head":"<!-- This site is optimized with the Yoast SEO plugin v19.13 - https:\/\/yoast.com\/wordpress\/plugins\/seo\/ -->\n<title>EU:n viikko 15\/2026: Turvallisuus | Kest\u00e4vyys\u00a0| Kasvu - Eurooppalainen Suomi<\/title>\n<meta name=\"robots\" content=\"index, follow, max-snippet:-1, max-image-preview:large, max-video-preview:-1\" \/>\n<link rel=\"canonical\" href=\"https:\/\/www.eurooppalainensuomi.fi\/eun-viikko-15-2026-turvallisuus-kestavyys-kasvu\" \/>\n<meta property=\"og:locale\" content=\"en_US\" \/>\n<meta property=\"og:type\" content=\"article\" \/>\n<meta property=\"og:title\" content=\"EU:n viikko 15\/2026: Turvallisuus | Kest\u00e4vyys\u00a0| Kasvu - Eurooppalainen Suomi\" \/>\n<meta property=\"og:description\" content=\"T\u00e4ll\u00e4 viikolla useat Euroopan parlamentin valiokunnat kokoontuvat Brysseliss\u00e4 keskustelemaan ja \u00e4\u00e4nest\u00e4m\u00e4\u00e4n eri aiheista. Tiistaina komission puheenjohtaja Ursula von der Leyen vastaanottaa Ala-Saksin osavaltion mitalin ja pit\u00e4\u00e4 puheen Hannoverissa. Euroopan unionin neuvosto ei kokoonnu t\u00e4ll\u00e4 viikolla. Euroopan parlamenttiKeskiviikkona turvallisuus- ja puolustusvaliokunta (SEDE) yhdess\u00e4 liikenne- ja matkailuvaliokunnan (TRAN) kanssa keskustelee toimenpidekehyksest\u00e4, jonka tavoitteena on helpottaa sotilaskaluston, tavaroiden [&hellip;]\" \/>\n<meta property=\"og:url\" content=\"https:\/\/www.eurooppalainensuomi.fi\/eun-viikko-15-2026-turvallisuus-kestavyys-kasvu\" \/>\n<meta property=\"og:site_name\" content=\"Eurooppalainen Suomi\" \/>\n<meta property=\"article:publisher\" content=\"https:\/\/www.facebook.com\/eurooppalainensuomi\" \/>\n<meta property=\"article:published_time\" content=\"2026-04-07T07:42:23+00:00\" \/>\n<meta property=\"article:modified_time\" content=\"2026-04-07T07:42:24+00:00\" \/>\n<meta property=\"og:image\" content=\"https:\/\/www.eurooppalainensuomi.fi\/wp-content\/uploads\/2025\/12\/Uutiset-1-1024x576.jpg\" \/>\n\t<meta property=\"og:image:width\" content=\"1024\" \/>\n\t<meta property=\"og:image:height\" content=\"576\" \/>\n\t<meta property=\"og:image:type\" content=\"image\/jpeg\" \/>\n<meta name=\"author\" content=\"Admin\" \/>\n<meta name=\"twitter:card\" content=\"summary_large_image\" \/>\n<meta name=\"twitter:creator\" content=\"@em_finland\" \/>\n<meta name=\"twitter:site\" content=\"@em_finland\" \/>\n<meta name=\"twitter:label1\" content=\"Written by\" \/>\n\t<meta name=\"twitter:data1\" content=\"Admin\" \/>\n\t<meta name=\"twitter:label2\" content=\"Est. reading time\" \/>\n\t<meta name=\"twitter:data2\" content=\"1 minute\" \/>\n<script type=\"application\/ld+json\" class=\"yoast-schema-graph\">{\"@context\":\"https:\/\/schema.org\",\"@graph\":[{\"@type\":\"Article\",\"@id\":\"https:\/\/www.eurooppalainensuomi.fi\/eun-viikko-15-2026-turvallisuus-kestavyys-kasvu#article\",\"isPartOf\":{\"@id\":\"https:\/\/www.eurooppalainensuomi.fi\/eun-viikko-15-2026-turvallisuus-kestavyys-kasvu\"},\"author\":{\"name\":\"Admin\",\"@id\":\"https:\/\/www.eurooppalainensuomi.fi\/#\/schema\/person\/42824760f66031a9671691f8a3cc4931\"},\"headline\":\"EU:n viikko 15\/2026: Turvallisuus | Kest\u00e4vyys\u00a0| Kasvu\",\"datePublished\":\"2026-04-07T07:42:23+00:00\",\"dateModified\":\"2026-04-07T07:42:24+00:00\",\"mainEntityOfPage\":{\"@id\":\"https:\/\/www.eurooppalainensuomi.fi\/eun-viikko-15-2026-turvallisuus-kestavyys-kasvu\"},\"wordCount\":180,\"publisher\":{\"@id\":\"https:\/\/www.eurooppalainensuomi.fi\/#organization\"},\"articleSection\":[\"Ajankohtaista\",\"EU:n viikko\"],\"inLanguage\":\"en\"},{\"@type\":\"WebPage\",\"@id\":\"https:\/\/www.eurooppalainensuomi.fi\/eun-viikko-15-2026-turvallisuus-kestavyys-kasvu\",\"url\":\"https:\/\/www.eurooppalainensuomi.fi\/eun-viikko-15-2026-turvallisuus-kestavyys-kasvu\",\"name\":\"EU:n viikko 15\/2026: Turvallisuus | Kest\u00e4vyys\u00a0| Kasvu - Eurooppalainen Suomi\",\"isPartOf\":{\"@id\":\"https:\/\/www.eurooppalainensuomi.fi\/#website\"},\"datePublished\":\"2026-04-07T07:42:23+00:00\",\"dateModified\":\"2026-04-07T07:42:24+00:00\",\"breadcrumb\":{\"@id\":\"https:\/\/www.eurooppalainensuomi.fi\/eun-viikko-15-2026-turvallisuus-kestavyys-kasvu#breadcrumb\"},\"inLanguage\":\"en\",\"potentialAction\":[{\"@type\":\"ReadAction\",\"target\":[\"https:\/\/www.eurooppalainensuomi.fi\/eun-viikko-15-2026-turvallisuus-kestavyys-kasvu\"]}]},{\"@type\":\"BreadcrumbList\",\"@id\":\"https:\/\/www.eurooppalainensuomi.fi\/eun-viikko-15-2026-turvallisuus-kestavyys-kasvu#breadcrumb\",\"itemListElement\":[{\"@type\":\"ListItem\",\"position\":1,\"name\":\"Etusivu\",\"item\":\"https:\/\/www.eurooppalainensuomi.fi\/\"},{\"@type\":\"ListItem\",\"position\":2,\"name\":\"EU:n viikko 15\/2026: Turvallisuus | Kest\u00e4vyys\u00a0| Kasvu\"}]},{\"@type\":\"WebSite\",\"@id\":\"https:\/\/www.eurooppalainensuomi.fi\/#website\",\"url\":\"https:\/\/www.eurooppalainensuomi.fi\/\",\"name\":\"Eurooppalainen Suomi\",\"description\":\"Parempaa Eurooppaa rakentamassa\",\"publisher\":{\"@id\":\"https:\/\/www.eurooppalainensuomi.fi\/#organization\"},\"potentialAction\":[{\"@type\":\"SearchAction\",\"target\":{\"@type\":\"EntryPoint\",\"urlTemplate\":\"https:\/\/www.eurooppalainensuomi.fi\/?s={search_term_string}\"},\"query-input\":\"required name=search_term_string\"}],\"inLanguage\":\"en\"},{\"@type\":\"Organization\",\"@id\":\"https:\/\/www.eurooppalainensuomi.fi\/#organization\",\"name\":\"Eurooppalainen Suomi ry\",\"url\":\"https:\/\/www.eurooppalainensuomi.fi\/\",\"logo\":{\"@type\":\"ImageObject\",\"inLanguage\":\"en\",\"@id\":\"https:\/\/www.eurooppalainensuomi.fi\/#\/schema\/logo\/image\/\",\"url\":\"https:\/\/www.eurooppalainensuomi.fi\/wp-content\/uploads\/2021\/01\/PNG_large.png\",\"contentUrl\":\"https:\/\/www.eurooppalainensuomi.fi\/wp-content\/uploads\/2021\/01\/PNG_large.png\",\"width\":586,\"height\":220,\"caption\":\"Eurooppalainen Suomi ry\"},\"image\":{\"@id\":\"https:\/\/www.eurooppalainensuomi.fi\/#\/schema\/logo\/image\/\"},\"sameAs\":[\"https:\/\/instagram.com\/eurooppalainensuomi\",\"https:\/\/www.youtube.com\/channel\/UCBeqyrm1ze2RinjeAYS_-Jg\",\"https:\/\/fi.wikipedia.org\/wiki\/Eurooppalainen_Suomi\",\"https:\/\/www.facebook.com\/eurooppalainensuomi\",\"https:\/\/twitter.com\/em_finland\"]},{\"@type\":\"Person\",\"@id\":\"https:\/\/www.eurooppalainensuomi.fi\/#\/schema\/person\/42824760f66031a9671691f8a3cc4931\",\"name\":\"Admin\",\"image\":{\"@type\":\"ImageObject\",\"inLanguage\":\"en\",\"@id\":\"https:\/\/www.eurooppalainensuomi.fi\/#\/schema\/person\/image\/\",\"url\":\"https:\/\/secure.gravatar.com\/avatar\/2a869497ae566d1e62d81a21a923ac47?s=96&d=mm&r=g\",\"contentUrl\":\"https:\/\/secure.gravatar.com\/avatar\/2a869497ae566d1e62d81a21a923ac47?s=96&d=mm&r=g\",\"caption\":\"Admin\"}}]}<\/script>\n<!-- \/ Yoast SEO plugin. -->","yoast_head_json":{"title":"EU:n viikko 15\/2026: Turvallisuus | Kest\u00e4vyys\u00a0| Kasvu - Eurooppalainen Suomi","robots":{"index":"index","follow":"follow","max-snippet":"max-snippet:-1","max-image-preview":"max-image-preview:large","max-video-preview":"max-video-preview:-1"},"canonical":"https:\/\/www.eurooppalainensuomi.fi\/eun-viikko-15-2026-turvallisuus-kestavyys-kasvu","og_locale":"en_US","og_type":"article","og_title":"EU:n viikko 15\/2026: Turvallisuus | Kest\u00e4vyys\u00a0| Kasvu - Eurooppalainen Suomi","og_description":"T\u00e4ll\u00e4 viikolla useat Euroopan parlamentin valiokunnat kokoontuvat Brysseliss\u00e4 keskustelemaan ja \u00e4\u00e4nest\u00e4m\u00e4\u00e4n eri aiheista. Tiistaina komission puheenjohtaja Ursula von der Leyen vastaanottaa Ala-Saksin osavaltion mitalin ja pit\u00e4\u00e4 puheen Hannoverissa. Euroopan unionin neuvosto ei kokoonnu t\u00e4ll\u00e4 viikolla. Euroopan parlamenttiKeskiviikkona turvallisuus- ja puolustusvaliokunta (SEDE) yhdess\u00e4 liikenne- ja matkailuvaliokunnan (TRAN) kanssa keskustelee toimenpidekehyksest\u00e4, jonka tavoitteena on helpottaa sotilaskaluston, tavaroiden [&hellip;]","og_url":"https:\/\/www.eurooppalainensuomi.fi\/eun-viikko-15-2026-turvallisuus-kestavyys-kasvu","og_site_name":"Eurooppalainen Suomi","article_publisher":"https:\/\/www.facebook.com\/eurooppalainensuomi","article_published_time":"2026-04-07T07:42:23+00:00","article_modified_time":"2026-04-07T07:42:24+00:00","og_image":[{"width":1024,"height":576,"url":"https:\/\/www.eurooppalainensuomi.fi\/wp-content\/uploads\/2025\/12\/Uutiset-1-1024x576.jpg","type":"image\/jpeg"}],"author":"Admin","twitter_card":"summary_large_image","twitter_creator":"@em_finland","twitter_site":"@em_finland","twitter_misc":{"Written by":"Admin","Est. reading time":"1 minute"},"schema":{"@context":"https:\/\/schema.org","@graph":[{"@type":"Article","@id":"https:\/\/www.eurooppalainensuomi.fi\/eun-viikko-15-2026-turvallisuus-kestavyys-kasvu#article","isPartOf":{"@id":"https:\/\/www.eurooppalainensuomi.fi\/eun-viikko-15-2026-turvallisuus-kestavyys-kasvu"},"author":{"name":"Admin","@id":"https:\/\/www.eurooppalainensuomi.fi\/#\/schema\/person\/42824760f66031a9671691f8a3cc4931"},"headline":"EU:n viikko 15\/2026: Turvallisuus | Kest\u00e4vyys\u00a0| Kasvu","datePublished":"2026-04-07T07:42:23+00:00","dateModified":"2026-04-07T07:42:24+00:00","mainEntityOfPage":{"@id":"https:\/\/www.eurooppalainensuomi.fi\/eun-viikko-15-2026-turvallisuus-kestavyys-kasvu"},"wordCount":180,"publisher":{"@id":"https:\/\/www.eurooppalainensuomi.fi\/#organization"},"articleSection":["Ajankohtaista","EU:n viikko"],"inLanguage":"en"},{"@type":"WebPage","@id":"https:\/\/www.eurooppalainensuomi.fi\/eun-viikko-15-2026-turvallisuus-kestavyys-kasvu","url":"https:\/\/www.eurooppalainensuomi.fi\/eun-viikko-15-2026-turvallisuus-kestavyys-kasvu","name":"EU:n viikko 15\/2026: Turvallisuus | Kest\u00e4vyys\u00a0| Kasvu - Eurooppalainen Suomi","isPartOf":{"@id":"https:\/\/www.eurooppalainensuomi.fi\/#website"},"datePublished":"2026-04-07T07:42:23+00:00","dateModified":"2026-04-07T07:42:24+00:00","breadcrumb":{"@id":"https:\/\/www.eurooppalainensuomi.fi\/eun-viikko-15-2026-turvallisuus-kestavyys-kasvu#breadcrumb"},"inLanguage":"en","potentialAction":[{"@type":"ReadAction","target":["https:\/\/www.eurooppalainensuomi.fi\/eun-viikko-15-2026-turvallisuus-kestavyys-kasvu"]}]},{"@type":"BreadcrumbList","@id":"https:\/\/www.eurooppalainensuomi.fi\/eun-viikko-15-2026-turvallisuus-kestavyys-kasvu#breadcrumb","itemListElement":[{"@type":"ListItem","position":1,"name":"Etusivu","item":"https:\/\/www.eurooppalainensuomi.fi\/"},{"@type":"ListItem","position":2,"name":"EU:n viikko 15\/2026: Turvallisuus | Kest\u00e4vyys\u00a0| Kasvu"}]},{"@type":"WebSite","@id":"https:\/\/www.eurooppalainensuomi.fi\/#website","url":"https:\/\/www.eurooppalainensuomi.fi\/","name":"Eurooppalainen Suomi","description":"Parempaa Eurooppaa rakentamassa","publisher":{"@id":"https:\/\/www.eurooppalainensuomi.fi\/#organization"},"potentialAction":[{"@type":"SearchAction","target":{"@type":"EntryPoint","urlTemplate":"https:\/\/www.eurooppalainensuomi.fi\/?s={search_term_string}"},"query-input":"required name=search_term_string"}],"inLanguage":"en"},{"@type":"Organization","@id":"https:\/\/www.eurooppalainensuomi.fi\/#organization","name":"Eurooppalainen Suomi ry","url":"https:\/\/www.eurooppalainensuomi.fi\/","logo":{"@type":"ImageObject","inLanguage":"en","@id":"https:\/\/www.eurooppalainensuomi.fi\/#\/schema\/logo\/image\/","url":"https:\/\/www.eurooppalainensuomi.fi\/wp-content\/uploads\/2021\/01\/PNG_large.png","contentUrl":"https:\/\/www.eurooppalainensuomi.fi\/wp-content\/uploads\/2021\/01\/PNG_large.png","width":586,"height":220,"caption":"Eurooppalainen Suomi ry"},"image":{"@id":"https:\/\/www.eurooppalainensuomi.fi\/#\/schema\/logo\/image\/"},"sameAs":["https:\/\/instagram.com\/eurooppalainensuomi","https:\/\/www.youtube.com\/channel\/UCBeqyrm1ze2RinjeAYS_-Jg","https:\/\/fi.wikipedia.org\/wiki\/Eurooppalainen_Suomi","https:\/\/www.facebook.com\/eurooppalainensuomi","https:\/\/twitter.com\/em_finland"]},{"@type":"Person","@id":"https:\/\/www.eurooppalainensuomi.fi\/#\/schema\/person\/42824760f66031a9671691f8a3cc4931","name":"Admin","image":{"@type":"ImageObject","inLanguage":"en","@id":"https:\/\/www.eurooppalainensuomi.fi\/#\/schema\/person\/image\/","url":"https:\/\/secure.gravatar.com\/avatar\/2a869497ae566d1e62d81a21a923ac47?s=96&d=mm&r=g","contentUrl":"https:\/\/secure.gravatar.com\/avatar\/2a869497ae566d1e62d81a21a923ac47?s=96&d=mm&r=g","caption":"Admin"}}]}},"jetpack_featured_media_url":"https:\/\/www.eurooppalainensuomi.fi\/wp-content\/uploads\/2025\/12\/Uutiset-1.jpg","_links":{"self":[{"href":"https:\/\/www.eurooppalainensuomi.fi\/index.php?rest_route=\/wp\/v2\/posts\/7934"}],"collection":[{"href":"https:\/\/www.eurooppalainensuomi.fi\/index.php?rest_route=\/wp\/v2\/posts"}],"about":[{"href":"https:\/\/www.eurooppalainensuomi.fi\/index.php?rest_route=\/wp\/v2\/types\/post"}],"author":[{"embeddable":true,"href":"https:\/\/www.eurooppalainensuomi.fi\/index.php?rest_route=\/wp\/v2\/users\/8"}],"replies":[{"embeddable":true,"href":"https:\/\/www.eurooppalainensuomi.fi\/index.php?rest_route=%2Fwp%2Fv2%2Fcomments&post=7934"}],"version-history":[{"count":2,"href":"https:\/\/www.eurooppalainensuomi.fi\/index.php?rest_route=\/wp\/v2\/posts\/7934\/revisions"}],"predecessor-version":[{"id":7936,"href":"https:\/\/www.eurooppalainensuomi.fi\/index.php?rest_route=\/wp\/v2\/posts\/7934\/revisions\/7936"}],"wp:featuredmedia":[{"embeddable":true,"href":"https:\/\/www.eurooppalainensuomi.fi\/index.php?rest_route=\/wp\/v2\/media\/7677"}],"wp:attachment":[{"href":"https:\/\/www.eurooppalainensuomi.fi\/index.php?rest_route=%2Fwp%2Fv2%2Fmedia&parent=7934"}],"wp:term":[{"taxonomy":"category","embeddable":true,"href":"https:\/\/www.eurooppalainensuomi.fi\/index.php?rest_route=%2Fwp%2Fv2%2Fcategories&post=7934"},{"taxonomy":"post_tag","embeddable":true,"href":"https:\/\/www.eurooppalainensuomi.fi\/index.php?rest_route=%2Fwp%2Fv2%2Ftags&post=7934"}],"curies":[{"name":"wp","href":"https:\/\/api.w.org\/{rel}","templated":true}]}}