{"id":7932,"date":"2026-04-01T13:33:37","date_gmt":"2026-04-01T11:33:37","guid":{"rendered":"https:\/\/www.eurooppalainensuomi.fi\/?p=7932"},"modified":"2026-04-01T13:33:39","modified_gmt":"2026-04-01T11:33:39","slug":"shpejtim-zhitia-eurooppalaisen-suomen-korkeakouluharjoittelijaksi","status":"publish","type":"post","link":"https:\/\/www.eurooppalainensuomi.fi\/shpejtim-zhitia-eurooppalaisen-suomen-korkeakouluharjoittelijaksi","title":{"rendered":"Shpejtim Zhitia Eurooppalaisen Suomen korkeakouluharjoittelijaksi"},"content":{"rendered":"\n<p>Eurooppalaisen Suomen korkeakouluharjoittelijana on 1.4.2026 aloittanut Eurooppa- ja Pohjoismaiden tutkimuksen maisteriopiskelija <strong>Shpejtim Zhitia<\/strong>. Zhitian harjoittelu jatkuu 30.6. asti. Zhitia avustaa erityisesti j\u00e4rjest\u00f6n tutkimusty\u00f6ss\u00e4 ja yhteiskunnallisessa viestinn\u00e4ss\u00e4.&nbsp; Lis\u00e4ksi Zhitia osallistuu erilaisiin suunnittelu- ja koordinointiteht\u00e4viin. Zhitialla on laaja ja monipuolinen kokemus ty\u00f6el\u00e4m\u00e4st\u00e4 sek\u00e4 erilaisissa j\u00e4rjest\u00f6iss\u00e4 toimimisesta.&nbsp;<\/p>\n\n\n\n<p>\u201cEurooppalainen Suomi tekee t\u00e4rke\u00e4\u00e4 ja merkitt\u00e4v\u00e4\u00e4 ty\u00f6t\u00e4 siin\u00e4, ett\u00e4 yll\u00e4pit\u00e4\u00e4 EU-keskustelua yhteiskunnassa ja siksi olen innoissani aloittamassa harjoitteluani,\u201d toteaa Zhitia.&nbsp;<\/p>\n\n\n\n<p>Korkeakouluharjoittelija tukee j\u00e4rjest\u00f6n p\u00e4\u00e4tt\u00e4j\u00e4- ja oppilaitosmateriaalien tuottamista sek\u00e4 avustaa Eurooppa-p\u00e4iv\u00e4n toteuttamisessa, uutiskirjeen kirjoittamisessa ja muissa projekteissa.&nbsp;<\/p>\n\n\n\n<p>Zhitian harjoitteluohjaajana toimii Eurooppalaisen Suomen erityisasiantuntija <strong>Ninni Issakainen<\/strong>.<\/p>\n\n\n\n<p>\u201cOn huippua saada Shpejtim t\u00e4ydent\u00e4m\u00e4\u00e4n toimistoamme. Uusi osaaminen ja tuoreet n\u00e4k\u00f6kulmat t\u00e4ydent\u00e4v\u00e4t hyvin tekemist\u00e4mme ja ovat arvokas lis\u00e4 p\u00e4\u00e4tt\u00e4j\u00e4materiaalien ja kev\u00e4\u00e4n projektien edist\u00e4misess\u00e4,\u201d kommentoi erityisasiantuntija Ninni Issakainen.&nbsp;<\/p>\n\n\n\n<p>Eurooppa-liikkeeseen Zhitia on tutustunut erityisesti Eurooppanuorissa toimiessaan Turun Eurooppanuorten varapuheenjohtajana. T\u00e4ll\u00e4 hetkell\u00e4 h\u00e4n opiskelee Helsingin yliopistossa Eurooppa- ja Pohjoismaiden tutkimuksen maisteriohjelmassa, p\u00e4\u00e4aineenaan EU-politiikka. T\u00e4m\u00e4n lis\u00e4ksi Zhitia on opiskellut valtiotieteiden kandidaatiksi kansainv\u00e4lisest\u00e4 politiikasta Turun yliopistossa ja Haaga-Helia ammattikorkeakoulusta rahoituksen tradenomiksi.&nbsp;<\/p>\n\n\n\n<p>\u201cEurooppalainen Suomi haluaa tehd\u00e4 osansa osaavien opiskelijoiden kehittymisess\u00e4 alansa parhaiksi asiantuntijoiksi. On motivoivaa p\u00e4\u00e4st\u00e4 tarjoamaan Shpejitimille mahdollisuus ottaa ensimm\u00e4iset Eurooppa-politiikkaan liittyv\u00e4t askeleet ty\u00f6el\u00e4m\u00e4ss\u00e4 juuri meid\u00e4n kauttamme,\u201d toiminnanjohtajan sijainen <strong>Samuel Tammekann <\/strong>iloitsee.&nbsp;<\/p>\n","protected":false},"excerpt":{"rendered":"<p>Eurooppalaisen Suomen korkeakouluharjoittelijana on 1.4.2026 aloittanut Eurooppa- ja Pohjoismaiden tutkimuksen maisteriopiskelija Shpejtim Zhitia. Zhitian harjoittelu jatkuu 30.6. asti. Zhitia avustaa erityisesti j\u00e4rjest\u00f6n tutkimusty\u00f6ss\u00e4 ja yhteiskunnallisessa viestinn\u00e4ss\u00e4.&nbsp; Lis\u00e4ksi Zhitia osallistuu erilaisiin suunnittelu- ja koordinointiteht\u00e4viin. Zhitialla on laaja ja monipuolinen kokemus ty\u00f6el\u00e4m\u00e4st\u00e4 sek\u00e4 erilaisissa j\u00e4rjest\u00f6iss\u00e4 toimimisesta.&nbsp; \u201cEurooppalainen Suomi tekee t\u00e4rke\u00e4\u00e4 ja merkitt\u00e4v\u00e4\u00e4 ty\u00f6t\u00e4 siin\u00e4, ett\u00e4 yll\u00e4pit\u00e4\u00e4 EU-keskustelua [&hellip;]<\/p>\n","protected":false},"author":8,"featured_media":7930,"comment_status":"closed","ping_status":"closed","sticky":false,"template":"","format":"standard","meta":{"_et_pb_use_builder":"off","_et_pb_old_content":"","_et_gb_content_width":""},"categories":[8,14,9],"tags":[],"yoast_head":"<!-- This site is optimized with the Yoast SEO plugin v19.13 - https:\/\/yoast.com\/wordpress\/plugins\/seo\/ -->\n<title>Shpejtim Zhitia Eurooppalaisen Suomen korkeakouluharjoittelijaksi - Eurooppalainen Suomi<\/title>\n<meta name=\"robots\" content=\"index, follow, max-snippet:-1, max-image-preview:large, max-video-preview:-1\" \/>\n<link rel=\"canonical\" href=\"https:\/\/www.eurooppalainensuomi.fi\/shpejtim-zhitia-eurooppalaisen-suomen-korkeakouluharjoittelijaksi\" \/>\n<meta property=\"og:locale\" content=\"en_US\" \/>\n<meta property=\"og:type\" content=\"article\" \/>\n<meta property=\"og:title\" content=\"Shpejtim Zhitia Eurooppalaisen Suomen korkeakouluharjoittelijaksi - Eurooppalainen Suomi\" \/>\n<meta property=\"og:description\" content=\"Eurooppalaisen Suomen korkeakouluharjoittelijana on 1.4.2026 aloittanut Eurooppa- ja Pohjoismaiden tutkimuksen maisteriopiskelija Shpejtim Zhitia. Zhitian harjoittelu jatkuu 30.6. asti. Zhitia avustaa erityisesti j\u00e4rjest\u00f6n tutkimusty\u00f6ss\u00e4 ja yhteiskunnallisessa viestinn\u00e4ss\u00e4.&nbsp; Lis\u00e4ksi Zhitia osallistuu erilaisiin suunnittelu- ja koordinointiteht\u00e4viin. Zhitialla on laaja ja monipuolinen kokemus ty\u00f6el\u00e4m\u00e4st\u00e4 sek\u00e4 erilaisissa j\u00e4rjest\u00f6iss\u00e4 toimimisesta.&nbsp; \u201cEurooppalainen Suomi tekee t\u00e4rke\u00e4\u00e4 ja merkitt\u00e4v\u00e4\u00e4 ty\u00f6t\u00e4 siin\u00e4, ett\u00e4 yll\u00e4pit\u00e4\u00e4 EU-keskustelua [&hellip;]\" \/>\n<meta property=\"og:url\" content=\"https:\/\/www.eurooppalainensuomi.fi\/shpejtim-zhitia-eurooppalaisen-suomen-korkeakouluharjoittelijaksi\" \/>\n<meta property=\"og:site_name\" content=\"Eurooppalainen Suomi\" \/>\n<meta property=\"article:publisher\" content=\"https:\/\/www.facebook.com\/eurooppalainensuomi\" \/>\n<meta property=\"article:published_time\" content=\"2026-04-01T11:33:37+00:00\" \/>\n<meta property=\"article:modified_time\" content=\"2026-04-01T11:33:39+00:00\" \/>\n<meta property=\"og:image\" content=\"https:\/\/www.eurooppalainensuomi.fi\/wp-content\/uploads\/2026\/03\/Erityisasinatuntijan-sijainen.jpg\" \/>\n\t<meta property=\"og:image:width\" content=\"1920\" \/>\n\t<meta property=\"og:image:height\" content=\"1080\" \/>\n\t<meta property=\"og:image:type\" content=\"image\/jpeg\" \/>\n<meta name=\"author\" content=\"Admin\" \/>\n<meta name=\"twitter:card\" content=\"summary_large_image\" \/>\n<meta name=\"twitter:creator\" content=\"@em_finland\" \/>\n<meta name=\"twitter:site\" content=\"@em_finland\" \/>\n<meta name=\"twitter:label1\" content=\"Written by\" \/>\n\t<meta name=\"twitter:data1\" content=\"Admin\" \/>\n\t<meta name=\"twitter:label2\" content=\"Est. reading time\" \/>\n\t<meta name=\"twitter:data2\" content=\"1 minute\" \/>\n<script type=\"application\/ld+json\" class=\"yoast-schema-graph\">{\"@context\":\"https:\/\/schema.org\",\"@graph\":[{\"@type\":\"Article\",\"@id\":\"https:\/\/www.eurooppalainensuomi.fi\/shpejtim-zhitia-eurooppalaisen-suomen-korkeakouluharjoittelijaksi#article\",\"isPartOf\":{\"@id\":\"https:\/\/www.eurooppalainensuomi.fi\/shpejtim-zhitia-eurooppalaisen-suomen-korkeakouluharjoittelijaksi\"},\"author\":{\"name\":\"Admin\",\"@id\":\"https:\/\/www.eurooppalainensuomi.fi\/#\/schema\/person\/42824760f66031a9671691f8a3cc4931\"},\"headline\":\"Shpejtim Zhitia Eurooppalaisen Suomen korkeakouluharjoittelijaksi\",\"datePublished\":\"2026-04-01T11:33:37+00:00\",\"dateModified\":\"2026-04-01T11:33:39+00:00\",\"mainEntityOfPage\":{\"@id\":\"https:\/\/www.eurooppalainensuomi.fi\/shpejtim-zhitia-eurooppalaisen-suomen-korkeakouluharjoittelijaksi\"},\"wordCount\":245,\"publisher\":{\"@id\":\"https:\/\/www.eurooppalainensuomi.fi\/#organization\"},\"articleSection\":[\"Ajankohtaista\",\"Tiedotteet\",\"Uutiset\"],\"inLanguage\":\"en\"},{\"@type\":\"WebPage\",\"@id\":\"https:\/\/www.eurooppalainensuomi.fi\/shpejtim-zhitia-eurooppalaisen-suomen-korkeakouluharjoittelijaksi\",\"url\":\"https:\/\/www.eurooppalainensuomi.fi\/shpejtim-zhitia-eurooppalaisen-suomen-korkeakouluharjoittelijaksi\",\"name\":\"Shpejtim Zhitia Eurooppalaisen Suomen korkeakouluharjoittelijaksi - Eurooppalainen Suomi\",\"isPartOf\":{\"@id\":\"https:\/\/www.eurooppalainensuomi.fi\/#website\"},\"datePublished\":\"2026-04-01T11:33:37+00:00\",\"dateModified\":\"2026-04-01T11:33:39+00:00\",\"breadcrumb\":{\"@id\":\"https:\/\/www.eurooppalainensuomi.fi\/shpejtim-zhitia-eurooppalaisen-suomen-korkeakouluharjoittelijaksi#breadcrumb\"},\"inLanguage\":\"en\",\"potentialAction\":[{\"@type\":\"ReadAction\",\"target\":[\"https:\/\/www.eurooppalainensuomi.fi\/shpejtim-zhitia-eurooppalaisen-suomen-korkeakouluharjoittelijaksi\"]}]},{\"@type\":\"BreadcrumbList\",\"@id\":\"https:\/\/www.eurooppalainensuomi.fi\/shpejtim-zhitia-eurooppalaisen-suomen-korkeakouluharjoittelijaksi#breadcrumb\",\"itemListElement\":[{\"@type\":\"ListItem\",\"position\":1,\"name\":\"Etusivu\",\"item\":\"https:\/\/www.eurooppalainensuomi.fi\/\"},{\"@type\":\"ListItem\",\"position\":2,\"name\":\"Shpejtim Zhitia Eurooppalaisen Suomen korkeakouluharjoittelijaksi\"}]},{\"@type\":\"WebSite\",\"@id\":\"https:\/\/www.eurooppalainensuomi.fi\/#website\",\"url\":\"https:\/\/www.eurooppalainensuomi.fi\/\",\"name\":\"Eurooppalainen Suomi\",\"description\":\"Parempaa Eurooppaa rakentamassa\",\"publisher\":{\"@id\":\"https:\/\/www.eurooppalainensuomi.fi\/#organization\"},\"potentialAction\":[{\"@type\":\"SearchAction\",\"target\":{\"@type\":\"EntryPoint\",\"urlTemplate\":\"https:\/\/www.eurooppalainensuomi.fi\/?s={search_term_string}\"},\"query-input\":\"required name=search_term_string\"}],\"inLanguage\":\"en\"},{\"@type\":\"Organization\",\"@id\":\"https:\/\/www.eurooppalainensuomi.fi\/#organization\",\"name\":\"Eurooppalainen Suomi ry\",\"url\":\"https:\/\/www.eurooppalainensuomi.fi\/\",\"logo\":{\"@type\":\"ImageObject\",\"inLanguage\":\"en\",\"@id\":\"https:\/\/www.eurooppalainensuomi.fi\/#\/schema\/logo\/image\/\",\"url\":\"https:\/\/www.eurooppalainensuomi.fi\/wp-content\/uploads\/2021\/01\/PNG_large.png\",\"contentUrl\":\"https:\/\/www.eurooppalainensuomi.fi\/wp-content\/uploads\/2021\/01\/PNG_large.png\",\"width\":586,\"height\":220,\"caption\":\"Eurooppalainen Suomi ry\"},\"image\":{\"@id\":\"https:\/\/www.eurooppalainensuomi.fi\/#\/schema\/logo\/image\/\"},\"sameAs\":[\"https:\/\/instagram.com\/eurooppalainensuomi\",\"https:\/\/www.youtube.com\/channel\/UCBeqyrm1ze2RinjeAYS_-Jg\",\"https:\/\/fi.wikipedia.org\/wiki\/Eurooppalainen_Suomi\",\"https:\/\/www.facebook.com\/eurooppalainensuomi\",\"https:\/\/twitter.com\/em_finland\"]},{\"@type\":\"Person\",\"@id\":\"https:\/\/www.eurooppalainensuomi.fi\/#\/schema\/person\/42824760f66031a9671691f8a3cc4931\",\"name\":\"Admin\",\"image\":{\"@type\":\"ImageObject\",\"inLanguage\":\"en\",\"@id\":\"https:\/\/www.eurooppalainensuomi.fi\/#\/schema\/person\/image\/\",\"url\":\"https:\/\/secure.gravatar.com\/avatar\/2a869497ae566d1e62d81a21a923ac47?s=96&d=mm&r=g\",\"contentUrl\":\"https:\/\/secure.gravatar.com\/avatar\/2a869497ae566d1e62d81a21a923ac47?s=96&d=mm&r=g\",\"caption\":\"Admin\"}}]}<\/script>\n<!-- \/ Yoast SEO plugin. -->","yoast_head_json":{"title":"Shpejtim Zhitia Eurooppalaisen Suomen korkeakouluharjoittelijaksi - Eurooppalainen Suomi","robots":{"index":"index","follow":"follow","max-snippet":"max-snippet:-1","max-image-preview":"max-image-preview:large","max-video-preview":"max-video-preview:-1"},"canonical":"https:\/\/www.eurooppalainensuomi.fi\/shpejtim-zhitia-eurooppalaisen-suomen-korkeakouluharjoittelijaksi","og_locale":"en_US","og_type":"article","og_title":"Shpejtim Zhitia Eurooppalaisen Suomen korkeakouluharjoittelijaksi - Eurooppalainen Suomi","og_description":"Eurooppalaisen Suomen korkeakouluharjoittelijana on 1.4.2026 aloittanut Eurooppa- ja Pohjoismaiden tutkimuksen maisteriopiskelija Shpejtim Zhitia. Zhitian harjoittelu jatkuu 30.6. asti. Zhitia avustaa erityisesti j\u00e4rjest\u00f6n tutkimusty\u00f6ss\u00e4 ja yhteiskunnallisessa viestinn\u00e4ss\u00e4.&nbsp; Lis\u00e4ksi Zhitia osallistuu erilaisiin suunnittelu- ja koordinointiteht\u00e4viin. Zhitialla on laaja ja monipuolinen kokemus ty\u00f6el\u00e4m\u00e4st\u00e4 sek\u00e4 erilaisissa j\u00e4rjest\u00f6iss\u00e4 toimimisesta.&nbsp; \u201cEurooppalainen Suomi tekee t\u00e4rke\u00e4\u00e4 ja merkitt\u00e4v\u00e4\u00e4 ty\u00f6t\u00e4 siin\u00e4, ett\u00e4 yll\u00e4pit\u00e4\u00e4 EU-keskustelua [&hellip;]","og_url":"https:\/\/www.eurooppalainensuomi.fi\/shpejtim-zhitia-eurooppalaisen-suomen-korkeakouluharjoittelijaksi","og_site_name":"Eurooppalainen Suomi","article_publisher":"https:\/\/www.facebook.com\/eurooppalainensuomi","article_published_time":"2026-04-01T11:33:37+00:00","article_modified_time":"2026-04-01T11:33:39+00:00","og_image":[{"width":1920,"height":1080,"url":"https:\/\/www.eurooppalainensuomi.fi\/wp-content\/uploads\/2026\/03\/Erityisasinatuntijan-sijainen.jpg","type":"image\/jpeg"}],"author":"Admin","twitter_card":"summary_large_image","twitter_creator":"@em_finland","twitter_site":"@em_finland","twitter_misc":{"Written by":"Admin","Est. reading time":"1 minute"},"schema":{"@context":"https:\/\/schema.org","@graph":[{"@type":"Article","@id":"https:\/\/www.eurooppalainensuomi.fi\/shpejtim-zhitia-eurooppalaisen-suomen-korkeakouluharjoittelijaksi#article","isPartOf":{"@id":"https:\/\/www.eurooppalainensuomi.fi\/shpejtim-zhitia-eurooppalaisen-suomen-korkeakouluharjoittelijaksi"},"author":{"name":"Admin","@id":"https:\/\/www.eurooppalainensuomi.fi\/#\/schema\/person\/42824760f66031a9671691f8a3cc4931"},"headline":"Shpejtim Zhitia Eurooppalaisen Suomen korkeakouluharjoittelijaksi","datePublished":"2026-04-01T11:33:37+00:00","dateModified":"2026-04-01T11:33:39+00:00","mainEntityOfPage":{"@id":"https:\/\/www.eurooppalainensuomi.fi\/shpejtim-zhitia-eurooppalaisen-suomen-korkeakouluharjoittelijaksi"},"wordCount":245,"publisher":{"@id":"https:\/\/www.eurooppalainensuomi.fi\/#organization"},"articleSection":["Ajankohtaista","Tiedotteet","Uutiset"],"inLanguage":"en"},{"@type":"WebPage","@id":"https:\/\/www.eurooppalainensuomi.fi\/shpejtim-zhitia-eurooppalaisen-suomen-korkeakouluharjoittelijaksi","url":"https:\/\/www.eurooppalainensuomi.fi\/shpejtim-zhitia-eurooppalaisen-suomen-korkeakouluharjoittelijaksi","name":"Shpejtim Zhitia Eurooppalaisen Suomen korkeakouluharjoittelijaksi - Eurooppalainen Suomi","isPartOf":{"@id":"https:\/\/www.eurooppalainensuomi.fi\/#website"},"datePublished":"2026-04-01T11:33:37+00:00","dateModified":"2026-04-01T11:33:39+00:00","breadcrumb":{"@id":"https:\/\/www.eurooppalainensuomi.fi\/shpejtim-zhitia-eurooppalaisen-suomen-korkeakouluharjoittelijaksi#breadcrumb"},"inLanguage":"en","potentialAction":[{"@type":"ReadAction","target":["https:\/\/www.eurooppalainensuomi.fi\/shpejtim-zhitia-eurooppalaisen-suomen-korkeakouluharjoittelijaksi"]}]},{"@type":"BreadcrumbList","@id":"https:\/\/www.eurooppalainensuomi.fi\/shpejtim-zhitia-eurooppalaisen-suomen-korkeakouluharjoittelijaksi#breadcrumb","itemListElement":[{"@type":"ListItem","position":1,"name":"Etusivu","item":"https:\/\/www.eurooppalainensuomi.fi\/"},{"@type":"ListItem","position":2,"name":"Shpejtim Zhitia Eurooppalaisen Suomen korkeakouluharjoittelijaksi"}]},{"@type":"WebSite","@id":"https:\/\/www.eurooppalainensuomi.fi\/#website","url":"https:\/\/www.eurooppalainensuomi.fi\/","name":"Eurooppalainen Suomi","description":"Parempaa Eurooppaa rakentamassa","publisher":{"@id":"https:\/\/www.eurooppalainensuomi.fi\/#organization"},"potentialAction":[{"@type":"SearchAction","target":{"@type":"EntryPoint","urlTemplate":"https:\/\/www.eurooppalainensuomi.fi\/?s={search_term_string}"},"query-input":"required name=search_term_string"}],"inLanguage":"en"},{"@type":"Organization","@id":"https:\/\/www.eurooppalainensuomi.fi\/#organization","name":"Eurooppalainen Suomi ry","url":"https:\/\/www.eurooppalainensuomi.fi\/","logo":{"@type":"ImageObject","inLanguage":"en","@id":"https:\/\/www.eurooppalainensuomi.fi\/#\/schema\/logo\/image\/","url":"https:\/\/www.eurooppalainensuomi.fi\/wp-content\/uploads\/2021\/01\/PNG_large.png","contentUrl":"https:\/\/www.eurooppalainensuomi.fi\/wp-content\/uploads\/2021\/01\/PNG_large.png","width":586,"height":220,"caption":"Eurooppalainen Suomi ry"},"image":{"@id":"https:\/\/www.eurooppalainensuomi.fi\/#\/schema\/logo\/image\/"},"sameAs":["https:\/\/instagram.com\/eurooppalainensuomi","https:\/\/www.youtube.com\/channel\/UCBeqyrm1ze2RinjeAYS_-Jg","https:\/\/fi.wikipedia.org\/wiki\/Eurooppalainen_Suomi","https:\/\/www.facebook.com\/eurooppalainensuomi","https:\/\/twitter.com\/em_finland"]},{"@type":"Person","@id":"https:\/\/www.eurooppalainensuomi.fi\/#\/schema\/person\/42824760f66031a9671691f8a3cc4931","name":"Admin","image":{"@type":"ImageObject","inLanguage":"en","@id":"https:\/\/www.eurooppalainensuomi.fi\/#\/schema\/person\/image\/","url":"https:\/\/secure.gravatar.com\/avatar\/2a869497ae566d1e62d81a21a923ac47?s=96&d=mm&r=g","contentUrl":"https:\/\/secure.gravatar.com\/avatar\/2a869497ae566d1e62d81a21a923ac47?s=96&d=mm&r=g","caption":"Admin"}}]}},"jetpack_featured_media_url":"https:\/\/www.eurooppalainensuomi.fi\/wp-content\/uploads\/2026\/03\/Erityisasinatuntijan-sijainen.jpg","_links":{"self":[{"href":"https:\/\/www.eurooppalainensuomi.fi\/index.php?rest_route=\/wp\/v2\/posts\/7932"}],"collection":[{"href":"https:\/\/www.eurooppalainensuomi.fi\/index.php?rest_route=\/wp\/v2\/posts"}],"about":[{"href":"https:\/\/www.eurooppalainensuomi.fi\/index.php?rest_route=\/wp\/v2\/types\/post"}],"author":[{"embeddable":true,"href":"https:\/\/www.eurooppalainensuomi.fi\/index.php?rest_route=\/wp\/v2\/users\/8"}],"replies":[{"embeddable":true,"href":"https:\/\/www.eurooppalainensuomi.fi\/index.php?rest_route=%2Fwp%2Fv2%2Fcomments&post=7932"}],"version-history":[{"count":1,"href":"https:\/\/www.eurooppalainensuomi.fi\/index.php?rest_route=\/wp\/v2\/posts\/7932\/revisions"}],"predecessor-version":[{"id":7933,"href":"https:\/\/www.eurooppalainensuomi.fi\/index.php?rest_route=\/wp\/v2\/posts\/7932\/revisions\/7933"}],"wp:featuredmedia":[{"embeddable":true,"href":"https:\/\/www.eurooppalainensuomi.fi\/index.php?rest_route=\/wp\/v2\/media\/7930"}],"wp:attachment":[{"href":"https:\/\/www.eurooppalainensuomi.fi\/index.php?rest_route=%2Fwp%2Fv2%2Fmedia&parent=7932"}],"wp:term":[{"taxonomy":"category","embeddable":true,"href":"https:\/\/www.eurooppalainensuomi.fi\/index.php?rest_route=%2Fwp%2Fv2%2Fcategories&post=7932"},{"taxonomy":"post_tag","embeddable":true,"href":"https:\/\/www.eurooppalainensuomi.fi\/index.php?rest_route=%2Fwp%2Fv2%2Ftags&post=7932"}],"curies":[{"name":"wp","href":"https:\/\/api.w.org\/{rel}","templated":true}]}}