{"id":7925,"date":"2026-03-23T13:48:29","date_gmt":"2026-03-23T11:48:29","guid":{"rendered":"https:\/\/www.eurooppalainensuomi.fi\/?p=7925"},"modified":"2026-03-23T13:48:31","modified_gmt":"2026-03-23T11:48:31","slug":"eun-viikko-13-2026-energia-innovaatio-kauppa","status":"publish","type":"post","link":"https:\/\/www.eurooppalainensuomi.fi\/eun-viikko-13-2026-energia-innovaatio-kauppa","title":{"rendered":"EU:n viikko 13\/2026: Energia | Innovaatio | Kauppa"},"content":{"rendered":"\n<p>T\u00e4ll\u00e4 viikolla Brysseliss\u00e4 j\u00e4rjestet\u00e4\u00e4n useita Euroopan parlamentin valiokuntakokouksia sek\u00e4 kaksip\u00e4iv\u00e4inen mini-t\u00e4ysistunto keskiviikkona ja torstaina. Keskiviikkona EU-komissaarit kokoontuvat esittelem\u00e4\u00e4n kaksi uutta aloitetta: tiedonannon mets\u00e4paloriskien integroidusta hallinnasta sek\u00e4 puolustusinnovaatio v\u00e4lineen (AGILE). Torstaina ja perjantaina ulkoasiainneuvoston (kauppa) ministerien odotetaan hyv\u00e4ksyv\u00e4n neuvoston p\u00e4\u00e4telm\u00e4t ja sopivan EU:n kannasta MC14-kokouksen sitoviin p\u00e4\u00e4t\u00f6ksiin, varmistaen yhten\u00e4isen EU-linjan globaalissa kauppaneuvottelussa.<br><\/p>\n\n\n\n<p><strong>Euroopan parlamentti<\/strong><strong><br><\/strong>Maanantaina teollisuus-, tutkimus- ja energiavaliokunta (ITRE) k\u00e4sittelee ven\u00e4l\u00e4isest\u00e4 ydinenergiasta luopumista osana laajempia toimia riippuvuuden v\u00e4hent\u00e4miseksi Ven\u00e4j\u00e4n energial\u00e4hteist\u00e4. Tiistaina sis\u00e4markkina- ja kuluttajansuojavaliokunta (IMCO) keskittyy Euroopan kilpailukykyrahaston (ECF) perustamiseen, mukaan lukien erillinen ohjelma puolustustutkimukselle ja -innovaatiolle. Keskiviikkona europarlamentaarikot k\u00e4sittelev\u00e4t 19.\u201320. maaliskuuta 2026 pidetyn Eurooppa-neuvoston kokouksen p\u00e4\u00e4telmi\u00e4 sek\u00e4 laajempia keskusteluja energian turvallisuudesta, omavaraisuudesta ja toimitusvarmuudesta muuttuvassa geopoliittisessa tilanteessa. Neuvoston ja komission lausunnoissa korostetaan markkinoiden vakauden ja kohtuuhintaisen energian turvaamista sek\u00e4 teollisuudelle ett\u00e4 kansalaisille.<br><\/p>\n\n\n\n<p><strong>Euroopan komissio<\/strong><strong><br><\/strong>Maanantaina korkea edustaja ja komission varapuheenjohtaja Kaja Kallas tapaa Nigerian ulkoministerin Yusuf Tuggarin Abujassa. Tiistaina komissaari Hadja Lahbib tapaa YK:n pakolaisasiain p\u00e4\u00e4valtuutetun Barham Salihin Brysseliss\u00e4. Torstaina komissaari Andrius Kubilius allekirjoittaa turvallisen yhteydenpidon sopimukset Norjan kuningaskunnan ja Islannin kanssa Brysseliss\u00e4.<br><br><strong>Euroopan unionin neuvosto<\/strong><strong><br><\/strong>Torstaina ja perjantaina ulkoasiainneuvoston (kauppa) ministerit kokoontuvat Kamerunin Yaound\u00e9ssa j\u00e4rjestett\u00e4v\u00e4n WTO:n 14. ministerikokouksen (MC14) yhteydess\u00e4. He keskustelevat monenv\u00e4lisen kauppaj\u00e4rjestelm\u00e4n tulevaisuudesta, mukaan lukien WTO:n rakenteiden ja prosessien uudistaminen. Ministerien odotetaan hyv\u00e4ksyv\u00e4n neuvoston p\u00e4\u00e4telm\u00e4t ja sopivan EU:n kannasta MC14:n sitoviin p\u00e4\u00e4t\u00f6ksiin, mik\u00e4 vahvistaa EU:n yhten\u00e4ist\u00e4 linjaa globaalissa kauppaneuvottelussa.<\/p>\n","protected":false},"excerpt":{"rendered":"<p>T\u00e4ll\u00e4 viikolla Brysseliss\u00e4 j\u00e4rjestet\u00e4\u00e4n useita Euroopan parlamentin valiokuntakokouksia sek\u00e4 kaksip\u00e4iv\u00e4inen mini-t\u00e4ysistunto keskiviikkona ja torstaina. Keskiviikkona EU-komissaarit kokoontuvat esittelem\u00e4\u00e4n kaksi uutta aloitetta: tiedonannon mets\u00e4paloriskien integroidusta hallinnasta sek\u00e4 puolustusinnovaatio v\u00e4lineen (AGILE). Torstaina ja perjantaina ulkoasiainneuvoston (kauppa) ministerien odotetaan hyv\u00e4ksyv\u00e4n neuvoston p\u00e4\u00e4telm\u00e4t ja sopivan EU:n kannasta MC14-kokouksen sitoviin p\u00e4\u00e4t\u00f6ksiin, varmistaen yhten\u00e4isen EU-linjan globaalissa kauppaneuvottelussa. Euroopan parlamenttiMaanantaina teollisuus-, tutkimus- [&hellip;]<\/p>\n","protected":false},"author":8,"featured_media":7513,"comment_status":"closed","ping_status":"closed","sticky":false,"template":"","format":"standard","meta":{"_et_pb_use_builder":"off","_et_pb_old_content":"","_et_gb_content_width":""},"categories":[8,123],"tags":[],"yoast_head":"<!-- This site is optimized with the Yoast SEO plugin v19.13 - https:\/\/yoast.com\/wordpress\/plugins\/seo\/ -->\n<title>EU:n viikko 13\/2026: Energia | Innovaatio | Kauppa - Eurooppalainen Suomi<\/title>\n<meta name=\"robots\" content=\"index, follow, max-snippet:-1, max-image-preview:large, max-video-preview:-1\" \/>\n<link rel=\"canonical\" href=\"https:\/\/www.eurooppalainensuomi.fi\/eun-viikko-13-2026-energia-innovaatio-kauppa\" \/>\n<meta property=\"og:locale\" content=\"en_US\" \/>\n<meta property=\"og:type\" content=\"article\" \/>\n<meta property=\"og:title\" content=\"EU:n viikko 13\/2026: Energia | Innovaatio | Kauppa - Eurooppalainen Suomi\" \/>\n<meta property=\"og:description\" content=\"T\u00e4ll\u00e4 viikolla Brysseliss\u00e4 j\u00e4rjestet\u00e4\u00e4n useita Euroopan parlamentin valiokuntakokouksia sek\u00e4 kaksip\u00e4iv\u00e4inen mini-t\u00e4ysistunto keskiviikkona ja torstaina. Keskiviikkona EU-komissaarit kokoontuvat esittelem\u00e4\u00e4n kaksi uutta aloitetta: tiedonannon mets\u00e4paloriskien integroidusta hallinnasta sek\u00e4 puolustusinnovaatio v\u00e4lineen (AGILE). Torstaina ja perjantaina ulkoasiainneuvoston (kauppa) ministerien odotetaan hyv\u00e4ksyv\u00e4n neuvoston p\u00e4\u00e4telm\u00e4t ja sopivan EU:n kannasta MC14-kokouksen sitoviin p\u00e4\u00e4t\u00f6ksiin, varmistaen yhten\u00e4isen EU-linjan globaalissa kauppaneuvottelussa. Euroopan parlamenttiMaanantaina teollisuus-, tutkimus- [&hellip;]\" \/>\n<meta property=\"og:url\" content=\"https:\/\/www.eurooppalainensuomi.fi\/eun-viikko-13-2026-energia-innovaatio-kauppa\" \/>\n<meta property=\"og:site_name\" content=\"Eurooppalainen Suomi\" \/>\n<meta property=\"article:publisher\" content=\"https:\/\/www.facebook.com\/eurooppalainensuomi\" \/>\n<meta property=\"article:published_time\" content=\"2026-03-23T11:48:29+00:00\" \/>\n<meta property=\"article:modified_time\" content=\"2026-03-23T11:48:31+00:00\" \/>\n<meta property=\"og:image\" content=\"https:\/\/www.eurooppalainensuomi.fi\/wp-content\/uploads\/2025\/12\/Uutiset.jpg\" \/>\n\t<meta property=\"og:image:width\" content=\"1920\" \/>\n\t<meta property=\"og:image:height\" content=\"1080\" \/>\n\t<meta property=\"og:image:type\" content=\"image\/jpeg\" \/>\n<meta name=\"author\" content=\"Admin\" \/>\n<meta name=\"twitter:card\" content=\"summary_large_image\" \/>\n<meta name=\"twitter:creator\" content=\"@em_finland\" \/>\n<meta name=\"twitter:site\" content=\"@em_finland\" \/>\n<meta name=\"twitter:label1\" content=\"Written by\" \/>\n\t<meta name=\"twitter:data1\" content=\"Admin\" \/>\n\t<meta name=\"twitter:label2\" content=\"Est. reading time\" \/>\n\t<meta name=\"twitter:data2\" content=\"1 minute\" \/>\n<script type=\"application\/ld+json\" class=\"yoast-schema-graph\">{\"@context\":\"https:\/\/schema.org\",\"@graph\":[{\"@type\":\"Article\",\"@id\":\"https:\/\/www.eurooppalainensuomi.fi\/eun-viikko-13-2026-energia-innovaatio-kauppa#article\",\"isPartOf\":{\"@id\":\"https:\/\/www.eurooppalainensuomi.fi\/eun-viikko-13-2026-energia-innovaatio-kauppa\"},\"author\":{\"name\":\"Admin\",\"@id\":\"https:\/\/www.eurooppalainensuomi.fi\/#\/schema\/person\/42824760f66031a9671691f8a3cc4931\"},\"headline\":\"EU:n viikko 13\/2026: Energia | Innovaatio | Kauppa\",\"datePublished\":\"2026-03-23T11:48:29+00:00\",\"dateModified\":\"2026-03-23T11:48:31+00:00\",\"mainEntityOfPage\":{\"@id\":\"https:\/\/www.eurooppalainensuomi.fi\/eun-viikko-13-2026-energia-innovaatio-kauppa\"},\"wordCount\":267,\"publisher\":{\"@id\":\"https:\/\/www.eurooppalainensuomi.fi\/#organization\"},\"articleSection\":[\"Ajankohtaista\",\"EU:n viikko\"],\"inLanguage\":\"en\"},{\"@type\":\"WebPage\",\"@id\":\"https:\/\/www.eurooppalainensuomi.fi\/eun-viikko-13-2026-energia-innovaatio-kauppa\",\"url\":\"https:\/\/www.eurooppalainensuomi.fi\/eun-viikko-13-2026-energia-innovaatio-kauppa\",\"name\":\"EU:n viikko 13\/2026: Energia | Innovaatio | Kauppa - Eurooppalainen Suomi\",\"isPartOf\":{\"@id\":\"https:\/\/www.eurooppalainensuomi.fi\/#website\"},\"datePublished\":\"2026-03-23T11:48:29+00:00\",\"dateModified\":\"2026-03-23T11:48:31+00:00\",\"breadcrumb\":{\"@id\":\"https:\/\/www.eurooppalainensuomi.fi\/eun-viikko-13-2026-energia-innovaatio-kauppa#breadcrumb\"},\"inLanguage\":\"en\",\"potentialAction\":[{\"@type\":\"ReadAction\",\"target\":[\"https:\/\/www.eurooppalainensuomi.fi\/eun-viikko-13-2026-energia-innovaatio-kauppa\"]}]},{\"@type\":\"BreadcrumbList\",\"@id\":\"https:\/\/www.eurooppalainensuomi.fi\/eun-viikko-13-2026-energia-innovaatio-kauppa#breadcrumb\",\"itemListElement\":[{\"@type\":\"ListItem\",\"position\":1,\"name\":\"Etusivu\",\"item\":\"https:\/\/www.eurooppalainensuomi.fi\/\"},{\"@type\":\"ListItem\",\"position\":2,\"name\":\"EU:n viikko 13\/2026: Energia | Innovaatio | Kauppa\"}]},{\"@type\":\"WebSite\",\"@id\":\"https:\/\/www.eurooppalainensuomi.fi\/#website\",\"url\":\"https:\/\/www.eurooppalainensuomi.fi\/\",\"name\":\"Eurooppalainen Suomi\",\"description\":\"Parempaa Eurooppaa rakentamassa\",\"publisher\":{\"@id\":\"https:\/\/www.eurooppalainensuomi.fi\/#organization\"},\"potentialAction\":[{\"@type\":\"SearchAction\",\"target\":{\"@type\":\"EntryPoint\",\"urlTemplate\":\"https:\/\/www.eurooppalainensuomi.fi\/?s={search_term_string}\"},\"query-input\":\"required name=search_term_string\"}],\"inLanguage\":\"en\"},{\"@type\":\"Organization\",\"@id\":\"https:\/\/www.eurooppalainensuomi.fi\/#organization\",\"name\":\"Eurooppalainen Suomi ry\",\"url\":\"https:\/\/www.eurooppalainensuomi.fi\/\",\"logo\":{\"@type\":\"ImageObject\",\"inLanguage\":\"en\",\"@id\":\"https:\/\/www.eurooppalainensuomi.fi\/#\/schema\/logo\/image\/\",\"url\":\"https:\/\/www.eurooppalainensuomi.fi\/wp-content\/uploads\/2021\/01\/PNG_large.png\",\"contentUrl\":\"https:\/\/www.eurooppalainensuomi.fi\/wp-content\/uploads\/2021\/01\/PNG_large.png\",\"width\":586,\"height\":220,\"caption\":\"Eurooppalainen Suomi ry\"},\"image\":{\"@id\":\"https:\/\/www.eurooppalainensuomi.fi\/#\/schema\/logo\/image\/\"},\"sameAs\":[\"https:\/\/instagram.com\/eurooppalainensuomi\",\"https:\/\/www.youtube.com\/channel\/UCBeqyrm1ze2RinjeAYS_-Jg\",\"https:\/\/fi.wikipedia.org\/wiki\/Eurooppalainen_Suomi\",\"https:\/\/www.facebook.com\/eurooppalainensuomi\",\"https:\/\/twitter.com\/em_finland\"]},{\"@type\":\"Person\",\"@id\":\"https:\/\/www.eurooppalainensuomi.fi\/#\/schema\/person\/42824760f66031a9671691f8a3cc4931\",\"name\":\"Admin\",\"image\":{\"@type\":\"ImageObject\",\"inLanguage\":\"en\",\"@id\":\"https:\/\/www.eurooppalainensuomi.fi\/#\/schema\/person\/image\/\",\"url\":\"https:\/\/secure.gravatar.com\/avatar\/2a869497ae566d1e62d81a21a923ac47?s=96&d=mm&r=g\",\"contentUrl\":\"https:\/\/secure.gravatar.com\/avatar\/2a869497ae566d1e62d81a21a923ac47?s=96&d=mm&r=g\",\"caption\":\"Admin\"}}]}<\/script>\n<!-- \/ Yoast SEO plugin. -->","yoast_head_json":{"title":"EU:n viikko 13\/2026: Energia | Innovaatio | Kauppa - Eurooppalainen Suomi","robots":{"index":"index","follow":"follow","max-snippet":"max-snippet:-1","max-image-preview":"max-image-preview:large","max-video-preview":"max-video-preview:-1"},"canonical":"https:\/\/www.eurooppalainensuomi.fi\/eun-viikko-13-2026-energia-innovaatio-kauppa","og_locale":"en_US","og_type":"article","og_title":"EU:n viikko 13\/2026: Energia | Innovaatio | Kauppa - Eurooppalainen Suomi","og_description":"T\u00e4ll\u00e4 viikolla Brysseliss\u00e4 j\u00e4rjestet\u00e4\u00e4n useita Euroopan parlamentin valiokuntakokouksia sek\u00e4 kaksip\u00e4iv\u00e4inen mini-t\u00e4ysistunto keskiviikkona ja torstaina. Keskiviikkona EU-komissaarit kokoontuvat esittelem\u00e4\u00e4n kaksi uutta aloitetta: tiedonannon mets\u00e4paloriskien integroidusta hallinnasta sek\u00e4 puolustusinnovaatio v\u00e4lineen (AGILE). Torstaina ja perjantaina ulkoasiainneuvoston (kauppa) ministerien odotetaan hyv\u00e4ksyv\u00e4n neuvoston p\u00e4\u00e4telm\u00e4t ja sopivan EU:n kannasta MC14-kokouksen sitoviin p\u00e4\u00e4t\u00f6ksiin, varmistaen yhten\u00e4isen EU-linjan globaalissa kauppaneuvottelussa. Euroopan parlamenttiMaanantaina teollisuus-, tutkimus- [&hellip;]","og_url":"https:\/\/www.eurooppalainensuomi.fi\/eun-viikko-13-2026-energia-innovaatio-kauppa","og_site_name":"Eurooppalainen Suomi","article_publisher":"https:\/\/www.facebook.com\/eurooppalainensuomi","article_published_time":"2026-03-23T11:48:29+00:00","article_modified_time":"2026-03-23T11:48:31+00:00","og_image":[{"width":1920,"height":1080,"url":"https:\/\/www.eurooppalainensuomi.fi\/wp-content\/uploads\/2025\/12\/Uutiset.jpg","type":"image\/jpeg"}],"author":"Admin","twitter_card":"summary_large_image","twitter_creator":"@em_finland","twitter_site":"@em_finland","twitter_misc":{"Written by":"Admin","Est. reading time":"1 minute"},"schema":{"@context":"https:\/\/schema.org","@graph":[{"@type":"Article","@id":"https:\/\/www.eurooppalainensuomi.fi\/eun-viikko-13-2026-energia-innovaatio-kauppa#article","isPartOf":{"@id":"https:\/\/www.eurooppalainensuomi.fi\/eun-viikko-13-2026-energia-innovaatio-kauppa"},"author":{"name":"Admin","@id":"https:\/\/www.eurooppalainensuomi.fi\/#\/schema\/person\/42824760f66031a9671691f8a3cc4931"},"headline":"EU:n viikko 13\/2026: Energia | Innovaatio | Kauppa","datePublished":"2026-03-23T11:48:29+00:00","dateModified":"2026-03-23T11:48:31+00:00","mainEntityOfPage":{"@id":"https:\/\/www.eurooppalainensuomi.fi\/eun-viikko-13-2026-energia-innovaatio-kauppa"},"wordCount":267,"publisher":{"@id":"https:\/\/www.eurooppalainensuomi.fi\/#organization"},"articleSection":["Ajankohtaista","EU:n viikko"],"inLanguage":"en"},{"@type":"WebPage","@id":"https:\/\/www.eurooppalainensuomi.fi\/eun-viikko-13-2026-energia-innovaatio-kauppa","url":"https:\/\/www.eurooppalainensuomi.fi\/eun-viikko-13-2026-energia-innovaatio-kauppa","name":"EU:n viikko 13\/2026: Energia | Innovaatio | Kauppa - Eurooppalainen Suomi","isPartOf":{"@id":"https:\/\/www.eurooppalainensuomi.fi\/#website"},"datePublished":"2026-03-23T11:48:29+00:00","dateModified":"2026-03-23T11:48:31+00:00","breadcrumb":{"@id":"https:\/\/www.eurooppalainensuomi.fi\/eun-viikko-13-2026-energia-innovaatio-kauppa#breadcrumb"},"inLanguage":"en","potentialAction":[{"@type":"ReadAction","target":["https:\/\/www.eurooppalainensuomi.fi\/eun-viikko-13-2026-energia-innovaatio-kauppa"]}]},{"@type":"BreadcrumbList","@id":"https:\/\/www.eurooppalainensuomi.fi\/eun-viikko-13-2026-energia-innovaatio-kauppa#breadcrumb","itemListElement":[{"@type":"ListItem","position":1,"name":"Etusivu","item":"https:\/\/www.eurooppalainensuomi.fi\/"},{"@type":"ListItem","position":2,"name":"EU:n viikko 13\/2026: Energia | Innovaatio | Kauppa"}]},{"@type":"WebSite","@id":"https:\/\/www.eurooppalainensuomi.fi\/#website","url":"https:\/\/www.eurooppalainensuomi.fi\/","name":"Eurooppalainen Suomi","description":"Parempaa Eurooppaa rakentamassa","publisher":{"@id":"https:\/\/www.eurooppalainensuomi.fi\/#organization"},"potentialAction":[{"@type":"SearchAction","target":{"@type":"EntryPoint","urlTemplate":"https:\/\/www.eurooppalainensuomi.fi\/?s={search_term_string}"},"query-input":"required name=search_term_string"}],"inLanguage":"en"},{"@type":"Organization","@id":"https:\/\/www.eurooppalainensuomi.fi\/#organization","name":"Eurooppalainen Suomi ry","url":"https:\/\/www.eurooppalainensuomi.fi\/","logo":{"@type":"ImageObject","inLanguage":"en","@id":"https:\/\/www.eurooppalainensuomi.fi\/#\/schema\/logo\/image\/","url":"https:\/\/www.eurooppalainensuomi.fi\/wp-content\/uploads\/2021\/01\/PNG_large.png","contentUrl":"https:\/\/www.eurooppalainensuomi.fi\/wp-content\/uploads\/2021\/01\/PNG_large.png","width":586,"height":220,"caption":"Eurooppalainen Suomi ry"},"image":{"@id":"https:\/\/www.eurooppalainensuomi.fi\/#\/schema\/logo\/image\/"},"sameAs":["https:\/\/instagram.com\/eurooppalainensuomi","https:\/\/www.youtube.com\/channel\/UCBeqyrm1ze2RinjeAYS_-Jg","https:\/\/fi.wikipedia.org\/wiki\/Eurooppalainen_Suomi","https:\/\/www.facebook.com\/eurooppalainensuomi","https:\/\/twitter.com\/em_finland"]},{"@type":"Person","@id":"https:\/\/www.eurooppalainensuomi.fi\/#\/schema\/person\/42824760f66031a9671691f8a3cc4931","name":"Admin","image":{"@type":"ImageObject","inLanguage":"en","@id":"https:\/\/www.eurooppalainensuomi.fi\/#\/schema\/person\/image\/","url":"https:\/\/secure.gravatar.com\/avatar\/2a869497ae566d1e62d81a21a923ac47?s=96&d=mm&r=g","contentUrl":"https:\/\/secure.gravatar.com\/avatar\/2a869497ae566d1e62d81a21a923ac47?s=96&d=mm&r=g","caption":"Admin"}}]}},"jetpack_featured_media_url":"https:\/\/www.eurooppalainensuomi.fi\/wp-content\/uploads\/2025\/12\/Uutiset.jpg","_links":{"self":[{"href":"https:\/\/www.eurooppalainensuomi.fi\/index.php?rest_route=\/wp\/v2\/posts\/7925"}],"collection":[{"href":"https:\/\/www.eurooppalainensuomi.fi\/index.php?rest_route=\/wp\/v2\/posts"}],"about":[{"href":"https:\/\/www.eurooppalainensuomi.fi\/index.php?rest_route=\/wp\/v2\/types\/post"}],"author":[{"embeddable":true,"href":"https:\/\/www.eurooppalainensuomi.fi\/index.php?rest_route=\/wp\/v2\/users\/8"}],"replies":[{"embeddable":true,"href":"https:\/\/www.eurooppalainensuomi.fi\/index.php?rest_route=%2Fwp%2Fv2%2Fcomments&post=7925"}],"version-history":[{"count":1,"href":"https:\/\/www.eurooppalainensuomi.fi\/index.php?rest_route=\/wp\/v2\/posts\/7925\/revisions"}],"predecessor-version":[{"id":7926,"href":"https:\/\/www.eurooppalainensuomi.fi\/index.php?rest_route=\/wp\/v2\/posts\/7925\/revisions\/7926"}],"wp:featuredmedia":[{"embeddable":true,"href":"https:\/\/www.eurooppalainensuomi.fi\/index.php?rest_route=\/wp\/v2\/media\/7513"}],"wp:attachment":[{"href":"https:\/\/www.eurooppalainensuomi.fi\/index.php?rest_route=%2Fwp%2Fv2%2Fmedia&parent=7925"}],"wp:term":[{"taxonomy":"category","embeddable":true,"href":"https:\/\/www.eurooppalainensuomi.fi\/index.php?rest_route=%2Fwp%2Fv2%2Fcategories&post=7925"},{"taxonomy":"post_tag","embeddable":true,"href":"https:\/\/www.eurooppalainensuomi.fi\/index.php?rest_route=%2Fwp%2Fv2%2Ftags&post=7925"}],"curies":[{"name":"wp","href":"https:\/\/api.w.org\/{rel}","templated":true}]}}