{"id":7911,"date":"2026-03-19T19:58:00","date_gmt":"2026-03-19T17:58:00","guid":{"rendered":"https:\/\/www.eurooppalainensuomi.fi\/?p=7911"},"modified":"2026-03-19T22:17:18","modified_gmt":"2026-03-19T20:17:18","slug":"kannanotto-eulla-ei-oikeasti-ole-ulkopolitiikkaa-ja-se-on-suurimpia-ongelmiamme","status":"publish","type":"post","link":"https:\/\/www.eurooppalainensuomi.fi\/kannanotto-eulla-ei-oikeasti-ole-ulkopolitiikkaa-ja-se-on-suurimpia-ongelmiamme","title":{"rendered":"Kannanotto: EU:lla ei oikeasti ole ulkopolitiikkaa, ja se on suurimpia ongelmiamme"},"content":{"rendered":"\n<p class=\"has-medium-font-size\"><em>EU:n kyky\u00e4 toimia uskottavana ulkopoliittisena toimijana rajoittaa vaatimus yksimielisyydest\u00e4 ulkopolitiikkaan koskevissa p\u00e4\u00e4t\u00f6ksiss\u00e4. Niin kauan kuin kaikki j\u00e4senmaat eiv\u00e4t ole yht\u00e4 mielt\u00e4 asiasta, korkea edustaja joutuu tasapainottelemaan ilman mandaattia sanoa oikeastaan juuri mit\u00e4\u00e4n.<\/em><\/p>\n\n\n\n<p>Painostus Euroopan maiden osallistumiseksi Yhdysvaltojen ja Israelin sotaan Iranissa on kasvanut lyhyeksi kaavaillun sodan kolmannella viikolla, mutta vastaukset siihen ovat olleet hajanaisia. Kriisin aiheuttama ristiveto on paljastanut j\u00e4lleen EU:n ulkopoliittisen perusongelman: unionilla ei tosiasiallisesti ole yhteist\u00e4 ulkopolitiikkaa.<\/p>\n\n\n\n<p>Sodan ensimm\u00e4isin\u00e4 viikkoina on n\u00e4hty muun muassa Yhdysvaltojen Espanjaan kohdistama kauppasuhdekiristys tukikohtien k\u00e4yt\u00f6st\u00e4, Ranskan ilmoitus Hormuzinsalmen turvaamisesta, Saksan vaihtelevat kannat Iran-operaatioista ja Trumpin Nato-maihin kohdistama paine sotaan liittymiseksi. Sodan seuraukset koskevat ep\u00e4suorasti jo Eurooppaa, mutta Euroopan unioni on j\u00e4\u00e4nyt keskusteluissa sivuraiteille.<\/p>\n\n\n\n<p>\u201cVaikka EU:lla on nimellisesti yhteinen ulkopolitiikka, kriisitilanteessa Euroopan maiden kannat hajaantuvat ja yksitt\u00e4isiin j\u00e4senmaihin kohdistuva ulkoinen paine j\u00e4\u00e4 usein vaille yhteist\u00e4 vastausta\u201d, toteaa Eurooppalaisen Suomen toiminnanjohtajan sijainen <strong>Samuel Tammekann<\/strong>.<\/p>\n\n\n\n<p>\u201cAkuutteihin kriiseihin reagoidaan hitaasti tai ei lainkaan. T\u00e4m\u00e4 ei riit\u00e4, sill\u00e4 kun emme kykene muodostamaan yhteist\u00e4 kantaa, ajaudumme sivustakatsojiksi.\u201c<\/p>\n\n\n\n<p>Unionin ylpeyten\u00e4\u00e4n pit\u00e4m\u00e4t arvot ja periaatteet eiv\u00e4t ehdi ohjaamaan politiikkaa, jos linjaaminen on my\u00f6h\u00e4ist\u00e4, varovaista ja reaktiivista. SIlloin ylip\u00e4\u00e4ns\u00e4 EU:n kyky puolustaa n\u00e4it\u00e4 arvojaan k\u00e4y kyseenalaiseksi.<\/p>\n\n\n\n<p>T\u00e4m\u00e4 korostuu ajassa jossa s\u00e4\u00e4nt\u00f6pohjainen maailmanj\u00e4rjestys murtuu ja maailmanpolitiikka on muuttunut yh\u00e4 enemm\u00e4n vahvemmin suurvaltablokkien kamppailuareenaksi, kuten Eurooppalaisen Suomen <a href=\"https:\/\/www.eurooppalainensuomi.fi\/maailmanjarjestys-murtuu-heraako-eurooppa\">tulevaisuusraportissa<\/a> havaittiin.<\/p>\n\n\n\n<p>EU:n kyky\u00e4 toimia uskottavana ulko- ja turvallisuuspoliittisena toimijana rajoittaa vaatimus yksimielisyydest\u00e4 ulkopolitiikkaan koskevissa p\u00e4\u00e4t\u00f6ksiss\u00e4. Niin kauan kuin kaikki j\u00e4senmaat eiv\u00e4t ole yht\u00e4 mielt\u00e4 asiasta, korkea edustaja joutuu tasapainottelemaan ilman mandaattia sanoa oikeasti juuri mit\u00e4\u00e4n.<\/p>\n\n\n\n<p>Yksinkertaisin vastaus kysymykseen olisi luopua yksimielisyysperiaatteesta ja siirty\u00e4 ulko- ja turvallisuuspolitiikassa m\u00e4\u00e4r\u00e4enemmist\u00f6p\u00e4\u00e4t\u00f6ksiin (QMV). Toisinaan ulkopolitiikan kysymykset voivat olla laajemminkin jakavia, jolloin kompromissina \u00e4\u00e4nestyskynnykseksi voidaan harkita my\u00f6s eritt\u00e4in suurta enemmist\u00f6\u00e4 vaativaa \u201csuper-QMV\u201d:t\u00e4.<\/p>\n\n\n\n<p>Vaihtoehtoisesti unionin tulevaisuutena on vahvemmin eriytyv\u00e4 integraatio ja halukkaiden koalitiot, mutta sen seurauksena poliittinen yhten\u00e4isyys voi heikenty\u00e4 edelleen. Kasvanut ep\u00e4varmuus ei olisi Suomen kaltaisten pienten maiden etu.<\/p>\n\n\n\n<p>\u201cTietysti EU-maiden on jo nyt voitava yhdess\u00e4 osoittaa, ett\u00e4 mik\u00e4 tahansa Eurooppaan kohdistuva isku torjutaan\u201d, Tammekann muistuttaa, esimerkiksi Ison-Britannian Kyproksen-tukikohtia kohti suuntautuneisiin lennokkeihin viitaten.<\/p>\n\n\n\n<p>\u201cEurooppa ei silti ole sodan osapuoli, eik\u00e4 sit\u00e4 edes konsultoitu. Pyynn\u00f6t liitty\u00e4 mukaan hallitsemattomaan, kansainv\u00e4lisen lain vastaiseen ja vailla tavoitteita olevaan sotaan tulee voida yhten\u00e4 rintamana torjua.\u201d<\/p>\n\n\n\n<p><\/p>\n","protected":false},"excerpt":{"rendered":"<p>EU:n kyky\u00e4 toimia uskottavana ulkopoliittisena toimijana rajoittaa vaatimus yksimielisyydest\u00e4 ulkopolitiikkaan koskevissa p\u00e4\u00e4t\u00f6ksiss\u00e4. Niin kauan kuin kaikki j\u00e4senmaat eiv\u00e4t ole yht\u00e4 mielt\u00e4 asiasta, korkea edustaja joutuu tasapainottelemaan ilman mandaattia sanoa oikeastaan juuri mit\u00e4\u00e4n. Painostus Euroopan maiden osallistumiseksi Yhdysvaltojen ja Israelin sotaan Iranissa on kasvanut lyhyeksi kaavaillun sodan kolmannella viikolla, mutta vastaukset siihen ovat olleet hajanaisia. Kriisin [&hellip;]<\/p>\n","protected":false},"author":8,"featured_media":7912,"comment_status":"closed","ping_status":"closed","sticky":false,"template":"","format":"standard","meta":{"_et_pb_use_builder":"off","_et_pb_old_content":"","_et_gb_content_width":""},"categories":[8,15],"tags":[],"yoast_head":"<!-- This site is optimized with the Yoast SEO plugin v19.13 - https:\/\/yoast.com\/wordpress\/plugins\/seo\/ -->\n<title>Kannanotto: EU:lla ei oikeasti ole ulkopolitiikkaa, ja se on suurimpia ongelmiamme - Eurooppalainen Suomi<\/title>\n<meta name=\"robots\" content=\"index, follow, max-snippet:-1, max-image-preview:large, max-video-preview:-1\" \/>\n<link rel=\"canonical\" href=\"https:\/\/www.eurooppalainensuomi.fi\/kannanotto-eulla-ei-oikeasti-ole-ulkopolitiikkaa-ja-se-on-suurimpia-ongelmiamme\" \/>\n<meta property=\"og:locale\" content=\"en_US\" \/>\n<meta property=\"og:type\" content=\"article\" \/>\n<meta property=\"og:title\" content=\"Kannanotto: EU:lla ei oikeasti ole ulkopolitiikkaa, ja se on suurimpia ongelmiamme - Eurooppalainen Suomi\" \/>\n<meta property=\"og:description\" content=\"EU:n kyky\u00e4 toimia uskottavana ulkopoliittisena toimijana rajoittaa vaatimus yksimielisyydest\u00e4 ulkopolitiikkaan koskevissa p\u00e4\u00e4t\u00f6ksiss\u00e4. Niin kauan kuin kaikki j\u00e4senmaat eiv\u00e4t ole yht\u00e4 mielt\u00e4 asiasta, korkea edustaja joutuu tasapainottelemaan ilman mandaattia sanoa oikeastaan juuri mit\u00e4\u00e4n. Painostus Euroopan maiden osallistumiseksi Yhdysvaltojen ja Israelin sotaan Iranissa on kasvanut lyhyeksi kaavaillun sodan kolmannella viikolla, mutta vastaukset siihen ovat olleet hajanaisia. Kriisin [&hellip;]\" \/>\n<meta property=\"og:url\" content=\"https:\/\/www.eurooppalainensuomi.fi\/kannanotto-eulla-ei-oikeasti-ole-ulkopolitiikkaa-ja-se-on-suurimpia-ongelmiamme\" \/>\n<meta property=\"og:site_name\" content=\"Eurooppalainen Suomi\" \/>\n<meta property=\"article:publisher\" content=\"https:\/\/www.facebook.com\/eurooppalainensuomi\" \/>\n<meta property=\"article:published_time\" content=\"2026-03-19T17:58:00+00:00\" \/>\n<meta property=\"article:modified_time\" content=\"2026-03-19T20:17:18+00:00\" \/>\n<meta property=\"og:image\" content=\"https:\/\/www.eurooppalainensuomi.fi\/wp-content\/uploads\/2026\/03\/Kannanotto-UP.jpg\" \/>\n\t<meta property=\"og:image:width\" content=\"1920\" \/>\n\t<meta property=\"og:image:height\" content=\"1080\" \/>\n\t<meta property=\"og:image:type\" content=\"image\/jpeg\" \/>\n<meta name=\"author\" content=\"Admin\" \/>\n<meta name=\"twitter:card\" content=\"summary_large_image\" \/>\n<meta name=\"twitter:creator\" content=\"@em_finland\" \/>\n<meta name=\"twitter:site\" content=\"@em_finland\" \/>\n<meta name=\"twitter:label1\" content=\"Written by\" \/>\n\t<meta name=\"twitter:data1\" content=\"Admin\" \/>\n\t<meta name=\"twitter:label2\" content=\"Est. reading time\" \/>\n\t<meta name=\"twitter:data2\" content=\"2 minutes\" \/>\n<script type=\"application\/ld+json\" class=\"yoast-schema-graph\">{\"@context\":\"https:\/\/schema.org\",\"@graph\":[{\"@type\":\"Article\",\"@id\":\"https:\/\/www.eurooppalainensuomi.fi\/kannanotto-eulla-ei-oikeasti-ole-ulkopolitiikkaa-ja-se-on-suurimpia-ongelmiamme#article\",\"isPartOf\":{\"@id\":\"https:\/\/www.eurooppalainensuomi.fi\/kannanotto-eulla-ei-oikeasti-ole-ulkopolitiikkaa-ja-se-on-suurimpia-ongelmiamme\"},\"author\":{\"name\":\"Admin\",\"@id\":\"https:\/\/www.eurooppalainensuomi.fi\/#\/schema\/person\/42824760f66031a9671691f8a3cc4931\"},\"headline\":\"Kannanotto: EU:lla ei oikeasti ole ulkopolitiikkaa, ja se on suurimpia ongelmiamme\",\"datePublished\":\"2026-03-19T17:58:00+00:00\",\"dateModified\":\"2026-03-19T20:17:18+00:00\",\"mainEntityOfPage\":{\"@id\":\"https:\/\/www.eurooppalainensuomi.fi\/kannanotto-eulla-ei-oikeasti-ole-ulkopolitiikkaa-ja-se-on-suurimpia-ongelmiamme\"},\"wordCount\":411,\"publisher\":{\"@id\":\"https:\/\/www.eurooppalainensuomi.fi\/#organization\"},\"articleSection\":[\"Ajankohtaista\",\"Kannanotot\"],\"inLanguage\":\"en\"},{\"@type\":\"WebPage\",\"@id\":\"https:\/\/www.eurooppalainensuomi.fi\/kannanotto-eulla-ei-oikeasti-ole-ulkopolitiikkaa-ja-se-on-suurimpia-ongelmiamme\",\"url\":\"https:\/\/www.eurooppalainensuomi.fi\/kannanotto-eulla-ei-oikeasti-ole-ulkopolitiikkaa-ja-se-on-suurimpia-ongelmiamme\",\"name\":\"Kannanotto: EU:lla ei oikeasti ole ulkopolitiikkaa, ja se on suurimpia ongelmiamme - Eurooppalainen Suomi\",\"isPartOf\":{\"@id\":\"https:\/\/www.eurooppalainensuomi.fi\/#website\"},\"datePublished\":\"2026-03-19T17:58:00+00:00\",\"dateModified\":\"2026-03-19T20:17:18+00:00\",\"breadcrumb\":{\"@id\":\"https:\/\/www.eurooppalainensuomi.fi\/kannanotto-eulla-ei-oikeasti-ole-ulkopolitiikkaa-ja-se-on-suurimpia-ongelmiamme#breadcrumb\"},\"inLanguage\":\"en\",\"potentialAction\":[{\"@type\":\"ReadAction\",\"target\":[\"https:\/\/www.eurooppalainensuomi.fi\/kannanotto-eulla-ei-oikeasti-ole-ulkopolitiikkaa-ja-se-on-suurimpia-ongelmiamme\"]}]},{\"@type\":\"BreadcrumbList\",\"@id\":\"https:\/\/www.eurooppalainensuomi.fi\/kannanotto-eulla-ei-oikeasti-ole-ulkopolitiikkaa-ja-se-on-suurimpia-ongelmiamme#breadcrumb\",\"itemListElement\":[{\"@type\":\"ListItem\",\"position\":1,\"name\":\"Etusivu\",\"item\":\"https:\/\/www.eurooppalainensuomi.fi\/\"},{\"@type\":\"ListItem\",\"position\":2,\"name\":\"Kannanotto: EU:lla ei oikeasti ole ulkopolitiikkaa, ja se on suurimpia ongelmiamme\"}]},{\"@type\":\"WebSite\",\"@id\":\"https:\/\/www.eurooppalainensuomi.fi\/#website\",\"url\":\"https:\/\/www.eurooppalainensuomi.fi\/\",\"name\":\"Eurooppalainen Suomi\",\"description\":\"Parempaa Eurooppaa rakentamassa\",\"publisher\":{\"@id\":\"https:\/\/www.eurooppalainensuomi.fi\/#organization\"},\"potentialAction\":[{\"@type\":\"SearchAction\",\"target\":{\"@type\":\"EntryPoint\",\"urlTemplate\":\"https:\/\/www.eurooppalainensuomi.fi\/?s={search_term_string}\"},\"query-input\":\"required name=search_term_string\"}],\"inLanguage\":\"en\"},{\"@type\":\"Organization\",\"@id\":\"https:\/\/www.eurooppalainensuomi.fi\/#organization\",\"name\":\"Eurooppalainen Suomi ry\",\"url\":\"https:\/\/www.eurooppalainensuomi.fi\/\",\"logo\":{\"@type\":\"ImageObject\",\"inLanguage\":\"en\",\"@id\":\"https:\/\/www.eurooppalainensuomi.fi\/#\/schema\/logo\/image\/\",\"url\":\"https:\/\/www.eurooppalainensuomi.fi\/wp-content\/uploads\/2021\/01\/PNG_large.png\",\"contentUrl\":\"https:\/\/www.eurooppalainensuomi.fi\/wp-content\/uploads\/2021\/01\/PNG_large.png\",\"width\":586,\"height\":220,\"caption\":\"Eurooppalainen Suomi ry\"},\"image\":{\"@id\":\"https:\/\/www.eurooppalainensuomi.fi\/#\/schema\/logo\/image\/\"},\"sameAs\":[\"https:\/\/instagram.com\/eurooppalainensuomi\",\"https:\/\/www.youtube.com\/channel\/UCBeqyrm1ze2RinjeAYS_-Jg\",\"https:\/\/fi.wikipedia.org\/wiki\/Eurooppalainen_Suomi\",\"https:\/\/www.facebook.com\/eurooppalainensuomi\",\"https:\/\/twitter.com\/em_finland\"]},{\"@type\":\"Person\",\"@id\":\"https:\/\/www.eurooppalainensuomi.fi\/#\/schema\/person\/42824760f66031a9671691f8a3cc4931\",\"name\":\"Admin\",\"image\":{\"@type\":\"ImageObject\",\"inLanguage\":\"en\",\"@id\":\"https:\/\/www.eurooppalainensuomi.fi\/#\/schema\/person\/image\/\",\"url\":\"https:\/\/secure.gravatar.com\/avatar\/2a869497ae566d1e62d81a21a923ac47?s=96&d=mm&r=g\",\"contentUrl\":\"https:\/\/secure.gravatar.com\/avatar\/2a869497ae566d1e62d81a21a923ac47?s=96&d=mm&r=g\",\"caption\":\"Admin\"}}]}<\/script>\n<!-- \/ Yoast SEO plugin. -->","yoast_head_json":{"title":"Kannanotto: EU:lla ei oikeasti ole ulkopolitiikkaa, ja se on suurimpia ongelmiamme - Eurooppalainen Suomi","robots":{"index":"index","follow":"follow","max-snippet":"max-snippet:-1","max-image-preview":"max-image-preview:large","max-video-preview":"max-video-preview:-1"},"canonical":"https:\/\/www.eurooppalainensuomi.fi\/kannanotto-eulla-ei-oikeasti-ole-ulkopolitiikkaa-ja-se-on-suurimpia-ongelmiamme","og_locale":"en_US","og_type":"article","og_title":"Kannanotto: EU:lla ei oikeasti ole ulkopolitiikkaa, ja se on suurimpia ongelmiamme - Eurooppalainen Suomi","og_description":"EU:n kyky\u00e4 toimia uskottavana ulkopoliittisena toimijana rajoittaa vaatimus yksimielisyydest\u00e4 ulkopolitiikkaan koskevissa p\u00e4\u00e4t\u00f6ksiss\u00e4. Niin kauan kuin kaikki j\u00e4senmaat eiv\u00e4t ole yht\u00e4 mielt\u00e4 asiasta, korkea edustaja joutuu tasapainottelemaan ilman mandaattia sanoa oikeastaan juuri mit\u00e4\u00e4n. Painostus Euroopan maiden osallistumiseksi Yhdysvaltojen ja Israelin sotaan Iranissa on kasvanut lyhyeksi kaavaillun sodan kolmannella viikolla, mutta vastaukset siihen ovat olleet hajanaisia. Kriisin [&hellip;]","og_url":"https:\/\/www.eurooppalainensuomi.fi\/kannanotto-eulla-ei-oikeasti-ole-ulkopolitiikkaa-ja-se-on-suurimpia-ongelmiamme","og_site_name":"Eurooppalainen Suomi","article_publisher":"https:\/\/www.facebook.com\/eurooppalainensuomi","article_published_time":"2026-03-19T17:58:00+00:00","article_modified_time":"2026-03-19T20:17:18+00:00","og_image":[{"width":1920,"height":1080,"url":"https:\/\/www.eurooppalainensuomi.fi\/wp-content\/uploads\/2026\/03\/Kannanotto-UP.jpg","type":"image\/jpeg"}],"author":"Admin","twitter_card":"summary_large_image","twitter_creator":"@em_finland","twitter_site":"@em_finland","twitter_misc":{"Written by":"Admin","Est. reading time":"2 minutes"},"schema":{"@context":"https:\/\/schema.org","@graph":[{"@type":"Article","@id":"https:\/\/www.eurooppalainensuomi.fi\/kannanotto-eulla-ei-oikeasti-ole-ulkopolitiikkaa-ja-se-on-suurimpia-ongelmiamme#article","isPartOf":{"@id":"https:\/\/www.eurooppalainensuomi.fi\/kannanotto-eulla-ei-oikeasti-ole-ulkopolitiikkaa-ja-se-on-suurimpia-ongelmiamme"},"author":{"name":"Admin","@id":"https:\/\/www.eurooppalainensuomi.fi\/#\/schema\/person\/42824760f66031a9671691f8a3cc4931"},"headline":"Kannanotto: EU:lla ei oikeasti ole ulkopolitiikkaa, ja se on suurimpia ongelmiamme","datePublished":"2026-03-19T17:58:00+00:00","dateModified":"2026-03-19T20:17:18+00:00","mainEntityOfPage":{"@id":"https:\/\/www.eurooppalainensuomi.fi\/kannanotto-eulla-ei-oikeasti-ole-ulkopolitiikkaa-ja-se-on-suurimpia-ongelmiamme"},"wordCount":411,"publisher":{"@id":"https:\/\/www.eurooppalainensuomi.fi\/#organization"},"articleSection":["Ajankohtaista","Kannanotot"],"inLanguage":"en"},{"@type":"WebPage","@id":"https:\/\/www.eurooppalainensuomi.fi\/kannanotto-eulla-ei-oikeasti-ole-ulkopolitiikkaa-ja-se-on-suurimpia-ongelmiamme","url":"https:\/\/www.eurooppalainensuomi.fi\/kannanotto-eulla-ei-oikeasti-ole-ulkopolitiikkaa-ja-se-on-suurimpia-ongelmiamme","name":"Kannanotto: EU:lla ei oikeasti ole ulkopolitiikkaa, ja se on suurimpia ongelmiamme - Eurooppalainen Suomi","isPartOf":{"@id":"https:\/\/www.eurooppalainensuomi.fi\/#website"},"datePublished":"2026-03-19T17:58:00+00:00","dateModified":"2026-03-19T20:17:18+00:00","breadcrumb":{"@id":"https:\/\/www.eurooppalainensuomi.fi\/kannanotto-eulla-ei-oikeasti-ole-ulkopolitiikkaa-ja-se-on-suurimpia-ongelmiamme#breadcrumb"},"inLanguage":"en","potentialAction":[{"@type":"ReadAction","target":["https:\/\/www.eurooppalainensuomi.fi\/kannanotto-eulla-ei-oikeasti-ole-ulkopolitiikkaa-ja-se-on-suurimpia-ongelmiamme"]}]},{"@type":"BreadcrumbList","@id":"https:\/\/www.eurooppalainensuomi.fi\/kannanotto-eulla-ei-oikeasti-ole-ulkopolitiikkaa-ja-se-on-suurimpia-ongelmiamme#breadcrumb","itemListElement":[{"@type":"ListItem","position":1,"name":"Etusivu","item":"https:\/\/www.eurooppalainensuomi.fi\/"},{"@type":"ListItem","position":2,"name":"Kannanotto: EU:lla ei oikeasti ole ulkopolitiikkaa, ja se on suurimpia ongelmiamme"}]},{"@type":"WebSite","@id":"https:\/\/www.eurooppalainensuomi.fi\/#website","url":"https:\/\/www.eurooppalainensuomi.fi\/","name":"Eurooppalainen Suomi","description":"Parempaa Eurooppaa rakentamassa","publisher":{"@id":"https:\/\/www.eurooppalainensuomi.fi\/#organization"},"potentialAction":[{"@type":"SearchAction","target":{"@type":"EntryPoint","urlTemplate":"https:\/\/www.eurooppalainensuomi.fi\/?s={search_term_string}"},"query-input":"required name=search_term_string"}],"inLanguage":"en"},{"@type":"Organization","@id":"https:\/\/www.eurooppalainensuomi.fi\/#organization","name":"Eurooppalainen Suomi ry","url":"https:\/\/www.eurooppalainensuomi.fi\/","logo":{"@type":"ImageObject","inLanguage":"en","@id":"https:\/\/www.eurooppalainensuomi.fi\/#\/schema\/logo\/image\/","url":"https:\/\/www.eurooppalainensuomi.fi\/wp-content\/uploads\/2021\/01\/PNG_large.png","contentUrl":"https:\/\/www.eurooppalainensuomi.fi\/wp-content\/uploads\/2021\/01\/PNG_large.png","width":586,"height":220,"caption":"Eurooppalainen Suomi ry"},"image":{"@id":"https:\/\/www.eurooppalainensuomi.fi\/#\/schema\/logo\/image\/"},"sameAs":["https:\/\/instagram.com\/eurooppalainensuomi","https:\/\/www.youtube.com\/channel\/UCBeqyrm1ze2RinjeAYS_-Jg","https:\/\/fi.wikipedia.org\/wiki\/Eurooppalainen_Suomi","https:\/\/www.facebook.com\/eurooppalainensuomi","https:\/\/twitter.com\/em_finland"]},{"@type":"Person","@id":"https:\/\/www.eurooppalainensuomi.fi\/#\/schema\/person\/42824760f66031a9671691f8a3cc4931","name":"Admin","image":{"@type":"ImageObject","inLanguage":"en","@id":"https:\/\/www.eurooppalainensuomi.fi\/#\/schema\/person\/image\/","url":"https:\/\/secure.gravatar.com\/avatar\/2a869497ae566d1e62d81a21a923ac47?s=96&d=mm&r=g","contentUrl":"https:\/\/secure.gravatar.com\/avatar\/2a869497ae566d1e62d81a21a923ac47?s=96&d=mm&r=g","caption":"Admin"}}]}},"jetpack_featured_media_url":"https:\/\/www.eurooppalainensuomi.fi\/wp-content\/uploads\/2026\/03\/Kannanotto-UP.jpg","_links":{"self":[{"href":"https:\/\/www.eurooppalainensuomi.fi\/index.php?rest_route=\/wp\/v2\/posts\/7911"}],"collection":[{"href":"https:\/\/www.eurooppalainensuomi.fi\/index.php?rest_route=\/wp\/v2\/posts"}],"about":[{"href":"https:\/\/www.eurooppalainensuomi.fi\/index.php?rest_route=\/wp\/v2\/types\/post"}],"author":[{"embeddable":true,"href":"https:\/\/www.eurooppalainensuomi.fi\/index.php?rest_route=\/wp\/v2\/users\/8"}],"replies":[{"embeddable":true,"href":"https:\/\/www.eurooppalainensuomi.fi\/index.php?rest_route=%2Fwp%2Fv2%2Fcomments&post=7911"}],"version-history":[{"count":5,"href":"https:\/\/www.eurooppalainensuomi.fi\/index.php?rest_route=\/wp\/v2\/posts\/7911\/revisions"}],"predecessor-version":[{"id":7923,"href":"https:\/\/www.eurooppalainensuomi.fi\/index.php?rest_route=\/wp\/v2\/posts\/7911\/revisions\/7923"}],"wp:featuredmedia":[{"embeddable":true,"href":"https:\/\/www.eurooppalainensuomi.fi\/index.php?rest_route=\/wp\/v2\/media\/7912"}],"wp:attachment":[{"href":"https:\/\/www.eurooppalainensuomi.fi\/index.php?rest_route=%2Fwp%2Fv2%2Fmedia&parent=7911"}],"wp:term":[{"taxonomy":"category","embeddable":true,"href":"https:\/\/www.eurooppalainensuomi.fi\/index.php?rest_route=%2Fwp%2Fv2%2Fcategories&post=7911"},{"taxonomy":"post_tag","embeddable":true,"href":"https:\/\/www.eurooppalainensuomi.fi\/index.php?rest_route=%2Fwp%2Fv2%2Ftags&post=7911"}],"curies":[{"name":"wp","href":"https:\/\/api.w.org\/{rel}","templated":true}]}}