{"id":7902,"date":"2026-03-19T16:36:46","date_gmt":"2026-03-19T14:36:46","guid":{"rendered":"https:\/\/www.eurooppalainensuomi.fi\/?p=7902"},"modified":"2026-03-19T16:36:48","modified_gmt":"2026-03-19T14:36:48","slug":"blogi-kilpailukykyrahastosta-euroopan-itsenaisyyden-ajuri","status":"publish","type":"post","link":"https:\/\/www.eurooppalainensuomi.fi\/blogi-kilpailukykyrahastosta-euroopan-itsenaisyyden-ajuri","title":{"rendered":"Blogi: Kilpailukykyrahastosta Euroopan itsen\u00e4isyyden ajuri"},"content":{"rendered":"\n<p class=\"has-medium-font-size\"><em>Kilpailukykyrahasto voi olla ratkaiseva askel kohti itsen\u00e4isemp\u00e4\u00e4 Eurooppaa &#8211; jos sit\u00e4 ei vesitet\u00e4.<\/em><\/p>\n\n\n\n<p>Eurooppalaisen Suomen joulukuussa 2025 julkaisema tulevaisuusraportti \u201d<a href=\"https:\/\/www.eurooppalainensuomi.fi\/euroopan-usa-riippuvuus-on-kaynyt-jo-vaaralliseksi-eurooppalainen-suomi-esittaa-tulevaisuusraportissaan-10-teesia-eun-tulevaisuudesta\">Euroopan hetki: Itsen\u00e4inen EU globaalissa murroksessa<\/a>\u201d esitti synk\u00e4n analyysin yh\u00e4 syvemm\u00e4lle voimapolitiikkaan ja anarkiaan luisuvan kansainv\u00e4lisen j\u00e4rjestelm\u00e4n tilasta sek\u00e4 sen Euroopalle asettamasta eksistentiaalisesta haasteesta. Raportin keskeinen johtop\u00e4\u00e4t\u00f6s on, ett\u00e4 Eurooppa voi s\u00e4ily\u00e4 itsen\u00e4isen\u00e4 painostukselta ja suojella kansalaistensa oikeuksia vain <strong>vahvistamalla poliittista toimintakyky\u00e4\u00e4n, taloutensa rakenteita sek\u00e4 purkamalla yksipuolisia riippuvuuksia ulkoisiin suurvaltoihin<\/strong>. Lis\u00e4ksi keskeist\u00e4 on havaita, ett\u00e4 edell\u00e4 mainittuja tavoitteita ei voi saavuttaa ilman, ett\u00e4 Eurooppa <strong>vahvistaa teollista tuotantoaan kriittisill\u00e4 teknologia-aloilla.<\/strong><\/p>\n\n\n\n<p>Euroopan komissio julkaisi hein\u00e4kuussa 2025 esityksens\u00e4 seuraavaksi monivuotiseksi rahoituskehykseksi vuosille 2028\u20132034. Rahoituskehysesitykseen sis\u00e4ltyy ehdotus <strong>Euroopan kilpailukykyrahaston <\/strong>perustamiseksi, joka tarkoittaisi toteutuessaan jopa EU:n strategisten investointien <strong>kolminkertaistamista nykytasosta 451 miljardiin euroon<\/strong>. Rahoitusta suunnattaisiin erityisesti digitaalisen johtajuuden tavoitteluun, puolustusteollisuuteen, turvallisuuteen ja avaruusteknologioihin sek\u00e4 vihre\u00e4\u00e4n siirtym\u00e4\u00e4n ja v\u00e4h\u00e4hiilisyyteen.\u00a0<\/p>\n\n\n\n<p>Kilpailukykyrahastoon yhdistett\u00e4isiin 14 nykyist\u00e4 EU-rahoitusohjelmaa. Tavoitteena on erityisesti <strong>est\u00e4\u00e4 resurssien pirstaloituminen <\/strong>keskitt\u00e4m\u00e4ll\u00e4 nykyist\u00e4 enemm\u00e4n rahoitusta pienemp\u00e4\u00e4n m\u00e4\u00e4r\u00e4\u00e4n hankkeita, joiden vaikuttavuuden arvioidaan olevan suurin. Ehdotuksen voi n\u00e4hd\u00e4 komission vastauksena laajasti jaettuun ymm\u00e4rrykseen haasteista, jotka heikent\u00e4v\u00e4t Euroopan taloudellista suorituskyky\u00e4. N\u00e4it\u00e4 ovat esimerkiksi puutteelliset investoinnit, v\u00e4h\u00e4inen innovaatiotoiminta, j\u00e4lkeen j\u00e4\u00e4minen kriittisten teknologioiden kehityksess\u00e4, osaajapula, rahoituksen niukkuus kasvuyrityksille, digitaaliset ja kineettiset turvallisuusuhat sek\u00e4 riippuvuus ulkomaisista raaka-aineista, komponenteista ja ohjelmistoista.<\/p>\n\n\n\n<p>Kilpailukykyrahasto tarjoaa huomattavan mahdollisuuden Euroopan <strong>strategisten riippuvuuksien v\u00e4hent\u00e4miseen<\/strong>. Yhteiset investoinnit kilpailukyky\u00e4 ja turvallisuutta vahvistaviin kohteisiin innovaatioketjun kaikissa vaiheissa, aina perustutkimuksesta innovaatioiden kaupallistamiseen ja liiketoiminnan skaalaamiseen, olisivat kuin r\u00e4\u00e4t\u00e4l\u00f6ityj\u00e4 nykyisten heikkouksiemme korjaamiseksi.\u00a0<\/p>\n\n\n\n<p>Riitt\u00e4v\u00e4n vaikuttavuuden saavuttaminen kuitenkin edellytt\u00e4\u00e4, ett\u00e4 kilpailukykyrahastosta annettava rahoitus my\u00f6nnet\u00e4\u00e4n <strong>kilpailullisesti hankkeille, jotka edist\u00e4v\u00e4t asetettuja politiikkatavoitteita tehokkaimmin<\/strong> \u2013 teknologiaratkaisujen tapauksessa \u201derinomaisuuteen\u201d ja osaamiseen perustuen. Omavaraisuuden vahvistamisen kannalta on v\u00e4ltt\u00e4m\u00e4t\u00f6nt\u00e4, ett\u00e4 kilpailukykyrahasto valjastetaan <strong>synnytt\u00e4m\u00e4\u00e4n ja vahvistamaan kysynt\u00e4\u00e4 Euroopassa kehitetyille luotettaville, kriittisille teknologioille<\/strong>, erityisesti teko\u00e4lysovellusten, kvanttiteknologioiden sek\u00e4 turvallisen viestinn\u00e4n ja kyberturvallisuusratkaisujen osalta.\u00a0\u00a0<\/p>\n\n\n\n<p>Vaikka kilpailukykyrahaston koko saattaa ensisilm\u00e4yksell\u00e4 vaikuttaa suurelta, on sille <strong>esitetty budjetti yh\u00e4 EU:n talouden kokoon ja rahoituskehyskauden kestoon n\u00e4hden varsin vaatimaton<\/strong>. Rahaston onnistumisen edellytyksen\u00e4 on, ett\u00e4 my\u00f6nnetyn julkisen rahoituksen avulla onnistutaan vivuttamaan mukaan merkitt\u00e4v\u00e4sti suuremmat investoinnit yksityiselt\u00e4 sektorilta.\u00a0<\/p>\n\n\n\n<p>Kriittist\u00e4 on my\u00f6s yhteensopivuuden varmistaminen muiden olennaisten politiikkakokonaisuuksien kanssa. <strong>P\u00e4\u00e4omamarkkinaunionin loppuunsaattaminen ja sis\u00e4markkinoiden kunnianhimoinen kehitt\u00e4minen <\/strong>kuroisivat EU:n j\u00e4lkeenj\u00e4\u00e4neisyytt\u00e4 erityisesti suhteessa Yhdysvaltoihin, jonka teollisuus ja kansainv\u00e4linen valta-asema hy\u00f6tyv\u00e4t maan ylivoimaisesta rahoitusj\u00e4rjestelm\u00e4st\u00e4 sek\u00e4 suuresta kotimarkkinasta.\u00a0<\/p>\n\n\n\n<p>Samalla t\u00e4n\u00e4 vuonna uudistettavat <strong>julkisia hankintoja koskevien direktiivien kokonaisuus sek\u00e4 EU:n kyberturvallisuusasetus <\/strong>tarjoavat mahdollisuuden valjastaa hankintojen huomattavat taloudelliset voimavarat Euroopan omavaraisuuden ja teollisen pohjan vahvistamiseen. T\u00e4rke\u00e4\u00e4 on kuitenkin varmistaa, ettei turvallisuushakuisempi hankintapolitiikka johda tehottomaan protektionismiin, erityisesti sis\u00e4markkinoiden toimivuuden tai EU:n kahdenv\u00e4listen kauppasopimusten kustannuksella.<\/p>\n\n\n\n<p>Kilpailukykyrahasto voi onnistuessaan olla EU:lle ja sen j\u00e4senvaltioille <strong>merkitt\u00e4v\u00e4 askel kohti itsen\u00e4isemp\u00e4\u00e4 ja vahvempaa kansainv\u00e4list\u00e4 asemaa<\/strong>. <strong>T\u00e4m\u00e4 kuitenkin edellytt\u00e4\u00e4, ettei rahastoa vesitet\u00e4 tulevissa rahoituskehysneuvotteluissa<\/strong> esimerkiksi pienent\u00e4m\u00e4ll\u00e4 sen kokoa tai asettamalla rahoituksen my\u00f6nt\u00e4miselle esimerkiksi alueellisia tai muita ei-kilpailullisia kriteereit\u00e4.\u00a0<\/p>\n\n\n\n<p>Suomessakin tulisi ajatella suurempaa kuvaa ja teollisuutemme pitk\u00e4aikaisia ja moninaisia mahdollisuuksia verrattuna yksioikoiseen kysymykseen siit\u00e4, \u201dmik\u00e4 on Suomen osuus rahastosta\u201d. Tavoitteiden ja niihin t\u00e4ht\u00e4\u00e4v\u00e4n politiikan johdonmukaisuudesta tinkimiseen ei ole lainkaan varaa. Jos haluamme huolehtia turvallisuudestamme ja s\u00e4ilytt\u00e4\u00e4 liberaalin demokratiaan perustuvan yhteiskuntaj\u00e4rjestyksen ja el\u00e4m\u00e4ntapamme, on toimien oltava sen mukaisia. Vain vahva ja yhten\u00e4inen EU voi turvata j\u00e4senvaltioidensa todellisen itsem\u00e4\u00e4r\u00e4\u00e4misoikeuden.\u00a0<\/p>\n\n\n\n<p><strong>Risto Rajala<\/strong><\/p>\n\n\n\n<p>Varapuheenjohtaja, Eurooppalainen Suomi<\/p>\n","protected":false},"excerpt":{"rendered":"<p>Kilpailukykyrahasto voi olla ratkaiseva askel kohti itsen\u00e4isemp\u00e4\u00e4 Eurooppaa &#8211; jos sit\u00e4 ei vesitet\u00e4. Eurooppalaisen Suomen joulukuussa 2025 julkaisema tulevaisuusraportti \u201dEuroopan hetki: Itsen\u00e4inen EU globaalissa murroksessa\u201d esitti synk\u00e4n analyysin yh\u00e4 syvemm\u00e4lle voimapolitiikkaan ja anarkiaan luisuvan kansainv\u00e4lisen j\u00e4rjestelm\u00e4n tilasta sek\u00e4 sen Euroopalle asettamasta eksistentiaalisesta haasteesta. Raportin keskeinen johtop\u00e4\u00e4t\u00f6s on, ett\u00e4 Eurooppa voi s\u00e4ily\u00e4 itsen\u00e4isen\u00e4 painostukselta ja suojella [&hellip;]<\/p>\n","protected":false},"author":8,"featured_media":7904,"comment_status":"closed","ping_status":"closed","sticky":false,"template":"","format":"standard","meta":{"_et_pb_use_builder":"off","_et_pb_old_content":"","_et_gb_content_width":""},"categories":[8,124],"tags":[141,138],"yoast_head":"<!-- This site is optimized with the Yoast SEO plugin v19.13 - https:\/\/yoast.com\/wordpress\/plugins\/seo\/ -->\n<title>Blogi: Kilpailukykyrahastosta Euroopan itsen\u00e4isyyden ajuri - Eurooppalainen Suomi<\/title>\n<meta name=\"description\" content=\"Kilpailukykyrahasto voi olla ratkaiseva askel kohti itsen\u00e4isemp\u00e4\u00e4 Eurooppaa \u2013 jos sit\u00e4 ei vesitet\u00e4.\" \/>\n<meta name=\"robots\" content=\"index, follow, max-snippet:-1, max-image-preview:large, max-video-preview:-1\" \/>\n<link rel=\"canonical\" href=\"https:\/\/www.eurooppalainensuomi.fi\/blogi-kilpailukykyrahastosta-euroopan-itsenaisyyden-ajuri\" \/>\n<meta property=\"og:locale\" content=\"en_US\" \/>\n<meta property=\"og:type\" content=\"article\" \/>\n<meta property=\"og:title\" content=\"Blogi: Kilpailukykyrahastosta Euroopan itsen\u00e4isyyden ajuri - Eurooppalainen Suomi\" \/>\n<meta property=\"og:description\" content=\"Kilpailukykyrahasto voi olla ratkaiseva askel kohti itsen\u00e4isemp\u00e4\u00e4 Eurooppaa \u2013 jos sit\u00e4 ei vesitet\u00e4.\" \/>\n<meta property=\"og:url\" content=\"https:\/\/www.eurooppalainensuomi.fi\/blogi-kilpailukykyrahastosta-euroopan-itsenaisyyden-ajuri\" \/>\n<meta property=\"og:site_name\" content=\"Eurooppalainen Suomi\" \/>\n<meta property=\"article:publisher\" content=\"https:\/\/www.facebook.com\/eurooppalainensuomi\" \/>\n<meta property=\"article:published_time\" content=\"2026-03-19T14:36:46+00:00\" \/>\n<meta property=\"article:modified_time\" content=\"2026-03-19T14:36:48+00:00\" \/>\n<meta property=\"og:image\" content=\"https:\/\/www.eurooppalainensuomi.fi\/wp-content\/uploads\/2026\/03\/Uutiskirje-9.jpg\" \/>\n\t<meta property=\"og:image:width\" content=\"1200\" \/>\n\t<meta property=\"og:image:height\" content=\"675\" \/>\n\t<meta property=\"og:image:type\" content=\"image\/jpeg\" \/>\n<meta name=\"author\" content=\"Admin\" \/>\n<meta name=\"twitter:card\" content=\"summary_large_image\" \/>\n<meta name=\"twitter:creator\" content=\"@em_finland\" \/>\n<meta name=\"twitter:site\" content=\"@em_finland\" \/>\n<meta name=\"twitter:label1\" content=\"Written by\" \/>\n\t<meta name=\"twitter:data1\" content=\"Admin\" \/>\n\t<meta name=\"twitter:label2\" content=\"Est. reading time\" \/>\n\t<meta name=\"twitter:data2\" content=\"3 minutes\" \/>\n<script type=\"application\/ld+json\" class=\"yoast-schema-graph\">{\"@context\":\"https:\/\/schema.org\",\"@graph\":[{\"@type\":\"Article\",\"@id\":\"https:\/\/www.eurooppalainensuomi.fi\/blogi-kilpailukykyrahastosta-euroopan-itsenaisyyden-ajuri#article\",\"isPartOf\":{\"@id\":\"https:\/\/www.eurooppalainensuomi.fi\/blogi-kilpailukykyrahastosta-euroopan-itsenaisyyden-ajuri\"},\"author\":{\"name\":\"Admin\",\"@id\":\"https:\/\/www.eurooppalainensuomi.fi\/#\/schema\/person\/42824760f66031a9671691f8a3cc4931\"},\"headline\":\"Blogi: Kilpailukykyrahastosta Euroopan itsen\u00e4isyyden ajuri\",\"datePublished\":\"2026-03-19T14:36:46+00:00\",\"dateModified\":\"2026-03-19T14:36:48+00:00\",\"mainEntityOfPage\":{\"@id\":\"https:\/\/www.eurooppalainensuomi.fi\/blogi-kilpailukykyrahastosta-euroopan-itsenaisyyden-ajuri\"},\"wordCount\":593,\"publisher\":{\"@id\":\"https:\/\/www.eurooppalainensuomi.fi\/#organization\"},\"keywords\":[\"kilpailykyky\",\"MFF\"],\"articleSection\":[\"Ajankohtaista\",\"Blogit\"],\"inLanguage\":\"en\"},{\"@type\":\"WebPage\",\"@id\":\"https:\/\/www.eurooppalainensuomi.fi\/blogi-kilpailukykyrahastosta-euroopan-itsenaisyyden-ajuri\",\"url\":\"https:\/\/www.eurooppalainensuomi.fi\/blogi-kilpailukykyrahastosta-euroopan-itsenaisyyden-ajuri\",\"name\":\"Blogi: Kilpailukykyrahastosta Euroopan itsen\u00e4isyyden ajuri - Eurooppalainen Suomi\",\"isPartOf\":{\"@id\":\"https:\/\/www.eurooppalainensuomi.fi\/#website\"},\"datePublished\":\"2026-03-19T14:36:46+00:00\",\"dateModified\":\"2026-03-19T14:36:48+00:00\",\"description\":\"Kilpailukykyrahasto voi olla ratkaiseva askel kohti itsen\u00e4isemp\u00e4\u00e4 Eurooppaa \u2013 jos sit\u00e4 ei vesitet\u00e4.\",\"breadcrumb\":{\"@id\":\"https:\/\/www.eurooppalainensuomi.fi\/blogi-kilpailukykyrahastosta-euroopan-itsenaisyyden-ajuri#breadcrumb\"},\"inLanguage\":\"en\",\"potentialAction\":[{\"@type\":\"ReadAction\",\"target\":[\"https:\/\/www.eurooppalainensuomi.fi\/blogi-kilpailukykyrahastosta-euroopan-itsenaisyyden-ajuri\"]}]},{\"@type\":\"BreadcrumbList\",\"@id\":\"https:\/\/www.eurooppalainensuomi.fi\/blogi-kilpailukykyrahastosta-euroopan-itsenaisyyden-ajuri#breadcrumb\",\"itemListElement\":[{\"@type\":\"ListItem\",\"position\":1,\"name\":\"Etusivu\",\"item\":\"https:\/\/www.eurooppalainensuomi.fi\/\"},{\"@type\":\"ListItem\",\"position\":2,\"name\":\"Blogi: Kilpailukykyrahastosta Euroopan itsen\u00e4isyyden ajuri\"}]},{\"@type\":\"WebSite\",\"@id\":\"https:\/\/www.eurooppalainensuomi.fi\/#website\",\"url\":\"https:\/\/www.eurooppalainensuomi.fi\/\",\"name\":\"Eurooppalainen Suomi\",\"description\":\"Parempaa Eurooppaa rakentamassa\",\"publisher\":{\"@id\":\"https:\/\/www.eurooppalainensuomi.fi\/#organization\"},\"potentialAction\":[{\"@type\":\"SearchAction\",\"target\":{\"@type\":\"EntryPoint\",\"urlTemplate\":\"https:\/\/www.eurooppalainensuomi.fi\/?s={search_term_string}\"},\"query-input\":\"required name=search_term_string\"}],\"inLanguage\":\"en\"},{\"@type\":\"Organization\",\"@id\":\"https:\/\/www.eurooppalainensuomi.fi\/#organization\",\"name\":\"Eurooppalainen Suomi ry\",\"url\":\"https:\/\/www.eurooppalainensuomi.fi\/\",\"logo\":{\"@type\":\"ImageObject\",\"inLanguage\":\"en\",\"@id\":\"https:\/\/www.eurooppalainensuomi.fi\/#\/schema\/logo\/image\/\",\"url\":\"https:\/\/www.eurooppalainensuomi.fi\/wp-content\/uploads\/2021\/01\/PNG_large.png\",\"contentUrl\":\"https:\/\/www.eurooppalainensuomi.fi\/wp-content\/uploads\/2021\/01\/PNG_large.png\",\"width\":586,\"height\":220,\"caption\":\"Eurooppalainen Suomi ry\"},\"image\":{\"@id\":\"https:\/\/www.eurooppalainensuomi.fi\/#\/schema\/logo\/image\/\"},\"sameAs\":[\"https:\/\/instagram.com\/eurooppalainensuomi\",\"https:\/\/www.youtube.com\/channel\/UCBeqyrm1ze2RinjeAYS_-Jg\",\"https:\/\/fi.wikipedia.org\/wiki\/Eurooppalainen_Suomi\",\"https:\/\/www.facebook.com\/eurooppalainensuomi\",\"https:\/\/twitter.com\/em_finland\"]},{\"@type\":\"Person\",\"@id\":\"https:\/\/www.eurooppalainensuomi.fi\/#\/schema\/person\/42824760f66031a9671691f8a3cc4931\",\"name\":\"Admin\",\"image\":{\"@type\":\"ImageObject\",\"inLanguage\":\"en\",\"@id\":\"https:\/\/www.eurooppalainensuomi.fi\/#\/schema\/person\/image\/\",\"url\":\"https:\/\/secure.gravatar.com\/avatar\/2a869497ae566d1e62d81a21a923ac47?s=96&d=mm&r=g\",\"contentUrl\":\"https:\/\/secure.gravatar.com\/avatar\/2a869497ae566d1e62d81a21a923ac47?s=96&d=mm&r=g\",\"caption\":\"Admin\"}}]}<\/script>\n<!-- \/ Yoast SEO plugin. -->","yoast_head_json":{"title":"Blogi: Kilpailukykyrahastosta Euroopan itsen\u00e4isyyden ajuri - Eurooppalainen Suomi","description":"Kilpailukykyrahasto voi olla ratkaiseva askel kohti itsen\u00e4isemp\u00e4\u00e4 Eurooppaa \u2013 jos sit\u00e4 ei vesitet\u00e4.","robots":{"index":"index","follow":"follow","max-snippet":"max-snippet:-1","max-image-preview":"max-image-preview:large","max-video-preview":"max-video-preview:-1"},"canonical":"https:\/\/www.eurooppalainensuomi.fi\/blogi-kilpailukykyrahastosta-euroopan-itsenaisyyden-ajuri","og_locale":"en_US","og_type":"article","og_title":"Blogi: Kilpailukykyrahastosta Euroopan itsen\u00e4isyyden ajuri - Eurooppalainen Suomi","og_description":"Kilpailukykyrahasto voi olla ratkaiseva askel kohti itsen\u00e4isemp\u00e4\u00e4 Eurooppaa \u2013 jos sit\u00e4 ei vesitet\u00e4.","og_url":"https:\/\/www.eurooppalainensuomi.fi\/blogi-kilpailukykyrahastosta-euroopan-itsenaisyyden-ajuri","og_site_name":"Eurooppalainen Suomi","article_publisher":"https:\/\/www.facebook.com\/eurooppalainensuomi","article_published_time":"2026-03-19T14:36:46+00:00","article_modified_time":"2026-03-19T14:36:48+00:00","og_image":[{"width":1200,"height":675,"url":"https:\/\/www.eurooppalainensuomi.fi\/wp-content\/uploads\/2026\/03\/Uutiskirje-9.jpg","type":"image\/jpeg"}],"author":"Admin","twitter_card":"summary_large_image","twitter_creator":"@em_finland","twitter_site":"@em_finland","twitter_misc":{"Written by":"Admin","Est. reading time":"3 minutes"},"schema":{"@context":"https:\/\/schema.org","@graph":[{"@type":"Article","@id":"https:\/\/www.eurooppalainensuomi.fi\/blogi-kilpailukykyrahastosta-euroopan-itsenaisyyden-ajuri#article","isPartOf":{"@id":"https:\/\/www.eurooppalainensuomi.fi\/blogi-kilpailukykyrahastosta-euroopan-itsenaisyyden-ajuri"},"author":{"name":"Admin","@id":"https:\/\/www.eurooppalainensuomi.fi\/#\/schema\/person\/42824760f66031a9671691f8a3cc4931"},"headline":"Blogi: Kilpailukykyrahastosta Euroopan itsen\u00e4isyyden ajuri","datePublished":"2026-03-19T14:36:46+00:00","dateModified":"2026-03-19T14:36:48+00:00","mainEntityOfPage":{"@id":"https:\/\/www.eurooppalainensuomi.fi\/blogi-kilpailukykyrahastosta-euroopan-itsenaisyyden-ajuri"},"wordCount":593,"publisher":{"@id":"https:\/\/www.eurooppalainensuomi.fi\/#organization"},"keywords":["kilpailykyky","MFF"],"articleSection":["Ajankohtaista","Blogit"],"inLanguage":"en"},{"@type":"WebPage","@id":"https:\/\/www.eurooppalainensuomi.fi\/blogi-kilpailukykyrahastosta-euroopan-itsenaisyyden-ajuri","url":"https:\/\/www.eurooppalainensuomi.fi\/blogi-kilpailukykyrahastosta-euroopan-itsenaisyyden-ajuri","name":"Blogi: Kilpailukykyrahastosta Euroopan itsen\u00e4isyyden ajuri - Eurooppalainen Suomi","isPartOf":{"@id":"https:\/\/www.eurooppalainensuomi.fi\/#website"},"datePublished":"2026-03-19T14:36:46+00:00","dateModified":"2026-03-19T14:36:48+00:00","description":"Kilpailukykyrahasto voi olla ratkaiseva askel kohti itsen\u00e4isemp\u00e4\u00e4 Eurooppaa \u2013 jos sit\u00e4 ei vesitet\u00e4.","breadcrumb":{"@id":"https:\/\/www.eurooppalainensuomi.fi\/blogi-kilpailukykyrahastosta-euroopan-itsenaisyyden-ajuri#breadcrumb"},"inLanguage":"en","potentialAction":[{"@type":"ReadAction","target":["https:\/\/www.eurooppalainensuomi.fi\/blogi-kilpailukykyrahastosta-euroopan-itsenaisyyden-ajuri"]}]},{"@type":"BreadcrumbList","@id":"https:\/\/www.eurooppalainensuomi.fi\/blogi-kilpailukykyrahastosta-euroopan-itsenaisyyden-ajuri#breadcrumb","itemListElement":[{"@type":"ListItem","position":1,"name":"Etusivu","item":"https:\/\/www.eurooppalainensuomi.fi\/"},{"@type":"ListItem","position":2,"name":"Blogi: Kilpailukykyrahastosta Euroopan itsen\u00e4isyyden ajuri"}]},{"@type":"WebSite","@id":"https:\/\/www.eurooppalainensuomi.fi\/#website","url":"https:\/\/www.eurooppalainensuomi.fi\/","name":"Eurooppalainen Suomi","description":"Parempaa Eurooppaa rakentamassa","publisher":{"@id":"https:\/\/www.eurooppalainensuomi.fi\/#organization"},"potentialAction":[{"@type":"SearchAction","target":{"@type":"EntryPoint","urlTemplate":"https:\/\/www.eurooppalainensuomi.fi\/?s={search_term_string}"},"query-input":"required name=search_term_string"}],"inLanguage":"en"},{"@type":"Organization","@id":"https:\/\/www.eurooppalainensuomi.fi\/#organization","name":"Eurooppalainen Suomi ry","url":"https:\/\/www.eurooppalainensuomi.fi\/","logo":{"@type":"ImageObject","inLanguage":"en","@id":"https:\/\/www.eurooppalainensuomi.fi\/#\/schema\/logo\/image\/","url":"https:\/\/www.eurooppalainensuomi.fi\/wp-content\/uploads\/2021\/01\/PNG_large.png","contentUrl":"https:\/\/www.eurooppalainensuomi.fi\/wp-content\/uploads\/2021\/01\/PNG_large.png","width":586,"height":220,"caption":"Eurooppalainen Suomi ry"},"image":{"@id":"https:\/\/www.eurooppalainensuomi.fi\/#\/schema\/logo\/image\/"},"sameAs":["https:\/\/instagram.com\/eurooppalainensuomi","https:\/\/www.youtube.com\/channel\/UCBeqyrm1ze2RinjeAYS_-Jg","https:\/\/fi.wikipedia.org\/wiki\/Eurooppalainen_Suomi","https:\/\/www.facebook.com\/eurooppalainensuomi","https:\/\/twitter.com\/em_finland"]},{"@type":"Person","@id":"https:\/\/www.eurooppalainensuomi.fi\/#\/schema\/person\/42824760f66031a9671691f8a3cc4931","name":"Admin","image":{"@type":"ImageObject","inLanguage":"en","@id":"https:\/\/www.eurooppalainensuomi.fi\/#\/schema\/person\/image\/","url":"https:\/\/secure.gravatar.com\/avatar\/2a869497ae566d1e62d81a21a923ac47?s=96&d=mm&r=g","contentUrl":"https:\/\/secure.gravatar.com\/avatar\/2a869497ae566d1e62d81a21a923ac47?s=96&d=mm&r=g","caption":"Admin"}}]}},"jetpack_featured_media_url":"https:\/\/www.eurooppalainensuomi.fi\/wp-content\/uploads\/2026\/03\/Uutiskirje-9.jpg","_links":{"self":[{"href":"https:\/\/www.eurooppalainensuomi.fi\/index.php?rest_route=\/wp\/v2\/posts\/7902"}],"collection":[{"href":"https:\/\/www.eurooppalainensuomi.fi\/index.php?rest_route=\/wp\/v2\/posts"}],"about":[{"href":"https:\/\/www.eurooppalainensuomi.fi\/index.php?rest_route=\/wp\/v2\/types\/post"}],"author":[{"embeddable":true,"href":"https:\/\/www.eurooppalainensuomi.fi\/index.php?rest_route=\/wp\/v2\/users\/8"}],"replies":[{"embeddable":true,"href":"https:\/\/www.eurooppalainensuomi.fi\/index.php?rest_route=%2Fwp%2Fv2%2Fcomments&post=7902"}],"version-history":[{"count":5,"href":"https:\/\/www.eurooppalainensuomi.fi\/index.php?rest_route=\/wp\/v2\/posts\/7902\/revisions"}],"predecessor-version":[{"id":7909,"href":"https:\/\/www.eurooppalainensuomi.fi\/index.php?rest_route=\/wp\/v2\/posts\/7902\/revisions\/7909"}],"wp:featuredmedia":[{"embeddable":true,"href":"https:\/\/www.eurooppalainensuomi.fi\/index.php?rest_route=\/wp\/v2\/media\/7904"}],"wp:attachment":[{"href":"https:\/\/www.eurooppalainensuomi.fi\/index.php?rest_route=%2Fwp%2Fv2%2Fmedia&parent=7902"}],"wp:term":[{"taxonomy":"category","embeddable":true,"href":"https:\/\/www.eurooppalainensuomi.fi\/index.php?rest_route=%2Fwp%2Fv2%2Fcategories&post=7902"},{"taxonomy":"post_tag","embeddable":true,"href":"https:\/\/www.eurooppalainensuomi.fi\/index.php?rest_route=%2Fwp%2Fv2%2Ftags&post=7902"}],"curies":[{"name":"wp","href":"https:\/\/api.w.org\/{rel}","templated":true}]}}