{"id":7892,"date":"2026-03-16T12:46:55","date_gmt":"2026-03-16T10:46:55","guid":{"rendered":"https:\/\/www.eurooppalainensuomi.fi\/?p=7892"},"modified":"2026-04-20T10:14:21","modified_gmt":"2026-04-20T08:14:21","slug":"kypros-eun-puheenjohtajana","status":"publish","type":"post","link":"https:\/\/www.eurooppalainensuomi.fi\/kypros-eun-puheenjohtajana","title":{"rendered":"Kypros EU:n puheenjohtajana"},"content":{"rendered":"\n<p>Euroopan kulttuuriyhdistys EKSO j\u00e4rjest\u00e4\u00e4 Kypros EU:n neuvoston puheenjohtajana -tilaisuuden, jossa paneudutaan sen puheenjohtajakauden prioriteetteihin sek\u00e4 maan historiaan ja uniikkiin sis\u00e4iseen tilanteeseen.<\/p>\n\n\n\n<p>Tilaisuus pidet\u00e4\u00e4n <strong>27.3.2026<\/strong> Eurooppasalissa os. <a href=\"https:\/\/share.google\/MpAZrWKypt1qnfqGp\">Malminkatu 16<\/a>, <strong>klo 16\u201318<\/strong>. Tilaisuuden aluksi on kahvitarjoilu klo 15.30 alkaen.<\/p>\n\n\n\n<p>Kypros on saarivaltio V\u00e4limerell\u00e4 ja EU:n pienimpi\u00e4 j\u00e4senmaita, mutta erityisen mielenkiintoiseksi Kyproksen tekee sen erikoinen sis\u00e4inen tilanne. Kyproksen saari on jo pitk\u00e4\u00e4n ollut k\u00e4yt\u00e4nn\u00f6ss\u00e4 jaettuna pohjois- ja etel\u00e4osaan, joiden suhteet ovat vaikeat ja<br>vihamieliset. Ristiriidat saaren pohjoisosan turkkilaisper\u00e4isen ja etel\u00e4n kreikkalaisen v\u00e4est\u00f6nosan kesken puhkesivat pian maan itsen\u00e4istytty\u00e4 v.1960, ja sinne perustettiin YK:n rauhanturvaoperaatio UNFICYP, jossa Suomi oli alusta alkaen aktiivisesti mukana.<\/p>\n\n\n\n<p>T\u00e4rke\u00e4ksi k\u00e4\u00e4nnekohdaksi muodostui kuitenkin Turkin vuonna 1974 tekem\u00e4 Pohjois- Kyproksen sotilaallinen valtaus, jolloin muodostettiin itsen\u00e4inen Pohjois-Kyproksen turkkilainen tasavalta. Turkin lis\u00e4ksi t\u00e4t\u00e4 valtiota ei ole tunnustanut mik\u00e4\u00e4n muu maa.<\/p>\n\n\n\n<p>Mik\u00e4 on todellinen tilanne t\u00e4ll\u00e4 hetkell\u00e4? Neuvotellaanko saaren yhdist\u00e4misest\u00e4 todella vai onko se aika jo ohi? Mitk\u00e4 ovat Kyproksen muut tavoitteet EU:ssa ja miten se aikoo johtaa EU-instituutioita puheenjohtajakautensa aikana?<\/p>\n\n\n\n<p>Mm. n\u00e4ihin kysymyksiin haemme vastausta t\u00e4ss\u00e4 keskustelutilaisuudessa. Ohjelma on seuraava:<\/p>\n\n\n\n<ul><li><strong>Kypros EU:n puheenjohtajana<\/strong>, Demetris Samuel, Kyproksen suurl\u00e4hettil\u00e4s Helsingiss\u00e4<\/li><li><strong>Kuinka kristinusko tuli Kyprokselle, Kyproksen autokefalisen kirkon synty ja asema<br>ortodoksisessa maailmassa<\/strong>, tohtori Teuvo Laitila, kirkkohistorian evp. lehtori, It\u00e4-Suomen<br>Yliopisto<\/li><li><strong>Suomen rooli Kyproksella; sovittelijana ja rauhanturvaajana<\/strong>, UM:n entinen<br>kansliap\u00e4\u00e4llikk\u00f6, suurl\u00e4hettil\u00e4s (evp) Pertti Torstila<\/li><li><strong>Keskustelua<\/strong><\/li><\/ul>\n\n\n\n<p>Tilaisuuteen on vapaa p\u00e4\u00e4sy, mutta ilmoittautuminen on teht\u00e4v\u00e4<br>osoitteeseen <a href=\"mailto:ekso.kypros@outlook.com\">ekso.kypros@outlook.com<\/a> Keskustelukieli on englanti.<\/p>\n","protected":false},"excerpt":{"rendered":"<p>Euroopan kulttuuriyhdistys EKSO j\u00e4rjest\u00e4\u00e4 Kypros EU:n neuvoston puheenjohtajana -tilaisuuden, jossa paneudutaan sen puheenjohtajakauden prioriteetteihin sek\u00e4 maan historiaan ja uniikkiin sis\u00e4iseen tilanteeseen. Tilaisuus pidet\u00e4\u00e4n 27.3.2026 Eurooppasalissa os. Malminkatu 16, klo 16\u201318. Tilaisuuden aluksi on kahvitarjoilu klo 15.30 alkaen. Kypros on saarivaltio V\u00e4limerell\u00e4 ja EU:n pienimpi\u00e4 j\u00e4senmaita, mutta erityisen mielenkiintoiseksi Kyproksen tekee sen erikoinen sis\u00e4inen tilanne. Kyproksen [&hellip;]<\/p>\n","protected":false},"author":8,"featured_media":7893,"comment_status":"closed","ping_status":"closed","sticky":false,"template":"","format":"standard","meta":{"_et_pb_use_builder":"off","_et_pb_old_content":"","_et_gb_content_width":""},"categories":[8,130,19],"tags":[12,28],"yoast_head":"<!-- This site is optimized with the Yoast SEO plugin v19.13 - https:\/\/yoast.com\/wordpress\/plugins\/seo\/ -->\n<title>Kypros EU:n puheenjohtajana - Eurooppalainen Suomi<\/title>\n<meta name=\"description\" content=\"Kypros EU:n neuvoston puheenjohtajamaana -tilaisuudessa kuullaan heid\u00e4n prioriteeteistaan ja perehdyt\u00e4\u00e4n maan uniikkiin historiaan.\" \/>\n<meta name=\"robots\" content=\"index, follow, max-snippet:-1, max-image-preview:large, max-video-preview:-1\" \/>\n<link rel=\"canonical\" href=\"https:\/\/www.eurooppalainensuomi.fi\/kypros-eun-puheenjohtajana\" \/>\n<meta property=\"og:locale\" content=\"en_US\" \/>\n<meta property=\"og:type\" content=\"article\" \/>\n<meta property=\"og:title\" content=\"Kypros EU:n puheenjohtajana - Eurooppalainen Suomi\" \/>\n<meta property=\"og:description\" content=\"Kypros EU:n neuvoston puheenjohtajamaana -tilaisuudessa kuullaan heid\u00e4n prioriteeteistaan ja perehdyt\u00e4\u00e4n maan uniikkiin historiaan.\" \/>\n<meta property=\"og:url\" content=\"https:\/\/www.eurooppalainensuomi.fi\/kypros-eun-puheenjohtajana\" \/>\n<meta property=\"og:site_name\" content=\"Eurooppalainen Suomi\" \/>\n<meta property=\"article:publisher\" content=\"https:\/\/www.facebook.com\/eurooppalainensuomi\" \/>\n<meta property=\"article:published_time\" content=\"2026-03-16T10:46:55+00:00\" \/>\n<meta property=\"article:modified_time\" content=\"2026-04-20T08:14:21+00:00\" \/>\n<meta property=\"og:image\" content=\"https:\/\/www.eurooppalainensuomi.fi\/wp-content\/uploads\/2026\/03\/Kypros.jpg\" \/>\n\t<meta property=\"og:image:width\" content=\"1920\" \/>\n\t<meta property=\"og:image:height\" content=\"1080\" \/>\n\t<meta property=\"og:image:type\" content=\"image\/jpeg\" \/>\n<meta name=\"author\" content=\"Admin\" \/>\n<meta name=\"twitter:card\" content=\"summary_large_image\" \/>\n<meta name=\"twitter:creator\" content=\"@em_finland\" \/>\n<meta name=\"twitter:site\" content=\"@em_finland\" \/>\n<meta name=\"twitter:label1\" content=\"Written by\" \/>\n\t<meta name=\"twitter:data1\" content=\"Admin\" \/>\n\t<meta name=\"twitter:label2\" content=\"Est. reading time\" \/>\n\t<meta name=\"twitter:data2\" content=\"1 minute\" \/>\n<script type=\"application\/ld+json\" class=\"yoast-schema-graph\">{\"@context\":\"https:\/\/schema.org\",\"@graph\":[{\"@type\":\"Article\",\"@id\":\"https:\/\/www.eurooppalainensuomi.fi\/kypros-eun-puheenjohtajana#article\",\"isPartOf\":{\"@id\":\"https:\/\/www.eurooppalainensuomi.fi\/kypros-eun-puheenjohtajana\"},\"author\":{\"name\":\"Admin\",\"@id\":\"https:\/\/www.eurooppalainensuomi.fi\/#\/schema\/person\/42824760f66031a9671691f8a3cc4931\"},\"headline\":\"Kypros EU:n puheenjohtajana\",\"datePublished\":\"2026-03-16T10:46:55+00:00\",\"dateModified\":\"2026-04-20T08:14:21+00:00\",\"mainEntityOfPage\":{\"@id\":\"https:\/\/www.eurooppalainensuomi.fi\/kypros-eun-puheenjohtajana\"},\"wordCount\":260,\"publisher\":{\"@id\":\"https:\/\/www.eurooppalainensuomi.fi\/#organization\"},\"keywords\":[\"EU\",\"neuvosto\"],\"articleSection\":[\"Ajankohtaista\",\"Menneet\",\"Tapahtumat\"],\"inLanguage\":\"en\"},{\"@type\":\"WebPage\",\"@id\":\"https:\/\/www.eurooppalainensuomi.fi\/kypros-eun-puheenjohtajana\",\"url\":\"https:\/\/www.eurooppalainensuomi.fi\/kypros-eun-puheenjohtajana\",\"name\":\"Kypros EU:n puheenjohtajana - Eurooppalainen Suomi\",\"isPartOf\":{\"@id\":\"https:\/\/www.eurooppalainensuomi.fi\/#website\"},\"datePublished\":\"2026-03-16T10:46:55+00:00\",\"dateModified\":\"2026-04-20T08:14:21+00:00\",\"description\":\"Kypros EU:n neuvoston puheenjohtajamaana -tilaisuudessa kuullaan heid\u00e4n prioriteeteistaan ja perehdyt\u00e4\u00e4n maan uniikkiin historiaan.\",\"breadcrumb\":{\"@id\":\"https:\/\/www.eurooppalainensuomi.fi\/kypros-eun-puheenjohtajana#breadcrumb\"},\"inLanguage\":\"en\",\"potentialAction\":[{\"@type\":\"ReadAction\",\"target\":[\"https:\/\/www.eurooppalainensuomi.fi\/kypros-eun-puheenjohtajana\"]}]},{\"@type\":\"BreadcrumbList\",\"@id\":\"https:\/\/www.eurooppalainensuomi.fi\/kypros-eun-puheenjohtajana#breadcrumb\",\"itemListElement\":[{\"@type\":\"ListItem\",\"position\":1,\"name\":\"Etusivu\",\"item\":\"https:\/\/www.eurooppalainensuomi.fi\/\"},{\"@type\":\"ListItem\",\"position\":2,\"name\":\"Kypros EU:n puheenjohtajana\"}]},{\"@type\":\"WebSite\",\"@id\":\"https:\/\/www.eurooppalainensuomi.fi\/#website\",\"url\":\"https:\/\/www.eurooppalainensuomi.fi\/\",\"name\":\"Eurooppalainen Suomi\",\"description\":\"Parempaa Eurooppaa rakentamassa\",\"publisher\":{\"@id\":\"https:\/\/www.eurooppalainensuomi.fi\/#organization\"},\"potentialAction\":[{\"@type\":\"SearchAction\",\"target\":{\"@type\":\"EntryPoint\",\"urlTemplate\":\"https:\/\/www.eurooppalainensuomi.fi\/?s={search_term_string}\"},\"query-input\":\"required name=search_term_string\"}],\"inLanguage\":\"en\"},{\"@type\":\"Organization\",\"@id\":\"https:\/\/www.eurooppalainensuomi.fi\/#organization\",\"name\":\"Eurooppalainen Suomi ry\",\"url\":\"https:\/\/www.eurooppalainensuomi.fi\/\",\"logo\":{\"@type\":\"ImageObject\",\"inLanguage\":\"en\",\"@id\":\"https:\/\/www.eurooppalainensuomi.fi\/#\/schema\/logo\/image\/\",\"url\":\"https:\/\/www.eurooppalainensuomi.fi\/wp-content\/uploads\/2021\/01\/PNG_large.png\",\"contentUrl\":\"https:\/\/www.eurooppalainensuomi.fi\/wp-content\/uploads\/2021\/01\/PNG_large.png\",\"width\":586,\"height\":220,\"caption\":\"Eurooppalainen Suomi ry\"},\"image\":{\"@id\":\"https:\/\/www.eurooppalainensuomi.fi\/#\/schema\/logo\/image\/\"},\"sameAs\":[\"https:\/\/instagram.com\/eurooppalainensuomi\",\"https:\/\/www.youtube.com\/channel\/UCBeqyrm1ze2RinjeAYS_-Jg\",\"https:\/\/fi.wikipedia.org\/wiki\/Eurooppalainen_Suomi\",\"https:\/\/www.facebook.com\/eurooppalainensuomi\",\"https:\/\/twitter.com\/em_finland\"]},{\"@type\":\"Person\",\"@id\":\"https:\/\/www.eurooppalainensuomi.fi\/#\/schema\/person\/42824760f66031a9671691f8a3cc4931\",\"name\":\"Admin\",\"image\":{\"@type\":\"ImageObject\",\"inLanguage\":\"en\",\"@id\":\"https:\/\/www.eurooppalainensuomi.fi\/#\/schema\/person\/image\/\",\"url\":\"https:\/\/secure.gravatar.com\/avatar\/2a869497ae566d1e62d81a21a923ac47?s=96&d=mm&r=g\",\"contentUrl\":\"https:\/\/secure.gravatar.com\/avatar\/2a869497ae566d1e62d81a21a923ac47?s=96&d=mm&r=g\",\"caption\":\"Admin\"}}]}<\/script>\n<!-- \/ Yoast SEO plugin. -->","yoast_head_json":{"title":"Kypros EU:n puheenjohtajana - Eurooppalainen Suomi","description":"Kypros EU:n neuvoston puheenjohtajamaana -tilaisuudessa kuullaan heid\u00e4n prioriteeteistaan ja perehdyt\u00e4\u00e4n maan uniikkiin historiaan.","robots":{"index":"index","follow":"follow","max-snippet":"max-snippet:-1","max-image-preview":"max-image-preview:large","max-video-preview":"max-video-preview:-1"},"canonical":"https:\/\/www.eurooppalainensuomi.fi\/kypros-eun-puheenjohtajana","og_locale":"en_US","og_type":"article","og_title":"Kypros EU:n puheenjohtajana - Eurooppalainen Suomi","og_description":"Kypros EU:n neuvoston puheenjohtajamaana -tilaisuudessa kuullaan heid\u00e4n prioriteeteistaan ja perehdyt\u00e4\u00e4n maan uniikkiin historiaan.","og_url":"https:\/\/www.eurooppalainensuomi.fi\/kypros-eun-puheenjohtajana","og_site_name":"Eurooppalainen Suomi","article_publisher":"https:\/\/www.facebook.com\/eurooppalainensuomi","article_published_time":"2026-03-16T10:46:55+00:00","article_modified_time":"2026-04-20T08:14:21+00:00","og_image":[{"width":1920,"height":1080,"url":"https:\/\/www.eurooppalainensuomi.fi\/wp-content\/uploads\/2026\/03\/Kypros.jpg","type":"image\/jpeg"}],"author":"Admin","twitter_card":"summary_large_image","twitter_creator":"@em_finland","twitter_site":"@em_finland","twitter_misc":{"Written by":"Admin","Est. reading time":"1 minute"},"schema":{"@context":"https:\/\/schema.org","@graph":[{"@type":"Article","@id":"https:\/\/www.eurooppalainensuomi.fi\/kypros-eun-puheenjohtajana#article","isPartOf":{"@id":"https:\/\/www.eurooppalainensuomi.fi\/kypros-eun-puheenjohtajana"},"author":{"name":"Admin","@id":"https:\/\/www.eurooppalainensuomi.fi\/#\/schema\/person\/42824760f66031a9671691f8a3cc4931"},"headline":"Kypros EU:n puheenjohtajana","datePublished":"2026-03-16T10:46:55+00:00","dateModified":"2026-04-20T08:14:21+00:00","mainEntityOfPage":{"@id":"https:\/\/www.eurooppalainensuomi.fi\/kypros-eun-puheenjohtajana"},"wordCount":260,"publisher":{"@id":"https:\/\/www.eurooppalainensuomi.fi\/#organization"},"keywords":["EU","neuvosto"],"articleSection":["Ajankohtaista","Menneet","Tapahtumat"],"inLanguage":"en"},{"@type":"WebPage","@id":"https:\/\/www.eurooppalainensuomi.fi\/kypros-eun-puheenjohtajana","url":"https:\/\/www.eurooppalainensuomi.fi\/kypros-eun-puheenjohtajana","name":"Kypros EU:n puheenjohtajana - Eurooppalainen Suomi","isPartOf":{"@id":"https:\/\/www.eurooppalainensuomi.fi\/#website"},"datePublished":"2026-03-16T10:46:55+00:00","dateModified":"2026-04-20T08:14:21+00:00","description":"Kypros EU:n neuvoston puheenjohtajamaana -tilaisuudessa kuullaan heid\u00e4n prioriteeteistaan ja perehdyt\u00e4\u00e4n maan uniikkiin historiaan.","breadcrumb":{"@id":"https:\/\/www.eurooppalainensuomi.fi\/kypros-eun-puheenjohtajana#breadcrumb"},"inLanguage":"en","potentialAction":[{"@type":"ReadAction","target":["https:\/\/www.eurooppalainensuomi.fi\/kypros-eun-puheenjohtajana"]}]},{"@type":"BreadcrumbList","@id":"https:\/\/www.eurooppalainensuomi.fi\/kypros-eun-puheenjohtajana#breadcrumb","itemListElement":[{"@type":"ListItem","position":1,"name":"Etusivu","item":"https:\/\/www.eurooppalainensuomi.fi\/"},{"@type":"ListItem","position":2,"name":"Kypros EU:n puheenjohtajana"}]},{"@type":"WebSite","@id":"https:\/\/www.eurooppalainensuomi.fi\/#website","url":"https:\/\/www.eurooppalainensuomi.fi\/","name":"Eurooppalainen Suomi","description":"Parempaa Eurooppaa rakentamassa","publisher":{"@id":"https:\/\/www.eurooppalainensuomi.fi\/#organization"},"potentialAction":[{"@type":"SearchAction","target":{"@type":"EntryPoint","urlTemplate":"https:\/\/www.eurooppalainensuomi.fi\/?s={search_term_string}"},"query-input":"required name=search_term_string"}],"inLanguage":"en"},{"@type":"Organization","@id":"https:\/\/www.eurooppalainensuomi.fi\/#organization","name":"Eurooppalainen Suomi ry","url":"https:\/\/www.eurooppalainensuomi.fi\/","logo":{"@type":"ImageObject","inLanguage":"en","@id":"https:\/\/www.eurooppalainensuomi.fi\/#\/schema\/logo\/image\/","url":"https:\/\/www.eurooppalainensuomi.fi\/wp-content\/uploads\/2021\/01\/PNG_large.png","contentUrl":"https:\/\/www.eurooppalainensuomi.fi\/wp-content\/uploads\/2021\/01\/PNG_large.png","width":586,"height":220,"caption":"Eurooppalainen Suomi ry"},"image":{"@id":"https:\/\/www.eurooppalainensuomi.fi\/#\/schema\/logo\/image\/"},"sameAs":["https:\/\/instagram.com\/eurooppalainensuomi","https:\/\/www.youtube.com\/channel\/UCBeqyrm1ze2RinjeAYS_-Jg","https:\/\/fi.wikipedia.org\/wiki\/Eurooppalainen_Suomi","https:\/\/www.facebook.com\/eurooppalainensuomi","https:\/\/twitter.com\/em_finland"]},{"@type":"Person","@id":"https:\/\/www.eurooppalainensuomi.fi\/#\/schema\/person\/42824760f66031a9671691f8a3cc4931","name":"Admin","image":{"@type":"ImageObject","inLanguage":"en","@id":"https:\/\/www.eurooppalainensuomi.fi\/#\/schema\/person\/image\/","url":"https:\/\/secure.gravatar.com\/avatar\/2a869497ae566d1e62d81a21a923ac47?s=96&d=mm&r=g","contentUrl":"https:\/\/secure.gravatar.com\/avatar\/2a869497ae566d1e62d81a21a923ac47?s=96&d=mm&r=g","caption":"Admin"}}]}},"jetpack_featured_media_url":"https:\/\/www.eurooppalainensuomi.fi\/wp-content\/uploads\/2026\/03\/Kypros.jpg","_links":{"self":[{"href":"https:\/\/www.eurooppalainensuomi.fi\/index.php?rest_route=\/wp\/v2\/posts\/7892"}],"collection":[{"href":"https:\/\/www.eurooppalainensuomi.fi\/index.php?rest_route=\/wp\/v2\/posts"}],"about":[{"href":"https:\/\/www.eurooppalainensuomi.fi\/index.php?rest_route=\/wp\/v2\/types\/post"}],"author":[{"embeddable":true,"href":"https:\/\/www.eurooppalainensuomi.fi\/index.php?rest_route=\/wp\/v2\/users\/8"}],"replies":[{"embeddable":true,"href":"https:\/\/www.eurooppalainensuomi.fi\/index.php?rest_route=%2Fwp%2Fv2%2Fcomments&post=7892"}],"version-history":[{"count":5,"href":"https:\/\/www.eurooppalainensuomi.fi\/index.php?rest_route=\/wp\/v2\/posts\/7892\/revisions"}],"predecessor-version":[{"id":7901,"href":"https:\/\/www.eurooppalainensuomi.fi\/index.php?rest_route=\/wp\/v2\/posts\/7892\/revisions\/7901"}],"wp:featuredmedia":[{"embeddable":true,"href":"https:\/\/www.eurooppalainensuomi.fi\/index.php?rest_route=\/wp\/v2\/media\/7893"}],"wp:attachment":[{"href":"https:\/\/www.eurooppalainensuomi.fi\/index.php?rest_route=%2Fwp%2Fv2%2Fmedia&parent=7892"}],"wp:term":[{"taxonomy":"category","embeddable":true,"href":"https:\/\/www.eurooppalainensuomi.fi\/index.php?rest_route=%2Fwp%2Fv2%2Fcategories&post=7892"},{"taxonomy":"post_tag","embeddable":true,"href":"https:\/\/www.eurooppalainensuomi.fi\/index.php?rest_route=%2Fwp%2Fv2%2Ftags&post=7892"}],"curies":[{"name":"wp","href":"https:\/\/api.w.org\/{rel}","templated":true}]}}