{"id":7890,"date":"2026-03-16T12:32:36","date_gmt":"2026-03-16T10:32:36","guid":{"rendered":"https:\/\/www.eurooppalainensuomi.fi\/?p=7890"},"modified":"2026-03-16T12:32:38","modified_gmt":"2026-03-16T10:32:38","slug":"eun-viikko-12-2026-kilpailukyky-eurooppa-neuvosto-demokraattinen-resilienssi","status":"publish","type":"post","link":"https:\/\/www.eurooppalainensuomi.fi\/eun-viikko-12-2026-kilpailukyky-eurooppa-neuvosto-demokraattinen-resilienssi","title":{"rendered":"EU:n viikko 12\/2026: Kilpailukyky | Eurooppa-neuvosto | Demokraattinen resilienssi"},"content":{"rendered":"\n<p>T\u00e4ll\u00e4 viikolla europarlamentaarikot kokoontuvat Brysseliss\u00e4 valiokuntakokouksien tiimoilta. Maanantaina ulkoasiainneuvostossa kokoontuvat ministerit keskustelevat Ven\u00e4j\u00e4n hy\u00f6kk\u00e4yssodasta Ukrainaa vastaan ep\u00e4virallisen n\u00e4kemyksenvaihdon j\u00e4lkeen Ukrainan ulkoministerin Andrii Sybihan kanssa videoyhteyden v\u00e4lityksell\u00e4. Tiistaina yleisten asioiden neuvostossa ministerit aloittavat valmistelut maaliskuun Eurooppa-neuvoston kokousta varten tarkastelemalla p\u00e4\u00e4telmien luonnosta. Keskiviikkona EU-komissaarit kokoontuvat Brysseliin esittelem\u00e4\u00e4n useita aloitteita, muun muassa yrityskauppavalvonnan suuntaviivojen tarkistusta koskevan linjakeskustelun sek\u00e4 niin sanotun 28. j\u00e4rjestelm\u00e4n aloitteen. Torstaina ja perjantaina Eurooppa-neuvosto kokoaa Brysseliin j\u00e4senmaiden valtion- ja hallitusten p\u00e4\u00e4miehet.<\/p>\n\n\n\n<h3><strong>Euroopan parlamentti<\/strong><\/h3>\n\n\n\n<p>Maanantaina europarlamentaarikot k\u00e4yv\u00e4t j\u00e4sennellyn vuoropuhelun komission varapuheenjohtaja Teresa Riberan kanssa puhtaasta ja kilpailukykyisest\u00e4 siirtym\u00e4st\u00e4. Tiistaina europarlamentaarikot keskustelevat demokraattisen resilienssin vahvistamisesta ja hybridiuhkien torjumisesta; my\u00f6s yhteisty\u00f6ss\u00e4 kansainv\u00e4listen kumppaneiden kanssa. Keskiviikkona k\u00e4sitell\u00e4\u00e4n Ven\u00e4j\u00e4n Ukrainaa vastaan k\u00e4ym\u00e4\u00e4n sotaan liittyvi\u00e4 ihmisoikeuskysymyksi\u00e4, mukaan lukien raportteja kolmansien maiden kansalaisten pakottamisesta taistelemaan. Torstaina arvioidaan EU:n ja Yhdysvaltojen v\u00e4listen kauppasuhteiden tilaa sek\u00e4 globaalien geopoliittisten kehitysten vaikutusta taloudellisiin kumppanuuksiin.<\/p>\n\n\n\n<h3><strong>Euroopan komissio<\/strong><\/h3>\n\n\n\n<p>Maanantaina komissaari Jozef S\u00edkela vastaanottaa Mosambikin presidentin Daniel Francisco Chapon Brysseliss\u00e4. Keskiviikkona komissaari Hadja Lahbib osallistuu Belgiassa j\u00e4rjestett\u00e4v\u00e4\u00e4n Stand Up for Europe -tapahtumaan \u201cEurope, Get Ready! \u2013 Youth Citizens Dialogue on EU Preparedness\u201d. Torstaina komissaari Ekaterina Zaharieva osallistuu keskusteluun Parliament SMEs Forum -tapahtumassa Brysseliss\u00e4, jonka aiheena on kilpailukyvyn vahvistaminen ep\u00e4varmassa maailmassa. Samana p\u00e4iv\u00e4n\u00e4 ja perjantaina EU:n ulkoasioiden ja turvallisuuspolitiikan korkea edustaja sek\u00e4 komission varapuheenjohtaja Kaja Kallas osallistuu Brysseliss\u00e4 j\u00e4rjestett\u00e4v\u00e4\u00e4n Eurooppa-neuvoston kokoukseen.<\/p>\n\n\n\n<h3><strong>Euroopan unionin neuvosto<\/strong><\/h3>\n\n\n\n<p>Maanantaina liikenne-, televiestint\u00e4- ja energianeuvostossa kokoontuvat ministerit k\u00e4yv\u00e4t poliittisen keskustelun Euroopan s\u00e4hk\u00f6verkkoja koskevasta paketista. Tavoitteena on parantaa rajat ylitt\u00e4v\u00e4\u00e4 verkkojen yhteenliitett\u00e4vyytt\u00e4, vauhdittaa s\u00e4hk\u00f6istymist\u00e4 ja nopeuttaa s\u00e4hk\u00f6verkkoinfrastruktuurin lupaprosesseja sek\u00e4 vahvistaa rajat ylitt\u00e4vien verkkojen resilienssi\u00e4 ja turvallisuutta. Tiistaina ymp\u00e4rist\u00f6neuvoston odotetaan hyv\u00e4ksyv\u00e4n p\u00e4\u00e4telm\u00e4t EU:n biotalousstrategiasta sek\u00e4 vaihtavan n\u00e4kemyksi\u00e4 EU:n roolin vahvistamisesta globaalissa ymp\u00e4rist\u00f6politiikassa. Samana p\u00e4iv\u00e4n\u00e4 yleisten asioiden neuvostossa ministerit jatkavat maaliskuun Eurooppa-neuvoston kokouksen valmistelua keskustelemalla p\u00e4\u00e4telmien luonnoksesta.<\/p>\n","protected":false},"excerpt":{"rendered":"<p>T\u00e4ll\u00e4 viikolla europarlamentaarikot kokoontuvat Brysseliss\u00e4 valiokuntakokouksien tiimoilta. Maanantaina ulkoasiainneuvostossa kokoontuvat ministerit keskustelevat Ven\u00e4j\u00e4n hy\u00f6kk\u00e4yssodasta Ukrainaa vastaan ep\u00e4virallisen n\u00e4kemyksenvaihdon j\u00e4lkeen Ukrainan ulkoministerin Andrii Sybihan kanssa videoyhteyden v\u00e4lityksell\u00e4. Tiistaina yleisten asioiden neuvostossa ministerit aloittavat valmistelut maaliskuun Eurooppa-neuvoston kokousta varten tarkastelemalla p\u00e4\u00e4telmien luonnosta. Keskiviikkona EU-komissaarit kokoontuvat Brysseliin esittelem\u00e4\u00e4n useita aloitteita, muun muassa yrityskauppavalvonnan suuntaviivojen tarkistusta koskevan linjakeskustelun sek\u00e4 [&hellip;]<\/p>\n","protected":false},"author":8,"featured_media":7677,"comment_status":"closed","ping_status":"closed","sticky":false,"template":"","format":"standard","meta":{"_et_pb_use_builder":"off","_et_pb_old_content":"","_et_gb_content_width":""},"categories":[8,123],"tags":[12,28],"yoast_head":"<!-- This site is optimized with the Yoast SEO plugin v19.13 - https:\/\/yoast.com\/wordpress\/plugins\/seo\/ -->\n<title>EU:n viikko 12\/2026: Kilpailukyky | Eurooppa-neuvosto | Demokraattinen resilienssi - Eurooppalainen Suomi<\/title>\n<meta name=\"description\" content=\"T\u00e4ll\u00e4 viikolla j\u00e4senmaiden johtajan kokoontuvat Eurooppa-neuvostoon ja europarlamentaarikot valiokuntakokouksiin.\" \/>\n<meta name=\"robots\" content=\"index, follow, max-snippet:-1, max-image-preview:large, max-video-preview:-1\" \/>\n<link rel=\"canonical\" href=\"https:\/\/www.eurooppalainensuomi.fi\/eun-viikko-12-2026-kilpailukyky-eurooppa-neuvosto-demokraattinen-resilienssi\" \/>\n<meta property=\"og:locale\" content=\"en_US\" \/>\n<meta property=\"og:type\" content=\"article\" \/>\n<meta property=\"og:title\" content=\"EU:n viikko 12\/2026: Kilpailukyky | Eurooppa-neuvosto | Demokraattinen resilienssi - Eurooppalainen Suomi\" \/>\n<meta property=\"og:description\" content=\"T\u00e4ll\u00e4 viikolla j\u00e4senmaiden johtajan kokoontuvat Eurooppa-neuvostoon ja europarlamentaarikot valiokuntakokouksiin.\" \/>\n<meta property=\"og:url\" content=\"https:\/\/www.eurooppalainensuomi.fi\/eun-viikko-12-2026-kilpailukyky-eurooppa-neuvosto-demokraattinen-resilienssi\" \/>\n<meta property=\"og:site_name\" content=\"Eurooppalainen Suomi\" \/>\n<meta property=\"article:publisher\" content=\"https:\/\/www.facebook.com\/eurooppalainensuomi\" \/>\n<meta property=\"article:published_time\" content=\"2026-03-16T10:32:36+00:00\" \/>\n<meta property=\"article:modified_time\" content=\"2026-03-16T10:32:38+00:00\" \/>\n<meta property=\"og:image\" content=\"https:\/\/www.eurooppalainensuomi.fi\/wp-content\/uploads\/2025\/12\/Uutiset-1-1024x576.jpg\" \/>\n\t<meta property=\"og:image:width\" content=\"1024\" \/>\n\t<meta property=\"og:image:height\" content=\"576\" \/>\n\t<meta property=\"og:image:type\" content=\"image\/jpeg\" \/>\n<meta name=\"author\" content=\"Admin\" \/>\n<meta name=\"twitter:card\" content=\"summary_large_image\" \/>\n<meta name=\"twitter:creator\" content=\"@em_finland\" \/>\n<meta name=\"twitter:site\" content=\"@em_finland\" \/>\n<meta name=\"twitter:label1\" content=\"Written by\" \/>\n\t<meta name=\"twitter:data1\" content=\"Admin\" \/>\n\t<meta name=\"twitter:label2\" content=\"Est. reading time\" \/>\n\t<meta name=\"twitter:data2\" content=\"2 minutes\" \/>\n<script type=\"application\/ld+json\" class=\"yoast-schema-graph\">{\"@context\":\"https:\/\/schema.org\",\"@graph\":[{\"@type\":\"Article\",\"@id\":\"https:\/\/www.eurooppalainensuomi.fi\/eun-viikko-12-2026-kilpailukyky-eurooppa-neuvosto-demokraattinen-resilienssi#article\",\"isPartOf\":{\"@id\":\"https:\/\/www.eurooppalainensuomi.fi\/eun-viikko-12-2026-kilpailukyky-eurooppa-neuvosto-demokraattinen-resilienssi\"},\"author\":{\"name\":\"Admin\",\"@id\":\"https:\/\/www.eurooppalainensuomi.fi\/#\/schema\/person\/42824760f66031a9671691f8a3cc4931\"},\"headline\":\"EU:n viikko 12\/2026: Kilpailukyky | Eurooppa-neuvosto | Demokraattinen resilienssi\",\"datePublished\":\"2026-03-16T10:32:36+00:00\",\"dateModified\":\"2026-03-16T10:32:38+00:00\",\"mainEntityOfPage\":{\"@id\":\"https:\/\/www.eurooppalainensuomi.fi\/eun-viikko-12-2026-kilpailukyky-eurooppa-neuvosto-demokraattinen-resilienssi\"},\"wordCount\":345,\"publisher\":{\"@id\":\"https:\/\/www.eurooppalainensuomi.fi\/#organization\"},\"keywords\":[\"EU\",\"neuvosto\"],\"articleSection\":[\"Ajankohtaista\",\"EU:n viikko\"],\"inLanguage\":\"en\"},{\"@type\":\"WebPage\",\"@id\":\"https:\/\/www.eurooppalainensuomi.fi\/eun-viikko-12-2026-kilpailukyky-eurooppa-neuvosto-demokraattinen-resilienssi\",\"url\":\"https:\/\/www.eurooppalainensuomi.fi\/eun-viikko-12-2026-kilpailukyky-eurooppa-neuvosto-demokraattinen-resilienssi\",\"name\":\"EU:n viikko 12\/2026: Kilpailukyky | Eurooppa-neuvosto | Demokraattinen resilienssi - Eurooppalainen Suomi\",\"isPartOf\":{\"@id\":\"https:\/\/www.eurooppalainensuomi.fi\/#website\"},\"datePublished\":\"2026-03-16T10:32:36+00:00\",\"dateModified\":\"2026-03-16T10:32:38+00:00\",\"description\":\"T\u00e4ll\u00e4 viikolla j\u00e4senmaiden johtajan kokoontuvat Eurooppa-neuvostoon ja europarlamentaarikot valiokuntakokouksiin.\",\"breadcrumb\":{\"@id\":\"https:\/\/www.eurooppalainensuomi.fi\/eun-viikko-12-2026-kilpailukyky-eurooppa-neuvosto-demokraattinen-resilienssi#breadcrumb\"},\"inLanguage\":\"en\",\"potentialAction\":[{\"@type\":\"ReadAction\",\"target\":[\"https:\/\/www.eurooppalainensuomi.fi\/eun-viikko-12-2026-kilpailukyky-eurooppa-neuvosto-demokraattinen-resilienssi\"]}]},{\"@type\":\"BreadcrumbList\",\"@id\":\"https:\/\/www.eurooppalainensuomi.fi\/eun-viikko-12-2026-kilpailukyky-eurooppa-neuvosto-demokraattinen-resilienssi#breadcrumb\",\"itemListElement\":[{\"@type\":\"ListItem\",\"position\":1,\"name\":\"Etusivu\",\"item\":\"https:\/\/www.eurooppalainensuomi.fi\/\"},{\"@type\":\"ListItem\",\"position\":2,\"name\":\"EU:n viikko 12\/2026: Kilpailukyky | Eurooppa-neuvosto | Demokraattinen resilienssi\"}]},{\"@type\":\"WebSite\",\"@id\":\"https:\/\/www.eurooppalainensuomi.fi\/#website\",\"url\":\"https:\/\/www.eurooppalainensuomi.fi\/\",\"name\":\"Eurooppalainen Suomi\",\"description\":\"Parempaa Eurooppaa rakentamassa\",\"publisher\":{\"@id\":\"https:\/\/www.eurooppalainensuomi.fi\/#organization\"},\"potentialAction\":[{\"@type\":\"SearchAction\",\"target\":{\"@type\":\"EntryPoint\",\"urlTemplate\":\"https:\/\/www.eurooppalainensuomi.fi\/?s={search_term_string}\"},\"query-input\":\"required name=search_term_string\"}],\"inLanguage\":\"en\"},{\"@type\":\"Organization\",\"@id\":\"https:\/\/www.eurooppalainensuomi.fi\/#organization\",\"name\":\"Eurooppalainen Suomi ry\",\"url\":\"https:\/\/www.eurooppalainensuomi.fi\/\",\"logo\":{\"@type\":\"ImageObject\",\"inLanguage\":\"en\",\"@id\":\"https:\/\/www.eurooppalainensuomi.fi\/#\/schema\/logo\/image\/\",\"url\":\"https:\/\/www.eurooppalainensuomi.fi\/wp-content\/uploads\/2021\/01\/PNG_large.png\",\"contentUrl\":\"https:\/\/www.eurooppalainensuomi.fi\/wp-content\/uploads\/2021\/01\/PNG_large.png\",\"width\":586,\"height\":220,\"caption\":\"Eurooppalainen Suomi ry\"},\"image\":{\"@id\":\"https:\/\/www.eurooppalainensuomi.fi\/#\/schema\/logo\/image\/\"},\"sameAs\":[\"https:\/\/instagram.com\/eurooppalainensuomi\",\"https:\/\/www.youtube.com\/channel\/UCBeqyrm1ze2RinjeAYS_-Jg\",\"https:\/\/fi.wikipedia.org\/wiki\/Eurooppalainen_Suomi\",\"https:\/\/www.facebook.com\/eurooppalainensuomi\",\"https:\/\/twitter.com\/em_finland\"]},{\"@type\":\"Person\",\"@id\":\"https:\/\/www.eurooppalainensuomi.fi\/#\/schema\/person\/42824760f66031a9671691f8a3cc4931\",\"name\":\"Admin\",\"image\":{\"@type\":\"ImageObject\",\"inLanguage\":\"en\",\"@id\":\"https:\/\/www.eurooppalainensuomi.fi\/#\/schema\/person\/image\/\",\"url\":\"https:\/\/secure.gravatar.com\/avatar\/2a869497ae566d1e62d81a21a923ac47?s=96&d=mm&r=g\",\"contentUrl\":\"https:\/\/secure.gravatar.com\/avatar\/2a869497ae566d1e62d81a21a923ac47?s=96&d=mm&r=g\",\"caption\":\"Admin\"}}]}<\/script>\n<!-- \/ Yoast SEO plugin. -->","yoast_head_json":{"title":"EU:n viikko 12\/2026: Kilpailukyky | Eurooppa-neuvosto | Demokraattinen resilienssi - Eurooppalainen Suomi","description":"T\u00e4ll\u00e4 viikolla j\u00e4senmaiden johtajan kokoontuvat Eurooppa-neuvostoon ja europarlamentaarikot valiokuntakokouksiin.","robots":{"index":"index","follow":"follow","max-snippet":"max-snippet:-1","max-image-preview":"max-image-preview:large","max-video-preview":"max-video-preview:-1"},"canonical":"https:\/\/www.eurooppalainensuomi.fi\/eun-viikko-12-2026-kilpailukyky-eurooppa-neuvosto-demokraattinen-resilienssi","og_locale":"en_US","og_type":"article","og_title":"EU:n viikko 12\/2026: Kilpailukyky | Eurooppa-neuvosto | Demokraattinen resilienssi - Eurooppalainen Suomi","og_description":"T\u00e4ll\u00e4 viikolla j\u00e4senmaiden johtajan kokoontuvat Eurooppa-neuvostoon ja europarlamentaarikot valiokuntakokouksiin.","og_url":"https:\/\/www.eurooppalainensuomi.fi\/eun-viikko-12-2026-kilpailukyky-eurooppa-neuvosto-demokraattinen-resilienssi","og_site_name":"Eurooppalainen Suomi","article_publisher":"https:\/\/www.facebook.com\/eurooppalainensuomi","article_published_time":"2026-03-16T10:32:36+00:00","article_modified_time":"2026-03-16T10:32:38+00:00","og_image":[{"width":1024,"height":576,"url":"https:\/\/www.eurooppalainensuomi.fi\/wp-content\/uploads\/2025\/12\/Uutiset-1-1024x576.jpg","type":"image\/jpeg"}],"author":"Admin","twitter_card":"summary_large_image","twitter_creator":"@em_finland","twitter_site":"@em_finland","twitter_misc":{"Written by":"Admin","Est. reading time":"2 minutes"},"schema":{"@context":"https:\/\/schema.org","@graph":[{"@type":"Article","@id":"https:\/\/www.eurooppalainensuomi.fi\/eun-viikko-12-2026-kilpailukyky-eurooppa-neuvosto-demokraattinen-resilienssi#article","isPartOf":{"@id":"https:\/\/www.eurooppalainensuomi.fi\/eun-viikko-12-2026-kilpailukyky-eurooppa-neuvosto-demokraattinen-resilienssi"},"author":{"name":"Admin","@id":"https:\/\/www.eurooppalainensuomi.fi\/#\/schema\/person\/42824760f66031a9671691f8a3cc4931"},"headline":"EU:n viikko 12\/2026: Kilpailukyky | Eurooppa-neuvosto | Demokraattinen resilienssi","datePublished":"2026-03-16T10:32:36+00:00","dateModified":"2026-03-16T10:32:38+00:00","mainEntityOfPage":{"@id":"https:\/\/www.eurooppalainensuomi.fi\/eun-viikko-12-2026-kilpailukyky-eurooppa-neuvosto-demokraattinen-resilienssi"},"wordCount":345,"publisher":{"@id":"https:\/\/www.eurooppalainensuomi.fi\/#organization"},"keywords":["EU","neuvosto"],"articleSection":["Ajankohtaista","EU:n viikko"],"inLanguage":"en"},{"@type":"WebPage","@id":"https:\/\/www.eurooppalainensuomi.fi\/eun-viikko-12-2026-kilpailukyky-eurooppa-neuvosto-demokraattinen-resilienssi","url":"https:\/\/www.eurooppalainensuomi.fi\/eun-viikko-12-2026-kilpailukyky-eurooppa-neuvosto-demokraattinen-resilienssi","name":"EU:n viikko 12\/2026: Kilpailukyky | Eurooppa-neuvosto | Demokraattinen resilienssi - Eurooppalainen Suomi","isPartOf":{"@id":"https:\/\/www.eurooppalainensuomi.fi\/#website"},"datePublished":"2026-03-16T10:32:36+00:00","dateModified":"2026-03-16T10:32:38+00:00","description":"T\u00e4ll\u00e4 viikolla j\u00e4senmaiden johtajan kokoontuvat Eurooppa-neuvostoon ja europarlamentaarikot valiokuntakokouksiin.","breadcrumb":{"@id":"https:\/\/www.eurooppalainensuomi.fi\/eun-viikko-12-2026-kilpailukyky-eurooppa-neuvosto-demokraattinen-resilienssi#breadcrumb"},"inLanguage":"en","potentialAction":[{"@type":"ReadAction","target":["https:\/\/www.eurooppalainensuomi.fi\/eun-viikko-12-2026-kilpailukyky-eurooppa-neuvosto-demokraattinen-resilienssi"]}]},{"@type":"BreadcrumbList","@id":"https:\/\/www.eurooppalainensuomi.fi\/eun-viikko-12-2026-kilpailukyky-eurooppa-neuvosto-demokraattinen-resilienssi#breadcrumb","itemListElement":[{"@type":"ListItem","position":1,"name":"Etusivu","item":"https:\/\/www.eurooppalainensuomi.fi\/"},{"@type":"ListItem","position":2,"name":"EU:n viikko 12\/2026: Kilpailukyky | Eurooppa-neuvosto | Demokraattinen resilienssi"}]},{"@type":"WebSite","@id":"https:\/\/www.eurooppalainensuomi.fi\/#website","url":"https:\/\/www.eurooppalainensuomi.fi\/","name":"Eurooppalainen Suomi","description":"Parempaa Eurooppaa rakentamassa","publisher":{"@id":"https:\/\/www.eurooppalainensuomi.fi\/#organization"},"potentialAction":[{"@type":"SearchAction","target":{"@type":"EntryPoint","urlTemplate":"https:\/\/www.eurooppalainensuomi.fi\/?s={search_term_string}"},"query-input":"required name=search_term_string"}],"inLanguage":"en"},{"@type":"Organization","@id":"https:\/\/www.eurooppalainensuomi.fi\/#organization","name":"Eurooppalainen Suomi ry","url":"https:\/\/www.eurooppalainensuomi.fi\/","logo":{"@type":"ImageObject","inLanguage":"en","@id":"https:\/\/www.eurooppalainensuomi.fi\/#\/schema\/logo\/image\/","url":"https:\/\/www.eurooppalainensuomi.fi\/wp-content\/uploads\/2021\/01\/PNG_large.png","contentUrl":"https:\/\/www.eurooppalainensuomi.fi\/wp-content\/uploads\/2021\/01\/PNG_large.png","width":586,"height":220,"caption":"Eurooppalainen Suomi ry"},"image":{"@id":"https:\/\/www.eurooppalainensuomi.fi\/#\/schema\/logo\/image\/"},"sameAs":["https:\/\/instagram.com\/eurooppalainensuomi","https:\/\/www.youtube.com\/channel\/UCBeqyrm1ze2RinjeAYS_-Jg","https:\/\/fi.wikipedia.org\/wiki\/Eurooppalainen_Suomi","https:\/\/www.facebook.com\/eurooppalainensuomi","https:\/\/twitter.com\/em_finland"]},{"@type":"Person","@id":"https:\/\/www.eurooppalainensuomi.fi\/#\/schema\/person\/42824760f66031a9671691f8a3cc4931","name":"Admin","image":{"@type":"ImageObject","inLanguage":"en","@id":"https:\/\/www.eurooppalainensuomi.fi\/#\/schema\/person\/image\/","url":"https:\/\/secure.gravatar.com\/avatar\/2a869497ae566d1e62d81a21a923ac47?s=96&d=mm&r=g","contentUrl":"https:\/\/secure.gravatar.com\/avatar\/2a869497ae566d1e62d81a21a923ac47?s=96&d=mm&r=g","caption":"Admin"}}]}},"jetpack_featured_media_url":"https:\/\/www.eurooppalainensuomi.fi\/wp-content\/uploads\/2025\/12\/Uutiset-1.jpg","_links":{"self":[{"href":"https:\/\/www.eurooppalainensuomi.fi\/index.php?rest_route=\/wp\/v2\/posts\/7890"}],"collection":[{"href":"https:\/\/www.eurooppalainensuomi.fi\/index.php?rest_route=\/wp\/v2\/posts"}],"about":[{"href":"https:\/\/www.eurooppalainensuomi.fi\/index.php?rest_route=\/wp\/v2\/types\/post"}],"author":[{"embeddable":true,"href":"https:\/\/www.eurooppalainensuomi.fi\/index.php?rest_route=\/wp\/v2\/users\/8"}],"replies":[{"embeddable":true,"href":"https:\/\/www.eurooppalainensuomi.fi\/index.php?rest_route=%2Fwp%2Fv2%2Fcomments&post=7890"}],"version-history":[{"count":1,"href":"https:\/\/www.eurooppalainensuomi.fi\/index.php?rest_route=\/wp\/v2\/posts\/7890\/revisions"}],"predecessor-version":[{"id":7891,"href":"https:\/\/www.eurooppalainensuomi.fi\/index.php?rest_route=\/wp\/v2\/posts\/7890\/revisions\/7891"}],"wp:featuredmedia":[{"embeddable":true,"href":"https:\/\/www.eurooppalainensuomi.fi\/index.php?rest_route=\/wp\/v2\/media\/7677"}],"wp:attachment":[{"href":"https:\/\/www.eurooppalainensuomi.fi\/index.php?rest_route=%2Fwp%2Fv2%2Fmedia&parent=7890"}],"wp:term":[{"taxonomy":"category","embeddable":true,"href":"https:\/\/www.eurooppalainensuomi.fi\/index.php?rest_route=%2Fwp%2Fv2%2Fcategories&post=7890"},{"taxonomy":"post_tag","embeddable":true,"href":"https:\/\/www.eurooppalainensuomi.fi\/index.php?rest_route=%2Fwp%2Fv2%2Ftags&post=7890"}],"curies":[{"name":"wp","href":"https:\/\/api.w.org\/{rel}","templated":true}]}}