{"id":7888,"date":"2026-03-09T11:31:49","date_gmt":"2026-03-09T09:31:49","guid":{"rendered":"https:\/\/www.eurooppalainensuomi.fi\/?p=7888"},"modified":"2026-03-09T11:31:50","modified_gmt":"2026-03-09T09:31:50","slug":"eun-viikko-11-2026-sukupuolten-tasa-arvo-lahi-ita-energiasiirtyma","status":"publish","type":"post","link":"https:\/\/www.eurooppalainensuomi.fi\/eun-viikko-11-2026-sukupuolten-tasa-arvo-lahi-ita-energiasiirtyma","title":{"rendered":"EU:n viikko 11\/2026: Sukupuolten tasa-arvo | L\u00e4hi-it\u00e4 | Energiasiirtym\u00e4"},"content":{"rendered":"\n<p>Euroopan parlamentin j\u00e4senet kokoontuvat t\u00e4ll\u00e4 viikolla Strasbourgiin t\u00e4ysistuntoviikolle keskustelemaan ja&nbsp; \u00e4\u00e4nest\u00e4m\u00e4\u00e4n useista aiheista, mukaan lukien sukupuolten tasa-arvo ja L\u00e4hi-id\u00e4n tilanne. Tiistaina EU-komissaarit kokoontuvat Strasbourgiin esitell\u00e4kseen joukon energia-aloitteita, joihin kuuluvat puhtaan energian investointistrategia sek\u00e4 kansalaisten energiapaketti. Keskiviikkona talous- ja rahoitusasioiden neuvostossa (ECOFIN) ministerit vaihtavat n\u00e4kemyksi\u00e4 EU:n s\u00e4\u00e4st\u00f6- ja investointiunionista sek\u00e4 Ven\u00e4j\u00e4n Ukrainaan kohdistaman hy\u00f6kk\u00e4yssodan taloudellisista vaikutuksista. Samana p\u00e4iv\u00e4n\u00e4 ja torstaina Kyproksen puheenjohtajakausi j\u00e4rjest\u00e4\u00e4 ep\u00e4virallisen ulkoasiainneuvoston kokouksen, jossa puolustusministerit keskustelevat ajankohtaisista ja nousevista turvallisuushaasteista.<\/p>\n\n\n\n<h3><strong>Euroopan parlamentti<\/strong><\/h3>\n\n\n\n<p>Maanantaina Euroopan parlamentin j\u00e4senet k\u00e4yv\u00e4t keskustelun sukupuolten palkka- ja el\u00e4ke-eroista Euroopan unionissa keskittyen nykytilanteeseen, tuleviin haasteisiin ja jatkotoimiin. He keskustelevat my\u00f6s ohjeistusten kehitt\u00e4misest\u00e4 naisvaltaisten alojen ty\u00f6n parempaa arviointia ja oikeudenmukaisempaa palkkausta varten.<\/p>\n\n\n\n<p>Tiistaina Euroopan parlamentin j\u00e4senet kuulevat neuvoston ja komission lausunnot sis\u00e4markkinoista ja keskustelevat siit\u00e4, kuinka siirty\u00e4 keskener\u00e4isist\u00e4 sis\u00e4markkinoista kohti yht\u00e4 markkinaa yhdelle Euroopalle. Samana p\u00e4iv\u00e4n\u00e4 pidet\u00e4\u00e4n my\u00f6s keskustelu kansainv\u00e4lisen naistenp\u00e4iv\u00e4n juhlistamiseksi.<\/p>\n\n\n\n<p>Keskiviikkona parlamentin j\u00e4senet keskustelevat tulevan Eurooppa-neuvoston kokouksen valmisteluista sek\u00e4 L\u00e4hi-id\u00e4n tilanteesta neuvoston ja komission lausuntojen pohjalta.<\/p>\n\n\n\n<p>Torstaina parlamentin j\u00e4senet keskustelevat rautatieliikenteen turvallisuudesta Euroopan unionissa komission lausunnon pohjalta.<\/p>\n\n\n\n<h3><strong>Euroopan komissio<\/strong><\/h3>\n\n\n\n<p>Maanantaina unionin ulkoasioiden ja turvallisuuspolitiikan korkea edustaja Kaja Kallas tapaa Naton p\u00e4\u00e4sihteerin Mark Rutte Brysseliss\u00e4.<\/p>\n\n\n\n<p>Keskiviikkona komissaari Hadja Lahbib tapaa eurooppalaisten kansalaisj\u00e4rjest\u00f6jen edustajia New Yorkissa.<\/p>\n\n\n\n<p>Torstaina komission varapuheenjohtaja Henna Virkkunen tapaa Antti Herlinin sek\u00e4 Climate Leadership Coalitionin edustajia Suomessa. Samana p\u00e4iv\u00e4n\u00e4 komissaari Hadja Lahbib tapaa New Yorkissa UN Womenin p\u00e4\u00e4johtajan Sima Sami Bahousin.<\/p>\n\n\n\n<h3><strong>Euroopan unionin neuvosto<\/strong><\/h3>\n\n\n\n<p>Maanantaina ty\u00f6llisyys-, sosiaali-, terveys- ja kuluttaja-asioiden neuvostossa (EPSCO) ministerit keskustelevat lasten hyvinvoinnista, sosiaalisesta osallisuudesta ja inhimillisest\u00e4 p\u00e4\u00e4omasta sek\u00e4 vaihtavat n\u00e4kemyksi\u00e4 teko\u00e4lyst\u00e4 ja laadukkaista ty\u00f6paikoista.<\/p>\n\n\n\n<p>Tiistaina talous- ja rahoitusasioiden neuvostossa (ECOFIN) ministerit keskustelevat EU:n s\u00e4\u00e4st\u00f6- ja investointiunionista sek\u00e4 Ven\u00e4j\u00e4n Ukrainaan kohdistaman hy\u00f6kk\u00e4yssodan taloudellisista vaikutuksista.<\/p>\n\n\n\n<p>Keskiviikkona ja torstaina Kyproksen puheenjohtajakausi j\u00e4rjest\u00e4\u00e4 ep\u00e4virallisen ulkoasiainneuvoston kokouksen Lefkosiassa. Kokouksessa puolustusministerit keskustelevat ajankohtaisista ja nousevista turvallisuushaasteista keskittyen puolustusvalmiuteen ja Euroopan unionin koordinoituihin toimiin muuttuvassa turvallisuusymp\u00e4rist\u00f6ss\u00e4.<\/p>\n","protected":false},"excerpt":{"rendered":"<p>Euroopan parlamentin j\u00e4senet kokoontuvat t\u00e4ll\u00e4 viikolla Strasbourgiin t\u00e4ysistuntoviikolle keskustelemaan ja&nbsp; \u00e4\u00e4nest\u00e4m\u00e4\u00e4n useista aiheista, mukaan lukien sukupuolten tasa-arvo ja L\u00e4hi-id\u00e4n tilanne. Tiistaina EU-komissaarit kokoontuvat Strasbourgiin esitell\u00e4kseen joukon energia-aloitteita, joihin kuuluvat puhtaan energian investointistrategia sek\u00e4 kansalaisten energiapaketti. Keskiviikkona talous- ja rahoitusasioiden neuvostossa (ECOFIN) ministerit vaihtavat n\u00e4kemyksi\u00e4 EU:n s\u00e4\u00e4st\u00f6- ja investointiunionista sek\u00e4 Ven\u00e4j\u00e4n Ukrainaan kohdistaman hy\u00f6kk\u00e4yssodan taloudellisista vaikutuksista. [&hellip;]<\/p>\n","protected":false},"author":8,"featured_media":7677,"comment_status":"closed","ping_status":"closed","sticky":false,"template":"","format":"standard","meta":{"_et_pb_use_builder":"off","_et_pb_old_content":"","_et_gb_content_width":""},"categories":[8,123],"tags":[12,139,140],"yoast_head":"<!-- This site is optimized with the Yoast SEO plugin v19.13 - https:\/\/yoast.com\/wordpress\/plugins\/seo\/ -->\n<title>EU:n viikko 11\/2026: Sukupuolten tasa-arvo | L\u00e4hi-it\u00e4 | Energiasiirtym\u00e4 - Eurooppalainen Suomi<\/title>\n<meta name=\"description\" content=\"T\u00e4ll\u00e4 viikolla Euroopan parlamentti kokoontuu t\u00e4ysistuntoon Strasbourgissa. Viikon aiheita ovat mm. kansainv\u00e4linen naistenp\u00e4iv\u00e4 ja L\u00e4hi-id\u00e4n tilanne.\" \/>\n<meta name=\"robots\" content=\"index, follow, max-snippet:-1, max-image-preview:large, max-video-preview:-1\" \/>\n<link rel=\"canonical\" href=\"https:\/\/www.eurooppalainensuomi.fi\/eun-viikko-11-2026-sukupuolten-tasa-arvo-lahi-ita-energiasiirtyma\" \/>\n<meta property=\"og:locale\" content=\"en_US\" \/>\n<meta property=\"og:type\" content=\"article\" \/>\n<meta property=\"og:title\" content=\"EU:n viikko 11\/2026: Sukupuolten tasa-arvo | L\u00e4hi-it\u00e4 | Energiasiirtym\u00e4 - Eurooppalainen Suomi\" \/>\n<meta property=\"og:description\" content=\"T\u00e4ll\u00e4 viikolla Euroopan parlamentti kokoontuu t\u00e4ysistuntoon Strasbourgissa. Viikon aiheita ovat mm. kansainv\u00e4linen naistenp\u00e4iv\u00e4 ja L\u00e4hi-id\u00e4n tilanne.\" \/>\n<meta property=\"og:url\" content=\"https:\/\/www.eurooppalainensuomi.fi\/eun-viikko-11-2026-sukupuolten-tasa-arvo-lahi-ita-energiasiirtyma\" \/>\n<meta property=\"og:site_name\" content=\"Eurooppalainen Suomi\" \/>\n<meta property=\"article:publisher\" content=\"https:\/\/www.facebook.com\/eurooppalainensuomi\" \/>\n<meta property=\"article:published_time\" content=\"2026-03-09T09:31:49+00:00\" \/>\n<meta property=\"article:modified_time\" content=\"2026-03-09T09:31:50+00:00\" \/>\n<meta property=\"og:image\" content=\"https:\/\/www.eurooppalainensuomi.fi\/wp-content\/uploads\/2025\/12\/Uutiset-1-1024x576.jpg\" \/>\n\t<meta property=\"og:image:width\" content=\"1024\" \/>\n\t<meta property=\"og:image:height\" content=\"576\" \/>\n\t<meta property=\"og:image:type\" content=\"image\/jpeg\" \/>\n<meta name=\"author\" content=\"Admin\" \/>\n<meta name=\"twitter:card\" content=\"summary_large_image\" \/>\n<meta name=\"twitter:creator\" content=\"@em_finland\" \/>\n<meta name=\"twitter:site\" content=\"@em_finland\" \/>\n<meta name=\"twitter:label1\" content=\"Written by\" \/>\n\t<meta name=\"twitter:data1\" content=\"Admin\" \/>\n\t<meta name=\"twitter:label2\" content=\"Est. reading time\" \/>\n\t<meta name=\"twitter:data2\" content=\"2 minutes\" \/>\n<script type=\"application\/ld+json\" class=\"yoast-schema-graph\">{\"@context\":\"https:\/\/schema.org\",\"@graph\":[{\"@type\":\"Article\",\"@id\":\"https:\/\/www.eurooppalainensuomi.fi\/eun-viikko-11-2026-sukupuolten-tasa-arvo-lahi-ita-energiasiirtyma#article\",\"isPartOf\":{\"@id\":\"https:\/\/www.eurooppalainensuomi.fi\/eun-viikko-11-2026-sukupuolten-tasa-arvo-lahi-ita-energiasiirtyma\"},\"author\":{\"name\":\"Admin\",\"@id\":\"https:\/\/www.eurooppalainensuomi.fi\/#\/schema\/person\/42824760f66031a9671691f8a3cc4931\"},\"headline\":\"EU:n viikko 11\/2026: Sukupuolten tasa-arvo | L\u00e4hi-it\u00e4 | Energiasiirtym\u00e4\",\"datePublished\":\"2026-03-09T09:31:49+00:00\",\"dateModified\":\"2026-03-09T09:31:50+00:00\",\"mainEntityOfPage\":{\"@id\":\"https:\/\/www.eurooppalainensuomi.fi\/eun-viikko-11-2026-sukupuolten-tasa-arvo-lahi-ita-energiasiirtyma\"},\"wordCount\":363,\"publisher\":{\"@id\":\"https:\/\/www.eurooppalainensuomi.fi\/#organization\"},\"keywords\":[\"EU\",\"EU:n viikko\",\"T\u00e4ysistunto\"],\"articleSection\":[\"Ajankohtaista\",\"EU:n viikko\"],\"inLanguage\":\"en\"},{\"@type\":\"WebPage\",\"@id\":\"https:\/\/www.eurooppalainensuomi.fi\/eun-viikko-11-2026-sukupuolten-tasa-arvo-lahi-ita-energiasiirtyma\",\"url\":\"https:\/\/www.eurooppalainensuomi.fi\/eun-viikko-11-2026-sukupuolten-tasa-arvo-lahi-ita-energiasiirtyma\",\"name\":\"EU:n viikko 11\/2026: Sukupuolten tasa-arvo | L\u00e4hi-it\u00e4 | Energiasiirtym\u00e4 - Eurooppalainen Suomi\",\"isPartOf\":{\"@id\":\"https:\/\/www.eurooppalainensuomi.fi\/#website\"},\"datePublished\":\"2026-03-09T09:31:49+00:00\",\"dateModified\":\"2026-03-09T09:31:50+00:00\",\"description\":\"T\u00e4ll\u00e4 viikolla Euroopan parlamentti kokoontuu t\u00e4ysistuntoon Strasbourgissa. Viikon aiheita ovat mm. kansainv\u00e4linen naistenp\u00e4iv\u00e4 ja L\u00e4hi-id\u00e4n tilanne.\",\"breadcrumb\":{\"@id\":\"https:\/\/www.eurooppalainensuomi.fi\/eun-viikko-11-2026-sukupuolten-tasa-arvo-lahi-ita-energiasiirtyma#breadcrumb\"},\"inLanguage\":\"en\",\"potentialAction\":[{\"@type\":\"ReadAction\",\"target\":[\"https:\/\/www.eurooppalainensuomi.fi\/eun-viikko-11-2026-sukupuolten-tasa-arvo-lahi-ita-energiasiirtyma\"]}]},{\"@type\":\"BreadcrumbList\",\"@id\":\"https:\/\/www.eurooppalainensuomi.fi\/eun-viikko-11-2026-sukupuolten-tasa-arvo-lahi-ita-energiasiirtyma#breadcrumb\",\"itemListElement\":[{\"@type\":\"ListItem\",\"position\":1,\"name\":\"Etusivu\",\"item\":\"https:\/\/www.eurooppalainensuomi.fi\/\"},{\"@type\":\"ListItem\",\"position\":2,\"name\":\"EU:n viikko 11\/2026: Sukupuolten tasa-arvo | L\u00e4hi-it\u00e4 | Energiasiirtym\u00e4\"}]},{\"@type\":\"WebSite\",\"@id\":\"https:\/\/www.eurooppalainensuomi.fi\/#website\",\"url\":\"https:\/\/www.eurooppalainensuomi.fi\/\",\"name\":\"Eurooppalainen Suomi\",\"description\":\"Parempaa Eurooppaa rakentamassa\",\"publisher\":{\"@id\":\"https:\/\/www.eurooppalainensuomi.fi\/#organization\"},\"potentialAction\":[{\"@type\":\"SearchAction\",\"target\":{\"@type\":\"EntryPoint\",\"urlTemplate\":\"https:\/\/www.eurooppalainensuomi.fi\/?s={search_term_string}\"},\"query-input\":\"required name=search_term_string\"}],\"inLanguage\":\"en\"},{\"@type\":\"Organization\",\"@id\":\"https:\/\/www.eurooppalainensuomi.fi\/#organization\",\"name\":\"Eurooppalainen Suomi ry\",\"url\":\"https:\/\/www.eurooppalainensuomi.fi\/\",\"logo\":{\"@type\":\"ImageObject\",\"inLanguage\":\"en\",\"@id\":\"https:\/\/www.eurooppalainensuomi.fi\/#\/schema\/logo\/image\/\",\"url\":\"https:\/\/www.eurooppalainensuomi.fi\/wp-content\/uploads\/2021\/01\/PNG_large.png\",\"contentUrl\":\"https:\/\/www.eurooppalainensuomi.fi\/wp-content\/uploads\/2021\/01\/PNG_large.png\",\"width\":586,\"height\":220,\"caption\":\"Eurooppalainen Suomi ry\"},\"image\":{\"@id\":\"https:\/\/www.eurooppalainensuomi.fi\/#\/schema\/logo\/image\/\"},\"sameAs\":[\"https:\/\/instagram.com\/eurooppalainensuomi\",\"https:\/\/www.youtube.com\/channel\/UCBeqyrm1ze2RinjeAYS_-Jg\",\"https:\/\/fi.wikipedia.org\/wiki\/Eurooppalainen_Suomi\",\"https:\/\/www.facebook.com\/eurooppalainensuomi\",\"https:\/\/twitter.com\/em_finland\"]},{\"@type\":\"Person\",\"@id\":\"https:\/\/www.eurooppalainensuomi.fi\/#\/schema\/person\/42824760f66031a9671691f8a3cc4931\",\"name\":\"Admin\",\"image\":{\"@type\":\"ImageObject\",\"inLanguage\":\"en\",\"@id\":\"https:\/\/www.eurooppalainensuomi.fi\/#\/schema\/person\/image\/\",\"url\":\"https:\/\/secure.gravatar.com\/avatar\/2a869497ae566d1e62d81a21a923ac47?s=96&d=mm&r=g\",\"contentUrl\":\"https:\/\/secure.gravatar.com\/avatar\/2a869497ae566d1e62d81a21a923ac47?s=96&d=mm&r=g\",\"caption\":\"Admin\"}}]}<\/script>\n<!-- \/ Yoast SEO plugin. -->","yoast_head_json":{"title":"EU:n viikko 11\/2026: Sukupuolten tasa-arvo | L\u00e4hi-it\u00e4 | Energiasiirtym\u00e4 - Eurooppalainen Suomi","description":"T\u00e4ll\u00e4 viikolla Euroopan parlamentti kokoontuu t\u00e4ysistuntoon Strasbourgissa. Viikon aiheita ovat mm. kansainv\u00e4linen naistenp\u00e4iv\u00e4 ja L\u00e4hi-id\u00e4n tilanne.","robots":{"index":"index","follow":"follow","max-snippet":"max-snippet:-1","max-image-preview":"max-image-preview:large","max-video-preview":"max-video-preview:-1"},"canonical":"https:\/\/www.eurooppalainensuomi.fi\/eun-viikko-11-2026-sukupuolten-tasa-arvo-lahi-ita-energiasiirtyma","og_locale":"en_US","og_type":"article","og_title":"EU:n viikko 11\/2026: Sukupuolten tasa-arvo | L\u00e4hi-it\u00e4 | Energiasiirtym\u00e4 - Eurooppalainen Suomi","og_description":"T\u00e4ll\u00e4 viikolla Euroopan parlamentti kokoontuu t\u00e4ysistuntoon Strasbourgissa. Viikon aiheita ovat mm. kansainv\u00e4linen naistenp\u00e4iv\u00e4 ja L\u00e4hi-id\u00e4n tilanne.","og_url":"https:\/\/www.eurooppalainensuomi.fi\/eun-viikko-11-2026-sukupuolten-tasa-arvo-lahi-ita-energiasiirtyma","og_site_name":"Eurooppalainen Suomi","article_publisher":"https:\/\/www.facebook.com\/eurooppalainensuomi","article_published_time":"2026-03-09T09:31:49+00:00","article_modified_time":"2026-03-09T09:31:50+00:00","og_image":[{"width":1024,"height":576,"url":"https:\/\/www.eurooppalainensuomi.fi\/wp-content\/uploads\/2025\/12\/Uutiset-1-1024x576.jpg","type":"image\/jpeg"}],"author":"Admin","twitter_card":"summary_large_image","twitter_creator":"@em_finland","twitter_site":"@em_finland","twitter_misc":{"Written by":"Admin","Est. reading time":"2 minutes"},"schema":{"@context":"https:\/\/schema.org","@graph":[{"@type":"Article","@id":"https:\/\/www.eurooppalainensuomi.fi\/eun-viikko-11-2026-sukupuolten-tasa-arvo-lahi-ita-energiasiirtyma#article","isPartOf":{"@id":"https:\/\/www.eurooppalainensuomi.fi\/eun-viikko-11-2026-sukupuolten-tasa-arvo-lahi-ita-energiasiirtyma"},"author":{"name":"Admin","@id":"https:\/\/www.eurooppalainensuomi.fi\/#\/schema\/person\/42824760f66031a9671691f8a3cc4931"},"headline":"EU:n viikko 11\/2026: Sukupuolten tasa-arvo | L\u00e4hi-it\u00e4 | Energiasiirtym\u00e4","datePublished":"2026-03-09T09:31:49+00:00","dateModified":"2026-03-09T09:31:50+00:00","mainEntityOfPage":{"@id":"https:\/\/www.eurooppalainensuomi.fi\/eun-viikko-11-2026-sukupuolten-tasa-arvo-lahi-ita-energiasiirtyma"},"wordCount":363,"publisher":{"@id":"https:\/\/www.eurooppalainensuomi.fi\/#organization"},"keywords":["EU","EU:n viikko","T\u00e4ysistunto"],"articleSection":["Ajankohtaista","EU:n viikko"],"inLanguage":"en"},{"@type":"WebPage","@id":"https:\/\/www.eurooppalainensuomi.fi\/eun-viikko-11-2026-sukupuolten-tasa-arvo-lahi-ita-energiasiirtyma","url":"https:\/\/www.eurooppalainensuomi.fi\/eun-viikko-11-2026-sukupuolten-tasa-arvo-lahi-ita-energiasiirtyma","name":"EU:n viikko 11\/2026: Sukupuolten tasa-arvo | L\u00e4hi-it\u00e4 | Energiasiirtym\u00e4 - Eurooppalainen Suomi","isPartOf":{"@id":"https:\/\/www.eurooppalainensuomi.fi\/#website"},"datePublished":"2026-03-09T09:31:49+00:00","dateModified":"2026-03-09T09:31:50+00:00","description":"T\u00e4ll\u00e4 viikolla Euroopan parlamentti kokoontuu t\u00e4ysistuntoon Strasbourgissa. Viikon aiheita ovat mm. kansainv\u00e4linen naistenp\u00e4iv\u00e4 ja L\u00e4hi-id\u00e4n tilanne.","breadcrumb":{"@id":"https:\/\/www.eurooppalainensuomi.fi\/eun-viikko-11-2026-sukupuolten-tasa-arvo-lahi-ita-energiasiirtyma#breadcrumb"},"inLanguage":"en","potentialAction":[{"@type":"ReadAction","target":["https:\/\/www.eurooppalainensuomi.fi\/eun-viikko-11-2026-sukupuolten-tasa-arvo-lahi-ita-energiasiirtyma"]}]},{"@type":"BreadcrumbList","@id":"https:\/\/www.eurooppalainensuomi.fi\/eun-viikko-11-2026-sukupuolten-tasa-arvo-lahi-ita-energiasiirtyma#breadcrumb","itemListElement":[{"@type":"ListItem","position":1,"name":"Etusivu","item":"https:\/\/www.eurooppalainensuomi.fi\/"},{"@type":"ListItem","position":2,"name":"EU:n viikko 11\/2026: Sukupuolten tasa-arvo | L\u00e4hi-it\u00e4 | Energiasiirtym\u00e4"}]},{"@type":"WebSite","@id":"https:\/\/www.eurooppalainensuomi.fi\/#website","url":"https:\/\/www.eurooppalainensuomi.fi\/","name":"Eurooppalainen Suomi","description":"Parempaa Eurooppaa rakentamassa","publisher":{"@id":"https:\/\/www.eurooppalainensuomi.fi\/#organization"},"potentialAction":[{"@type":"SearchAction","target":{"@type":"EntryPoint","urlTemplate":"https:\/\/www.eurooppalainensuomi.fi\/?s={search_term_string}"},"query-input":"required name=search_term_string"}],"inLanguage":"en"},{"@type":"Organization","@id":"https:\/\/www.eurooppalainensuomi.fi\/#organization","name":"Eurooppalainen Suomi ry","url":"https:\/\/www.eurooppalainensuomi.fi\/","logo":{"@type":"ImageObject","inLanguage":"en","@id":"https:\/\/www.eurooppalainensuomi.fi\/#\/schema\/logo\/image\/","url":"https:\/\/www.eurooppalainensuomi.fi\/wp-content\/uploads\/2021\/01\/PNG_large.png","contentUrl":"https:\/\/www.eurooppalainensuomi.fi\/wp-content\/uploads\/2021\/01\/PNG_large.png","width":586,"height":220,"caption":"Eurooppalainen Suomi ry"},"image":{"@id":"https:\/\/www.eurooppalainensuomi.fi\/#\/schema\/logo\/image\/"},"sameAs":["https:\/\/instagram.com\/eurooppalainensuomi","https:\/\/www.youtube.com\/channel\/UCBeqyrm1ze2RinjeAYS_-Jg","https:\/\/fi.wikipedia.org\/wiki\/Eurooppalainen_Suomi","https:\/\/www.facebook.com\/eurooppalainensuomi","https:\/\/twitter.com\/em_finland"]},{"@type":"Person","@id":"https:\/\/www.eurooppalainensuomi.fi\/#\/schema\/person\/42824760f66031a9671691f8a3cc4931","name":"Admin","image":{"@type":"ImageObject","inLanguage":"en","@id":"https:\/\/www.eurooppalainensuomi.fi\/#\/schema\/person\/image\/","url":"https:\/\/secure.gravatar.com\/avatar\/2a869497ae566d1e62d81a21a923ac47?s=96&d=mm&r=g","contentUrl":"https:\/\/secure.gravatar.com\/avatar\/2a869497ae566d1e62d81a21a923ac47?s=96&d=mm&r=g","caption":"Admin"}}]}},"jetpack_featured_media_url":"https:\/\/www.eurooppalainensuomi.fi\/wp-content\/uploads\/2025\/12\/Uutiset-1.jpg","_links":{"self":[{"href":"https:\/\/www.eurooppalainensuomi.fi\/index.php?rest_route=\/wp\/v2\/posts\/7888"}],"collection":[{"href":"https:\/\/www.eurooppalainensuomi.fi\/index.php?rest_route=\/wp\/v2\/posts"}],"about":[{"href":"https:\/\/www.eurooppalainensuomi.fi\/index.php?rest_route=\/wp\/v2\/types\/post"}],"author":[{"embeddable":true,"href":"https:\/\/www.eurooppalainensuomi.fi\/index.php?rest_route=\/wp\/v2\/users\/8"}],"replies":[{"embeddable":true,"href":"https:\/\/www.eurooppalainensuomi.fi\/index.php?rest_route=%2Fwp%2Fv2%2Fcomments&post=7888"}],"version-history":[{"count":1,"href":"https:\/\/www.eurooppalainensuomi.fi\/index.php?rest_route=\/wp\/v2\/posts\/7888\/revisions"}],"predecessor-version":[{"id":7889,"href":"https:\/\/www.eurooppalainensuomi.fi\/index.php?rest_route=\/wp\/v2\/posts\/7888\/revisions\/7889"}],"wp:featuredmedia":[{"embeddable":true,"href":"https:\/\/www.eurooppalainensuomi.fi\/index.php?rest_route=\/wp\/v2\/media\/7677"}],"wp:attachment":[{"href":"https:\/\/www.eurooppalainensuomi.fi\/index.php?rest_route=%2Fwp%2Fv2%2Fmedia&parent=7888"}],"wp:term":[{"taxonomy":"category","embeddable":true,"href":"https:\/\/www.eurooppalainensuomi.fi\/index.php?rest_route=%2Fwp%2Fv2%2Fcategories&post=7888"},{"taxonomy":"post_tag","embeddable":true,"href":"https:\/\/www.eurooppalainensuomi.fi\/index.php?rest_route=%2Fwp%2Fv2%2Ftags&post=7888"}],"curies":[{"name":"wp","href":"https:\/\/api.w.org\/{rel}","templated":true}]}}