{"id":7882,"date":"2026-03-02T11:33:26","date_gmt":"2026-03-02T09:33:26","guid":{"rendered":"https:\/\/www.eurooppalainensuomi.fi\/?p=7882"},"modified":"2026-03-02T11:33:28","modified_gmt":"2026-03-02T09:33:28","slug":"eun-viikko-10-2026-iaa-kansainvalinen-naistenpaiva-sukupuolten-tasa-arvo","status":"publish","type":"post","link":"https:\/\/www.eurooppalainensuomi.fi\/eun-viikko-10-2026-iaa-kansainvalinen-naistenpaiva-sukupuolten-tasa-arvo","title":{"rendered":"EU:n viikko 10\/2026: IAA | Kansainv\u00e4linen naistenp\u00e4iv\u00e4 | Sukupuolten tasa-arvo"},"content":{"rendered":"\n<p>T\u00e4ll\u00e4 viikolla Euroopan parlamentti j\u00e4rjest\u00e4\u00e4 Brysseliss\u00e4 valiokuntakokouksia, joissa keskustellaan ja \u00e4\u00e4nestet\u00e4\u00e4n keskeisist\u00e4 kysymyksist\u00e4. Maanantaina European Movement International j\u00e4rjest\u00e4\u00e4 EESC:n kansalaisyhteiskuntaviikon paneelin, jossa pohditaan, miten Eurooppa voi vahvistaa yhteytt\u00e4\u00e4n kansalaisiin kasvavan eriarvoisuuden ja heikkenev\u00e4n luottamuksen keskell\u00e4. Maanantaina ja tiistaina Kyproksen puheenjohtajamaa is\u00e4nn\u00f6i ep\u00e4virallista Eurooppa-asioiden ministerikokousta, jossa keskustellaan seuraavasta monivuotisesta rahoituskehyksest\u00e4 ja EU:n laajentumisesta. Keskiviikkona EU-komissaarit kokoontuvat Brysseliin keskustelemaan teollisuuden kiihdytyss\u00e4\u00e4d\u00f6ksest\u00e4, EU:n teollisuus- ja satamastrategioista sek\u00e4 keskeisist\u00e4 sosiaalialoitteista. Torstaina oikeus- ja sis\u00e4asioiden neuvosto kokoontuu keskustelemaan Schengen-alueesta, muuttoliikkeest\u00e4, EU:n turvallisuudesta ja EU:n huumestrategiasta.<\/p>\n\n\n\n<p><strong>Euroopan parlamentti<\/strong><\/p>\n\n\n\n<p>Maanantaina kansalaisvapauksien sek\u00e4 oikeus- ja sis\u00e4asioiden valiokunta keskustelee eurooppalaisesta kansalaisaloitteesta, jolla pyrit\u00e4\u00e4n kielt\u00e4m\u00e4\u00e4n niin sanotut eheytysk\u00e4yt\u00e4nn\u00f6t, sek\u00e4 teko\u00e4lyst\u00e4 ja median moniarvoisuudesta. Samana p\u00e4iv\u00e4n\u00e4 talousarvion valvontavaliokunta \u00e4\u00e4nest\u00e4\u00e4 vuoden 2024 EU:n talousarvion vastuuvapausmenettelyst\u00e4 ja keskustelee Horisontti Eurooppa -ohjelmasta vuosille 2028\u20132034. Torstaina maatalouden ja maaseudun kehitt\u00e4misen valiokunta k\u00e4sittelee yhteist\u00e4 maatalouspolitiikkaa vuosille 2028\u20132034 ja Euroopan kilpailukykyrahastoa, ja kulttuuri- ja koulutusvaliokunta \u00e4\u00e4nest\u00e4\u00e4 teko\u00e4lys\u00e4\u00e4nt\u00f6jen yksinkertaistamisesta.<\/p>\n\n\n\n<p><strong>Euroopan komissio<\/strong><\/p>\n\n\n\n<p><br>Maanantaina komission puheenjohtaja Ursula von der Leyen tapaa Sveitsin valaliiton presidentin Guy Parmelinin Brysseliss\u00e4 allekirjoittaakseen laajan EU:n ja Sveitsin v\u00e4listen sopimusten kokonaisuuden. Keskiviikkona korkea edustaja ja komission varapuheenjohtaja Kaja Kallas osallistuu It\u00e4meren valtioiden neuvoston ulkoministerikokoukseen Varsovassa. Torstaina komissaari Hadja Lahbib osallistuu Euroopan parlamentin FEMM-valiokunnan j\u00e4rjest\u00e4m\u00e4\u00e4n vuoden 2026 kansainv\u00e4lisen naistenp\u00e4iv\u00e4n tilaisuuteen Brysseliss\u00e4.<\/p>\n\n\n\n<p><strong>Euroopan unionin neuvosto<\/strong><\/p>\n\n\n\n<p><br>Maanantaina ja tiistaina Kyproksen puheenjohtajamaa j\u00e4rjest\u00e4\u00e4 ep\u00e4virallisen Eurooppa-asioiden ministerikokouksen, jossa keskustellaan seuraavasta monivuotisesta rahoituskehyksest\u00e4, ulkomaiselta informaatiovaikuttamiselta suojautumisesta sek\u00e4 EU:n laajentumisesta. Torstaina oikeus- ja sis\u00e4asioiden neuvoston ministerit kokoontuvat keskustelemaan Schengen-alueen tilanteesta keskittyen vuosien 2025\u20132026 prioriteettien toimeenpanoon, palautuspolitiikkaan ja EU:n viisumistrategiaan. Lis\u00e4ksi esill\u00e4 ovat keskeiset muuttoliikekysymykset sek\u00e4 Europolin tulevaisuutta koskeva strateginen ohjaus.<\/p>\n","protected":false},"excerpt":{"rendered":"<p>T\u00e4ll\u00e4 viikolla Euroopan parlamentti j\u00e4rjest\u00e4\u00e4 Brysseliss\u00e4 valiokuntakokouksia, joissa keskustellaan ja \u00e4\u00e4nestet\u00e4\u00e4n keskeisist\u00e4 kysymyksist\u00e4. Maanantaina European Movement International j\u00e4rjest\u00e4\u00e4 EESC:n kansalaisyhteiskuntaviikon paneelin, jossa pohditaan, miten Eurooppa voi vahvistaa yhteytt\u00e4\u00e4n kansalaisiin kasvavan eriarvoisuuden ja heikkenev\u00e4n luottamuksen keskell\u00e4. Maanantaina ja tiistaina Kyproksen puheenjohtajamaa is\u00e4nn\u00f6i ep\u00e4virallista Eurooppa-asioiden ministerikokousta, jossa keskustellaan seuraavasta monivuotisesta rahoituskehyksest\u00e4 ja EU:n laajentumisesta. Keskiviikkona EU-komissaarit kokoontuvat [&hellip;]<\/p>\n","protected":false},"author":8,"featured_media":7677,"comment_status":"closed","ping_status":"closed","sticky":false,"template":"","format":"standard","meta":{"_et_pb_use_builder":"off","_et_pb_old_content":"","_et_gb_content_width":""},"categories":[8],"tags":[],"yoast_head":"<!-- This site is optimized with the Yoast SEO plugin v19.13 - https:\/\/yoast.com\/wordpress\/plugins\/seo\/ -->\n<title>EU:n viikko 10\/2026: IAA | Kansainv\u00e4linen naistenp\u00e4iv\u00e4 | Sukupuolten tasa-arvo - Eurooppalainen Suomi<\/title>\n<meta name=\"robots\" content=\"index, follow, max-snippet:-1, max-image-preview:large, max-video-preview:-1\" \/>\n<link rel=\"canonical\" href=\"https:\/\/www.eurooppalainensuomi.fi\/eun-viikko-10-2026-iaa-kansainvalinen-naistenpaiva-sukupuolten-tasa-arvo\" \/>\n<meta property=\"og:locale\" content=\"en_US\" \/>\n<meta property=\"og:type\" content=\"article\" \/>\n<meta property=\"og:title\" content=\"EU:n viikko 10\/2026: IAA | Kansainv\u00e4linen naistenp\u00e4iv\u00e4 | Sukupuolten tasa-arvo - Eurooppalainen Suomi\" \/>\n<meta property=\"og:description\" content=\"T\u00e4ll\u00e4 viikolla Euroopan parlamentti j\u00e4rjest\u00e4\u00e4 Brysseliss\u00e4 valiokuntakokouksia, joissa keskustellaan ja \u00e4\u00e4nestet\u00e4\u00e4n keskeisist\u00e4 kysymyksist\u00e4. Maanantaina European Movement International j\u00e4rjest\u00e4\u00e4 EESC:n kansalaisyhteiskuntaviikon paneelin, jossa pohditaan, miten Eurooppa voi vahvistaa yhteytt\u00e4\u00e4n kansalaisiin kasvavan eriarvoisuuden ja heikkenev\u00e4n luottamuksen keskell\u00e4. Maanantaina ja tiistaina Kyproksen puheenjohtajamaa is\u00e4nn\u00f6i ep\u00e4virallista Eurooppa-asioiden ministerikokousta, jossa keskustellaan seuraavasta monivuotisesta rahoituskehyksest\u00e4 ja EU:n laajentumisesta. Keskiviikkona EU-komissaarit kokoontuvat [&hellip;]\" \/>\n<meta property=\"og:url\" content=\"https:\/\/www.eurooppalainensuomi.fi\/eun-viikko-10-2026-iaa-kansainvalinen-naistenpaiva-sukupuolten-tasa-arvo\" \/>\n<meta property=\"og:site_name\" content=\"Eurooppalainen Suomi\" \/>\n<meta property=\"article:publisher\" content=\"https:\/\/www.facebook.com\/eurooppalainensuomi\" \/>\n<meta property=\"article:published_time\" content=\"2026-03-02T09:33:26+00:00\" \/>\n<meta property=\"article:modified_time\" content=\"2026-03-02T09:33:28+00:00\" \/>\n<meta property=\"og:image\" content=\"https:\/\/www.eurooppalainensuomi.fi\/wp-content\/uploads\/2025\/12\/Uutiset-1-1024x576.jpg\" \/>\n\t<meta property=\"og:image:width\" content=\"1024\" \/>\n\t<meta property=\"og:image:height\" content=\"576\" \/>\n\t<meta property=\"og:image:type\" content=\"image\/jpeg\" \/>\n<meta name=\"author\" content=\"Admin\" \/>\n<meta name=\"twitter:card\" content=\"summary_large_image\" \/>\n<meta name=\"twitter:creator\" content=\"@em_finland\" \/>\n<meta name=\"twitter:site\" content=\"@em_finland\" \/>\n<meta name=\"twitter:label1\" content=\"Written by\" \/>\n\t<meta name=\"twitter:data1\" content=\"Admin\" \/>\n\t<meta name=\"twitter:label2\" content=\"Est. reading time\" \/>\n\t<meta name=\"twitter:data2\" content=\"2 minutes\" \/>\n<script type=\"application\/ld+json\" class=\"yoast-schema-graph\">{\"@context\":\"https:\/\/schema.org\",\"@graph\":[{\"@type\":\"Article\",\"@id\":\"https:\/\/www.eurooppalainensuomi.fi\/eun-viikko-10-2026-iaa-kansainvalinen-naistenpaiva-sukupuolten-tasa-arvo#article\",\"isPartOf\":{\"@id\":\"https:\/\/www.eurooppalainensuomi.fi\/eun-viikko-10-2026-iaa-kansainvalinen-naistenpaiva-sukupuolten-tasa-arvo\"},\"author\":{\"name\":\"Admin\",\"@id\":\"https:\/\/www.eurooppalainensuomi.fi\/#\/schema\/person\/42824760f66031a9671691f8a3cc4931\"},\"headline\":\"EU:n viikko 10\/2026: IAA | Kansainv\u00e4linen naistenp\u00e4iv\u00e4 | Sukupuolten tasa-arvo\",\"datePublished\":\"2026-03-02T09:33:26+00:00\",\"dateModified\":\"2026-03-02T09:33:28+00:00\",\"mainEntityOfPage\":{\"@id\":\"https:\/\/www.eurooppalainensuomi.fi\/eun-viikko-10-2026-iaa-kansainvalinen-naistenpaiva-sukupuolten-tasa-arvo\"},\"wordCount\":300,\"publisher\":{\"@id\":\"https:\/\/www.eurooppalainensuomi.fi\/#organization\"},\"articleSection\":[\"Ajankohtaista\"],\"inLanguage\":\"en\"},{\"@type\":\"WebPage\",\"@id\":\"https:\/\/www.eurooppalainensuomi.fi\/eun-viikko-10-2026-iaa-kansainvalinen-naistenpaiva-sukupuolten-tasa-arvo\",\"url\":\"https:\/\/www.eurooppalainensuomi.fi\/eun-viikko-10-2026-iaa-kansainvalinen-naistenpaiva-sukupuolten-tasa-arvo\",\"name\":\"EU:n viikko 10\/2026: IAA | Kansainv\u00e4linen naistenp\u00e4iv\u00e4 | Sukupuolten tasa-arvo - Eurooppalainen Suomi\",\"isPartOf\":{\"@id\":\"https:\/\/www.eurooppalainensuomi.fi\/#website\"},\"datePublished\":\"2026-03-02T09:33:26+00:00\",\"dateModified\":\"2026-03-02T09:33:28+00:00\",\"breadcrumb\":{\"@id\":\"https:\/\/www.eurooppalainensuomi.fi\/eun-viikko-10-2026-iaa-kansainvalinen-naistenpaiva-sukupuolten-tasa-arvo#breadcrumb\"},\"inLanguage\":\"en\",\"potentialAction\":[{\"@type\":\"ReadAction\",\"target\":[\"https:\/\/www.eurooppalainensuomi.fi\/eun-viikko-10-2026-iaa-kansainvalinen-naistenpaiva-sukupuolten-tasa-arvo\"]}]},{\"@type\":\"BreadcrumbList\",\"@id\":\"https:\/\/www.eurooppalainensuomi.fi\/eun-viikko-10-2026-iaa-kansainvalinen-naistenpaiva-sukupuolten-tasa-arvo#breadcrumb\",\"itemListElement\":[{\"@type\":\"ListItem\",\"position\":1,\"name\":\"Etusivu\",\"item\":\"https:\/\/www.eurooppalainensuomi.fi\/\"},{\"@type\":\"ListItem\",\"position\":2,\"name\":\"EU:n viikko 10\/2026: IAA | Kansainv\u00e4linen naistenp\u00e4iv\u00e4 | Sukupuolten tasa-arvo\"}]},{\"@type\":\"WebSite\",\"@id\":\"https:\/\/www.eurooppalainensuomi.fi\/#website\",\"url\":\"https:\/\/www.eurooppalainensuomi.fi\/\",\"name\":\"Eurooppalainen Suomi\",\"description\":\"Parempaa Eurooppaa rakentamassa\",\"publisher\":{\"@id\":\"https:\/\/www.eurooppalainensuomi.fi\/#organization\"},\"potentialAction\":[{\"@type\":\"SearchAction\",\"target\":{\"@type\":\"EntryPoint\",\"urlTemplate\":\"https:\/\/www.eurooppalainensuomi.fi\/?s={search_term_string}\"},\"query-input\":\"required name=search_term_string\"}],\"inLanguage\":\"en\"},{\"@type\":\"Organization\",\"@id\":\"https:\/\/www.eurooppalainensuomi.fi\/#organization\",\"name\":\"Eurooppalainen Suomi ry\",\"url\":\"https:\/\/www.eurooppalainensuomi.fi\/\",\"logo\":{\"@type\":\"ImageObject\",\"inLanguage\":\"en\",\"@id\":\"https:\/\/www.eurooppalainensuomi.fi\/#\/schema\/logo\/image\/\",\"url\":\"https:\/\/www.eurooppalainensuomi.fi\/wp-content\/uploads\/2021\/01\/PNG_large.png\",\"contentUrl\":\"https:\/\/www.eurooppalainensuomi.fi\/wp-content\/uploads\/2021\/01\/PNG_large.png\",\"width\":586,\"height\":220,\"caption\":\"Eurooppalainen Suomi ry\"},\"image\":{\"@id\":\"https:\/\/www.eurooppalainensuomi.fi\/#\/schema\/logo\/image\/\"},\"sameAs\":[\"https:\/\/instagram.com\/eurooppalainensuomi\",\"https:\/\/www.youtube.com\/channel\/UCBeqyrm1ze2RinjeAYS_-Jg\",\"https:\/\/fi.wikipedia.org\/wiki\/Eurooppalainen_Suomi\",\"https:\/\/www.facebook.com\/eurooppalainensuomi\",\"https:\/\/twitter.com\/em_finland\"]},{\"@type\":\"Person\",\"@id\":\"https:\/\/www.eurooppalainensuomi.fi\/#\/schema\/person\/42824760f66031a9671691f8a3cc4931\",\"name\":\"Admin\",\"image\":{\"@type\":\"ImageObject\",\"inLanguage\":\"en\",\"@id\":\"https:\/\/www.eurooppalainensuomi.fi\/#\/schema\/person\/image\/\",\"url\":\"https:\/\/secure.gravatar.com\/avatar\/2a869497ae566d1e62d81a21a923ac47?s=96&d=mm&r=g\",\"contentUrl\":\"https:\/\/secure.gravatar.com\/avatar\/2a869497ae566d1e62d81a21a923ac47?s=96&d=mm&r=g\",\"caption\":\"Admin\"}}]}<\/script>\n<!-- \/ Yoast SEO plugin. -->","yoast_head_json":{"title":"EU:n viikko 10\/2026: IAA | Kansainv\u00e4linen naistenp\u00e4iv\u00e4 | Sukupuolten tasa-arvo - Eurooppalainen Suomi","robots":{"index":"index","follow":"follow","max-snippet":"max-snippet:-1","max-image-preview":"max-image-preview:large","max-video-preview":"max-video-preview:-1"},"canonical":"https:\/\/www.eurooppalainensuomi.fi\/eun-viikko-10-2026-iaa-kansainvalinen-naistenpaiva-sukupuolten-tasa-arvo","og_locale":"en_US","og_type":"article","og_title":"EU:n viikko 10\/2026: IAA | Kansainv\u00e4linen naistenp\u00e4iv\u00e4 | Sukupuolten tasa-arvo - Eurooppalainen Suomi","og_description":"T\u00e4ll\u00e4 viikolla Euroopan parlamentti j\u00e4rjest\u00e4\u00e4 Brysseliss\u00e4 valiokuntakokouksia, joissa keskustellaan ja \u00e4\u00e4nestet\u00e4\u00e4n keskeisist\u00e4 kysymyksist\u00e4. Maanantaina European Movement International j\u00e4rjest\u00e4\u00e4 EESC:n kansalaisyhteiskuntaviikon paneelin, jossa pohditaan, miten Eurooppa voi vahvistaa yhteytt\u00e4\u00e4n kansalaisiin kasvavan eriarvoisuuden ja heikkenev\u00e4n luottamuksen keskell\u00e4. Maanantaina ja tiistaina Kyproksen puheenjohtajamaa is\u00e4nn\u00f6i ep\u00e4virallista Eurooppa-asioiden ministerikokousta, jossa keskustellaan seuraavasta monivuotisesta rahoituskehyksest\u00e4 ja EU:n laajentumisesta. Keskiviikkona EU-komissaarit kokoontuvat [&hellip;]","og_url":"https:\/\/www.eurooppalainensuomi.fi\/eun-viikko-10-2026-iaa-kansainvalinen-naistenpaiva-sukupuolten-tasa-arvo","og_site_name":"Eurooppalainen Suomi","article_publisher":"https:\/\/www.facebook.com\/eurooppalainensuomi","article_published_time":"2026-03-02T09:33:26+00:00","article_modified_time":"2026-03-02T09:33:28+00:00","og_image":[{"width":1024,"height":576,"url":"https:\/\/www.eurooppalainensuomi.fi\/wp-content\/uploads\/2025\/12\/Uutiset-1-1024x576.jpg","type":"image\/jpeg"}],"author":"Admin","twitter_card":"summary_large_image","twitter_creator":"@em_finland","twitter_site":"@em_finland","twitter_misc":{"Written by":"Admin","Est. reading time":"2 minutes"},"schema":{"@context":"https:\/\/schema.org","@graph":[{"@type":"Article","@id":"https:\/\/www.eurooppalainensuomi.fi\/eun-viikko-10-2026-iaa-kansainvalinen-naistenpaiva-sukupuolten-tasa-arvo#article","isPartOf":{"@id":"https:\/\/www.eurooppalainensuomi.fi\/eun-viikko-10-2026-iaa-kansainvalinen-naistenpaiva-sukupuolten-tasa-arvo"},"author":{"name":"Admin","@id":"https:\/\/www.eurooppalainensuomi.fi\/#\/schema\/person\/42824760f66031a9671691f8a3cc4931"},"headline":"EU:n viikko 10\/2026: IAA | Kansainv\u00e4linen naistenp\u00e4iv\u00e4 | Sukupuolten tasa-arvo","datePublished":"2026-03-02T09:33:26+00:00","dateModified":"2026-03-02T09:33:28+00:00","mainEntityOfPage":{"@id":"https:\/\/www.eurooppalainensuomi.fi\/eun-viikko-10-2026-iaa-kansainvalinen-naistenpaiva-sukupuolten-tasa-arvo"},"wordCount":300,"publisher":{"@id":"https:\/\/www.eurooppalainensuomi.fi\/#organization"},"articleSection":["Ajankohtaista"],"inLanguage":"en"},{"@type":"WebPage","@id":"https:\/\/www.eurooppalainensuomi.fi\/eun-viikko-10-2026-iaa-kansainvalinen-naistenpaiva-sukupuolten-tasa-arvo","url":"https:\/\/www.eurooppalainensuomi.fi\/eun-viikko-10-2026-iaa-kansainvalinen-naistenpaiva-sukupuolten-tasa-arvo","name":"EU:n viikko 10\/2026: IAA | Kansainv\u00e4linen naistenp\u00e4iv\u00e4 | Sukupuolten tasa-arvo - Eurooppalainen Suomi","isPartOf":{"@id":"https:\/\/www.eurooppalainensuomi.fi\/#website"},"datePublished":"2026-03-02T09:33:26+00:00","dateModified":"2026-03-02T09:33:28+00:00","breadcrumb":{"@id":"https:\/\/www.eurooppalainensuomi.fi\/eun-viikko-10-2026-iaa-kansainvalinen-naistenpaiva-sukupuolten-tasa-arvo#breadcrumb"},"inLanguage":"en","potentialAction":[{"@type":"ReadAction","target":["https:\/\/www.eurooppalainensuomi.fi\/eun-viikko-10-2026-iaa-kansainvalinen-naistenpaiva-sukupuolten-tasa-arvo"]}]},{"@type":"BreadcrumbList","@id":"https:\/\/www.eurooppalainensuomi.fi\/eun-viikko-10-2026-iaa-kansainvalinen-naistenpaiva-sukupuolten-tasa-arvo#breadcrumb","itemListElement":[{"@type":"ListItem","position":1,"name":"Etusivu","item":"https:\/\/www.eurooppalainensuomi.fi\/"},{"@type":"ListItem","position":2,"name":"EU:n viikko 10\/2026: IAA | Kansainv\u00e4linen naistenp\u00e4iv\u00e4 | Sukupuolten tasa-arvo"}]},{"@type":"WebSite","@id":"https:\/\/www.eurooppalainensuomi.fi\/#website","url":"https:\/\/www.eurooppalainensuomi.fi\/","name":"Eurooppalainen Suomi","description":"Parempaa Eurooppaa rakentamassa","publisher":{"@id":"https:\/\/www.eurooppalainensuomi.fi\/#organization"},"potentialAction":[{"@type":"SearchAction","target":{"@type":"EntryPoint","urlTemplate":"https:\/\/www.eurooppalainensuomi.fi\/?s={search_term_string}"},"query-input":"required name=search_term_string"}],"inLanguage":"en"},{"@type":"Organization","@id":"https:\/\/www.eurooppalainensuomi.fi\/#organization","name":"Eurooppalainen Suomi ry","url":"https:\/\/www.eurooppalainensuomi.fi\/","logo":{"@type":"ImageObject","inLanguage":"en","@id":"https:\/\/www.eurooppalainensuomi.fi\/#\/schema\/logo\/image\/","url":"https:\/\/www.eurooppalainensuomi.fi\/wp-content\/uploads\/2021\/01\/PNG_large.png","contentUrl":"https:\/\/www.eurooppalainensuomi.fi\/wp-content\/uploads\/2021\/01\/PNG_large.png","width":586,"height":220,"caption":"Eurooppalainen Suomi ry"},"image":{"@id":"https:\/\/www.eurooppalainensuomi.fi\/#\/schema\/logo\/image\/"},"sameAs":["https:\/\/instagram.com\/eurooppalainensuomi","https:\/\/www.youtube.com\/channel\/UCBeqyrm1ze2RinjeAYS_-Jg","https:\/\/fi.wikipedia.org\/wiki\/Eurooppalainen_Suomi","https:\/\/www.facebook.com\/eurooppalainensuomi","https:\/\/twitter.com\/em_finland"]},{"@type":"Person","@id":"https:\/\/www.eurooppalainensuomi.fi\/#\/schema\/person\/42824760f66031a9671691f8a3cc4931","name":"Admin","image":{"@type":"ImageObject","inLanguage":"en","@id":"https:\/\/www.eurooppalainensuomi.fi\/#\/schema\/person\/image\/","url":"https:\/\/secure.gravatar.com\/avatar\/2a869497ae566d1e62d81a21a923ac47?s=96&d=mm&r=g","contentUrl":"https:\/\/secure.gravatar.com\/avatar\/2a869497ae566d1e62d81a21a923ac47?s=96&d=mm&r=g","caption":"Admin"}}]}},"jetpack_featured_media_url":"https:\/\/www.eurooppalainensuomi.fi\/wp-content\/uploads\/2025\/12\/Uutiset-1.jpg","_links":{"self":[{"href":"https:\/\/www.eurooppalainensuomi.fi\/index.php?rest_route=\/wp\/v2\/posts\/7882"}],"collection":[{"href":"https:\/\/www.eurooppalainensuomi.fi\/index.php?rest_route=\/wp\/v2\/posts"}],"about":[{"href":"https:\/\/www.eurooppalainensuomi.fi\/index.php?rest_route=\/wp\/v2\/types\/post"}],"author":[{"embeddable":true,"href":"https:\/\/www.eurooppalainensuomi.fi\/index.php?rest_route=\/wp\/v2\/users\/8"}],"replies":[{"embeddable":true,"href":"https:\/\/www.eurooppalainensuomi.fi\/index.php?rest_route=%2Fwp%2Fv2%2Fcomments&post=7882"}],"version-history":[{"count":1,"href":"https:\/\/www.eurooppalainensuomi.fi\/index.php?rest_route=\/wp\/v2\/posts\/7882\/revisions"}],"predecessor-version":[{"id":7883,"href":"https:\/\/www.eurooppalainensuomi.fi\/index.php?rest_route=\/wp\/v2\/posts\/7882\/revisions\/7883"}],"wp:featuredmedia":[{"embeddable":true,"href":"https:\/\/www.eurooppalainensuomi.fi\/index.php?rest_route=\/wp\/v2\/media\/7677"}],"wp:attachment":[{"href":"https:\/\/www.eurooppalainensuomi.fi\/index.php?rest_route=%2Fwp%2Fv2%2Fmedia&parent=7882"}],"wp:term":[{"taxonomy":"category","embeddable":true,"href":"https:\/\/www.eurooppalainensuomi.fi\/index.php?rest_route=%2Fwp%2Fv2%2Fcategories&post=7882"},{"taxonomy":"post_tag","embeddable":true,"href":"https:\/\/www.eurooppalainensuomi.fi\/index.php?rest_route=%2Fwp%2Fv2%2Ftags&post=7882"}],"curies":[{"name":"wp","href":"https:\/\/api.w.org\/{rel}","templated":true}]}}