{"id":7724,"date":"2026-01-15T16:50:15","date_gmt":"2026-01-15T14:50:15","guid":{"rendered":"https:\/\/www.eurooppalainensuomi.fi\/?p=7724"},"modified":"2026-01-15T16:50:15","modified_gmt":"2026-01-15T14:50:15","slug":"ninni-issakainen-eurooppalaisen-suomen-erityisasiantuntijan-sijaiseksi","status":"publish","type":"post","link":"https:\/\/www.eurooppalainensuomi.fi\/ninni-issakainen-eurooppalaisen-suomen-erityisasiantuntijan-sijaiseksi","title":{"rendered":"Ninni Issakainen Eurooppalaisen Suomen erityisasiantuntijan sijaiseksi"},"content":{"rendered":"\n<p>Eurooppalaisen Suomen erityisasiantuntijan sijaisena on 15.1.2026 aloittanut <strong>Ninni Issakainen<\/strong>. Issakainen vastaa j\u00e4rjest\u00f6n digitaalisesta ja audiovisuaalisesta kansalaisviestinn\u00e4st\u00e4 sek\u00e4 tapahtumien suunnittelusta ja toteutuksesta. Aiemmin h\u00e4n on ty\u00f6skennellyt European Youth Parliament Finlandin p\u00e4\u00e4sihteerin\u00e4 ja projektikoordinaattorina sek\u00e4 viestint\u00e4harjoittelijana Euroopan parlamentissa ja Eurooppanuorilla.&nbsp;<\/p>\n\n\n\n<p>\u201cOn loistojuttu saada Ninni toimistollemme ty\u00f6parikseni t\u00e4n\u00e4 j\u00e4nnitt\u00e4v\u00e4n\u00e4 vuonna. Erityisesti odotan innolla, millaista uudenlaista otetta ja energiaa h\u00e4n tuo kansalaisviestint\u00e4\u00e4mme, jotta siit\u00e4 tulisi viel\u00e4 entist\u00e4 vaikuttavampaa\u201d, kertoo toiminnanjohtajan sijainen <strong>Samuel Tammekann<\/strong>.&nbsp;<\/p>\n\n\n\n<p>Erityisasiantuntijan sijaisena Issakainen my\u00f6s avustaa toiminnanjohtajaa hallinnollisissa teht\u00e4viss\u00e4, hankkeiden toimeenpanossa ja keskeisten tapahtumien kuten Eurooppa-p\u00e4iv\u00e4n toteutuksessa.&nbsp;<\/p>\n\n\n\n<p>\u201cTuntuu innostavalta p\u00e4\u00e4st\u00e4 osaksi Eurooppalaisen Suomen tiimi\u00e4 t\u00e4ss\u00e4 ep\u00e4varmassa maailmanajassa. Tarvitsemme enemm\u00e4n avointa, rakentavaa ja rohkeaa keskustelua Euroopasta ja on ilo olla edist\u00e4m\u00e4ss\u00e4 sit\u00e4 erityisasintuntijan roolissa\u201d, toteaa Issakainen.&nbsp;<\/p>\n\n\n\n<p>Issakainen toimii erityisasiantuntijan sijaisena Samuel Tammekannin siirrytty\u00e4 vuoden alussa toiminnanjohtajan sijaiseksi. Sijaisuuden pituuden m\u00e4\u00e4ritt\u00e4\u00e4 toiminnanjohtaja Totti Sivosen varusmiespalveluksen kesto.&nbsp;<\/p>\n\n\n\n<p>Lis\u00e4tietoa:<br><strong>Samuel Tammekann<\/strong><strong><br><\/strong>toiminnanjohtajan sijainen<br>samuel.tammekann@eurooppalainensuomi.fi<br>+358 44 550 6816<br>Eurooppalainen Suomi<\/p>\n","protected":false},"excerpt":{"rendered":"<p>Eurooppalaisen Suomen erityisasiantuntijan sijaisena on 15.1.2026 aloittanut Ninni Issakainen. Issakainen vastaa j\u00e4rjest\u00f6n digitaalisesta ja audiovisuaalisesta kansalaisviestinn\u00e4st\u00e4 sek\u00e4 tapahtumien suunnittelusta ja toteutuksesta. Aiemmin h\u00e4n on ty\u00f6skennellyt European Youth Parliament Finlandin p\u00e4\u00e4sihteerin\u00e4 [&hellip;]<\/p>\n","protected":false},"author":4,"featured_media":7725,"comment_status":"closed","ping_status":"","sticky":false,"template":"","format":"standard","meta":{"_et_pb_use_builder":"off","_et_pb_old_content":"","_et_gb_content_width":""},"categories":[8,14,9],"tags":[],"yoast_head":"<!-- This site is optimized with the Yoast SEO plugin v19.13 - https:\/\/yoast.com\/wordpress\/plugins\/seo\/ -->\n<title>Ninni Issakainen Eurooppalaisen Suomen erityisasiantuntijan sijaiseksi - Eurooppalainen Suomi<\/title>\n<meta name=\"robots\" content=\"index, follow, max-snippet:-1, max-image-preview:large, max-video-preview:-1\" \/>\n<link rel=\"canonical\" href=\"https:\/\/www.eurooppalainensuomi.fi\/ninni-issakainen-eurooppalaisen-suomen-erityisasiantuntijan-sijaiseksi\" \/>\n<meta property=\"og:locale\" content=\"en_US\" \/>\n<meta property=\"og:type\" content=\"article\" \/>\n<meta property=\"og:title\" content=\"Ninni Issakainen Eurooppalaisen Suomen erityisasiantuntijan sijaiseksi - Eurooppalainen Suomi\" \/>\n<meta property=\"og:description\" content=\"Eurooppalaisen Suomen erityisasiantuntijan sijaisena on 15.1.2026 aloittanut Ninni Issakainen. Issakainen vastaa j\u00e4rjest\u00f6n digitaalisesta ja audiovisuaalisesta kansalaisviestinn\u00e4st\u00e4 sek\u00e4 tapahtumien suunnittelusta ja toteutuksesta. Aiemmin h\u00e4n on ty\u00f6skennellyt European Youth Parliament Finlandin p\u00e4\u00e4sihteerin\u00e4 [&hellip;]\" \/>\n<meta property=\"og:url\" content=\"https:\/\/www.eurooppalainensuomi.fi\/ninni-issakainen-eurooppalaisen-suomen-erityisasiantuntijan-sijaiseksi\" \/>\n<meta property=\"og:site_name\" content=\"Eurooppalainen Suomi\" \/>\n<meta property=\"article:publisher\" content=\"https:\/\/www.facebook.com\/eurooppalainensuomi\" \/>\n<meta property=\"article:published_time\" content=\"2026-01-15T14:50:15+00:00\" \/>\n<meta property=\"og:image\" content=\"https:\/\/www.eurooppalainensuomi.fi\/wp-content\/uploads\/2026\/01\/Erityisasinatuntijan-sijainen-1024x576.png\" \/>\n\t<meta property=\"og:image:width\" content=\"1024\" \/>\n\t<meta property=\"og:image:height\" content=\"576\" \/>\n\t<meta property=\"og:image:type\" content=\"image\/png\" \/>\n<meta name=\"author\" content=\"Admin\" \/>\n<meta name=\"twitter:card\" content=\"summary_large_image\" \/>\n<meta name=\"twitter:creator\" content=\"@em_finland\" \/>\n<meta name=\"twitter:site\" content=\"@em_finland\" \/>\n<meta name=\"twitter:label1\" content=\"Written by\" \/>\n\t<meta name=\"twitter:data1\" content=\"Admin\" \/>\n\t<meta name=\"twitter:label2\" content=\"Est. reading time\" \/>\n\t<meta name=\"twitter:data2\" content=\"1 minute\" \/>\n<script type=\"application\/ld+json\" class=\"yoast-schema-graph\">{\"@context\":\"https:\/\/schema.org\",\"@graph\":[{\"@type\":\"Article\",\"@id\":\"https:\/\/www.eurooppalainensuomi.fi\/ninni-issakainen-eurooppalaisen-suomen-erityisasiantuntijan-sijaiseksi#article\",\"isPartOf\":{\"@id\":\"https:\/\/www.eurooppalainensuomi.fi\/ninni-issakainen-eurooppalaisen-suomen-erityisasiantuntijan-sijaiseksi\"},\"author\":{\"name\":\"Admin\",\"@id\":\"https:\/\/www.eurooppalainensuomi.fi\/#\/schema\/person\/9635843384121bb89ed49f8d3129daee\"},\"headline\":\"Ninni Issakainen Eurooppalaisen Suomen erityisasiantuntijan sijaiseksi\",\"datePublished\":\"2026-01-15T14:50:15+00:00\",\"dateModified\":\"2026-01-15T14:50:15+00:00\",\"mainEntityOfPage\":{\"@id\":\"https:\/\/www.eurooppalainensuomi.fi\/ninni-issakainen-eurooppalaisen-suomen-erityisasiantuntijan-sijaiseksi\"},\"wordCount\":178,\"publisher\":{\"@id\":\"https:\/\/www.eurooppalainensuomi.fi\/#organization\"},\"articleSection\":[\"Ajankohtaista\",\"Tiedotteet\",\"Uutiset\"],\"inLanguage\":\"en\"},{\"@type\":\"WebPage\",\"@id\":\"https:\/\/www.eurooppalainensuomi.fi\/ninni-issakainen-eurooppalaisen-suomen-erityisasiantuntijan-sijaiseksi\",\"url\":\"https:\/\/www.eurooppalainensuomi.fi\/ninni-issakainen-eurooppalaisen-suomen-erityisasiantuntijan-sijaiseksi\",\"name\":\"Ninni Issakainen Eurooppalaisen Suomen erityisasiantuntijan sijaiseksi - Eurooppalainen Suomi\",\"isPartOf\":{\"@id\":\"https:\/\/www.eurooppalainensuomi.fi\/#website\"},\"datePublished\":\"2026-01-15T14:50:15+00:00\",\"dateModified\":\"2026-01-15T14:50:15+00:00\",\"breadcrumb\":{\"@id\":\"https:\/\/www.eurooppalainensuomi.fi\/ninni-issakainen-eurooppalaisen-suomen-erityisasiantuntijan-sijaiseksi#breadcrumb\"},\"inLanguage\":\"en\",\"potentialAction\":[{\"@type\":\"ReadAction\",\"target\":[\"https:\/\/www.eurooppalainensuomi.fi\/ninni-issakainen-eurooppalaisen-suomen-erityisasiantuntijan-sijaiseksi\"]}]},{\"@type\":\"BreadcrumbList\",\"@id\":\"https:\/\/www.eurooppalainensuomi.fi\/ninni-issakainen-eurooppalaisen-suomen-erityisasiantuntijan-sijaiseksi#breadcrumb\",\"itemListElement\":[{\"@type\":\"ListItem\",\"position\":1,\"name\":\"Etusivu\",\"item\":\"https:\/\/www.eurooppalainensuomi.fi\/\"},{\"@type\":\"ListItem\",\"position\":2,\"name\":\"Ninni Issakainen Eurooppalaisen Suomen erityisasiantuntijan sijaiseksi\"}]},{\"@type\":\"WebSite\",\"@id\":\"https:\/\/www.eurooppalainensuomi.fi\/#website\",\"url\":\"https:\/\/www.eurooppalainensuomi.fi\/\",\"name\":\"Eurooppalainen Suomi\",\"description\":\"Parempaa Eurooppaa rakentamassa\",\"publisher\":{\"@id\":\"https:\/\/www.eurooppalainensuomi.fi\/#organization\"},\"potentialAction\":[{\"@type\":\"SearchAction\",\"target\":{\"@type\":\"EntryPoint\",\"urlTemplate\":\"https:\/\/www.eurooppalainensuomi.fi\/?s={search_term_string}\"},\"query-input\":\"required name=search_term_string\"}],\"inLanguage\":\"en\"},{\"@type\":\"Organization\",\"@id\":\"https:\/\/www.eurooppalainensuomi.fi\/#organization\",\"name\":\"Eurooppalainen Suomi ry\",\"url\":\"https:\/\/www.eurooppalainensuomi.fi\/\",\"logo\":{\"@type\":\"ImageObject\",\"inLanguage\":\"en\",\"@id\":\"https:\/\/www.eurooppalainensuomi.fi\/#\/schema\/logo\/image\/\",\"url\":\"https:\/\/www.eurooppalainensuomi.fi\/wp-content\/uploads\/2021\/01\/PNG_large.png\",\"contentUrl\":\"https:\/\/www.eurooppalainensuomi.fi\/wp-content\/uploads\/2021\/01\/PNG_large.png\",\"width\":586,\"height\":220,\"caption\":\"Eurooppalainen Suomi ry\"},\"image\":{\"@id\":\"https:\/\/www.eurooppalainensuomi.fi\/#\/schema\/logo\/image\/\"},\"sameAs\":[\"https:\/\/instagram.com\/eurooppalainensuomi\",\"https:\/\/www.youtube.com\/channel\/UCBeqyrm1ze2RinjeAYS_-Jg\",\"https:\/\/fi.wikipedia.org\/wiki\/Eurooppalainen_Suomi\",\"https:\/\/www.facebook.com\/eurooppalainensuomi\",\"https:\/\/twitter.com\/em_finland\"]},{\"@type\":\"Person\",\"@id\":\"https:\/\/www.eurooppalainensuomi.fi\/#\/schema\/person\/9635843384121bb89ed49f8d3129daee\",\"name\":\"Admin\",\"image\":{\"@type\":\"ImageObject\",\"inLanguage\":\"en\",\"@id\":\"https:\/\/www.eurooppalainensuomi.fi\/#\/schema\/person\/image\/\",\"url\":\"https:\/\/secure.gravatar.com\/avatar\/813eb247d5c8e5914db8a949c18b8e26?s=96&d=mm&r=g\",\"contentUrl\":\"https:\/\/secure.gravatar.com\/avatar\/813eb247d5c8e5914db8a949c18b8e26?s=96&d=mm&r=g\",\"caption\":\"Admin\"}}]}<\/script>\n<!-- \/ Yoast SEO plugin. -->","yoast_head_json":{"title":"Ninni Issakainen Eurooppalaisen Suomen erityisasiantuntijan sijaiseksi - Eurooppalainen Suomi","robots":{"index":"index","follow":"follow","max-snippet":"max-snippet:-1","max-image-preview":"max-image-preview:large","max-video-preview":"max-video-preview:-1"},"canonical":"https:\/\/www.eurooppalainensuomi.fi\/ninni-issakainen-eurooppalaisen-suomen-erityisasiantuntijan-sijaiseksi","og_locale":"en_US","og_type":"article","og_title":"Ninni Issakainen Eurooppalaisen Suomen erityisasiantuntijan sijaiseksi - Eurooppalainen Suomi","og_description":"Eurooppalaisen Suomen erityisasiantuntijan sijaisena on 15.1.2026 aloittanut Ninni Issakainen. Issakainen vastaa j\u00e4rjest\u00f6n digitaalisesta ja audiovisuaalisesta kansalaisviestinn\u00e4st\u00e4 sek\u00e4 tapahtumien suunnittelusta ja toteutuksesta. Aiemmin h\u00e4n on ty\u00f6skennellyt European Youth Parliament Finlandin p\u00e4\u00e4sihteerin\u00e4 [&hellip;]","og_url":"https:\/\/www.eurooppalainensuomi.fi\/ninni-issakainen-eurooppalaisen-suomen-erityisasiantuntijan-sijaiseksi","og_site_name":"Eurooppalainen Suomi","article_publisher":"https:\/\/www.facebook.com\/eurooppalainensuomi","article_published_time":"2026-01-15T14:50:15+00:00","og_image":[{"width":1024,"height":576,"url":"https:\/\/www.eurooppalainensuomi.fi\/wp-content\/uploads\/2026\/01\/Erityisasinatuntijan-sijainen-1024x576.png","type":"image\/png"}],"author":"Admin","twitter_card":"summary_large_image","twitter_creator":"@em_finland","twitter_site":"@em_finland","twitter_misc":{"Written by":"Admin","Est. reading time":"1 minute"},"schema":{"@context":"https:\/\/schema.org","@graph":[{"@type":"Article","@id":"https:\/\/www.eurooppalainensuomi.fi\/ninni-issakainen-eurooppalaisen-suomen-erityisasiantuntijan-sijaiseksi#article","isPartOf":{"@id":"https:\/\/www.eurooppalainensuomi.fi\/ninni-issakainen-eurooppalaisen-suomen-erityisasiantuntijan-sijaiseksi"},"author":{"name":"Admin","@id":"https:\/\/www.eurooppalainensuomi.fi\/#\/schema\/person\/9635843384121bb89ed49f8d3129daee"},"headline":"Ninni Issakainen Eurooppalaisen Suomen erityisasiantuntijan sijaiseksi","datePublished":"2026-01-15T14:50:15+00:00","dateModified":"2026-01-15T14:50:15+00:00","mainEntityOfPage":{"@id":"https:\/\/www.eurooppalainensuomi.fi\/ninni-issakainen-eurooppalaisen-suomen-erityisasiantuntijan-sijaiseksi"},"wordCount":178,"publisher":{"@id":"https:\/\/www.eurooppalainensuomi.fi\/#organization"},"articleSection":["Ajankohtaista","Tiedotteet","Uutiset"],"inLanguage":"en"},{"@type":"WebPage","@id":"https:\/\/www.eurooppalainensuomi.fi\/ninni-issakainen-eurooppalaisen-suomen-erityisasiantuntijan-sijaiseksi","url":"https:\/\/www.eurooppalainensuomi.fi\/ninni-issakainen-eurooppalaisen-suomen-erityisasiantuntijan-sijaiseksi","name":"Ninni Issakainen Eurooppalaisen Suomen erityisasiantuntijan sijaiseksi - Eurooppalainen Suomi","isPartOf":{"@id":"https:\/\/www.eurooppalainensuomi.fi\/#website"},"datePublished":"2026-01-15T14:50:15+00:00","dateModified":"2026-01-15T14:50:15+00:00","breadcrumb":{"@id":"https:\/\/www.eurooppalainensuomi.fi\/ninni-issakainen-eurooppalaisen-suomen-erityisasiantuntijan-sijaiseksi#breadcrumb"},"inLanguage":"en","potentialAction":[{"@type":"ReadAction","target":["https:\/\/www.eurooppalainensuomi.fi\/ninni-issakainen-eurooppalaisen-suomen-erityisasiantuntijan-sijaiseksi"]}]},{"@type":"BreadcrumbList","@id":"https:\/\/www.eurooppalainensuomi.fi\/ninni-issakainen-eurooppalaisen-suomen-erityisasiantuntijan-sijaiseksi#breadcrumb","itemListElement":[{"@type":"ListItem","position":1,"name":"Etusivu","item":"https:\/\/www.eurooppalainensuomi.fi\/"},{"@type":"ListItem","position":2,"name":"Ninni Issakainen Eurooppalaisen Suomen erityisasiantuntijan sijaiseksi"}]},{"@type":"WebSite","@id":"https:\/\/www.eurooppalainensuomi.fi\/#website","url":"https:\/\/www.eurooppalainensuomi.fi\/","name":"Eurooppalainen Suomi","description":"Parempaa Eurooppaa rakentamassa","publisher":{"@id":"https:\/\/www.eurooppalainensuomi.fi\/#organization"},"potentialAction":[{"@type":"SearchAction","target":{"@type":"EntryPoint","urlTemplate":"https:\/\/www.eurooppalainensuomi.fi\/?s={search_term_string}"},"query-input":"required name=search_term_string"}],"inLanguage":"en"},{"@type":"Organization","@id":"https:\/\/www.eurooppalainensuomi.fi\/#organization","name":"Eurooppalainen Suomi ry","url":"https:\/\/www.eurooppalainensuomi.fi\/","logo":{"@type":"ImageObject","inLanguage":"en","@id":"https:\/\/www.eurooppalainensuomi.fi\/#\/schema\/logo\/image\/","url":"https:\/\/www.eurooppalainensuomi.fi\/wp-content\/uploads\/2021\/01\/PNG_large.png","contentUrl":"https:\/\/www.eurooppalainensuomi.fi\/wp-content\/uploads\/2021\/01\/PNG_large.png","width":586,"height":220,"caption":"Eurooppalainen Suomi ry"},"image":{"@id":"https:\/\/www.eurooppalainensuomi.fi\/#\/schema\/logo\/image\/"},"sameAs":["https:\/\/instagram.com\/eurooppalainensuomi","https:\/\/www.youtube.com\/channel\/UCBeqyrm1ze2RinjeAYS_-Jg","https:\/\/fi.wikipedia.org\/wiki\/Eurooppalainen_Suomi","https:\/\/www.facebook.com\/eurooppalainensuomi","https:\/\/twitter.com\/em_finland"]},{"@type":"Person","@id":"https:\/\/www.eurooppalainensuomi.fi\/#\/schema\/person\/9635843384121bb89ed49f8d3129daee","name":"Admin","image":{"@type":"ImageObject","inLanguage":"en","@id":"https:\/\/www.eurooppalainensuomi.fi\/#\/schema\/person\/image\/","url":"https:\/\/secure.gravatar.com\/avatar\/813eb247d5c8e5914db8a949c18b8e26?s=96&d=mm&r=g","contentUrl":"https:\/\/secure.gravatar.com\/avatar\/813eb247d5c8e5914db8a949c18b8e26?s=96&d=mm&r=g","caption":"Admin"}}]}},"_links":{"self":[{"href":"https:\/\/www.eurooppalainensuomi.fi\/index.php?rest_route=\/wp\/v2\/posts\/7724"}],"collection":[{"href":"https:\/\/www.eurooppalainensuomi.fi\/index.php?rest_route=\/wp\/v2\/posts"}],"about":[{"href":"https:\/\/www.eurooppalainensuomi.fi\/index.php?rest_route=\/wp\/v2\/types\/post"}],"author":[{"embeddable":true,"href":"https:\/\/www.eurooppalainensuomi.fi\/index.php?rest_route=\/wp\/v2\/users\/4"}],"replies":[{"embeddable":true,"href":"https:\/\/www.eurooppalainensuomi.fi\/index.php?rest_route=%2Fwp%2Fv2%2Fcomments&post=7724"}],"version-history":[{"count":1,"href":"https:\/\/www.eurooppalainensuomi.fi\/index.php?rest_route=\/wp\/v2\/posts\/7724\/revisions"}],"predecessor-version":[{"id":7726,"href":"https:\/\/www.eurooppalainensuomi.fi\/index.php?rest_route=\/wp\/v2\/posts\/7724\/revisions\/7726"}],"wp:featuredmedia":[{"embeddable":true,"href":"https:\/\/www.eurooppalainensuomi.fi\/index.php?rest_route=\/wp\/v2\/media\/7725"}],"wp:attachment":[{"href":"https:\/\/www.eurooppalainensuomi.fi\/index.php?rest_route=%2Fwp%2Fv2%2Fmedia&parent=7724"}],"wp:term":[{"taxonomy":"category","embeddable":true,"href":"https:\/\/www.eurooppalainensuomi.fi\/index.php?rest_route=%2Fwp%2Fv2%2Fcategories&post=7724"},{"taxonomy":"post_tag","embeddable":true,"href":"https:\/\/www.eurooppalainensuomi.fi\/index.php?rest_route=%2Fwp%2Fv2%2Ftags&post=7724"}],"curies":[{"name":"wp","href":"https:\/\/api.w.org\/{rel}","templated":true}]}}