{"id":7668,"date":"2025-12-16T16:16:21","date_gmt":"2025-12-16T14:16:21","guid":{"rendered":"https:\/\/www.eurooppalainensuomi.fi\/?p=7668"},"modified":"2025-12-16T16:17:12","modified_gmt":"2025-12-16T14:17:12","slug":"toiminnanjohtaja-totti-sivonen-varusmiespalvelukseen-sijaiseksi-samuel-tammekann","status":"publish","type":"post","link":"https:\/\/www.eurooppalainensuomi.fi\/toiminnanjohtaja-totti-sivonen-varusmiespalvelukseen-sijaiseksi-samuel-tammekann","title":{"rendered":"Toiminnanjohtaja Totti Sivonen varusmiespalvelukseen, sijaiseksi Samuel Tammekann"},"content":{"rendered":"\n<p class=\"has-medium-font-size\"><em>Eurooppalainen Suomi ry:n toiminnanjohtaja Totti Sivonen j\u00e4\u00e4 m\u00e4\u00e4r\u00e4aikaiselle vapaalle suorittamaan asevelvollisuutensa. Kaikissa toiminnanjohtajan teht\u00e4viss\u00e4 Sivosta sijaistaa 5.1.2026 alkaen Samuel Tammekann.<\/em><\/p>\n\n\n\n<p>Eurooppalaisen Suomen toiminnanjohtaja <strong>Totti Sivonen <\/strong>j\u00e4\u00e4 m\u00e4\u00e4r\u00e4aikaiselle vapaalle teht\u00e4v\u00e4st\u00e4\u00e4n vuoden 2026 alussa suorittaakseen asevelvollisuutensa rannikkoprikaatissa.<\/p>\n\n\n\n<p>Sijaistamaan Sivosta varusmiespalveluksen ajaksi kaikkiin toiminnanjohtajan teht\u00e4viin hallitus on valinnut j\u00e4rjest\u00f6n nykyisen erityisasiantuntijan <strong>Samuel Tammekannin<\/strong>. Tammekann aloittaa teht\u00e4v\u00e4ss\u00e4 5.1.2026, ja h\u00e4nen ty\u00f6suhteensa toiminnanjohtajan sijaisena jatkuu Sivosen varusmiespalveluksen ajan.<\/p>\n\n\n\n<p>\u201cL\u00e4hden kevyin mielin varusmiespalvelukseen, sill\u00e4 toimisto j\u00e4\u00e4 osaaviin k\u00e4siin. Samuel on tehnyt valtavan hienoa ty\u00f6t\u00e4 t\u00e4n\u00e4 vuonna toimintamme ja erityisesti viestint\u00e4mme kehitt\u00e4misess\u00e4, ja odotan innolla n\u00e4kev\u00e4ni, miten h\u00e4n jatkaa ty\u00f6t\u00e4\u00e4n toiminnanjohtajan sijaisen roolissa,\u201d Sivonen kertoo.<\/p>\n\n\n\n<p>\u201cViime kuukaudet olemme keskittyneet erityisesti ensi vuotemme suunnittelemiseen, ja siihen, kuinka Eurooppaliikkeen toimintaa voisi kehitt\u00e4\u00e4 viel\u00e4 entist\u00e4 vaikuttavammaksi. Odotan innolla, ett\u00e4 p\u00e4\u00e4sen johtamaan suunnitelmiemme toteuttamista,\u201d Tammekann kommentoi.<\/p>\n\n\n\n<p>Varusmiespalveluksen lopullinen kesto ei ole viel\u00e4 tiedossa, mutta my\u00f6s Sivonen odottaa uudelta vuodelta paljon.<\/p>\n\n\n\n<p>\u201cOdotan varusmiespalveluksestani mielenkiintoisia ja haastavia teht\u00e4vi\u00e4, jotka tarjoavat uusia n\u00e4k\u00f6kulmia ja kehitt\u00e4v\u00e4t osaamistani. Ensi vuodesta tulee varmasti mielenkiintoinen!\u201d<\/p>\n\n\n\n<p>Tammekannin sijaiseksi erityisasiantuntijan teht\u00e4v\u00e4\u00e4n nimitetty henkil\u00f6 aloittaa 15.1.2026, jolloin valinnasta my\u00f6s tiedotetaan.<\/p>\n\n\n\n<p>Lis\u00e4tietoa:<br><strong>Samuel Tammekann<\/strong><br>toiminnanjohtajan sijainen (5.1.2026\u2013)<br><a href=\"mailto:samuel.tammekann@eurooppalainensuomi.fi\">samuel.tammekann@eurooppalainensuomi.fi<\/a><br>+358 44 550 6816<br>Eurooppalainen Suomi<\/p>\n\n\n\n<p>.<\/p>\n","protected":false},"excerpt":{"rendered":"<p>Eurooppalainen Suomi ry:n toiminnanjohtaja Totti Sivonen j\u00e4\u00e4 m\u00e4\u00e4r\u00e4aikaiselle vapaalle suorittamaan asevelvollisuutensa. Kaikissa toiminnanjohtajan teht\u00e4viss\u00e4 Sivosta sijaistaa 5.1.2026 alkaen Samuel Tammekann. Eurooppalaisen Suomen toiminnanjohtaja Totti Sivonen j\u00e4\u00e4 m\u00e4\u00e4r\u00e4aikaiselle vapaalle teht\u00e4v\u00e4st\u00e4\u00e4n vuoden 2026 alussa suorittaakseen asevelvollisuutensa rannikkoprikaatissa. Sijaistamaan Sivosta varusmiespalveluksen ajaksi kaikkiin toiminnanjohtajan teht\u00e4viin hallitus on valinnut j\u00e4rjest\u00f6n nykyisen erityisasiantuntijan Samuel Tammekannin. Tammekann aloittaa teht\u00e4v\u00e4ss\u00e4 5.1.2026, ja [&hellip;]<\/p>\n","protected":false},"author":8,"featured_media":7669,"comment_status":"closed","ping_status":"closed","sticky":false,"template":"","format":"standard","meta":{"_et_pb_use_builder":"off","_et_pb_old_content":"","_et_gb_content_width":""},"categories":[8,9],"tags":[],"yoast_head":"<!-- This site is optimized with the Yoast SEO plugin v19.13 - https:\/\/yoast.com\/wordpress\/plugins\/seo\/ -->\n<title>Toiminnanjohtaja Totti Sivonen varusmiespalvelukseen, sijaiseksi Samuel Tammekann - Eurooppalainen Suomi<\/title>\n<meta name=\"robots\" content=\"index, follow, max-snippet:-1, max-image-preview:large, max-video-preview:-1\" \/>\n<link rel=\"canonical\" href=\"https:\/\/www.eurooppalainensuomi.fi\/toiminnanjohtaja-totti-sivonen-varusmiespalvelukseen-sijaiseksi-samuel-tammekann\" \/>\n<meta property=\"og:locale\" content=\"en_US\" \/>\n<meta property=\"og:type\" content=\"article\" \/>\n<meta property=\"og:title\" content=\"Toiminnanjohtaja Totti Sivonen varusmiespalvelukseen, sijaiseksi Samuel Tammekann - Eurooppalainen Suomi\" \/>\n<meta property=\"og:description\" content=\"Eurooppalainen Suomi ry:n toiminnanjohtaja Totti Sivonen j\u00e4\u00e4 m\u00e4\u00e4r\u00e4aikaiselle vapaalle suorittamaan asevelvollisuutensa. Kaikissa toiminnanjohtajan teht\u00e4viss\u00e4 Sivosta sijaistaa 5.1.2026 alkaen Samuel Tammekann. Eurooppalaisen Suomen toiminnanjohtaja Totti Sivonen j\u00e4\u00e4 m\u00e4\u00e4r\u00e4aikaiselle vapaalle teht\u00e4v\u00e4st\u00e4\u00e4n vuoden 2026 alussa suorittaakseen asevelvollisuutensa rannikkoprikaatissa. Sijaistamaan Sivosta varusmiespalveluksen ajaksi kaikkiin toiminnanjohtajan teht\u00e4viin hallitus on valinnut j\u00e4rjest\u00f6n nykyisen erityisasiantuntijan Samuel Tammekannin. Tammekann aloittaa teht\u00e4v\u00e4ss\u00e4 5.1.2026, ja [&hellip;]\" \/>\n<meta property=\"og:url\" content=\"https:\/\/www.eurooppalainensuomi.fi\/toiminnanjohtaja-totti-sivonen-varusmiespalvelukseen-sijaiseksi-samuel-tammekann\" \/>\n<meta property=\"og:site_name\" content=\"Eurooppalainen Suomi\" \/>\n<meta property=\"article:publisher\" content=\"https:\/\/www.facebook.com\/eurooppalainensuomi\" \/>\n<meta property=\"article:published_time\" content=\"2025-12-16T14:16:21+00:00\" \/>\n<meta property=\"article:modified_time\" content=\"2025-12-16T14:17:12+00:00\" \/>\n<meta property=\"og:image\" content=\"https:\/\/www.eurooppalainensuomi.fi\/wp-content\/uploads\/2025\/12\/TottiSamuel-2.jpg\" \/>\n\t<meta property=\"og:image:width\" content=\"1600\" \/>\n\t<meta property=\"og:image:height\" content=\"900\" \/>\n\t<meta property=\"og:image:type\" content=\"image\/jpeg\" \/>\n<meta name=\"author\" content=\"Admin\" \/>\n<meta name=\"twitter:card\" content=\"summary_large_image\" \/>\n<meta name=\"twitter:creator\" content=\"@em_finland\" \/>\n<meta name=\"twitter:site\" content=\"@em_finland\" \/>\n<meta name=\"twitter:label1\" content=\"Written by\" \/>\n\t<meta name=\"twitter:data1\" content=\"Admin\" \/>\n\t<meta name=\"twitter:label2\" content=\"Est. reading time\" \/>\n\t<meta name=\"twitter:data2\" content=\"1 minute\" \/>\n<script type=\"application\/ld+json\" class=\"yoast-schema-graph\">{\"@context\":\"https:\/\/schema.org\",\"@graph\":[{\"@type\":\"Article\",\"@id\":\"https:\/\/www.eurooppalainensuomi.fi\/toiminnanjohtaja-totti-sivonen-varusmiespalvelukseen-sijaiseksi-samuel-tammekann#article\",\"isPartOf\":{\"@id\":\"https:\/\/www.eurooppalainensuomi.fi\/toiminnanjohtaja-totti-sivonen-varusmiespalvelukseen-sijaiseksi-samuel-tammekann\"},\"author\":{\"name\":\"Admin\",\"@id\":\"https:\/\/www.eurooppalainensuomi.fi\/#\/schema\/person\/42824760f66031a9671691f8a3cc4931\"},\"headline\":\"Toiminnanjohtaja Totti Sivonen varusmiespalvelukseen, sijaiseksi Samuel Tammekann\",\"datePublished\":\"2025-12-16T14:16:21+00:00\",\"dateModified\":\"2025-12-16T14:17:12+00:00\",\"mainEntityOfPage\":{\"@id\":\"https:\/\/www.eurooppalainensuomi.fi\/toiminnanjohtaja-totti-sivonen-varusmiespalvelukseen-sijaiseksi-samuel-tammekann\"},\"wordCount\":221,\"publisher\":{\"@id\":\"https:\/\/www.eurooppalainensuomi.fi\/#organization\"},\"articleSection\":[\"Ajankohtaista\",\"Uutiset\"],\"inLanguage\":\"en\"},{\"@type\":\"WebPage\",\"@id\":\"https:\/\/www.eurooppalainensuomi.fi\/toiminnanjohtaja-totti-sivonen-varusmiespalvelukseen-sijaiseksi-samuel-tammekann\",\"url\":\"https:\/\/www.eurooppalainensuomi.fi\/toiminnanjohtaja-totti-sivonen-varusmiespalvelukseen-sijaiseksi-samuel-tammekann\",\"name\":\"Toiminnanjohtaja Totti Sivonen varusmiespalvelukseen, sijaiseksi Samuel Tammekann - Eurooppalainen Suomi\",\"isPartOf\":{\"@id\":\"https:\/\/www.eurooppalainensuomi.fi\/#website\"},\"datePublished\":\"2025-12-16T14:16:21+00:00\",\"dateModified\":\"2025-12-16T14:17:12+00:00\",\"breadcrumb\":{\"@id\":\"https:\/\/www.eurooppalainensuomi.fi\/toiminnanjohtaja-totti-sivonen-varusmiespalvelukseen-sijaiseksi-samuel-tammekann#breadcrumb\"},\"inLanguage\":\"en\",\"potentialAction\":[{\"@type\":\"ReadAction\",\"target\":[\"https:\/\/www.eurooppalainensuomi.fi\/toiminnanjohtaja-totti-sivonen-varusmiespalvelukseen-sijaiseksi-samuel-tammekann\"]}]},{\"@type\":\"BreadcrumbList\",\"@id\":\"https:\/\/www.eurooppalainensuomi.fi\/toiminnanjohtaja-totti-sivonen-varusmiespalvelukseen-sijaiseksi-samuel-tammekann#breadcrumb\",\"itemListElement\":[{\"@type\":\"ListItem\",\"position\":1,\"name\":\"Etusivu\",\"item\":\"https:\/\/www.eurooppalainensuomi.fi\/\"},{\"@type\":\"ListItem\",\"position\":2,\"name\":\"Toiminnanjohtaja Totti Sivonen varusmiespalvelukseen, sijaiseksi Samuel Tammekann\"}]},{\"@type\":\"WebSite\",\"@id\":\"https:\/\/www.eurooppalainensuomi.fi\/#website\",\"url\":\"https:\/\/www.eurooppalainensuomi.fi\/\",\"name\":\"Eurooppalainen Suomi\",\"description\":\"Parempaa Eurooppaa rakentamassa\",\"publisher\":{\"@id\":\"https:\/\/www.eurooppalainensuomi.fi\/#organization\"},\"potentialAction\":[{\"@type\":\"SearchAction\",\"target\":{\"@type\":\"EntryPoint\",\"urlTemplate\":\"https:\/\/www.eurooppalainensuomi.fi\/?s={search_term_string}\"},\"query-input\":\"required name=search_term_string\"}],\"inLanguage\":\"en\"},{\"@type\":\"Organization\",\"@id\":\"https:\/\/www.eurooppalainensuomi.fi\/#organization\",\"name\":\"Eurooppalainen Suomi ry\",\"url\":\"https:\/\/www.eurooppalainensuomi.fi\/\",\"logo\":{\"@type\":\"ImageObject\",\"inLanguage\":\"en\",\"@id\":\"https:\/\/www.eurooppalainensuomi.fi\/#\/schema\/logo\/image\/\",\"url\":\"https:\/\/www.eurooppalainensuomi.fi\/wp-content\/uploads\/2021\/01\/PNG_large.png\",\"contentUrl\":\"https:\/\/www.eurooppalainensuomi.fi\/wp-content\/uploads\/2021\/01\/PNG_large.png\",\"width\":586,\"height\":220,\"caption\":\"Eurooppalainen Suomi ry\"},\"image\":{\"@id\":\"https:\/\/www.eurooppalainensuomi.fi\/#\/schema\/logo\/image\/\"},\"sameAs\":[\"https:\/\/instagram.com\/eurooppalainensuomi\",\"https:\/\/www.youtube.com\/channel\/UCBeqyrm1ze2RinjeAYS_-Jg\",\"https:\/\/fi.wikipedia.org\/wiki\/Eurooppalainen_Suomi\",\"https:\/\/www.facebook.com\/eurooppalainensuomi\",\"https:\/\/twitter.com\/em_finland\"]},{\"@type\":\"Person\",\"@id\":\"https:\/\/www.eurooppalainensuomi.fi\/#\/schema\/person\/42824760f66031a9671691f8a3cc4931\",\"name\":\"Admin\",\"image\":{\"@type\":\"ImageObject\",\"inLanguage\":\"en\",\"@id\":\"https:\/\/www.eurooppalainensuomi.fi\/#\/schema\/person\/image\/\",\"url\":\"https:\/\/secure.gravatar.com\/avatar\/2a869497ae566d1e62d81a21a923ac47?s=96&d=mm&r=g\",\"contentUrl\":\"https:\/\/secure.gravatar.com\/avatar\/2a869497ae566d1e62d81a21a923ac47?s=96&d=mm&r=g\",\"caption\":\"Admin\"}}]}<\/script>\n<!-- \/ Yoast SEO plugin. -->","yoast_head_json":{"title":"Toiminnanjohtaja Totti Sivonen varusmiespalvelukseen, sijaiseksi Samuel Tammekann - Eurooppalainen Suomi","robots":{"index":"index","follow":"follow","max-snippet":"max-snippet:-1","max-image-preview":"max-image-preview:large","max-video-preview":"max-video-preview:-1"},"canonical":"https:\/\/www.eurooppalainensuomi.fi\/toiminnanjohtaja-totti-sivonen-varusmiespalvelukseen-sijaiseksi-samuel-tammekann","og_locale":"en_US","og_type":"article","og_title":"Toiminnanjohtaja Totti Sivonen varusmiespalvelukseen, sijaiseksi Samuel Tammekann - Eurooppalainen Suomi","og_description":"Eurooppalainen Suomi ry:n toiminnanjohtaja Totti Sivonen j\u00e4\u00e4 m\u00e4\u00e4r\u00e4aikaiselle vapaalle suorittamaan asevelvollisuutensa. Kaikissa toiminnanjohtajan teht\u00e4viss\u00e4 Sivosta sijaistaa 5.1.2026 alkaen Samuel Tammekann. Eurooppalaisen Suomen toiminnanjohtaja Totti Sivonen j\u00e4\u00e4 m\u00e4\u00e4r\u00e4aikaiselle vapaalle teht\u00e4v\u00e4st\u00e4\u00e4n vuoden 2026 alussa suorittaakseen asevelvollisuutensa rannikkoprikaatissa. Sijaistamaan Sivosta varusmiespalveluksen ajaksi kaikkiin toiminnanjohtajan teht\u00e4viin hallitus on valinnut j\u00e4rjest\u00f6n nykyisen erityisasiantuntijan Samuel Tammekannin. Tammekann aloittaa teht\u00e4v\u00e4ss\u00e4 5.1.2026, ja [&hellip;]","og_url":"https:\/\/www.eurooppalainensuomi.fi\/toiminnanjohtaja-totti-sivonen-varusmiespalvelukseen-sijaiseksi-samuel-tammekann","og_site_name":"Eurooppalainen Suomi","article_publisher":"https:\/\/www.facebook.com\/eurooppalainensuomi","article_published_time":"2025-12-16T14:16:21+00:00","article_modified_time":"2025-12-16T14:17:12+00:00","og_image":[{"width":1600,"height":900,"url":"https:\/\/www.eurooppalainensuomi.fi\/wp-content\/uploads\/2025\/12\/TottiSamuel-2.jpg","type":"image\/jpeg"}],"author":"Admin","twitter_card":"summary_large_image","twitter_creator":"@em_finland","twitter_site":"@em_finland","twitter_misc":{"Written by":"Admin","Est. reading time":"1 minute"},"schema":{"@context":"https:\/\/schema.org","@graph":[{"@type":"Article","@id":"https:\/\/www.eurooppalainensuomi.fi\/toiminnanjohtaja-totti-sivonen-varusmiespalvelukseen-sijaiseksi-samuel-tammekann#article","isPartOf":{"@id":"https:\/\/www.eurooppalainensuomi.fi\/toiminnanjohtaja-totti-sivonen-varusmiespalvelukseen-sijaiseksi-samuel-tammekann"},"author":{"name":"Admin","@id":"https:\/\/www.eurooppalainensuomi.fi\/#\/schema\/person\/42824760f66031a9671691f8a3cc4931"},"headline":"Toiminnanjohtaja Totti Sivonen varusmiespalvelukseen, sijaiseksi Samuel Tammekann","datePublished":"2025-12-16T14:16:21+00:00","dateModified":"2025-12-16T14:17:12+00:00","mainEntityOfPage":{"@id":"https:\/\/www.eurooppalainensuomi.fi\/toiminnanjohtaja-totti-sivonen-varusmiespalvelukseen-sijaiseksi-samuel-tammekann"},"wordCount":221,"publisher":{"@id":"https:\/\/www.eurooppalainensuomi.fi\/#organization"},"articleSection":["Ajankohtaista","Uutiset"],"inLanguage":"en"},{"@type":"WebPage","@id":"https:\/\/www.eurooppalainensuomi.fi\/toiminnanjohtaja-totti-sivonen-varusmiespalvelukseen-sijaiseksi-samuel-tammekann","url":"https:\/\/www.eurooppalainensuomi.fi\/toiminnanjohtaja-totti-sivonen-varusmiespalvelukseen-sijaiseksi-samuel-tammekann","name":"Toiminnanjohtaja Totti Sivonen varusmiespalvelukseen, sijaiseksi Samuel Tammekann - Eurooppalainen Suomi","isPartOf":{"@id":"https:\/\/www.eurooppalainensuomi.fi\/#website"},"datePublished":"2025-12-16T14:16:21+00:00","dateModified":"2025-12-16T14:17:12+00:00","breadcrumb":{"@id":"https:\/\/www.eurooppalainensuomi.fi\/toiminnanjohtaja-totti-sivonen-varusmiespalvelukseen-sijaiseksi-samuel-tammekann#breadcrumb"},"inLanguage":"en","potentialAction":[{"@type":"ReadAction","target":["https:\/\/www.eurooppalainensuomi.fi\/toiminnanjohtaja-totti-sivonen-varusmiespalvelukseen-sijaiseksi-samuel-tammekann"]}]},{"@type":"BreadcrumbList","@id":"https:\/\/www.eurooppalainensuomi.fi\/toiminnanjohtaja-totti-sivonen-varusmiespalvelukseen-sijaiseksi-samuel-tammekann#breadcrumb","itemListElement":[{"@type":"ListItem","position":1,"name":"Etusivu","item":"https:\/\/www.eurooppalainensuomi.fi\/"},{"@type":"ListItem","position":2,"name":"Toiminnanjohtaja Totti Sivonen varusmiespalvelukseen, sijaiseksi Samuel Tammekann"}]},{"@type":"WebSite","@id":"https:\/\/www.eurooppalainensuomi.fi\/#website","url":"https:\/\/www.eurooppalainensuomi.fi\/","name":"Eurooppalainen Suomi","description":"Parempaa Eurooppaa rakentamassa","publisher":{"@id":"https:\/\/www.eurooppalainensuomi.fi\/#organization"},"potentialAction":[{"@type":"SearchAction","target":{"@type":"EntryPoint","urlTemplate":"https:\/\/www.eurooppalainensuomi.fi\/?s={search_term_string}"},"query-input":"required name=search_term_string"}],"inLanguage":"en"},{"@type":"Organization","@id":"https:\/\/www.eurooppalainensuomi.fi\/#organization","name":"Eurooppalainen Suomi ry","url":"https:\/\/www.eurooppalainensuomi.fi\/","logo":{"@type":"ImageObject","inLanguage":"en","@id":"https:\/\/www.eurooppalainensuomi.fi\/#\/schema\/logo\/image\/","url":"https:\/\/www.eurooppalainensuomi.fi\/wp-content\/uploads\/2021\/01\/PNG_large.png","contentUrl":"https:\/\/www.eurooppalainensuomi.fi\/wp-content\/uploads\/2021\/01\/PNG_large.png","width":586,"height":220,"caption":"Eurooppalainen Suomi ry"},"image":{"@id":"https:\/\/www.eurooppalainensuomi.fi\/#\/schema\/logo\/image\/"},"sameAs":["https:\/\/instagram.com\/eurooppalainensuomi","https:\/\/www.youtube.com\/channel\/UCBeqyrm1ze2RinjeAYS_-Jg","https:\/\/fi.wikipedia.org\/wiki\/Eurooppalainen_Suomi","https:\/\/www.facebook.com\/eurooppalainensuomi","https:\/\/twitter.com\/em_finland"]},{"@type":"Person","@id":"https:\/\/www.eurooppalainensuomi.fi\/#\/schema\/person\/42824760f66031a9671691f8a3cc4931","name":"Admin","image":{"@type":"ImageObject","inLanguage":"en","@id":"https:\/\/www.eurooppalainensuomi.fi\/#\/schema\/person\/image\/","url":"https:\/\/secure.gravatar.com\/avatar\/2a869497ae566d1e62d81a21a923ac47?s=96&d=mm&r=g","contentUrl":"https:\/\/secure.gravatar.com\/avatar\/2a869497ae566d1e62d81a21a923ac47?s=96&d=mm&r=g","caption":"Admin"}}]}},"jetpack_featured_media_url":"https:\/\/www.eurooppalainensuomi.fi\/wp-content\/uploads\/2025\/12\/TottiSamuel-2.jpg","_links":{"self":[{"href":"https:\/\/www.eurooppalainensuomi.fi\/index.php?rest_route=\/wp\/v2\/posts\/7668"}],"collection":[{"href":"https:\/\/www.eurooppalainensuomi.fi\/index.php?rest_route=\/wp\/v2\/posts"}],"about":[{"href":"https:\/\/www.eurooppalainensuomi.fi\/index.php?rest_route=\/wp\/v2\/types\/post"}],"author":[{"embeddable":true,"href":"https:\/\/www.eurooppalainensuomi.fi\/index.php?rest_route=\/wp\/v2\/users\/8"}],"replies":[{"embeddable":true,"href":"https:\/\/www.eurooppalainensuomi.fi\/index.php?rest_route=%2Fwp%2Fv2%2Fcomments&post=7668"}],"version-history":[{"count":2,"href":"https:\/\/www.eurooppalainensuomi.fi\/index.php?rest_route=\/wp\/v2\/posts\/7668\/revisions"}],"predecessor-version":[{"id":7671,"href":"https:\/\/www.eurooppalainensuomi.fi\/index.php?rest_route=\/wp\/v2\/posts\/7668\/revisions\/7671"}],"wp:featuredmedia":[{"embeddable":true,"href":"https:\/\/www.eurooppalainensuomi.fi\/index.php?rest_route=\/wp\/v2\/media\/7669"}],"wp:attachment":[{"href":"https:\/\/www.eurooppalainensuomi.fi\/index.php?rest_route=%2Fwp%2Fv2%2Fmedia&parent=7668"}],"wp:term":[{"taxonomy":"category","embeddable":true,"href":"https:\/\/www.eurooppalainensuomi.fi\/index.php?rest_route=%2Fwp%2Fv2%2Fcategories&post=7668"},{"taxonomy":"post_tag","embeddable":true,"href":"https:\/\/www.eurooppalainensuomi.fi\/index.php?rest_route=%2Fwp%2Fv2%2Ftags&post=7668"}],"curies":[{"name":"wp","href":"https:\/\/api.w.org\/{rel}","templated":true}]}}