{"id":6851,"date":"2025-12-01T10:40:45","date_gmt":"2025-12-01T08:40:45","guid":{"rendered":"https:\/\/www.eurooppalainensuomi.fi\/?p=6851"},"modified":"2025-12-01T10:47:46","modified_gmt":"2025-12-01T08:47:46","slug":"eun-viikko","status":"publish","type":"post","link":"https:\/\/www.eurooppalainensuomi.fi\/eun-viikko","title":{"rendered":"EU:n viikko: kauppa, komission strategiat ja Ukraina esill\u00e4"},"content":{"rendered":"\n<h2>Euroopan parlamentti<\/h2>\n\n\n\n<p>Euroopan parlamentissa on t\u00e4ll\u00e4 viikolla valiokuntaviikko, jolloin parlamentin valiokunnat kokoustavat. Lis\u00e4ksi maanantaista torstaihin parlamentissa vietet\u00e4\u00e4n vammaisten oikeuksien viikkoa. Viikolla valiokunnat j\u00e4rjest\u00e4v\u00e4t kuulemisia ja muita tapahtumia liittyen muun muassa vammaisten oikeuksiin, hyvien k\u00e4yt\u00e4nt\u00f6jen jakamiseen ja saavutettavuuden parantamiseen.<\/p>\n\n\n\n<p>Kansainv\u00e4lisen kaupan valiokunta keskustelee tiistaina USA:n kanssa tehdyn tullisopimuksen toimeenpanosta ja Etel\u00e4-Amerikan Mercosur-maiden ja EU:n v\u00e4liseen vapaakauppasopimukseen esitetyist\u00e4 suojatoimenpiteist\u00e4, joilla tavoitellaan eurooppalaisten maanviljelij\u00f6iden asemasta huolehtimista.<\/p>\n\n\n\n<p>Tiistaina ulkoasiainvaliokunta arvioi EU:n ja USA:n v\u00e4lisi\u00e4 suhteita. Meppien odotetaan vaativan koherentimpaa l\u00e4hestymistapaa transatlanttisiin suhteisiin, kehottamaan USA:ta vahvistamaan johtoasemaansa Ukrainan tukemisessa ja rohkaisemaan molempia puolia v\u00e4hent\u00e4m\u00e4\u00e4n kaupan esteit\u00e4.<\/p>\n\n\n\n<p>Keskiviikkona kansalaisvapauksien valiokunta \u00e4\u00e4nest\u00e4\u00e4 digitaalisia matkustusasiakirjoja koskevista lakiehdotuksista. Lailla tavoitellaan helpottamaan liikkumista EU:n ulkorajoja ylitt\u00e4ess\u00e4. Lailla sallittaisiin digitaaliset tunnukset, jotka voidaan tarkistaa ennen rajalle saapumista.<\/p>\n\n\n\n<p>Maanantaista tiistaihin parlamentin puheenjohtaja Roberta Metsola ja poliittisten ryhmien johtajat matkustavat Kyprokseen keskustelemaan maan johtajien kanssa Kyproksen tulevasta EU:n neuvoston puheenjohtajakaudesta, joka alkaa tammikuussa 2026.<\/p>\n\n\n\n<h2>Euroopan komissio<\/h2>\n\n\n\n<p>Keskiviikkona komissio julkistaa ymp\u00e4rist\u00f6lains\u00e4\u00e4d\u00e4nt\u00f6\u00e4 koskevan omnibus-paketin, jolla tavoitellaan ymp\u00e4rist\u00f6lains\u00e4\u00e4d\u00e4nt\u00f6\u00e4 koskevien raportointivelvoitteiden yksinkertaistamista ja virtaviivaistamista.<\/p>\n\n\n\n<p>Keskiviikkona komissio julkaisee huumeiden vastaisen strategian vuosille 2026-2030. Strategia on jatkoa aiemmalle t\u00e4n\u00e4 vuonna umpeutuvalle strategialle. Strategialla halutaan puuttua muuttuneeseen tilanteeseen, jossa huumeiden m\u00e4\u00e4r\u00e4 on lis\u00e4\u00e4ntynyt EU:n alueella.<\/p>\n\n\n\n<p>Komissio julkaisee keskiviikkona ehdotuksensa uusiksi s\u00e4\u00e4nn\u00f6iksi sijotusmarkkinoille. Uudistuksen ajatuksena on kevent\u00e4\u00e4 s\u00e4\u00e4nn\u00f6ksist\u00e4 ja valvonnasta aiheutuvia esteit\u00e4, jotka hankaloittavat markkinoiden toimintaa. Lis\u00e4ksi tavoitteena on kevent\u00e4\u00e4 hallinnollista taakkaa.<\/p>\n\n\n\n<p>Keskiviikkona komissio julkaisee laatuty\u00f6paikkoja koskevan etenemissuunnitelman, jolla pyrit\u00e4\u00e4n mm. tukemaan j\u00e4senmaita ja teollisuutta tarjoamaan kohtuulliset ty\u00f6olot ja ty\u00f6ntekij\u00f6iden p\u00e4\u00e4sy\u00e4 koulutukseen. Erityisesti suunnitelmalla tuetaan ty\u00f6el\u00e4m\u00e4n murroksesta k\u00e4rsivi\u00e4 ty\u00f6ntekij\u00f6it\u00e4.<\/p>\n\n\n\n<h2>Euroopan unionin neuvosto<\/h2>\n\n\n\n<p>Maanantaina ty\u00f6llisyys-, sosiaalipolitiikka-, terveys- ja kuluttaja-asioiden neuvoston ministerit pyrkiv\u00e4t hyv\u00e4ksym\u00e4\u00e4n p\u00e4\u00e4telm\u00e4t tulevasta Euroopan kohtuuhintaisesta asuntosuunnitelmasta, jonka komissio aikoo julkaista joulukuussa 2025. Samana p\u00e4iv\u00e4n\u00e4 ulkoasiainneuvosto keskustelee EU:n sotilaallisesta tuesta Ukrainalle Ukrainan puolustusministeri Denys \u0160myhalin ja Naton p\u00e4\u00e4sihteeri Mark Rutten kanssa k\u00e4ydyn ep\u00e4virallisen keskustelun j\u00e4lkeen. Liikenne-, televiestint\u00e4- ja energianeuvoston ministereiden odotetaan torstaina hyv\u00e4ksyv\u00e4n neuvoston kannan, jolla muutetaan direktiivi\u00e4, jossa vahvistetaan tiettyjen maantieajoneuvojen suurimmat sallitut mitat ja painot.<\/p>\n","protected":false},"excerpt":{"rendered":"<p>Euroopan parlamentti Euroopan parlamentissa on t\u00e4ll\u00e4 viikolla valiokuntaviikko, jolloin parlamentin valiokunnat kokoustavat. Lis\u00e4ksi maanantaista torstaihin parlamentissa vietet\u00e4\u00e4n vammaisten oikeuksien viikkoa. Viikolla valiokunnat j\u00e4rjest\u00e4v\u00e4t kuulemisia ja muita tapahtumia liittyen muun muassa vammaisten oikeuksiin, hyvien k\u00e4yt\u00e4nt\u00f6jen jakamiseen ja saavutettavuuden parantamiseen. Kansainv\u00e4lisen kaupan valiokunta keskustelee tiistaina USA:n kanssa tehdyn tullisopimuksen toimeenpanosta ja Etel\u00e4-Amerikan Mercosur-maiden ja EU:n v\u00e4liseen vapaakauppasopimukseen [&hellip;]<\/p>\n","protected":false},"author":8,"featured_media":4595,"comment_status":"closed","ping_status":"closed","sticky":false,"template":"","format":"standard","meta":{"_et_pb_use_builder":"off","_et_pb_old_content":"","_et_gb_content_width":""},"categories":[8,123],"tags":[],"yoast_head":"<!-- This site is optimized with the Yoast SEO plugin v19.13 - https:\/\/yoast.com\/wordpress\/plugins\/seo\/ -->\n<title>EU:n viikko: kauppa, komission strategiat ja Ukraina esill\u00e4 - Eurooppalainen Suomi<\/title>\n<meta name=\"description\" content=\"Komissio julkaisee mm. huumeiden vastaisen strategian. Neuvostossa keskustellaan Ukrainan tukemisesta. Parlamentti k\u00e4sittelee vapaakauppaa.\" \/>\n<meta name=\"robots\" content=\"index, follow, max-snippet:-1, max-image-preview:large, max-video-preview:-1\" \/>\n<link rel=\"canonical\" href=\"https:\/\/www.eurooppalainensuomi.fi\/eun-viikko\" \/>\n<meta property=\"og:locale\" content=\"en_US\" \/>\n<meta property=\"og:type\" content=\"article\" \/>\n<meta property=\"og:title\" content=\"EU:n viikko: kauppa, komission strategiat ja Ukraina esill\u00e4 - Eurooppalainen Suomi\" \/>\n<meta property=\"og:description\" content=\"Komissio julkaisee mm. huumeiden vastaisen strategian. Neuvostossa keskustellaan Ukrainan tukemisesta. Parlamentti k\u00e4sittelee vapaakauppaa.\" \/>\n<meta property=\"og:url\" content=\"https:\/\/www.eurooppalainensuomi.fi\/eun-viikko\" \/>\n<meta property=\"og:site_name\" content=\"Eurooppalainen Suomi\" \/>\n<meta property=\"article:publisher\" content=\"https:\/\/www.facebook.com\/eurooppalainensuomi\" \/>\n<meta property=\"article:published_time\" content=\"2025-12-01T08:40:45+00:00\" \/>\n<meta property=\"article:modified_time\" content=\"2025-12-01T08:47:46+00:00\" \/>\n<meta property=\"og:image\" content=\"https:\/\/www.eurooppalainensuomi.fi\/wp-content\/uploads\/2022\/12\/Sivu1-Kuva-2-scaled-e1741602544664.jpg\" \/>\n\t<meta property=\"og:image:width\" content=\"1708\" \/>\n\t<meta property=\"og:image:height\" content=\"960\" \/>\n\t<meta property=\"og:image:type\" content=\"image\/jpeg\" \/>\n<meta name=\"author\" content=\"Admin\" \/>\n<meta name=\"twitter:card\" content=\"summary_large_image\" \/>\n<meta name=\"twitter:creator\" content=\"@em_finland\" \/>\n<meta name=\"twitter:site\" content=\"@em_finland\" \/>\n<meta name=\"twitter:label1\" content=\"Written by\" \/>\n\t<meta name=\"twitter:data1\" content=\"Admin\" \/>\n\t<meta name=\"twitter:label2\" content=\"Est. reading time\" \/>\n\t<meta name=\"twitter:data2\" content=\"2 minutes\" \/>\n<script type=\"application\/ld+json\" class=\"yoast-schema-graph\">{\"@context\":\"https:\/\/schema.org\",\"@graph\":[{\"@type\":\"Article\",\"@id\":\"https:\/\/www.eurooppalainensuomi.fi\/eun-viikko#article\",\"isPartOf\":{\"@id\":\"https:\/\/www.eurooppalainensuomi.fi\/eun-viikko\"},\"author\":{\"name\":\"Admin\",\"@id\":\"https:\/\/www.eurooppalainensuomi.fi\/#\/schema\/person\/42824760f66031a9671691f8a3cc4931\"},\"headline\":\"EU:n viikko: kauppa, komission strategiat ja Ukraina esill\u00e4\",\"datePublished\":\"2025-12-01T08:40:45+00:00\",\"dateModified\":\"2025-12-01T08:47:46+00:00\",\"mainEntityOfPage\":{\"@id\":\"https:\/\/www.eurooppalainensuomi.fi\/eun-viikko\"},\"wordCount\":385,\"publisher\":{\"@id\":\"https:\/\/www.eurooppalainensuomi.fi\/#organization\"},\"articleSection\":[\"Ajankohtaista\",\"EU:n viikko\"],\"inLanguage\":\"en\"},{\"@type\":\"WebPage\",\"@id\":\"https:\/\/www.eurooppalainensuomi.fi\/eun-viikko\",\"url\":\"https:\/\/www.eurooppalainensuomi.fi\/eun-viikko\",\"name\":\"EU:n viikko: kauppa, komission strategiat ja Ukraina esill\u00e4 - Eurooppalainen Suomi\",\"isPartOf\":{\"@id\":\"https:\/\/www.eurooppalainensuomi.fi\/#website\"},\"datePublished\":\"2025-12-01T08:40:45+00:00\",\"dateModified\":\"2025-12-01T08:47:46+00:00\",\"description\":\"Komissio julkaisee mm. huumeiden vastaisen strategian. Neuvostossa keskustellaan Ukrainan tukemisesta. Parlamentti k\u00e4sittelee vapaakauppaa.\",\"breadcrumb\":{\"@id\":\"https:\/\/www.eurooppalainensuomi.fi\/eun-viikko#breadcrumb\"},\"inLanguage\":\"en\",\"potentialAction\":[{\"@type\":\"ReadAction\",\"target\":[\"https:\/\/www.eurooppalainensuomi.fi\/eun-viikko\"]}]},{\"@type\":\"BreadcrumbList\",\"@id\":\"https:\/\/www.eurooppalainensuomi.fi\/eun-viikko#breadcrumb\",\"itemListElement\":[{\"@type\":\"ListItem\",\"position\":1,\"name\":\"Etusivu\",\"item\":\"https:\/\/www.eurooppalainensuomi.fi\/\"},{\"@type\":\"ListItem\",\"position\":2,\"name\":\"EU:n viikko: kauppa, komission strategiat ja Ukraina esill\u00e4\"}]},{\"@type\":\"WebSite\",\"@id\":\"https:\/\/www.eurooppalainensuomi.fi\/#website\",\"url\":\"https:\/\/www.eurooppalainensuomi.fi\/\",\"name\":\"Eurooppalainen Suomi\",\"description\":\"Parempaa Eurooppaa rakentamassa\",\"publisher\":{\"@id\":\"https:\/\/www.eurooppalainensuomi.fi\/#organization\"},\"potentialAction\":[{\"@type\":\"SearchAction\",\"target\":{\"@type\":\"EntryPoint\",\"urlTemplate\":\"https:\/\/www.eurooppalainensuomi.fi\/?s={search_term_string}\"},\"query-input\":\"required name=search_term_string\"}],\"inLanguage\":\"en\"},{\"@type\":\"Organization\",\"@id\":\"https:\/\/www.eurooppalainensuomi.fi\/#organization\",\"name\":\"Eurooppalainen Suomi ry\",\"url\":\"https:\/\/www.eurooppalainensuomi.fi\/\",\"logo\":{\"@type\":\"ImageObject\",\"inLanguage\":\"en\",\"@id\":\"https:\/\/www.eurooppalainensuomi.fi\/#\/schema\/logo\/image\/\",\"url\":\"https:\/\/www.eurooppalainensuomi.fi\/wp-content\/uploads\/2021\/01\/PNG_large.png\",\"contentUrl\":\"https:\/\/www.eurooppalainensuomi.fi\/wp-content\/uploads\/2021\/01\/PNG_large.png\",\"width\":586,\"height\":220,\"caption\":\"Eurooppalainen Suomi ry\"},\"image\":{\"@id\":\"https:\/\/www.eurooppalainensuomi.fi\/#\/schema\/logo\/image\/\"},\"sameAs\":[\"https:\/\/instagram.com\/eurooppalainensuomi\",\"https:\/\/www.youtube.com\/channel\/UCBeqyrm1ze2RinjeAYS_-Jg\",\"https:\/\/fi.wikipedia.org\/wiki\/Eurooppalainen_Suomi\",\"https:\/\/www.facebook.com\/eurooppalainensuomi\",\"https:\/\/twitter.com\/em_finland\"]},{\"@type\":\"Person\",\"@id\":\"https:\/\/www.eurooppalainensuomi.fi\/#\/schema\/person\/42824760f66031a9671691f8a3cc4931\",\"name\":\"Admin\",\"image\":{\"@type\":\"ImageObject\",\"inLanguage\":\"en\",\"@id\":\"https:\/\/www.eurooppalainensuomi.fi\/#\/schema\/person\/image\/\",\"url\":\"https:\/\/secure.gravatar.com\/avatar\/2a869497ae566d1e62d81a21a923ac47?s=96&d=mm&r=g\",\"contentUrl\":\"https:\/\/secure.gravatar.com\/avatar\/2a869497ae566d1e62d81a21a923ac47?s=96&d=mm&r=g\",\"caption\":\"Admin\"}}]}<\/script>\n<!-- \/ Yoast SEO plugin. -->","yoast_head_json":{"title":"EU:n viikko: kauppa, komission strategiat ja Ukraina esill\u00e4 - Eurooppalainen Suomi","description":"Komissio julkaisee mm. huumeiden vastaisen strategian. Neuvostossa keskustellaan Ukrainan tukemisesta. Parlamentti k\u00e4sittelee vapaakauppaa.","robots":{"index":"index","follow":"follow","max-snippet":"max-snippet:-1","max-image-preview":"max-image-preview:large","max-video-preview":"max-video-preview:-1"},"canonical":"https:\/\/www.eurooppalainensuomi.fi\/eun-viikko","og_locale":"en_US","og_type":"article","og_title":"EU:n viikko: kauppa, komission strategiat ja Ukraina esill\u00e4 - Eurooppalainen Suomi","og_description":"Komissio julkaisee mm. huumeiden vastaisen strategian. Neuvostossa keskustellaan Ukrainan tukemisesta. Parlamentti k\u00e4sittelee vapaakauppaa.","og_url":"https:\/\/www.eurooppalainensuomi.fi\/eun-viikko","og_site_name":"Eurooppalainen Suomi","article_publisher":"https:\/\/www.facebook.com\/eurooppalainensuomi","article_published_time":"2025-12-01T08:40:45+00:00","article_modified_time":"2025-12-01T08:47:46+00:00","og_image":[{"width":1708,"height":960,"url":"https:\/\/www.eurooppalainensuomi.fi\/wp-content\/uploads\/2022\/12\/Sivu1-Kuva-2-scaled-e1741602544664.jpg","type":"image\/jpeg"}],"author":"Admin","twitter_card":"summary_large_image","twitter_creator":"@em_finland","twitter_site":"@em_finland","twitter_misc":{"Written by":"Admin","Est. reading time":"2 minutes"},"schema":{"@context":"https:\/\/schema.org","@graph":[{"@type":"Article","@id":"https:\/\/www.eurooppalainensuomi.fi\/eun-viikko#article","isPartOf":{"@id":"https:\/\/www.eurooppalainensuomi.fi\/eun-viikko"},"author":{"name":"Admin","@id":"https:\/\/www.eurooppalainensuomi.fi\/#\/schema\/person\/42824760f66031a9671691f8a3cc4931"},"headline":"EU:n viikko: kauppa, komission strategiat ja Ukraina esill\u00e4","datePublished":"2025-12-01T08:40:45+00:00","dateModified":"2025-12-01T08:47:46+00:00","mainEntityOfPage":{"@id":"https:\/\/www.eurooppalainensuomi.fi\/eun-viikko"},"wordCount":385,"publisher":{"@id":"https:\/\/www.eurooppalainensuomi.fi\/#organization"},"articleSection":["Ajankohtaista","EU:n viikko"],"inLanguage":"en"},{"@type":"WebPage","@id":"https:\/\/www.eurooppalainensuomi.fi\/eun-viikko","url":"https:\/\/www.eurooppalainensuomi.fi\/eun-viikko","name":"EU:n viikko: kauppa, komission strategiat ja Ukraina esill\u00e4 - Eurooppalainen Suomi","isPartOf":{"@id":"https:\/\/www.eurooppalainensuomi.fi\/#website"},"datePublished":"2025-12-01T08:40:45+00:00","dateModified":"2025-12-01T08:47:46+00:00","description":"Komissio julkaisee mm. huumeiden vastaisen strategian. Neuvostossa keskustellaan Ukrainan tukemisesta. Parlamentti k\u00e4sittelee vapaakauppaa.","breadcrumb":{"@id":"https:\/\/www.eurooppalainensuomi.fi\/eun-viikko#breadcrumb"},"inLanguage":"en","potentialAction":[{"@type":"ReadAction","target":["https:\/\/www.eurooppalainensuomi.fi\/eun-viikko"]}]},{"@type":"BreadcrumbList","@id":"https:\/\/www.eurooppalainensuomi.fi\/eun-viikko#breadcrumb","itemListElement":[{"@type":"ListItem","position":1,"name":"Etusivu","item":"https:\/\/www.eurooppalainensuomi.fi\/"},{"@type":"ListItem","position":2,"name":"EU:n viikko: kauppa, komission strategiat ja Ukraina esill\u00e4"}]},{"@type":"WebSite","@id":"https:\/\/www.eurooppalainensuomi.fi\/#website","url":"https:\/\/www.eurooppalainensuomi.fi\/","name":"Eurooppalainen Suomi","description":"Parempaa Eurooppaa rakentamassa","publisher":{"@id":"https:\/\/www.eurooppalainensuomi.fi\/#organization"},"potentialAction":[{"@type":"SearchAction","target":{"@type":"EntryPoint","urlTemplate":"https:\/\/www.eurooppalainensuomi.fi\/?s={search_term_string}"},"query-input":"required name=search_term_string"}],"inLanguage":"en"},{"@type":"Organization","@id":"https:\/\/www.eurooppalainensuomi.fi\/#organization","name":"Eurooppalainen Suomi ry","url":"https:\/\/www.eurooppalainensuomi.fi\/","logo":{"@type":"ImageObject","inLanguage":"en","@id":"https:\/\/www.eurooppalainensuomi.fi\/#\/schema\/logo\/image\/","url":"https:\/\/www.eurooppalainensuomi.fi\/wp-content\/uploads\/2021\/01\/PNG_large.png","contentUrl":"https:\/\/www.eurooppalainensuomi.fi\/wp-content\/uploads\/2021\/01\/PNG_large.png","width":586,"height":220,"caption":"Eurooppalainen Suomi ry"},"image":{"@id":"https:\/\/www.eurooppalainensuomi.fi\/#\/schema\/logo\/image\/"},"sameAs":["https:\/\/instagram.com\/eurooppalainensuomi","https:\/\/www.youtube.com\/channel\/UCBeqyrm1ze2RinjeAYS_-Jg","https:\/\/fi.wikipedia.org\/wiki\/Eurooppalainen_Suomi","https:\/\/www.facebook.com\/eurooppalainensuomi","https:\/\/twitter.com\/em_finland"]},{"@type":"Person","@id":"https:\/\/www.eurooppalainensuomi.fi\/#\/schema\/person\/42824760f66031a9671691f8a3cc4931","name":"Admin","image":{"@type":"ImageObject","inLanguage":"en","@id":"https:\/\/www.eurooppalainensuomi.fi\/#\/schema\/person\/image\/","url":"https:\/\/secure.gravatar.com\/avatar\/2a869497ae566d1e62d81a21a923ac47?s=96&d=mm&r=g","contentUrl":"https:\/\/secure.gravatar.com\/avatar\/2a869497ae566d1e62d81a21a923ac47?s=96&d=mm&r=g","caption":"Admin"}}]}},"jetpack_featured_media_url":"https:\/\/www.eurooppalainensuomi.fi\/wp-content\/uploads\/2022\/12\/Sivu1-Kuva-2-scaled-e1741602544664.jpg","_links":{"self":[{"href":"https:\/\/www.eurooppalainensuomi.fi\/index.php?rest_route=\/wp\/v2\/posts\/6851"}],"collection":[{"href":"https:\/\/www.eurooppalainensuomi.fi\/index.php?rest_route=\/wp\/v2\/posts"}],"about":[{"href":"https:\/\/www.eurooppalainensuomi.fi\/index.php?rest_route=\/wp\/v2\/types\/post"}],"author":[{"embeddable":true,"href":"https:\/\/www.eurooppalainensuomi.fi\/index.php?rest_route=\/wp\/v2\/users\/8"}],"replies":[{"embeddable":true,"href":"https:\/\/www.eurooppalainensuomi.fi\/index.php?rest_route=%2Fwp%2Fv2%2Fcomments&post=6851"}],"version-history":[{"count":2,"href":"https:\/\/www.eurooppalainensuomi.fi\/index.php?rest_route=\/wp\/v2\/posts\/6851\/revisions"}],"predecessor-version":[{"id":6854,"href":"https:\/\/www.eurooppalainensuomi.fi\/index.php?rest_route=\/wp\/v2\/posts\/6851\/revisions\/6854"}],"wp:featuredmedia":[{"embeddable":true,"href":"https:\/\/www.eurooppalainensuomi.fi\/index.php?rest_route=\/wp\/v2\/media\/4595"}],"wp:attachment":[{"href":"https:\/\/www.eurooppalainensuomi.fi\/index.php?rest_route=%2Fwp%2Fv2%2Fmedia&parent=6851"}],"wp:term":[{"taxonomy":"category","embeddable":true,"href":"https:\/\/www.eurooppalainensuomi.fi\/index.php?rest_route=%2Fwp%2Fv2%2Fcategories&post=6851"},{"taxonomy":"post_tag","embeddable":true,"href":"https:\/\/www.eurooppalainensuomi.fi\/index.php?rest_route=%2Fwp%2Fv2%2Ftags&post=6851"}],"curies":[{"name":"wp","href":"https:\/\/api.w.org\/{rel}","templated":true}]}}