{"id":5544,"date":"2025-10-16T11:45:54","date_gmt":"2025-10-16T09:45:54","guid":{"rendered":"https:\/\/www.eurooppalainensuomi.fi\/?p=5544"},"modified":"2025-10-22T17:33:32","modified_gmt":"2025-10-22T15:33:32","slug":"kannanotto-kansallisten-intressien-ensisijaisuus-tekee-euroopasta-merkityksettoman","status":"publish","type":"post","link":"https:\/\/www.eurooppalainensuomi.fi\/kannanotto-kansallisten-intressien-ensisijaisuus-tekee-euroopasta-merkityksettoman","title":{"rendered":"Kannanotto: Kansallisten intressien ensisijaisuus tekee Euroopasta merkityksett\u00f6m\u00e4n"},"content":{"rendered":"\n<p><em>Ahdas tulkinta kansallisesta edusta uhkaa romuttaa s\u00e4\u00e4nt\u00f6pohjaista kansainv\u00e4list\u00e4 j\u00e4rjestyst\u00e4. Maailmankaupan integraatio yhteisten s\u00e4\u00e4nt\u00f6jen pohjalta palvelee kaikkien maiden etuja, mutta sen on korvannut nollasummapeliajattelu. Lyhytn\u00e4k\u00f6inen opportunismi ja s\u00e4\u00e4nt\u00f6jen kiertely on huono tie eteenp\u00e4in. Euroopan osalta sille tielle k\u00e4\u00e4ntyminen on erityisen vahingollista. Yhten\u00e4isyyden puute uhkaa tehd\u00e4 Euroopasta merkityksett\u00f6m\u00e4n.<\/em><\/p>\n\n\n\n<p>Olemme tilanteessa, jossa s\u00e4\u00e4nt\u00f6pohjaisen l\u00e4nsivetoisen maailmanj\u00e4rjestyksen tavat ja instituutiot murenevat. Nyt monenkeskisyyden on korvannut raaka suurvaltapeli ja kaikkia hy\u00f6dytt\u00e4v\u00e4n kaupan tilalle on tullut voittajiin ja h\u00e4vi\u00e4jiin perustuva transaktionalismi. Euroopalla olisi aito mahdollisuus olla mukana muokkaamassa uutta maailmanj\u00e4rjestyst\u00e4 ja ty\u00f6skennell\u00e4 sen puolesta, ett\u00e4 arvomme, kuten demokratia, kansainv\u00e4linen yhteisty\u00f6 ja kansojen itsem\u00e4\u00e4r\u00e4\u00e4misoikeus, s\u00e4ilyv\u00e4t my\u00f6s uudessa maailmassa.&nbsp;<\/p>\n\n\n\n<p>EU:n kyky tehd\u00e4 tarvittavia uudistuksia integraation ja globaalin painoarvonsa lis\u00e4\u00e4miseksi on kuitenkin edelleen puutteellinen. Viime syksyn\u00e4 julkaistu <strong>Draghin<\/strong> raportti n\u00e4ytti mahdollisen tien eteenp\u00e4in ja synnytti jo innostusta mahdollisesta tiest\u00e4 j\u00e4rjestelm\u00e4n tulevaisuuden turvaamiseen. Raportin suosituksia ei ole kuitenkaan pystytty muuttamaan k\u00e4yt\u00e4nn\u00f6ksi \u2013 johtajien sanallinen innostuneisuus lopahtaa lains\u00e4\u00e4d\u00e4nn\u00f6st\u00e4 sopiessa, sill\u00e4 kansalliset ja poliittiset intressit voittavat edelleen yhteisen eurooppalaisen edun.&nbsp;<\/p>\n\n\n\n<p>Kansallisten intressien nollasummapeli jyr\u00e4si my\u00f6s EU:n ja Yhdysvaltain v\u00e4lisiss\u00e4 kauppaneuvotteluissa. Komission neuvotteluvoima oli v\u00e4h\u00e4inen, kun j\u00e4senmaat painostivat komissiota suostumaan v\u00e4hiten huonoon sopimukseen, jotta j\u00e4senmaille t\u00e4rke\u00e4t sektorit eiv\u00e4t k\u00e4rsisi. Samalla <strong>Trumpin<\/strong> hallinnon valmius k\u00e4ytt\u00e4\u00e4 kiristysvoimaa kumppaneitaan kohtaan aiheutti pelkoa, kun Yhdysvaltain pel\u00e4ttiin vet\u00e4v\u00e4n tukensa Ukrainalta mik\u00e4li Eurooppa ei suostuisi presidentti Trumpin talousajattelun terveen j\u00e4rjen vastaisiin tavoitteisiin.&nbsp;<\/p>\n\n\n\n<p>Gazan kriisiss\u00e4 Eurooppa n\u00e4ytt\u00e4ytyy varsinkin Afrikan, Kaakois-Aasian ja Etel\u00e4-Amerikan maille kaksinaamaisena ja tekopyh\u00e4n\u00e4 liittona. Gazan j\u00e4rkytt\u00e4v\u00e4st\u00e4 h\u00e4d\u00e4st\u00e4 huolimatta Euroopan maat eiv\u00e4t pystyneet tuomitsemaan Israelin t\u00e4ysin suhteetonta v\u00e4kivaltaa eiv\u00e4tk\u00e4 siten kyenneet est\u00e4m\u00e4\u00e4n Israelia t\u00e4yt\u00e4nt\u00f6\u00f6npanemasta kansanmurhaa Gazassa. <\/p>\n\n\n\n<p>J\u00e4senmaat hallituksineen ovat olleet erimielisi\u00e4 oikeasta tavasta edet\u00e4, mik\u00e4 on rapauttanut kykymme toimia tilanteen vaatimalla nopeudella. Komission puheenjohtaja <strong>von der Leyen <\/strong>viittasi Unionin tila -puheessaan komission haluun ottaa rohkeammin askeleita oikeaan suuntaan, mutta on vaikeaa n\u00e4hd\u00e4 p\u00e4\u00e4t\u00f6sten p\u00e4\u00e4sev\u00e4n eteenp\u00e4in yksimielisyytt\u00e4 vaativasta neuvostosta.<\/p>\n\n\n\n<p>Kansalliset intressit ottavat etusijaa my\u00f6s pitk\u00e4n aikav\u00e4lin rahoituskehyksen neuvotteluissa, kun kaikki j\u00e4senmaat haluavat olla saamapuolella. My\u00f6s Suomessa juhlimme it\u00e4rajalle saatavia rahoja, mutta samalla kauhistelemme jokaista budjettiin lis\u00e4tty\u00e4 euroa. <\/p>\n\n\n\n<p>Eurooppa oli pitk\u00e4\u00e4n koko maailmalle esimerkki, miten yhteisen edun pohjalta oli mahdollista kasvattaa hyvinvointia ja vaurautta ennenn\u00e4kem\u00e4tt\u00f6m\u00e4ll\u00e4 tavalla. Integraatio on kuitenkin j\u00e4m\u00e4ht\u00e4nyt sein\u00e4\u00e4n, kun EU:lle ei haluta antaa p\u00e4\u00e4t\u00f6ksentekokyky\u00e4 tai riitt\u00e4vi\u00e4 voimavaroja vastata strategisesti elint\u00e4rkeisiin haasteisiin.<\/p>\n\n\n\n<p>Eurooppa on tilastollisesti supervalta: 440 miljoonaa kansalaista, maailman suurin talousalue ja merkitt\u00e4v\u00e4 normatiivinen voima. Mutta ilman poliittista yhten\u00e4isyytt\u00e4 t\u00e4m\u00e4 potentiaali j\u00e4\u00e4 hy\u00f6dynt\u00e4m\u00e4tt\u00e4. Kansallisten intressien ahdas ymm\u00e4rrys voi tuntua houkuttelevalta opportunismin muovaaman politiikan maailmassa, mutta se tekee Euroopasta merkityksett\u00f6m\u00e4n, kun suuret toimijat muovaavat uutta maailmanj\u00e4rjestyst\u00e4.<\/p>\n\n\n\n<p><strong>Nils Torvalds<\/strong><br>varapuheenjohtaja<br>Eurooppalainen Suomi ry<br>europarlamentaarikko 2012\u20132024 (rkp. \/ Renew)<\/p>\n\n\n\n<p><strong>Totti Sivonen<\/strong><br>toiminnanjohtaja, VTM<br>Eurooppalainen Suomi ry<\/p>\n\n\n\n<p><\/p>\n","protected":false},"excerpt":{"rendered":"<p>Ahdas tulkinta kansallisesta edusta uhkaa romuttaa s\u00e4\u00e4nt\u00f6pohjaista kansainv\u00e4list\u00e4 j\u00e4rjestyst\u00e4. Maailmankaupan integraatio yhteisten s\u00e4\u00e4nt\u00f6jen pohjalta palvelee kaikkien maiden etuja, mutta sen on korvannut nollasummapeliajattelu. Lyhytn\u00e4k\u00f6inen opportunismi ja s\u00e4\u00e4nt\u00f6jen kiertely on huono tie eteenp\u00e4in. Euroopan osalta sille tielle k\u00e4\u00e4ntyminen on erityisen vahingollista. Yhten\u00e4isyyden puute uhkaa tehd\u00e4 Euroopasta merkityksett\u00f6m\u00e4n. Olemme tilanteessa, jossa s\u00e4\u00e4nt\u00f6pohjaisen l\u00e4nsivetoisen maailmanj\u00e4rjestyksen tavat ja instituutiot [&hellip;]<\/p>\n","protected":false},"author":8,"featured_media":5545,"comment_status":"closed","ping_status":"closed","sticky":false,"template":"","format":"standard","meta":{"_et_pb_use_builder":"off","_et_pb_old_content":"","_et_gb_content_width":""},"categories":[8,15],"tags":[],"yoast_head":"<!-- This site is optimized with the Yoast SEO plugin v19.13 - https:\/\/yoast.com\/wordpress\/plugins\/seo\/ -->\n<title>Kannanotto: Kansallisten intressien ensisijaisuus tekee Euroopasta merkityksett\u00f6m\u00e4n - Eurooppalainen Suomi<\/title>\n<meta name=\"description\" content=\"Lyhytn\u00e4k\u00f6inen opportunismi ja s\u00e4\u00e4nt\u00f6jen kiertely on huono tie eteenp\u00e4in. Euroopan osalta sille tielle k\u00e4\u00e4ntyminen on erityisen vahingollista. Yhten\u00e4isyyden puute uhkaa tehd\u00e4 Euroopasta merkityksett\u00f6m\u00e4n.\" \/>\n<meta name=\"robots\" content=\"index, follow, max-snippet:-1, max-image-preview:large, max-video-preview:-1\" \/>\n<link rel=\"canonical\" href=\"https:\/\/www.eurooppalainensuomi.fi\/kannanotto-kansallisten-intressien-ensisijaisuus-tekee-euroopasta-merkityksettoman\" \/>\n<meta property=\"og:locale\" content=\"en_US\" \/>\n<meta property=\"og:type\" content=\"article\" \/>\n<meta property=\"og:title\" content=\"Kannanotto: Kansallisten intressien ensisijaisuus tekee Euroopasta merkityksett\u00f6m\u00e4n - Eurooppalainen Suomi\" \/>\n<meta property=\"og:description\" content=\"Lyhytn\u00e4k\u00f6inen opportunismi ja s\u00e4\u00e4nt\u00f6jen kiertely on huono tie eteenp\u00e4in. Euroopan osalta sille tielle k\u00e4\u00e4ntyminen on erityisen vahingollista. Yhten\u00e4isyyden puute uhkaa tehd\u00e4 Euroopasta merkityksett\u00f6m\u00e4n.\" \/>\n<meta property=\"og:url\" content=\"https:\/\/www.eurooppalainensuomi.fi\/kannanotto-kansallisten-intressien-ensisijaisuus-tekee-euroopasta-merkityksettoman\" \/>\n<meta property=\"og:site_name\" content=\"Eurooppalainen Suomi\" \/>\n<meta property=\"article:publisher\" content=\"https:\/\/www.facebook.com\/eurooppalainensuomi\" \/>\n<meta property=\"article:published_time\" content=\"2025-10-16T09:45:54+00:00\" \/>\n<meta property=\"article:modified_time\" content=\"2025-10-22T15:33:32+00:00\" \/>\n<meta property=\"og:image\" content=\"https:\/\/www.eurooppalainensuomi.fi\/wp-content\/uploads\/2025\/10\/Nimeton-malli-5.jpg\" \/>\n\t<meta property=\"og:image:width\" content=\"1920\" \/>\n\t<meta property=\"og:image:height\" content=\"1080\" \/>\n\t<meta property=\"og:image:type\" content=\"image\/jpeg\" \/>\n<meta name=\"author\" content=\"Admin\" \/>\n<meta name=\"twitter:card\" content=\"summary_large_image\" \/>\n<meta name=\"twitter:creator\" content=\"@em_finland\" \/>\n<meta name=\"twitter:site\" content=\"@em_finland\" \/>\n<meta name=\"twitter:label1\" content=\"Written by\" \/>\n\t<meta name=\"twitter:data1\" content=\"Admin\" \/>\n\t<meta name=\"twitter:label2\" content=\"Est. reading time\" \/>\n\t<meta name=\"twitter:data2\" content=\"2 minutes\" \/>\n<script type=\"application\/ld+json\" class=\"yoast-schema-graph\">{\"@context\":\"https:\/\/schema.org\",\"@graph\":[{\"@type\":\"Article\",\"@id\":\"https:\/\/www.eurooppalainensuomi.fi\/kannanotto-kansallisten-intressien-ensisijaisuus-tekee-euroopasta-merkityksettoman#article\",\"isPartOf\":{\"@id\":\"https:\/\/www.eurooppalainensuomi.fi\/kannanotto-kansallisten-intressien-ensisijaisuus-tekee-euroopasta-merkityksettoman\"},\"author\":{\"name\":\"Admin\",\"@id\":\"https:\/\/www.eurooppalainensuomi.fi\/#\/schema\/person\/42824760f66031a9671691f8a3cc4931\"},\"headline\":\"Kannanotto: Kansallisten intressien ensisijaisuus tekee Euroopasta merkityksett\u00f6m\u00e4n\",\"datePublished\":\"2025-10-16T09:45:54+00:00\",\"dateModified\":\"2025-10-22T15:33:32+00:00\",\"mainEntityOfPage\":{\"@id\":\"https:\/\/www.eurooppalainensuomi.fi\/kannanotto-kansallisten-intressien-ensisijaisuus-tekee-euroopasta-merkityksettoman\"},\"wordCount\":539,\"publisher\":{\"@id\":\"https:\/\/www.eurooppalainensuomi.fi\/#organization\"},\"articleSection\":[\"Ajankohtaista\",\"Kannanotot\"],\"inLanguage\":\"en\"},{\"@type\":\"WebPage\",\"@id\":\"https:\/\/www.eurooppalainensuomi.fi\/kannanotto-kansallisten-intressien-ensisijaisuus-tekee-euroopasta-merkityksettoman\",\"url\":\"https:\/\/www.eurooppalainensuomi.fi\/kannanotto-kansallisten-intressien-ensisijaisuus-tekee-euroopasta-merkityksettoman\",\"name\":\"Kannanotto: Kansallisten intressien ensisijaisuus tekee Euroopasta merkityksett\u00f6m\u00e4n - Eurooppalainen Suomi\",\"isPartOf\":{\"@id\":\"https:\/\/www.eurooppalainensuomi.fi\/#website\"},\"datePublished\":\"2025-10-16T09:45:54+00:00\",\"dateModified\":\"2025-10-22T15:33:32+00:00\",\"description\":\"Lyhytn\u00e4k\u00f6inen opportunismi ja s\u00e4\u00e4nt\u00f6jen kiertely on huono tie eteenp\u00e4in. Euroopan osalta sille tielle k\u00e4\u00e4ntyminen on erityisen vahingollista. Yhten\u00e4isyyden puute uhkaa tehd\u00e4 Euroopasta merkityksett\u00f6m\u00e4n.\",\"breadcrumb\":{\"@id\":\"https:\/\/www.eurooppalainensuomi.fi\/kannanotto-kansallisten-intressien-ensisijaisuus-tekee-euroopasta-merkityksettoman#breadcrumb\"},\"inLanguage\":\"en\",\"potentialAction\":[{\"@type\":\"ReadAction\",\"target\":[\"https:\/\/www.eurooppalainensuomi.fi\/kannanotto-kansallisten-intressien-ensisijaisuus-tekee-euroopasta-merkityksettoman\"]}]},{\"@type\":\"BreadcrumbList\",\"@id\":\"https:\/\/www.eurooppalainensuomi.fi\/kannanotto-kansallisten-intressien-ensisijaisuus-tekee-euroopasta-merkityksettoman#breadcrumb\",\"itemListElement\":[{\"@type\":\"ListItem\",\"position\":1,\"name\":\"Etusivu\",\"item\":\"https:\/\/www.eurooppalainensuomi.fi\/\"},{\"@type\":\"ListItem\",\"position\":2,\"name\":\"Kannanotto: Kansallisten intressien ensisijaisuus tekee Euroopasta merkityksett\u00f6m\u00e4n\"}]},{\"@type\":\"WebSite\",\"@id\":\"https:\/\/www.eurooppalainensuomi.fi\/#website\",\"url\":\"https:\/\/www.eurooppalainensuomi.fi\/\",\"name\":\"Eurooppalainen Suomi\",\"description\":\"Parempaa Eurooppaa rakentamassa\",\"publisher\":{\"@id\":\"https:\/\/www.eurooppalainensuomi.fi\/#organization\"},\"potentialAction\":[{\"@type\":\"SearchAction\",\"target\":{\"@type\":\"EntryPoint\",\"urlTemplate\":\"https:\/\/www.eurooppalainensuomi.fi\/?s={search_term_string}\"},\"query-input\":\"required name=search_term_string\"}],\"inLanguage\":\"en\"},{\"@type\":\"Organization\",\"@id\":\"https:\/\/www.eurooppalainensuomi.fi\/#organization\",\"name\":\"Eurooppalainen Suomi ry\",\"url\":\"https:\/\/www.eurooppalainensuomi.fi\/\",\"logo\":{\"@type\":\"ImageObject\",\"inLanguage\":\"en\",\"@id\":\"https:\/\/www.eurooppalainensuomi.fi\/#\/schema\/logo\/image\/\",\"url\":\"https:\/\/www.eurooppalainensuomi.fi\/wp-content\/uploads\/2021\/01\/PNG_large.png\",\"contentUrl\":\"https:\/\/www.eurooppalainensuomi.fi\/wp-content\/uploads\/2021\/01\/PNG_large.png\",\"width\":586,\"height\":220,\"caption\":\"Eurooppalainen Suomi ry\"},\"image\":{\"@id\":\"https:\/\/www.eurooppalainensuomi.fi\/#\/schema\/logo\/image\/\"},\"sameAs\":[\"https:\/\/instagram.com\/eurooppalainensuomi\",\"https:\/\/www.youtube.com\/channel\/UCBeqyrm1ze2RinjeAYS_-Jg\",\"https:\/\/fi.wikipedia.org\/wiki\/Eurooppalainen_Suomi\",\"https:\/\/www.facebook.com\/eurooppalainensuomi\",\"https:\/\/twitter.com\/em_finland\"]},{\"@type\":\"Person\",\"@id\":\"https:\/\/www.eurooppalainensuomi.fi\/#\/schema\/person\/42824760f66031a9671691f8a3cc4931\",\"name\":\"Admin\",\"image\":{\"@type\":\"ImageObject\",\"inLanguage\":\"en\",\"@id\":\"https:\/\/www.eurooppalainensuomi.fi\/#\/schema\/person\/image\/\",\"url\":\"https:\/\/secure.gravatar.com\/avatar\/2a869497ae566d1e62d81a21a923ac47?s=96&d=mm&r=g\",\"contentUrl\":\"https:\/\/secure.gravatar.com\/avatar\/2a869497ae566d1e62d81a21a923ac47?s=96&d=mm&r=g\",\"caption\":\"Admin\"}}]}<\/script>\n<!-- \/ Yoast SEO plugin. -->","yoast_head_json":{"title":"Kannanotto: Kansallisten intressien ensisijaisuus tekee Euroopasta merkityksett\u00f6m\u00e4n - Eurooppalainen Suomi","description":"Lyhytn\u00e4k\u00f6inen opportunismi ja s\u00e4\u00e4nt\u00f6jen kiertely on huono tie eteenp\u00e4in. Euroopan osalta sille tielle k\u00e4\u00e4ntyminen on erityisen vahingollista. Yhten\u00e4isyyden puute uhkaa tehd\u00e4 Euroopasta merkityksett\u00f6m\u00e4n.","robots":{"index":"index","follow":"follow","max-snippet":"max-snippet:-1","max-image-preview":"max-image-preview:large","max-video-preview":"max-video-preview:-1"},"canonical":"https:\/\/www.eurooppalainensuomi.fi\/kannanotto-kansallisten-intressien-ensisijaisuus-tekee-euroopasta-merkityksettoman","og_locale":"en_US","og_type":"article","og_title":"Kannanotto: Kansallisten intressien ensisijaisuus tekee Euroopasta merkityksett\u00f6m\u00e4n - Eurooppalainen Suomi","og_description":"Lyhytn\u00e4k\u00f6inen opportunismi ja s\u00e4\u00e4nt\u00f6jen kiertely on huono tie eteenp\u00e4in. Euroopan osalta sille tielle k\u00e4\u00e4ntyminen on erityisen vahingollista. Yhten\u00e4isyyden puute uhkaa tehd\u00e4 Euroopasta merkityksett\u00f6m\u00e4n.","og_url":"https:\/\/www.eurooppalainensuomi.fi\/kannanotto-kansallisten-intressien-ensisijaisuus-tekee-euroopasta-merkityksettoman","og_site_name":"Eurooppalainen Suomi","article_publisher":"https:\/\/www.facebook.com\/eurooppalainensuomi","article_published_time":"2025-10-16T09:45:54+00:00","article_modified_time":"2025-10-22T15:33:32+00:00","og_image":[{"width":1920,"height":1080,"url":"https:\/\/www.eurooppalainensuomi.fi\/wp-content\/uploads\/2025\/10\/Nimeton-malli-5.jpg","type":"image\/jpeg"}],"author":"Admin","twitter_card":"summary_large_image","twitter_creator":"@em_finland","twitter_site":"@em_finland","twitter_misc":{"Written by":"Admin","Est. reading time":"2 minutes"},"schema":{"@context":"https:\/\/schema.org","@graph":[{"@type":"Article","@id":"https:\/\/www.eurooppalainensuomi.fi\/kannanotto-kansallisten-intressien-ensisijaisuus-tekee-euroopasta-merkityksettoman#article","isPartOf":{"@id":"https:\/\/www.eurooppalainensuomi.fi\/kannanotto-kansallisten-intressien-ensisijaisuus-tekee-euroopasta-merkityksettoman"},"author":{"name":"Admin","@id":"https:\/\/www.eurooppalainensuomi.fi\/#\/schema\/person\/42824760f66031a9671691f8a3cc4931"},"headline":"Kannanotto: Kansallisten intressien ensisijaisuus tekee Euroopasta merkityksett\u00f6m\u00e4n","datePublished":"2025-10-16T09:45:54+00:00","dateModified":"2025-10-22T15:33:32+00:00","mainEntityOfPage":{"@id":"https:\/\/www.eurooppalainensuomi.fi\/kannanotto-kansallisten-intressien-ensisijaisuus-tekee-euroopasta-merkityksettoman"},"wordCount":539,"publisher":{"@id":"https:\/\/www.eurooppalainensuomi.fi\/#organization"},"articleSection":["Ajankohtaista","Kannanotot"],"inLanguage":"en"},{"@type":"WebPage","@id":"https:\/\/www.eurooppalainensuomi.fi\/kannanotto-kansallisten-intressien-ensisijaisuus-tekee-euroopasta-merkityksettoman","url":"https:\/\/www.eurooppalainensuomi.fi\/kannanotto-kansallisten-intressien-ensisijaisuus-tekee-euroopasta-merkityksettoman","name":"Kannanotto: Kansallisten intressien ensisijaisuus tekee Euroopasta merkityksett\u00f6m\u00e4n - Eurooppalainen Suomi","isPartOf":{"@id":"https:\/\/www.eurooppalainensuomi.fi\/#website"},"datePublished":"2025-10-16T09:45:54+00:00","dateModified":"2025-10-22T15:33:32+00:00","description":"Lyhytn\u00e4k\u00f6inen opportunismi ja s\u00e4\u00e4nt\u00f6jen kiertely on huono tie eteenp\u00e4in. Euroopan osalta sille tielle k\u00e4\u00e4ntyminen on erityisen vahingollista. Yhten\u00e4isyyden puute uhkaa tehd\u00e4 Euroopasta merkityksett\u00f6m\u00e4n.","breadcrumb":{"@id":"https:\/\/www.eurooppalainensuomi.fi\/kannanotto-kansallisten-intressien-ensisijaisuus-tekee-euroopasta-merkityksettoman#breadcrumb"},"inLanguage":"en","potentialAction":[{"@type":"ReadAction","target":["https:\/\/www.eurooppalainensuomi.fi\/kannanotto-kansallisten-intressien-ensisijaisuus-tekee-euroopasta-merkityksettoman"]}]},{"@type":"BreadcrumbList","@id":"https:\/\/www.eurooppalainensuomi.fi\/kannanotto-kansallisten-intressien-ensisijaisuus-tekee-euroopasta-merkityksettoman#breadcrumb","itemListElement":[{"@type":"ListItem","position":1,"name":"Etusivu","item":"https:\/\/www.eurooppalainensuomi.fi\/"},{"@type":"ListItem","position":2,"name":"Kannanotto: Kansallisten intressien ensisijaisuus tekee Euroopasta merkityksett\u00f6m\u00e4n"}]},{"@type":"WebSite","@id":"https:\/\/www.eurooppalainensuomi.fi\/#website","url":"https:\/\/www.eurooppalainensuomi.fi\/","name":"Eurooppalainen Suomi","description":"Parempaa Eurooppaa rakentamassa","publisher":{"@id":"https:\/\/www.eurooppalainensuomi.fi\/#organization"},"potentialAction":[{"@type":"SearchAction","target":{"@type":"EntryPoint","urlTemplate":"https:\/\/www.eurooppalainensuomi.fi\/?s={search_term_string}"},"query-input":"required name=search_term_string"}],"inLanguage":"en"},{"@type":"Organization","@id":"https:\/\/www.eurooppalainensuomi.fi\/#organization","name":"Eurooppalainen Suomi ry","url":"https:\/\/www.eurooppalainensuomi.fi\/","logo":{"@type":"ImageObject","inLanguage":"en","@id":"https:\/\/www.eurooppalainensuomi.fi\/#\/schema\/logo\/image\/","url":"https:\/\/www.eurooppalainensuomi.fi\/wp-content\/uploads\/2021\/01\/PNG_large.png","contentUrl":"https:\/\/www.eurooppalainensuomi.fi\/wp-content\/uploads\/2021\/01\/PNG_large.png","width":586,"height":220,"caption":"Eurooppalainen Suomi ry"},"image":{"@id":"https:\/\/www.eurooppalainensuomi.fi\/#\/schema\/logo\/image\/"},"sameAs":["https:\/\/instagram.com\/eurooppalainensuomi","https:\/\/www.youtube.com\/channel\/UCBeqyrm1ze2RinjeAYS_-Jg","https:\/\/fi.wikipedia.org\/wiki\/Eurooppalainen_Suomi","https:\/\/www.facebook.com\/eurooppalainensuomi","https:\/\/twitter.com\/em_finland"]},{"@type":"Person","@id":"https:\/\/www.eurooppalainensuomi.fi\/#\/schema\/person\/42824760f66031a9671691f8a3cc4931","name":"Admin","image":{"@type":"ImageObject","inLanguage":"en","@id":"https:\/\/www.eurooppalainensuomi.fi\/#\/schema\/person\/image\/","url":"https:\/\/secure.gravatar.com\/avatar\/2a869497ae566d1e62d81a21a923ac47?s=96&d=mm&r=g","contentUrl":"https:\/\/secure.gravatar.com\/avatar\/2a869497ae566d1e62d81a21a923ac47?s=96&d=mm&r=g","caption":"Admin"}}]}},"jetpack_featured_media_url":"https:\/\/www.eurooppalainensuomi.fi\/wp-content\/uploads\/2025\/10\/Nimeton-malli-5.jpg","_links":{"self":[{"href":"https:\/\/www.eurooppalainensuomi.fi\/index.php?rest_route=\/wp\/v2\/posts\/5544"}],"collection":[{"href":"https:\/\/www.eurooppalainensuomi.fi\/index.php?rest_route=\/wp\/v2\/posts"}],"about":[{"href":"https:\/\/www.eurooppalainensuomi.fi\/index.php?rest_route=\/wp\/v2\/types\/post"}],"author":[{"embeddable":true,"href":"https:\/\/www.eurooppalainensuomi.fi\/index.php?rest_route=\/wp\/v2\/users\/8"}],"replies":[{"embeddable":true,"href":"https:\/\/www.eurooppalainensuomi.fi\/index.php?rest_route=%2Fwp%2Fv2%2Fcomments&post=5544"}],"version-history":[{"count":2,"href":"https:\/\/www.eurooppalainensuomi.fi\/index.php?rest_route=\/wp\/v2\/posts\/5544\/revisions"}],"predecessor-version":[{"id":5750,"href":"https:\/\/www.eurooppalainensuomi.fi\/index.php?rest_route=\/wp\/v2\/posts\/5544\/revisions\/5750"}],"wp:featuredmedia":[{"embeddable":true,"href":"https:\/\/www.eurooppalainensuomi.fi\/index.php?rest_route=\/wp\/v2\/media\/5545"}],"wp:attachment":[{"href":"https:\/\/www.eurooppalainensuomi.fi\/index.php?rest_route=%2Fwp%2Fv2%2Fmedia&parent=5544"}],"wp:term":[{"taxonomy":"category","embeddable":true,"href":"https:\/\/www.eurooppalainensuomi.fi\/index.php?rest_route=%2Fwp%2Fv2%2Fcategories&post=5544"},{"taxonomy":"post_tag","embeddable":true,"href":"https:\/\/www.eurooppalainensuomi.fi\/index.php?rest_route=%2Fwp%2Fv2%2Ftags&post=5544"}],"curies":[{"name":"wp","href":"https:\/\/api.w.org\/{rel}","templated":true}]}}