{"id":5527,"date":"2025-10-14T09:28:17","date_gmt":"2025-10-14T07:28:17","guid":{"rendered":"https:\/\/www.eurooppalainensuomi.fi\/?p=5527"},"modified":"2025-10-14T11:06:50","modified_gmt":"2025-10-14T09:06:50","slug":"eurooppalainen-suomi-ry-hakee-erityisasiantuntijan-sijaista","status":"publish","type":"post","link":"https:\/\/www.eurooppalainensuomi.fi\/eurooppalainen-suomi-ry-hakee-erityisasiantuntijan-sijaista","title":{"rendered":"Eurooppalainen Suomi ry hakee erityisasiantuntijan sijaista"},"content":{"rendered":"\n<p>Eurooppalainen Suomi ry etsii erityisasiantuntijan sijaista <strong>m\u00e4\u00e4r\u00e4aikaiseen ty\u00f6suhteeseen 15.1.2026 alkaen v\u00e4hint\u00e4\u00e4n kuudeksi kuukaudeksi<\/strong>. Teht\u00e4v\u00e4 jatkuu mahdollisesti loppuvuoteen 2026 saakka toiminnanjohtaja Sivosen varusmiespalveluksen keston mukaan.<\/p>\n\n\n\n<p>Sijaisuuden taustalla on j\u00e4rjest\u00f6n erityisasiantuntijan Samuel Tammekannin siirtyminen toiminnanjohtajan sijaiseksi toiminnanjohtaja Totti Sivosen varusmiespalveluksen ajaksi.<\/p>\n\n\n\n<h2>Mit\u00e4 teht\u00e4v\u00e4 sis\u00e4lt\u00e4\u00e4?<\/h2>\n\n\n\n<p>Erityisasiantuntijan sijaisena p\u00e4\u00e4set ty\u00f6skentelem\u00e4\u00e4n j\u00e4rjest\u00f6mme keskeisten tapahtumien sek\u00e4 viestinn\u00e4n parissa. Vastaat muun muassa:<\/p>\n\n\n\n<ul><li>j\u00e4rjest\u00f6n merkitt\u00e4vien tapahtumien, kuten <strong>Eurooppa-p\u00e4iv\u00e4n<\/strong> suunnittelusta ja toteutuksesta, sek\u00e4 j\u00e4rjest\u00f6n ohjelmaosioiden suunnittelusta ja toteutuksesta mm. <strong>Linnaseminaarissa<\/strong> ja <strong>Turun Eurooppa-foorumissa<\/strong><\/li><li><strong>digitaalisesta ja audiovisuaalisesta kansalaisviestinn\u00e4st\u00e4<\/strong> (esim. some, uutiskirjeet, videot ja erityisesti reels-tyylisten videoiden tuottaminen, sek\u00e4 podcast-jaksoista leikattavat klipit)<\/li><li>Podcastit ja muut tekniikkaa vaativat kokonaisuudet toteutetaan ulkopuolisen kumppanin avulla \u2013 toivomme sinulta kuitenkin kokemusta esim. klippien leikkaamisesta ja editoinnista<\/li><li>harjoittelijan ty\u00f6n johtamisesta<\/li><\/ul>\n\n\n\n<p>Lis\u00e4ksi avustat toiminnanjohtajaa muun muassa:<\/p>\n\n\n\n<ul><li>j\u00e4rjest\u00f6n <strong>hallinnollisissa teht\u00e4viss\u00e4<\/strong>, kuten hallituksen kokousten valmistelussa ja valtion- sek\u00e4 hankeavustusten hakemisessa<\/li><li>muussa <strong>operatiivisessa ty\u00f6ss\u00e4<\/strong>, esimerkiksi mahdollisissa hankkeissa, white paper -julkaisujen valmistelussa ja muussa ty\u00f6ryhm\u00e4ty\u00f6skentelyss\u00e4<\/li><\/ul>\n\n\n\n<p>Raportoit teht\u00e4v\u00e4ss\u00e4 toiminnanjohtajan sijaiselle ja ty\u00f6skentelet tiiviiss\u00e4 yhteisty\u00f6ss\u00e4 pienen mutta osaavan ty\u00f6yhteis\u00f6mme kanssa.<\/p>\n\n\n\n<h2>Mit\u00e4 odotamme sinulta?<\/h2>\n\n\n\n<ul><li>oma-aloitteisuutta, itseohjautuvuutta ja kyky\u00e4 mukautua muuttuviin haasteisiin<\/li><li>kokemusta <strong>tapahtumien suunnittelusta ja toteutuksesta<\/strong><\/li><li>kokemusta <strong>viestinn\u00e4n suunnittelusta ja toteutuksesta<\/strong><\/li><li>kiinnostusta <strong>Euroopan unioniin ja laajaa ymm\u00e4rryst\u00e4 EU-politiikasta<\/strong><\/li><li>erinomaista suomen ja sujuvaa englannin kielen taitoa<\/li><\/ul>\n\n\n\n<p><strong>Eduksi katsomme:<\/strong><\/p>\n\n\n\n<ul><li>soveltuvan tutkinnon tai muut opinnot<\/li><li>kokemusta j\u00e4rjest\u00f6- tai vapaaehtoistoiminnasta<\/li><li>sujuvan ymm\u00e4rryksen sosiaalisen median trendeist\u00e4<\/li><li>visuaaliset taidot (Canva, erityisesti Adobe Photoshop ja Adobe Premiere Pro)<\/li><\/ul>\n\n\n\n<p>Teht\u00e4v\u00e4 edellytt\u00e4\u00e4 valmiutta satunnaisiin ilta- ja viikonlopput\u00f6ihin sek\u00e4 matkustamiseen.<\/p>\n\n\n\n<h2>Mit\u00e4 tarjoamme sinulle?<\/h2>\n\n\n\n<ul><li>Mahdollisuuden toimia Suomen merkitt\u00e4vimm\u00e4ss\u00e4 Eurooppa-politiikkaan keskittyv\u00e4ss\u00e4 j\u00e4rjest\u00f6ss\u00e4<\/li><li>Laajat verkostot EU-instituutioiden, ministeri\u00f6iden, ajatuspajojen, ty\u00f6markkinaj\u00e4rjest\u00f6jen ja kansalaisj\u00e4rjest\u00f6jen parissa Suomessa ja Euroopassa<\/li><li>Pienen ja tiiviin ty\u00f6yhteis\u00f6n tuen (toimisto Etel\u00e4ranta 10:ss\u00e4, yhteis\u00f6llinen ty\u00f6ymp\u00e4rist\u00f6 Eurooppanuorten kanssa)<\/li><li>Mahdollisuuden et\u00e4ty\u00f6h\u00f6n (1-2 et\u00e4p\u00e4iv\u00e4\u00e4 viikossa vakiok\u00e4yt\u00e4nt\u00f6n\u00e4)<\/li><li>Palkan 3 000 \u20ac\/kk, puhelinedun, ty\u00f6terveyshuollon ja virikeseteliedun<\/li><\/ul>\n\n\n\n<p><strong>Ty\u00f6suhteen tiedot<\/strong><\/p>\n\n\n\n<p>Ty\u00f6 alkaa: 15.1.2026<br>Kesto: v\u00e4hint\u00e4\u00e4n 6 kk, mahdollisesti pidempi<br>Koeaika: 3 kk<br>Ty\u00f6aika: normaality\u00f6aika (mahdollisuus liukuvaan ty\u00f6aikaan)<br>Palkka: 3 000 \u20ac\/kk<\/p>\n\n\n\n<p><strong>Hakuohjeet<\/strong><\/p>\n\n\n\n<p><strong>L\u00e4het\u00e4 vapaamuotoinen hakemus ja ansioluettelo perjantaihin 31.10. klo 17.00 menness\u00e4<\/strong> osoitteeseen <a href=\"mailto:rekry@eurooppalainensuomi.fi\">rekry@eurooppalainensuomi.fi<\/a>. My\u00f6h\u00e4styneit\u00e4 hakemuksia ei k\u00e4sitell\u00e4.<br>Merkitse s\u00e4hk\u00f6postin otsikkoon: <strong>ERITYISASIANTUNTIJA 2026 &#8211; SUKUNIMI<\/strong>.<\/p>\n\n\n\n<p><strong>Aikataulu<\/strong>:<\/p>\n\n\n\n<ul><li>Ilmoitamme haastatteluun valittaville sek\u00e4 muille hakijoille tiedon prosessin lopputuloksista pe 7.11.<\/li><li>Haastattelut j\u00e4rjestet\u00e4\u00e4n Etel\u00e4rannassa ti-to 11.-13.11.<\/li><li>Valinnasta ilmoitetaan ti 25.11. menness\u00e4<\/li><\/ul>\n\n\n\n<p><strong>Yhdenvertaisuus<\/strong><br>Toivomme hakijoiksi eri-ik\u00e4isi\u00e4, eri sukupuolien edustajia sek\u00e4 kieli-, kulttuuri- ja muihin v\u00e4hemmist\u00f6ihin kuuluvia henkil\u00f6it\u00e4.<\/p>\n\n\n\n<p><strong>Tietosuoja<\/strong><br>Poistamme meille l\u00e4hetetyt hakemukset (s\u00e4hk\u00f6postit) ja niiss\u00e4 olevat liitteet kuukauden sis\u00e4ll\u00e4 rekrytoinnin p\u00e4\u00e4ttymisest\u00e4.<br><a href=\"https:\/\/drive.google.com\/file\/d\/14TiQLlookixXwLkso2Ewr9OjDL5Jcwc0\/view?usp=share_link\">Rekisteriseloste<\/a><\/p>\n\n\n\n<p><strong>Lis\u00e4tietoja<\/strong><br>Totti Sivonen, toiminnanjohtaja<br>puh. 0400 910 409<br><a href=\"mailto:totti.sivonen@eurooppalainensuomi.fi\">totti.sivonen@eurooppalainensuomi.fi<\/a><\/p>\n","protected":false},"excerpt":{"rendered":"<p>Eurooppalainen Suomi ry etsii erityisasiantuntijan sijaista m\u00e4\u00e4r\u00e4aikaiseen ty\u00f6suhteeseen 15.1.2026 alkaen v\u00e4hint\u00e4\u00e4n kuudeksi kuukaudeksi. Teht\u00e4v\u00e4 jatkuu mahdollisesti loppuvuoteen 2026 saakka toiminnanjohtaja Sivosen varusmiespalveluksen keston mukaan. Sijaisuuden taustalla on j\u00e4rjest\u00f6n erityisasiantuntijan Samuel Tammekannin siirtyminen toiminnanjohtajan sijaiseksi toiminnanjohtaja Totti Sivosen varusmiespalveluksen ajaksi. Mit\u00e4 teht\u00e4v\u00e4 sis\u00e4lt\u00e4\u00e4? Erityisasiantuntijan sijaisena p\u00e4\u00e4set ty\u00f6skentelem\u00e4\u00e4n j\u00e4rjest\u00f6mme keskeisten tapahtumien sek\u00e4 viestinn\u00e4n parissa. Vastaat muun muassa: [&hellip;]<\/p>\n","protected":false},"author":8,"featured_media":5528,"comment_status":"closed","ping_status":"closed","sticky":false,"template":"","format":"standard","meta":{"_et_pb_use_builder":"off","_et_pb_old_content":"","_et_gb_content_width":""},"categories":[8,14],"tags":[],"yoast_head":"<!-- This site is optimized with the Yoast SEO plugin v19.13 - https:\/\/yoast.com\/wordpress\/plugins\/seo\/ -->\n<title>Eurooppalainen Suomi ry hakee erityisasiantuntijan sijaista - Eurooppalainen Suomi<\/title>\n<meta name=\"description\" content=\"Haemme joukkoomme erityisasiantuntijan sijaista! Erityiseasiantuntija vastaa tapahtumien ja kansalaisviestinn\u00e4n suunnittelusta.\" \/>\n<meta name=\"robots\" content=\"index, follow, max-snippet:-1, max-image-preview:large, max-video-preview:-1\" \/>\n<link rel=\"canonical\" href=\"https:\/\/www.eurooppalainensuomi.fi\/eurooppalainen-suomi-ry-hakee-erityisasiantuntijan-sijaista\" \/>\n<meta property=\"og:locale\" content=\"en_US\" \/>\n<meta property=\"og:type\" content=\"article\" \/>\n<meta property=\"og:title\" content=\"Eurooppalainen Suomi ry hakee erityisasiantuntijan sijaista - Eurooppalainen Suomi\" \/>\n<meta property=\"og:description\" content=\"Haemme joukkoomme erityisasiantuntijan sijaista! Erityiseasiantuntija vastaa tapahtumien ja kansalaisviestinn\u00e4n suunnittelusta.\" \/>\n<meta property=\"og:url\" content=\"https:\/\/www.eurooppalainensuomi.fi\/eurooppalainen-suomi-ry-hakee-erityisasiantuntijan-sijaista\" \/>\n<meta property=\"og:site_name\" content=\"Eurooppalainen Suomi\" \/>\n<meta property=\"article:publisher\" content=\"https:\/\/www.facebook.com\/eurooppalainensuomi\" \/>\n<meta property=\"article:published_time\" content=\"2025-10-14T07:28:17+00:00\" \/>\n<meta property=\"article:modified_time\" content=\"2025-10-14T09:06:50+00:00\" \/>\n<meta property=\"og:image\" content=\"https:\/\/www.eurooppalainensuomi.fi\/wp-content\/uploads\/2025\/10\/Nimeton-malli.jpg\" \/>\n\t<meta property=\"og:image:width\" content=\"1920\" \/>\n\t<meta property=\"og:image:height\" content=\"1080\" \/>\n\t<meta property=\"og:image:type\" content=\"image\/jpeg\" \/>\n<meta name=\"author\" content=\"Admin\" \/>\n<meta name=\"twitter:card\" content=\"summary_large_image\" \/>\n<meta name=\"twitter:creator\" content=\"@em_finland\" \/>\n<meta name=\"twitter:site\" content=\"@em_finland\" \/>\n<meta name=\"twitter:label1\" content=\"Written by\" \/>\n\t<meta name=\"twitter:data1\" content=\"Admin\" \/>\n\t<meta name=\"twitter:label2\" content=\"Est. reading time\" \/>\n\t<meta name=\"twitter:data2\" content=\"2 minutes\" \/>\n<script type=\"application\/ld+json\" class=\"yoast-schema-graph\">{\"@context\":\"https:\/\/schema.org\",\"@graph\":[{\"@type\":\"Article\",\"@id\":\"https:\/\/www.eurooppalainensuomi.fi\/eurooppalainen-suomi-ry-hakee-erityisasiantuntijan-sijaista#article\",\"isPartOf\":{\"@id\":\"https:\/\/www.eurooppalainensuomi.fi\/eurooppalainen-suomi-ry-hakee-erityisasiantuntijan-sijaista\"},\"author\":{\"name\":\"Admin\",\"@id\":\"https:\/\/www.eurooppalainensuomi.fi\/#\/schema\/person\/42824760f66031a9671691f8a3cc4931\"},\"headline\":\"Eurooppalainen Suomi ry hakee erityisasiantuntijan sijaista\",\"datePublished\":\"2025-10-14T07:28:17+00:00\",\"dateModified\":\"2025-10-14T09:06:50+00:00\",\"mainEntityOfPage\":{\"@id\":\"https:\/\/www.eurooppalainensuomi.fi\/eurooppalainen-suomi-ry-hakee-erityisasiantuntijan-sijaista\"},\"wordCount\":469,\"publisher\":{\"@id\":\"https:\/\/www.eurooppalainensuomi.fi\/#organization\"},\"articleSection\":[\"Ajankohtaista\",\"Tiedotteet\"],\"inLanguage\":\"en\"},{\"@type\":\"WebPage\",\"@id\":\"https:\/\/www.eurooppalainensuomi.fi\/eurooppalainen-suomi-ry-hakee-erityisasiantuntijan-sijaista\",\"url\":\"https:\/\/www.eurooppalainensuomi.fi\/eurooppalainen-suomi-ry-hakee-erityisasiantuntijan-sijaista\",\"name\":\"Eurooppalainen Suomi ry hakee erityisasiantuntijan sijaista - Eurooppalainen Suomi\",\"isPartOf\":{\"@id\":\"https:\/\/www.eurooppalainensuomi.fi\/#website\"},\"datePublished\":\"2025-10-14T07:28:17+00:00\",\"dateModified\":\"2025-10-14T09:06:50+00:00\",\"description\":\"Haemme joukkoomme erityisasiantuntijan sijaista! Erityiseasiantuntija vastaa tapahtumien ja kansalaisviestinn\u00e4n suunnittelusta.\",\"breadcrumb\":{\"@id\":\"https:\/\/www.eurooppalainensuomi.fi\/eurooppalainen-suomi-ry-hakee-erityisasiantuntijan-sijaista#breadcrumb\"},\"inLanguage\":\"en\",\"potentialAction\":[{\"@type\":\"ReadAction\",\"target\":[\"https:\/\/www.eurooppalainensuomi.fi\/eurooppalainen-suomi-ry-hakee-erityisasiantuntijan-sijaista\"]}]},{\"@type\":\"BreadcrumbList\",\"@id\":\"https:\/\/www.eurooppalainensuomi.fi\/eurooppalainen-suomi-ry-hakee-erityisasiantuntijan-sijaista#breadcrumb\",\"itemListElement\":[{\"@type\":\"ListItem\",\"position\":1,\"name\":\"Etusivu\",\"item\":\"https:\/\/www.eurooppalainensuomi.fi\/\"},{\"@type\":\"ListItem\",\"position\":2,\"name\":\"Eurooppalainen Suomi ry hakee erityisasiantuntijan sijaista\"}]},{\"@type\":\"WebSite\",\"@id\":\"https:\/\/www.eurooppalainensuomi.fi\/#website\",\"url\":\"https:\/\/www.eurooppalainensuomi.fi\/\",\"name\":\"Eurooppalainen Suomi\",\"description\":\"Parempaa Eurooppaa rakentamassa\",\"publisher\":{\"@id\":\"https:\/\/www.eurooppalainensuomi.fi\/#organization\"},\"potentialAction\":[{\"@type\":\"SearchAction\",\"target\":{\"@type\":\"EntryPoint\",\"urlTemplate\":\"https:\/\/www.eurooppalainensuomi.fi\/?s={search_term_string}\"},\"query-input\":\"required name=search_term_string\"}],\"inLanguage\":\"en\"},{\"@type\":\"Organization\",\"@id\":\"https:\/\/www.eurooppalainensuomi.fi\/#organization\",\"name\":\"Eurooppalainen Suomi ry\",\"url\":\"https:\/\/www.eurooppalainensuomi.fi\/\",\"logo\":{\"@type\":\"ImageObject\",\"inLanguage\":\"en\",\"@id\":\"https:\/\/www.eurooppalainensuomi.fi\/#\/schema\/logo\/image\/\",\"url\":\"https:\/\/www.eurooppalainensuomi.fi\/wp-content\/uploads\/2021\/01\/PNG_large.png\",\"contentUrl\":\"https:\/\/www.eurooppalainensuomi.fi\/wp-content\/uploads\/2021\/01\/PNG_large.png\",\"width\":586,\"height\":220,\"caption\":\"Eurooppalainen Suomi ry\"},\"image\":{\"@id\":\"https:\/\/www.eurooppalainensuomi.fi\/#\/schema\/logo\/image\/\"},\"sameAs\":[\"https:\/\/instagram.com\/eurooppalainensuomi\",\"https:\/\/www.youtube.com\/channel\/UCBeqyrm1ze2RinjeAYS_-Jg\",\"https:\/\/fi.wikipedia.org\/wiki\/Eurooppalainen_Suomi\",\"https:\/\/www.facebook.com\/eurooppalainensuomi\",\"https:\/\/twitter.com\/em_finland\"]},{\"@type\":\"Person\",\"@id\":\"https:\/\/www.eurooppalainensuomi.fi\/#\/schema\/person\/42824760f66031a9671691f8a3cc4931\",\"name\":\"Admin\",\"image\":{\"@type\":\"ImageObject\",\"inLanguage\":\"en\",\"@id\":\"https:\/\/www.eurooppalainensuomi.fi\/#\/schema\/person\/image\/\",\"url\":\"https:\/\/secure.gravatar.com\/avatar\/2a869497ae566d1e62d81a21a923ac47?s=96&d=mm&r=g\",\"contentUrl\":\"https:\/\/secure.gravatar.com\/avatar\/2a869497ae566d1e62d81a21a923ac47?s=96&d=mm&r=g\",\"caption\":\"Admin\"}}]}<\/script>\n<!-- \/ Yoast SEO plugin. -->","yoast_head_json":{"title":"Eurooppalainen Suomi ry hakee erityisasiantuntijan sijaista - Eurooppalainen Suomi","description":"Haemme joukkoomme erityisasiantuntijan sijaista! Erityiseasiantuntija vastaa tapahtumien ja kansalaisviestinn\u00e4n suunnittelusta.","robots":{"index":"index","follow":"follow","max-snippet":"max-snippet:-1","max-image-preview":"max-image-preview:large","max-video-preview":"max-video-preview:-1"},"canonical":"https:\/\/www.eurooppalainensuomi.fi\/eurooppalainen-suomi-ry-hakee-erityisasiantuntijan-sijaista","og_locale":"en_US","og_type":"article","og_title":"Eurooppalainen Suomi ry hakee erityisasiantuntijan sijaista - Eurooppalainen Suomi","og_description":"Haemme joukkoomme erityisasiantuntijan sijaista! Erityiseasiantuntija vastaa tapahtumien ja kansalaisviestinn\u00e4n suunnittelusta.","og_url":"https:\/\/www.eurooppalainensuomi.fi\/eurooppalainen-suomi-ry-hakee-erityisasiantuntijan-sijaista","og_site_name":"Eurooppalainen Suomi","article_publisher":"https:\/\/www.facebook.com\/eurooppalainensuomi","article_published_time":"2025-10-14T07:28:17+00:00","article_modified_time":"2025-10-14T09:06:50+00:00","og_image":[{"width":1920,"height":1080,"url":"https:\/\/www.eurooppalainensuomi.fi\/wp-content\/uploads\/2025\/10\/Nimeton-malli.jpg","type":"image\/jpeg"}],"author":"Admin","twitter_card":"summary_large_image","twitter_creator":"@em_finland","twitter_site":"@em_finland","twitter_misc":{"Written by":"Admin","Est. reading time":"2 minutes"},"schema":{"@context":"https:\/\/schema.org","@graph":[{"@type":"Article","@id":"https:\/\/www.eurooppalainensuomi.fi\/eurooppalainen-suomi-ry-hakee-erityisasiantuntijan-sijaista#article","isPartOf":{"@id":"https:\/\/www.eurooppalainensuomi.fi\/eurooppalainen-suomi-ry-hakee-erityisasiantuntijan-sijaista"},"author":{"name":"Admin","@id":"https:\/\/www.eurooppalainensuomi.fi\/#\/schema\/person\/42824760f66031a9671691f8a3cc4931"},"headline":"Eurooppalainen Suomi ry hakee erityisasiantuntijan sijaista","datePublished":"2025-10-14T07:28:17+00:00","dateModified":"2025-10-14T09:06:50+00:00","mainEntityOfPage":{"@id":"https:\/\/www.eurooppalainensuomi.fi\/eurooppalainen-suomi-ry-hakee-erityisasiantuntijan-sijaista"},"wordCount":469,"publisher":{"@id":"https:\/\/www.eurooppalainensuomi.fi\/#organization"},"articleSection":["Ajankohtaista","Tiedotteet"],"inLanguage":"en"},{"@type":"WebPage","@id":"https:\/\/www.eurooppalainensuomi.fi\/eurooppalainen-suomi-ry-hakee-erityisasiantuntijan-sijaista","url":"https:\/\/www.eurooppalainensuomi.fi\/eurooppalainen-suomi-ry-hakee-erityisasiantuntijan-sijaista","name":"Eurooppalainen Suomi ry hakee erityisasiantuntijan sijaista - Eurooppalainen Suomi","isPartOf":{"@id":"https:\/\/www.eurooppalainensuomi.fi\/#website"},"datePublished":"2025-10-14T07:28:17+00:00","dateModified":"2025-10-14T09:06:50+00:00","description":"Haemme joukkoomme erityisasiantuntijan sijaista! Erityiseasiantuntija vastaa tapahtumien ja kansalaisviestinn\u00e4n suunnittelusta.","breadcrumb":{"@id":"https:\/\/www.eurooppalainensuomi.fi\/eurooppalainen-suomi-ry-hakee-erityisasiantuntijan-sijaista#breadcrumb"},"inLanguage":"en","potentialAction":[{"@type":"ReadAction","target":["https:\/\/www.eurooppalainensuomi.fi\/eurooppalainen-suomi-ry-hakee-erityisasiantuntijan-sijaista"]}]},{"@type":"BreadcrumbList","@id":"https:\/\/www.eurooppalainensuomi.fi\/eurooppalainen-suomi-ry-hakee-erityisasiantuntijan-sijaista#breadcrumb","itemListElement":[{"@type":"ListItem","position":1,"name":"Etusivu","item":"https:\/\/www.eurooppalainensuomi.fi\/"},{"@type":"ListItem","position":2,"name":"Eurooppalainen Suomi ry hakee erityisasiantuntijan sijaista"}]},{"@type":"WebSite","@id":"https:\/\/www.eurooppalainensuomi.fi\/#website","url":"https:\/\/www.eurooppalainensuomi.fi\/","name":"Eurooppalainen Suomi","description":"Parempaa Eurooppaa rakentamassa","publisher":{"@id":"https:\/\/www.eurooppalainensuomi.fi\/#organization"},"potentialAction":[{"@type":"SearchAction","target":{"@type":"EntryPoint","urlTemplate":"https:\/\/www.eurooppalainensuomi.fi\/?s={search_term_string}"},"query-input":"required name=search_term_string"}],"inLanguage":"en"},{"@type":"Organization","@id":"https:\/\/www.eurooppalainensuomi.fi\/#organization","name":"Eurooppalainen Suomi ry","url":"https:\/\/www.eurooppalainensuomi.fi\/","logo":{"@type":"ImageObject","inLanguage":"en","@id":"https:\/\/www.eurooppalainensuomi.fi\/#\/schema\/logo\/image\/","url":"https:\/\/www.eurooppalainensuomi.fi\/wp-content\/uploads\/2021\/01\/PNG_large.png","contentUrl":"https:\/\/www.eurooppalainensuomi.fi\/wp-content\/uploads\/2021\/01\/PNG_large.png","width":586,"height":220,"caption":"Eurooppalainen Suomi ry"},"image":{"@id":"https:\/\/www.eurooppalainensuomi.fi\/#\/schema\/logo\/image\/"},"sameAs":["https:\/\/instagram.com\/eurooppalainensuomi","https:\/\/www.youtube.com\/channel\/UCBeqyrm1ze2RinjeAYS_-Jg","https:\/\/fi.wikipedia.org\/wiki\/Eurooppalainen_Suomi","https:\/\/www.facebook.com\/eurooppalainensuomi","https:\/\/twitter.com\/em_finland"]},{"@type":"Person","@id":"https:\/\/www.eurooppalainensuomi.fi\/#\/schema\/person\/42824760f66031a9671691f8a3cc4931","name":"Admin","image":{"@type":"ImageObject","inLanguage":"en","@id":"https:\/\/www.eurooppalainensuomi.fi\/#\/schema\/person\/image\/","url":"https:\/\/secure.gravatar.com\/avatar\/2a869497ae566d1e62d81a21a923ac47?s=96&d=mm&r=g","contentUrl":"https:\/\/secure.gravatar.com\/avatar\/2a869497ae566d1e62d81a21a923ac47?s=96&d=mm&r=g","caption":"Admin"}}]}},"jetpack_featured_media_url":"https:\/\/www.eurooppalainensuomi.fi\/wp-content\/uploads\/2025\/10\/Nimeton-malli.jpg","_links":{"self":[{"href":"https:\/\/www.eurooppalainensuomi.fi\/index.php?rest_route=\/wp\/v2\/posts\/5527"}],"collection":[{"href":"https:\/\/www.eurooppalainensuomi.fi\/index.php?rest_route=\/wp\/v2\/posts"}],"about":[{"href":"https:\/\/www.eurooppalainensuomi.fi\/index.php?rest_route=\/wp\/v2\/types\/post"}],"author":[{"embeddable":true,"href":"https:\/\/www.eurooppalainensuomi.fi\/index.php?rest_route=\/wp\/v2\/users\/8"}],"replies":[{"embeddable":true,"href":"https:\/\/www.eurooppalainensuomi.fi\/index.php?rest_route=%2Fwp%2Fv2%2Fcomments&post=5527"}],"version-history":[{"count":5,"href":"https:\/\/www.eurooppalainensuomi.fi\/index.php?rest_route=\/wp\/v2\/posts\/5527\/revisions"}],"predecessor-version":[{"id":5537,"href":"https:\/\/www.eurooppalainensuomi.fi\/index.php?rest_route=\/wp\/v2\/posts\/5527\/revisions\/5537"}],"wp:featuredmedia":[{"embeddable":true,"href":"https:\/\/www.eurooppalainensuomi.fi\/index.php?rest_route=\/wp\/v2\/media\/5528"}],"wp:attachment":[{"href":"https:\/\/www.eurooppalainensuomi.fi\/index.php?rest_route=%2Fwp%2Fv2%2Fmedia&parent=5527"}],"wp:term":[{"taxonomy":"category","embeddable":true,"href":"https:\/\/www.eurooppalainensuomi.fi\/index.php?rest_route=%2Fwp%2Fv2%2Fcategories&post=5527"},{"taxonomy":"post_tag","embeddable":true,"href":"https:\/\/www.eurooppalainensuomi.fi\/index.php?rest_route=%2Fwp%2Fv2%2Ftags&post=5527"}],"curies":[{"name":"wp","href":"https:\/\/api.w.org\/{rel}","templated":true}]}}