{"id":5465,"date":"2025-06-04T12:08:59","date_gmt":"2025-06-04T10:08:59","guid":{"rendered":"https:\/\/www.eurooppalainensuomi.fi\/?p=5465"},"modified":"2025-11-26T14:52:34","modified_gmt":"2025-11-26T12:52:34","slug":"blogi-laajeneminen-vaatii-myos-tekoja-ehdokasmaille-naytettava-tieta-kohti-euta","status":"publish","type":"post","link":"https:\/\/www.eurooppalainensuomi.fi\/blogi-laajeneminen-vaatii-myos-tekoja-ehdokasmaille-naytettava-tieta-kohti-euta","title":{"rendered":"Blogi: Laajeneminen vaatii my\u00f6s tekoja \u2013 ehdokasmaille n\u00e4ytett\u00e4v\u00e4 tiet\u00e4 kohti EU:ta"},"content":{"rendered":"\n<p class=\"has-medium-font-size\"><em>Kun EU hidastelee laajenemisessa, turhautuminen ehdokasmaissa kasvaa. EU:n on n\u00e4ytett\u00e4v\u00e4 realistista kehityssuuntaa kohti EU-j\u00e4senyytt\u00e4, esitt\u00e4\u00e4 Eurooppalaisen Suomen korkeakouluharjoittelija Antti Avoranta blogikirjoituksessaan<\/em>.<\/p>\n\n\n\n<p>Lukiolaisena pidin esitelm\u00e4n Jugoslavian hajoamissodista aivan t\u00e4pin\u00f6iss\u00e4ni. Aiheen merkityksellisyytt\u00e4 perustelin muun muassa sill\u00e4, ett\u00e4 Jugoslaviasta irronneet maat ovat nykyisi\u00e4 ja ainakin osa niist\u00e4 hyvin mahdollisia tulevia Euroopan unionin j\u00e4senmaita. Nyt, yli viisi vuotta my\u00f6hemmin, voisin tosin sanoa samaa. Ja samaa olisin voinut sanoa varmaan 20 vuotta aiemmin. Niin hitaasti maiden EU-j\u00e4senyys on edennyt.<\/p>\n\n\n\n<p>T\u00e4ll\u00e4 hetkell\u00e4 virallisia ehdokasmaita ovat Ukraina, Moldova, Georgia ja Turkki sek\u00e4 L\u00e4nsi-Balkanin maat Albania, Bosnia-Hertsegovina, Pohjois-Makedonia, Montenegro ja Serbia. Lis\u00e4ksi maaryhm\u00e4\u00e4n kuuluva Kosovo on j\u00e4tt\u00e4nyt EU:lle j\u00e4senhakemuksen. Ehdokasmaista Montenegro ja Albania ovat l\u00e4himpin\u00e4 EU-j\u00e4senyytt\u00e4.&nbsp;<\/p>\n\n\n\n<p>Julistusten ja virallisten tavoitteiden valossa EU:n laajeneminen vaikuttaa mahdolliselta jo l\u00e4hivuosina. Montenegro pyrkii saamaan neuvottelut p\u00e4\u00e4t\u00f6kseen ensi vuonna, Albania puolestaan vuoteen 2027 menness\u00e4. EU:n laajentumisesta vastaavan komissaarin <strong>Marta Kosin<\/strong> mukaan t\u00e4ll\u00e4 komissiokaudella (2024\u20132029) EU voisi saada kaksi tai kolme uutta j\u00e4senmaata.<\/p>\n\n\n\n<p>T\u00e4llaiset juhlalliset tavoitteet voivat olla ennenaikaisia, kun otetaan huomioon, miten kauan ehdokasmaat ovat odottaneet EU-j\u00e4senyytt\u00e4, puhumattakaan varsinaisten neuvottelujen aloittamisesta. Varsinaiset neuvottelutkin viev\u00e4t vuosia. Montenegro haki EU-j\u00e4senyytt\u00e4 jo vuonna 2008, mutta neuvottelut aloitettiin vuonna 2012. Albania taas haki j\u00e4senyytt\u00e4 2009 ja aloitti j\u00e4senyysneuvottelut vasta vuonna 2022. Viel\u00e4 oma lukunsa on Turkki, joka haki j\u00e4senyytt\u00e4 jo vuonna 1987, mutta Turkin autokraattinen kehitys on j\u00e4\u00e4dytt\u00e4nyt neuvottelut.<\/p>\n\n\n\n<p>Laajenemislupauksia on hyv\u00e4 tehd\u00e4, mutta niiden rikkomisella on hintansa. Usein arvioidaan EU-j\u00e4senyyden lykk\u00e4\u00e4misen hankaloittavan ehdokasmaiden demokratiakehityst\u00e4 ja edist\u00e4v\u00e4n niiss\u00e4 Ven\u00e4j\u00e4n ja Kiinan valtapyrkimyksi\u00e4. Merkitt\u00e4v\u00e4 ongelma voi lis\u00e4ksi olla, ett\u00e4 ehdokasmaat eiv\u00e4t jaksa odottaa ja ett\u00e4 ne turhautuvat j\u00e4senyysprosessin hitauteen. Pohjois-Makedoniassa t\u00e4m\u00e4 on n\u00e4kynyt vaaleissa nationalistien kasvaneena kannatuksena. Montenegrossakin on pitk\u00e4n odotuksen my\u00f6t\u00e4 alettu suhtautua kielteisemmin EU-j\u00e4senyyteen.<\/p>\n\n\n\n<p>EU:n laajenemisessa on toki varottava, ettei tulevista j\u00e4senmaista saada uusia Unkarin kaltaisia ongelmatapauksia, jotka est\u00e4v\u00e4t p\u00e4\u00e4t\u00f6sten synty\u00e4 ulkopolitiikassa Ukrainan tukemisesta Ven\u00e4j\u00e4-pakotteisiin ja jotka ovat heitt\u00e4neet roskakoriin EU:n arvot oikeusvaltioperiaatteesta v\u00e4hemmist\u00f6jen suojeluun. Esimerkiksi korruptio ja demokratian tila ovat olleet monilla EU:n j\u00e4seniksi mielivill\u00e4 mailla ongelma j\u00e4rjest\u00e4ytyneen rikollisuuden ohella, mink\u00e4 lis\u00e4ksi Serbian ja nyky\u00e4\u00e4n Georgian hallituksen Ven\u00e4j\u00e4-mielisyys on haasteellista yhdist\u00e4\u00e4 EU:n ulkopolitiikan kanssa. Toisaalta moni EU-j\u00e4senyytt\u00e4 tavoitteleva maa on NATOssa ja tukee Ukrainaa; Albania on l\u00e4hett\u00e4nyt Ukrainalle jopa tankkeja.<\/p>\n\n\n\n<p>EU ei j\u00e4t\u00e4 n\u00e4it\u00e4 maita haasteineen yksin, vaan se pyrkii edist\u00e4m\u00e4\u00e4n niiss\u00e4 muutoksia kohti parempaa yhteiskuntaa ja odottaa niilt\u00e4 ongelmiin puuttumista osana j\u00e4senyysprosessia. EU on vaatinut muutoksia esimerkiksi oikeusvaltion tilaan tarjotessaan taloudellista tukea j\u00e4senehdokkailleen. Ensiarvoisen t\u00e4rke\u00e4\u00e4 my\u00f6s on, ett\u00e4 EU:n arvoihin sitoutumiseen valmiina oleville ehdokasmaille annetaan realistisia odotuksia EU-j\u00e4senyydest\u00e4 ja ett\u00e4 EU-maat valmistautuvat vastaanottamaan uudet j\u00e4senmaat osaksi yhteis\u00f6\u00e4\u00e4n, jotta odottelu ei k\u00e4y liian pitk\u00e4ksi ja EU-tie n\u00e4yt\u00e4 saavuttamattomalta.<\/p>\n\n\n\n<p>Erityisesti on oltava tarkkana, mit\u00e4 oikein mailta vaaditaan. Pohjois-Makedonian j\u00e4senyytt\u00e4 ovat erityisesti hidastaneet nykyisten EU-maiden varsinaisiin j\u00e4senyyskriteereihin liittym\u00e4tt\u00f6m\u00e4t jopa pikkumaisilta n\u00e4ytt\u00e4v\u00e4t vaatimukset, jotka ovat olleet niinkin absurdeja kuin Kreikan vaatimus valtion nimen muuttamiseksi Makedoniasta Pohjois-Makedoniaksi ja Bulgarian vaatimus kutsua makedonian kielt\u00e4 bulgarian murteeksi.<\/p>\n\n\n\n<p>Laajeneminen on my\u00f6s hetki pohtia, miten EU:n tulisi itse uudistua. Miten EU-p\u00e4\u00e4t\u00f6ksentekoa tulisi uudistaa, jos yksimielisyytt\u00e4 on entist\u00e4 vaikeampi saavuttaa? Pit\u00e4isik\u00f6 entist\u00e4 enemm\u00e4n p\u00e4\u00e4t\u00f6ksi\u00e4 tehd\u00e4 m\u00e4\u00e4r\u00e4enemmist\u00f6ll\u00e4? Miten maksetaan uusille j\u00e4senmaille niiden kehittymiseen t\u00e4ht\u00e4\u00e4v\u00e4t tuet?<\/p>\n\n\n\n<p>Jos EU:lle halutaan uusia j\u00e4seni\u00e4, n\u00e4iss\u00e4 on syyt\u00e4 pit\u00e4\u00e4 kiirett\u00e4. Laajenemisen hetki alkaa v\u00e4hitellen saapua. EU:n ovea kolkuttaa useampi valtio, joissa turhautuminen uhkaa kasvaa. Vaikka EU:n laajentuminen maksaa, suuri hinta on my\u00f6s sill\u00e4, ett\u00e4 EU:ssa ei olla riitt\u00e4v\u00e4n valmiita ottamaan uusia j\u00e4seni\u00e4. Siisp\u00e4 uusien j\u00e4senmaiden hyv\u00e4ksyminen on entist\u00e4 ajankohtaisempaa. Sit\u00e4 on edistett\u00e4v\u00e4 teoin, eik\u00e4 j\u00e4tt\u00e4\u00e4 tyhjien lupausten varaan.<\/p>\n\n\n\n<p>Antti Avoranta<br>Korkeakouluharjoittelija<\/p>\n","protected":false},"excerpt":{"rendered":"<p>Kun EU hidastelee laajenemisessa, turhautuminen ehdokasmaissa kasvaa. EU:n on n\u00e4ytett\u00e4v\u00e4 realistista kehityssuuntaa kohti EU-j\u00e4senyytt\u00e4, esitt\u00e4\u00e4 Eurooppalaisen Suomen korkeakouluharjoittelija Antti Avoranta blogikirjoituksessaan. Lukiolaisena pidin esitelm\u00e4n Jugoslavian hajoamissodista aivan t\u00e4pin\u00f6iss\u00e4ni. Aiheen merkityksellisyytt\u00e4 perustelin muun muassa sill\u00e4, ett\u00e4 Jugoslaviasta irronneet maat ovat nykyisi\u00e4 ja ainakin osa niist\u00e4 hyvin mahdollisia tulevia Euroopan unionin j\u00e4senmaita. Nyt, yli viisi vuotta my\u00f6hemmin, [&hellip;]<\/p>\n","protected":false},"author":8,"featured_media":5438,"comment_status":"closed","ping_status":"closed","sticky":false,"template":"","format":"standard","meta":{"_et_pb_use_builder":"off","_et_pb_old_content":"","_et_gb_content_width":""},"categories":[8,124,10],"tags":[],"yoast_head":"<!-- This site is optimized with the Yoast SEO plugin v19.13 - https:\/\/yoast.com\/wordpress\/plugins\/seo\/ -->\n<title>Blogi: Laajeneminen vaatii my\u00f6s tekoja \u2013 ehdokasmaille n\u00e4ytett\u00e4v\u00e4 tiet\u00e4 kohti EU:ta - Eurooppalainen Suomi<\/title>\n<meta name=\"description\" content=\"Kun EU hidastelee laajenemisessa, turhautuminen ehdokasmaissa kasvaa. EU:n on n\u00e4ytett\u00e4v\u00e4 realistista kehityssuuntaa kohti EU-j\u00e4senyytt\u00e4, esitt\u00e4\u00e4 Eurooppalaisen Suomen korkeakouluharjoittelija Antti Avoranta blogikirjoituksessaan.\" \/>\n<meta name=\"robots\" content=\"index, follow, max-snippet:-1, max-image-preview:large, max-video-preview:-1\" \/>\n<link rel=\"canonical\" href=\"https:\/\/www.eurooppalainensuomi.fi\/blogi-laajeneminen-vaatii-myos-tekoja-ehdokasmaille-naytettava-tieta-kohti-euta\" \/>\n<meta property=\"og:locale\" content=\"en_US\" \/>\n<meta property=\"og:type\" content=\"article\" \/>\n<meta property=\"og:title\" content=\"Blogi: Laajeneminen vaatii my\u00f6s tekoja \u2013 ehdokasmaille n\u00e4ytett\u00e4v\u00e4 tiet\u00e4 kohti EU:ta - Eurooppalainen Suomi\" \/>\n<meta property=\"og:description\" content=\"Kun EU hidastelee laajenemisessa, turhautuminen ehdokasmaissa kasvaa. EU:n on n\u00e4ytett\u00e4v\u00e4 realistista kehityssuuntaa kohti EU-j\u00e4senyytt\u00e4, esitt\u00e4\u00e4 Eurooppalaisen Suomen korkeakouluharjoittelija Antti Avoranta blogikirjoituksessaan.\" \/>\n<meta property=\"og:url\" content=\"https:\/\/www.eurooppalainensuomi.fi\/blogi-laajeneminen-vaatii-myos-tekoja-ehdokasmaille-naytettava-tieta-kohti-euta\" \/>\n<meta property=\"og:site_name\" content=\"Eurooppalainen Suomi\" \/>\n<meta property=\"article:publisher\" content=\"https:\/\/www.facebook.com\/eurooppalainensuomi\" \/>\n<meta property=\"article:published_time\" content=\"2025-06-04T10:08:59+00:00\" \/>\n<meta property=\"article:modified_time\" content=\"2025-11-26T12:52:34+00:00\" \/>\n<meta property=\"og:image\" content=\"https:\/\/www.eurooppalainensuomi.fi\/wp-content\/uploads\/2025\/04\/AnttiAvoranta.jpg\" \/>\n\t<meta property=\"og:image:width\" content=\"1200\" \/>\n\t<meta property=\"og:image:height\" content=\"675\" \/>\n\t<meta property=\"og:image:type\" content=\"image\/jpeg\" \/>\n<meta name=\"author\" content=\"Admin\" \/>\n<meta name=\"twitter:card\" content=\"summary_large_image\" \/>\n<meta name=\"twitter:creator\" content=\"@em_finland\" \/>\n<meta name=\"twitter:site\" content=\"@em_finland\" \/>\n<meta name=\"twitter:label1\" content=\"Written by\" \/>\n\t<meta name=\"twitter:data1\" content=\"Admin\" \/>\n\t<meta name=\"twitter:label2\" content=\"Est. reading time\" \/>\n\t<meta name=\"twitter:data2\" content=\"3 minutes\" \/>\n<script type=\"application\/ld+json\" class=\"yoast-schema-graph\">{\"@context\":\"https:\/\/schema.org\",\"@graph\":[{\"@type\":\"Article\",\"@id\":\"https:\/\/www.eurooppalainensuomi.fi\/blogi-laajeneminen-vaatii-myos-tekoja-ehdokasmaille-naytettava-tieta-kohti-euta#article\",\"isPartOf\":{\"@id\":\"https:\/\/www.eurooppalainensuomi.fi\/blogi-laajeneminen-vaatii-myos-tekoja-ehdokasmaille-naytettava-tieta-kohti-euta\"},\"author\":{\"name\":\"Admin\",\"@id\":\"https:\/\/www.eurooppalainensuomi.fi\/#\/schema\/person\/42824760f66031a9671691f8a3cc4931\"},\"headline\":\"Blogi: Laajeneminen vaatii my\u00f6s tekoja \u2013 ehdokasmaille n\u00e4ytett\u00e4v\u00e4 tiet\u00e4 kohti EU:ta\",\"datePublished\":\"2025-06-04T10:08:59+00:00\",\"dateModified\":\"2025-11-26T12:52:34+00:00\",\"mainEntityOfPage\":{\"@id\":\"https:\/\/www.eurooppalainensuomi.fi\/blogi-laajeneminen-vaatii-myos-tekoja-ehdokasmaille-naytettava-tieta-kohti-euta\"},\"wordCount\":686,\"publisher\":{\"@id\":\"https:\/\/www.eurooppalainensuomi.fi\/#organization\"},\"articleSection\":[\"Ajankohtaista\",\"Blogit\",\"Julkaisut\"],\"inLanguage\":\"en\"},{\"@type\":\"WebPage\",\"@id\":\"https:\/\/www.eurooppalainensuomi.fi\/blogi-laajeneminen-vaatii-myos-tekoja-ehdokasmaille-naytettava-tieta-kohti-euta\",\"url\":\"https:\/\/www.eurooppalainensuomi.fi\/blogi-laajeneminen-vaatii-myos-tekoja-ehdokasmaille-naytettava-tieta-kohti-euta\",\"name\":\"Blogi: Laajeneminen vaatii my\u00f6s tekoja \u2013 ehdokasmaille n\u00e4ytett\u00e4v\u00e4 tiet\u00e4 kohti EU:ta - Eurooppalainen Suomi\",\"isPartOf\":{\"@id\":\"https:\/\/www.eurooppalainensuomi.fi\/#website\"},\"datePublished\":\"2025-06-04T10:08:59+00:00\",\"dateModified\":\"2025-11-26T12:52:34+00:00\",\"description\":\"Kun EU hidastelee laajenemisessa, turhautuminen ehdokasmaissa kasvaa. EU:n on n\u00e4ytett\u00e4v\u00e4 realistista kehityssuuntaa kohti EU-j\u00e4senyytt\u00e4, esitt\u00e4\u00e4 Eurooppalaisen Suomen korkeakouluharjoittelija Antti Avoranta blogikirjoituksessaan.\",\"breadcrumb\":{\"@id\":\"https:\/\/www.eurooppalainensuomi.fi\/blogi-laajeneminen-vaatii-myos-tekoja-ehdokasmaille-naytettava-tieta-kohti-euta#breadcrumb\"},\"inLanguage\":\"en\",\"potentialAction\":[{\"@type\":\"ReadAction\",\"target\":[\"https:\/\/www.eurooppalainensuomi.fi\/blogi-laajeneminen-vaatii-myos-tekoja-ehdokasmaille-naytettava-tieta-kohti-euta\"]}]},{\"@type\":\"BreadcrumbList\",\"@id\":\"https:\/\/www.eurooppalainensuomi.fi\/blogi-laajeneminen-vaatii-myos-tekoja-ehdokasmaille-naytettava-tieta-kohti-euta#breadcrumb\",\"itemListElement\":[{\"@type\":\"ListItem\",\"position\":1,\"name\":\"Etusivu\",\"item\":\"https:\/\/www.eurooppalainensuomi.fi\/\"},{\"@type\":\"ListItem\",\"position\":2,\"name\":\"Blogi: Laajeneminen vaatii my\u00f6s tekoja \u2013 ehdokasmaille n\u00e4ytett\u00e4v\u00e4 tiet\u00e4 kohti EU:ta\"}]},{\"@type\":\"WebSite\",\"@id\":\"https:\/\/www.eurooppalainensuomi.fi\/#website\",\"url\":\"https:\/\/www.eurooppalainensuomi.fi\/\",\"name\":\"Eurooppalainen Suomi\",\"description\":\"Parempaa Eurooppaa rakentamassa\",\"publisher\":{\"@id\":\"https:\/\/www.eurooppalainensuomi.fi\/#organization\"},\"potentialAction\":[{\"@type\":\"SearchAction\",\"target\":{\"@type\":\"EntryPoint\",\"urlTemplate\":\"https:\/\/www.eurooppalainensuomi.fi\/?s={search_term_string}\"},\"query-input\":\"required name=search_term_string\"}],\"inLanguage\":\"en\"},{\"@type\":\"Organization\",\"@id\":\"https:\/\/www.eurooppalainensuomi.fi\/#organization\",\"name\":\"Eurooppalainen Suomi ry\",\"url\":\"https:\/\/www.eurooppalainensuomi.fi\/\",\"logo\":{\"@type\":\"ImageObject\",\"inLanguage\":\"en\",\"@id\":\"https:\/\/www.eurooppalainensuomi.fi\/#\/schema\/logo\/image\/\",\"url\":\"https:\/\/www.eurooppalainensuomi.fi\/wp-content\/uploads\/2021\/01\/PNG_large.png\",\"contentUrl\":\"https:\/\/www.eurooppalainensuomi.fi\/wp-content\/uploads\/2021\/01\/PNG_large.png\",\"width\":586,\"height\":220,\"caption\":\"Eurooppalainen Suomi ry\"},\"image\":{\"@id\":\"https:\/\/www.eurooppalainensuomi.fi\/#\/schema\/logo\/image\/\"},\"sameAs\":[\"https:\/\/instagram.com\/eurooppalainensuomi\",\"https:\/\/www.youtube.com\/channel\/UCBeqyrm1ze2RinjeAYS_-Jg\",\"https:\/\/fi.wikipedia.org\/wiki\/Eurooppalainen_Suomi\",\"https:\/\/www.facebook.com\/eurooppalainensuomi\",\"https:\/\/twitter.com\/em_finland\"]},{\"@type\":\"Person\",\"@id\":\"https:\/\/www.eurooppalainensuomi.fi\/#\/schema\/person\/42824760f66031a9671691f8a3cc4931\",\"name\":\"Admin\",\"image\":{\"@type\":\"ImageObject\",\"inLanguage\":\"en\",\"@id\":\"https:\/\/www.eurooppalainensuomi.fi\/#\/schema\/person\/image\/\",\"url\":\"https:\/\/secure.gravatar.com\/avatar\/2a869497ae566d1e62d81a21a923ac47?s=96&d=mm&r=g\",\"contentUrl\":\"https:\/\/secure.gravatar.com\/avatar\/2a869497ae566d1e62d81a21a923ac47?s=96&d=mm&r=g\",\"caption\":\"Admin\"}}]}<\/script>\n<!-- \/ Yoast SEO plugin. -->","yoast_head_json":{"title":"Blogi: Laajeneminen vaatii my\u00f6s tekoja \u2013 ehdokasmaille n\u00e4ytett\u00e4v\u00e4 tiet\u00e4 kohti EU:ta - Eurooppalainen Suomi","description":"Kun EU hidastelee laajenemisessa, turhautuminen ehdokasmaissa kasvaa. EU:n on n\u00e4ytett\u00e4v\u00e4 realistista kehityssuuntaa kohti EU-j\u00e4senyytt\u00e4, esitt\u00e4\u00e4 Eurooppalaisen Suomen korkeakouluharjoittelija Antti Avoranta blogikirjoituksessaan.","robots":{"index":"index","follow":"follow","max-snippet":"max-snippet:-1","max-image-preview":"max-image-preview:large","max-video-preview":"max-video-preview:-1"},"canonical":"https:\/\/www.eurooppalainensuomi.fi\/blogi-laajeneminen-vaatii-myos-tekoja-ehdokasmaille-naytettava-tieta-kohti-euta","og_locale":"en_US","og_type":"article","og_title":"Blogi: Laajeneminen vaatii my\u00f6s tekoja \u2013 ehdokasmaille n\u00e4ytett\u00e4v\u00e4 tiet\u00e4 kohti EU:ta - Eurooppalainen Suomi","og_description":"Kun EU hidastelee laajenemisessa, turhautuminen ehdokasmaissa kasvaa. EU:n on n\u00e4ytett\u00e4v\u00e4 realistista kehityssuuntaa kohti EU-j\u00e4senyytt\u00e4, esitt\u00e4\u00e4 Eurooppalaisen Suomen korkeakouluharjoittelija Antti Avoranta blogikirjoituksessaan.","og_url":"https:\/\/www.eurooppalainensuomi.fi\/blogi-laajeneminen-vaatii-myos-tekoja-ehdokasmaille-naytettava-tieta-kohti-euta","og_site_name":"Eurooppalainen Suomi","article_publisher":"https:\/\/www.facebook.com\/eurooppalainensuomi","article_published_time":"2025-06-04T10:08:59+00:00","article_modified_time":"2025-11-26T12:52:34+00:00","og_image":[{"width":1200,"height":675,"url":"https:\/\/www.eurooppalainensuomi.fi\/wp-content\/uploads\/2025\/04\/AnttiAvoranta.jpg","type":"image\/jpeg"}],"author":"Admin","twitter_card":"summary_large_image","twitter_creator":"@em_finland","twitter_site":"@em_finland","twitter_misc":{"Written by":"Admin","Est. reading time":"3 minutes"},"schema":{"@context":"https:\/\/schema.org","@graph":[{"@type":"Article","@id":"https:\/\/www.eurooppalainensuomi.fi\/blogi-laajeneminen-vaatii-myos-tekoja-ehdokasmaille-naytettava-tieta-kohti-euta#article","isPartOf":{"@id":"https:\/\/www.eurooppalainensuomi.fi\/blogi-laajeneminen-vaatii-myos-tekoja-ehdokasmaille-naytettava-tieta-kohti-euta"},"author":{"name":"Admin","@id":"https:\/\/www.eurooppalainensuomi.fi\/#\/schema\/person\/42824760f66031a9671691f8a3cc4931"},"headline":"Blogi: Laajeneminen vaatii my\u00f6s tekoja \u2013 ehdokasmaille n\u00e4ytett\u00e4v\u00e4 tiet\u00e4 kohti EU:ta","datePublished":"2025-06-04T10:08:59+00:00","dateModified":"2025-11-26T12:52:34+00:00","mainEntityOfPage":{"@id":"https:\/\/www.eurooppalainensuomi.fi\/blogi-laajeneminen-vaatii-myos-tekoja-ehdokasmaille-naytettava-tieta-kohti-euta"},"wordCount":686,"publisher":{"@id":"https:\/\/www.eurooppalainensuomi.fi\/#organization"},"articleSection":["Ajankohtaista","Blogit","Julkaisut"],"inLanguage":"en"},{"@type":"WebPage","@id":"https:\/\/www.eurooppalainensuomi.fi\/blogi-laajeneminen-vaatii-myos-tekoja-ehdokasmaille-naytettava-tieta-kohti-euta","url":"https:\/\/www.eurooppalainensuomi.fi\/blogi-laajeneminen-vaatii-myos-tekoja-ehdokasmaille-naytettava-tieta-kohti-euta","name":"Blogi: Laajeneminen vaatii my\u00f6s tekoja \u2013 ehdokasmaille n\u00e4ytett\u00e4v\u00e4 tiet\u00e4 kohti EU:ta - Eurooppalainen Suomi","isPartOf":{"@id":"https:\/\/www.eurooppalainensuomi.fi\/#website"},"datePublished":"2025-06-04T10:08:59+00:00","dateModified":"2025-11-26T12:52:34+00:00","description":"Kun EU hidastelee laajenemisessa, turhautuminen ehdokasmaissa kasvaa. EU:n on n\u00e4ytett\u00e4v\u00e4 realistista kehityssuuntaa kohti EU-j\u00e4senyytt\u00e4, esitt\u00e4\u00e4 Eurooppalaisen Suomen korkeakouluharjoittelija Antti Avoranta blogikirjoituksessaan.","breadcrumb":{"@id":"https:\/\/www.eurooppalainensuomi.fi\/blogi-laajeneminen-vaatii-myos-tekoja-ehdokasmaille-naytettava-tieta-kohti-euta#breadcrumb"},"inLanguage":"en","potentialAction":[{"@type":"ReadAction","target":["https:\/\/www.eurooppalainensuomi.fi\/blogi-laajeneminen-vaatii-myos-tekoja-ehdokasmaille-naytettava-tieta-kohti-euta"]}]},{"@type":"BreadcrumbList","@id":"https:\/\/www.eurooppalainensuomi.fi\/blogi-laajeneminen-vaatii-myos-tekoja-ehdokasmaille-naytettava-tieta-kohti-euta#breadcrumb","itemListElement":[{"@type":"ListItem","position":1,"name":"Etusivu","item":"https:\/\/www.eurooppalainensuomi.fi\/"},{"@type":"ListItem","position":2,"name":"Blogi: Laajeneminen vaatii my\u00f6s tekoja \u2013 ehdokasmaille n\u00e4ytett\u00e4v\u00e4 tiet\u00e4 kohti EU:ta"}]},{"@type":"WebSite","@id":"https:\/\/www.eurooppalainensuomi.fi\/#website","url":"https:\/\/www.eurooppalainensuomi.fi\/","name":"Eurooppalainen Suomi","description":"Parempaa Eurooppaa rakentamassa","publisher":{"@id":"https:\/\/www.eurooppalainensuomi.fi\/#organization"},"potentialAction":[{"@type":"SearchAction","target":{"@type":"EntryPoint","urlTemplate":"https:\/\/www.eurooppalainensuomi.fi\/?s={search_term_string}"},"query-input":"required name=search_term_string"}],"inLanguage":"en"},{"@type":"Organization","@id":"https:\/\/www.eurooppalainensuomi.fi\/#organization","name":"Eurooppalainen Suomi ry","url":"https:\/\/www.eurooppalainensuomi.fi\/","logo":{"@type":"ImageObject","inLanguage":"en","@id":"https:\/\/www.eurooppalainensuomi.fi\/#\/schema\/logo\/image\/","url":"https:\/\/www.eurooppalainensuomi.fi\/wp-content\/uploads\/2021\/01\/PNG_large.png","contentUrl":"https:\/\/www.eurooppalainensuomi.fi\/wp-content\/uploads\/2021\/01\/PNG_large.png","width":586,"height":220,"caption":"Eurooppalainen Suomi ry"},"image":{"@id":"https:\/\/www.eurooppalainensuomi.fi\/#\/schema\/logo\/image\/"},"sameAs":["https:\/\/instagram.com\/eurooppalainensuomi","https:\/\/www.youtube.com\/channel\/UCBeqyrm1ze2RinjeAYS_-Jg","https:\/\/fi.wikipedia.org\/wiki\/Eurooppalainen_Suomi","https:\/\/www.facebook.com\/eurooppalainensuomi","https:\/\/twitter.com\/em_finland"]},{"@type":"Person","@id":"https:\/\/www.eurooppalainensuomi.fi\/#\/schema\/person\/42824760f66031a9671691f8a3cc4931","name":"Admin","image":{"@type":"ImageObject","inLanguage":"en","@id":"https:\/\/www.eurooppalainensuomi.fi\/#\/schema\/person\/image\/","url":"https:\/\/secure.gravatar.com\/avatar\/2a869497ae566d1e62d81a21a923ac47?s=96&d=mm&r=g","contentUrl":"https:\/\/secure.gravatar.com\/avatar\/2a869497ae566d1e62d81a21a923ac47?s=96&d=mm&r=g","caption":"Admin"}}]}},"jetpack_featured_media_url":"https:\/\/www.eurooppalainensuomi.fi\/wp-content\/uploads\/2025\/04\/AnttiAvoranta.jpg","_links":{"self":[{"href":"https:\/\/www.eurooppalainensuomi.fi\/index.php?rest_route=\/wp\/v2\/posts\/5465"}],"collection":[{"href":"https:\/\/www.eurooppalainensuomi.fi\/index.php?rest_route=\/wp\/v2\/posts"}],"about":[{"href":"https:\/\/www.eurooppalainensuomi.fi\/index.php?rest_route=\/wp\/v2\/types\/post"}],"author":[{"embeddable":true,"href":"https:\/\/www.eurooppalainensuomi.fi\/index.php?rest_route=\/wp\/v2\/users\/8"}],"replies":[{"embeddable":true,"href":"https:\/\/www.eurooppalainensuomi.fi\/index.php?rest_route=%2Fwp%2Fv2%2Fcomments&post=5465"}],"version-history":[{"count":2,"href":"https:\/\/www.eurooppalainensuomi.fi\/index.php?rest_route=\/wp\/v2\/posts\/5465\/revisions"}],"predecessor-version":[{"id":5467,"href":"https:\/\/www.eurooppalainensuomi.fi\/index.php?rest_route=\/wp\/v2\/posts\/5465\/revisions\/5467"}],"wp:featuredmedia":[{"embeddable":true,"href":"https:\/\/www.eurooppalainensuomi.fi\/index.php?rest_route=\/wp\/v2\/media\/5438"}],"wp:attachment":[{"href":"https:\/\/www.eurooppalainensuomi.fi\/index.php?rest_route=%2Fwp%2Fv2%2Fmedia&parent=5465"}],"wp:term":[{"taxonomy":"category","embeddable":true,"href":"https:\/\/www.eurooppalainensuomi.fi\/index.php?rest_route=%2Fwp%2Fv2%2Fcategories&post=5465"},{"taxonomy":"post_tag","embeddable":true,"href":"https:\/\/www.eurooppalainensuomi.fi\/index.php?rest_route=%2Fwp%2Fv2%2Ftags&post=5465"}],"curies":[{"name":"wp","href":"https:\/\/api.w.org\/{rel}","templated":true}]}}