{"id":5454,"date":"2025-06-10T03:51:00","date_gmt":"2025-06-10T01:51:00","guid":{"rendered":"https:\/\/www.eurooppalainensuomi.fi\/?p=5454"},"modified":"2025-06-10T15:03:42","modified_gmt":"2025-06-10T13:03:42","slug":"ensimmainen-eu-uramentorointi-kesalla-paatokseen-ilmoittautuminen-seuraavalle-kierrokselle-alkaa-pian","status":"publish","type":"post","link":"https:\/\/www.eurooppalainensuomi.fi\/ensimmainen-eu-uramentorointi-kesalla-paatokseen-ilmoittautuminen-seuraavalle-kierrokselle-alkaa-pian","title":{"rendered":"Ensimm\u00e4inen EU-uramentorointi kes\u00e4ll\u00e4 p\u00e4\u00e4t\u00f6kseen \u2013 ilmoittautuminen seuraavalle kierrokselle on nyt auki!"},"content":{"rendered":"\n<p class=\"has-medium-font-size\"><em>Menestykseksi osoittautuneelle laatuaan ensimm\u00e4iselle EU-uramentorointiohjelmalle seuraa jatkoa \u2013 ilmoittaudu mukaan aktoriksi tai mentoriksi kes\u00e4n 2025 aikana<\/em>.<\/p>\n\n\n\n<p>Eurooppalaisen Suomen, Eurooppalaisen Suomen Brysseliss\u00e4, EUE:n sek\u00e4 kahden kultaakin kalliimman vapaaehtoisen vet\u00e4m\u00e4 tiimin syksyll\u00e4 2024 k\u00e4ynnistynyt EU-mentorointiohjelma on l\u00e4hestym\u00e4ss\u00e4 p\u00e4\u00e4t\u00f6st\u00e4\u00e4n! Mukaan laatuaan ensimm\u00e4iseen mentorointiohjelmaan saatiin yli 30 mentori-aktoriparia.<\/p>\n\n\n\n<p>Palaute ohjelmasta on ollut voittopuolisesti my\u00f6nteist\u00e4, ja mentorointisuhteiden on koettu tarjonneen t\u00e4rke\u00e4\u00e4 reflektiota, suuntaa uralle, kauan kaivattuja Bryssel-verkostoja, konkreettista apua hakuprosesseihin ja ennen kaikkea itseluottamusta omaan osaamiseen.<\/p>\n\n\n\n<p>Mentoriparit kokoontuvat 3.7.2025 kierroksen viimeiseen yhteistapaamiseen jakamaan kokemuksia ja ohjelman tuloksia.<\/p>\n\n\n\n<p>Ohjelmalle my\u00f6s suorastaan vaadittiin jatkoa, joten meill\u00e4 onkin ilo ilmoittaa, ett\u00e4 <strong>haku seuraavalle mentorointikierrokselle syksylle 2025\u2013kev\u00e4\u00e4lle 2026 alkaa 10.6.2025 Eurooppalaisen Suomen <a href=\"https:\/\/www.eurooppalainensuomi.fi\/uraeussa\">Ura EU:ssa<\/a>-sivustolla ja <a href=\"https:\/\/www.facebook.com\/groups\/957354112332645\">EU-uraverkostossa<\/a>, ja jatkuu aina 7.9.2025 asti!<\/strong><\/p>\n\n\n\n<p class=\"has-background\" style=\"background-color:#f7f6f6\">\u201cOhjelma on her\u00e4tt\u00e4nyt paljon ajatuksia siit\u00e4 miten ura voi muuttua, kehitty\u00e4 ja my\u00f6s luonut yhteyksi\u00e4 suomalaisiin ihan eri lailla kuin osasin ajatella!\u201d<br>\u2013 aktori, kev\u00e4t 2025<\/p>\n\n\n\n<p class=\"has-background\" style=\"background-color:#f7f6f6\">\u201cOhjelma on rikastuttava kokemus. Mentorina siit\u00e4 oppii, miten motivoida aktoria ensin oivaltamaan seuraavia askeliaan ja sitten l\u00f6yt\u00e4m\u00e4\u00e4n rohkeuden ja motivaation pist\u00e4\u00e4 toimeksi!\u201d<br>\u2013 mentori, kev\u00e4t 2025<\/p>\n\n\n\n<p class=\"has-background\" style=\"background-color:#f7f6f6\">\u201cKomissiossa meit\u00e4 suomalaisia on niin v\u00e4h\u00e4n, ett\u00e4 olisi elint\u00e4rke\u00e4\u00e4 viimeist\u00e4\u00e4n nyt verkostoitua kesken\u00e4mme. Muiden suomalaisten tuki ja tietotaito auttaa ty\u00f6n lis\u00e4ksi arkisissa asioissa, joita kaikki Brysseliss\u00e4 kohtaavat ja se tekee asettumisesta Brysseliin helpompaa!\u201d<br>\u2013 aktori, kev\u00e4t 2025<\/p>\n\n\n\n<p><\/p>\n\n\n\n<h3><strong>Kenelle ohjelma on tarkoitettu?<\/strong><\/h3>\n\n\n\n<p><em>Aktoriksi<\/em> voivat hakea EU-urasta kiinnostuneet asiantuntijat, virkamiehet tai opiskelijat, jotka etsiv\u00e4t suuntaa tai tukea etenemiseen Brysseliss\u00e4.<br><em>Mentoriksi<\/em> voivat hakea kokeneemmat EU-ty\u00f6t\u00e4 tehneet suomalaiset \u2013 niin instituutioissa kuin EU-kentt\u00e4\u00e4 tuntevissa organisaatioissa toimineet.<\/p>\n\n\n\n<p>Uramentoroinnin tarkoituksena on, ett\u00e4 eri vaiheissa uraa olevat henkil\u00f6t voivat joustavasti sek\u00e4 tarjota ett\u00e4 saada apua. N\u00e4in ollen my\u00f6s uransa keskivaiheillakin olevat voivat toimia niin mentoreina junioriryhm\u00e4lle kuin aktoreina vanhemmille asiantuntijoille.<\/p>\n\n\n\n<p>Mentorointiparit muodostetaan yhteisten tavoitteiden, kiinnostuksenkohteiden ja kokemustaustan pohjalta. Ohjelma ei sido suurta tuntim\u00e4\u00e4r\u00e4\u00e4 \u2013 riitt\u00e4\u00e4, ett\u00e4 sitoudut yhteisiin tapaamisiin ja rakentavaan vuorovaikutukseen.<\/p>\n\n\n\n<h3><strong>Mit\u00e4 saat?<\/strong><\/h3>\n\n\n\n<ul><li>Yksil\u00f6llist\u00e4 sparrausta<\/li><li>N\u00e4k\u00f6kulmia EU-ty\u00f6n todellisuuteen<\/li><li>Mahdollisuuden jakaa tietotaitoa ja kokemusta uusille EU-sukupolville<\/li><li>Konkreettisia neuvoja urapolkuihin, ty\u00f6nhakuun ja komission arkeen<\/li><li>Uusia yhteyksi\u00e4 ja mahdollisuuden olla osa suomalaisverkostoa Brysseliss\u00e4!<\/li><\/ul>\n\n\n\n<p>Kierrokselle tavoitellaan j\u00e4lleen laajaa osallistujajoukkoa instituutioiden virkahenkil\u00f6ist\u00e4 julkisen puolen asiantuntijoihin ja edunvalvonnan ammattilaisiin, hae siis mukaan seuraavalle kierrokselle mentoriksi ja\/tai aktoriksi 10.6.\u20137.9.2025!<\/p>\n\n\n\n<p><a href=\"https:\/\/docs.google.com\/forms\/d\/e\/1FAIpQLSem5AL0WNQJoTMXZp9qDAFreOKf_wixg4aksFUak0SlKx6ASQ\/viewform?usp=share_link&amp;ouid=105927953187735294823\">ILMOITTAUDU AKTORIKSI<\/a><\/p>\n\n\n\n<p><a href=\"https:\/\/forms.gle\/2VccrxvSd8inQLFM9\">ILMOITTAUDU MENTORIKSI<\/a><\/p>\n\n\n","protected":false},"excerpt":{"rendered":"<p>Menestykseksi osoittautuneelle laatuaan ensimm\u00e4iselle EU-uramentorointiohjelmalle seuraa jatkoa \u2013 ilmoittaudu mukaan aktoriksi tai mentoriksi kes\u00e4n 2025 aikana. Eurooppalaisen Suomen, Eurooppalaisen Suomen Brysseliss\u00e4, EUE:n sek\u00e4 kahden kultaakin kalliimman vapaaehtoisen vet\u00e4m\u00e4 tiimin syksyll\u00e4 2024 k\u00e4ynnistynyt EU-mentorointiohjelma on l\u00e4hestym\u00e4ss\u00e4 p\u00e4\u00e4t\u00f6st\u00e4\u00e4n! Mukaan laatuaan ensimm\u00e4iseen mentorointiohjelmaan saatiin yli 30 mentori-aktoriparia. Palaute ohjelmasta on ollut voittopuolisesti my\u00f6nteist\u00e4, ja mentorointisuhteiden on koettu tarjonneen [&hellip;]<\/p>\n","protected":false},"author":8,"featured_media":5456,"comment_status":"closed","ping_status":"closed","sticky":false,"template":"","format":"standard","meta":{"_et_pb_use_builder":"","_et_pb_old_content":"","_et_gb_content_width":""},"categories":[8],"tags":[],"yoast_head":"<!-- This site is optimized with the Yoast SEO plugin v19.13 - https:\/\/yoast.com\/wordpress\/plugins\/seo\/ -->\n<title>Ensimm\u00e4inen EU-uramentorointi kes\u00e4ll\u00e4 p\u00e4\u00e4t\u00f6kseen \u2013 ilmoittautuminen seuraavalle kierrokselle on nyt auki! - Eurooppalainen Suomi<\/title>\n<meta name=\"robots\" content=\"index, follow, max-snippet:-1, max-image-preview:large, max-video-preview:-1\" \/>\n<link rel=\"canonical\" href=\"https:\/\/www.eurooppalainensuomi.fi\/ensimmainen-eu-uramentorointi-kesalla-paatokseen-ilmoittautuminen-seuraavalle-kierrokselle-alkaa-pian\" \/>\n<meta property=\"og:locale\" content=\"en_US\" \/>\n<meta property=\"og:type\" content=\"article\" \/>\n<meta property=\"og:title\" content=\"Ensimm\u00e4inen EU-uramentorointi kes\u00e4ll\u00e4 p\u00e4\u00e4t\u00f6kseen \u2013 ilmoittautuminen seuraavalle kierrokselle on nyt auki! - Eurooppalainen Suomi\" \/>\n<meta property=\"og:description\" content=\"Menestykseksi osoittautuneelle laatuaan ensimm\u00e4iselle EU-uramentorointiohjelmalle seuraa jatkoa \u2013 ilmoittaudu mukaan aktoriksi tai mentoriksi kes\u00e4n 2025 aikana. Eurooppalaisen Suomen, Eurooppalaisen Suomen Brysseliss\u00e4, EUE:n sek\u00e4 kahden kultaakin kalliimman vapaaehtoisen vet\u00e4m\u00e4 tiimin syksyll\u00e4 2024 k\u00e4ynnistynyt EU-mentorointiohjelma on l\u00e4hestym\u00e4ss\u00e4 p\u00e4\u00e4t\u00f6st\u00e4\u00e4n! Mukaan laatuaan ensimm\u00e4iseen mentorointiohjelmaan saatiin yli 30 mentori-aktoriparia. Palaute ohjelmasta on ollut voittopuolisesti my\u00f6nteist\u00e4, ja mentorointisuhteiden on koettu tarjonneen [&hellip;]\" \/>\n<meta property=\"og:url\" content=\"https:\/\/www.eurooppalainensuomi.fi\/ensimmainen-eu-uramentorointi-kesalla-paatokseen-ilmoittautuminen-seuraavalle-kierrokselle-alkaa-pian\" \/>\n<meta property=\"og:site_name\" content=\"Eurooppalainen Suomi\" \/>\n<meta property=\"article:publisher\" content=\"https:\/\/www.facebook.com\/eurooppalainensuomi\" \/>\n<meta property=\"article:published_time\" content=\"2025-06-10T01:51:00+00:00\" \/>\n<meta property=\"article:modified_time\" content=\"2025-06-10T13:03:42+00:00\" \/>\n<meta property=\"og:image\" content=\"https:\/\/www.eurooppalainensuomi.fi\/wp-content\/uploads\/2025\/05\/EU-uramentorointi.png\" \/>\n\t<meta property=\"og:image:width\" content=\"850\" \/>\n\t<meta property=\"og:image:height\" content=\"211\" \/>\n\t<meta property=\"og:image:type\" content=\"image\/png\" \/>\n<meta name=\"author\" content=\"Admin\" \/>\n<meta name=\"twitter:card\" content=\"summary_large_image\" \/>\n<meta name=\"twitter:creator\" content=\"@em_finland\" \/>\n<meta name=\"twitter:site\" content=\"@em_finland\" \/>\n<meta name=\"twitter:label1\" content=\"Written by\" \/>\n\t<meta name=\"twitter:data1\" content=\"Admin\" \/>\n\t<meta name=\"twitter:label2\" content=\"Est. reading time\" \/>\n\t<meta name=\"twitter:data2\" content=\"2 minutes\" \/>\n<script type=\"application\/ld+json\" class=\"yoast-schema-graph\">{\"@context\":\"https:\/\/schema.org\",\"@graph\":[{\"@type\":\"Article\",\"@id\":\"https:\/\/www.eurooppalainensuomi.fi\/ensimmainen-eu-uramentorointi-kesalla-paatokseen-ilmoittautuminen-seuraavalle-kierrokselle-alkaa-pian#article\",\"isPartOf\":{\"@id\":\"https:\/\/www.eurooppalainensuomi.fi\/ensimmainen-eu-uramentorointi-kesalla-paatokseen-ilmoittautuminen-seuraavalle-kierrokselle-alkaa-pian\"},\"author\":{\"name\":\"Admin\",\"@id\":\"https:\/\/www.eurooppalainensuomi.fi\/#\/schema\/person\/42824760f66031a9671691f8a3cc4931\"},\"headline\":\"Ensimm\u00e4inen EU-uramentorointi kes\u00e4ll\u00e4 p\u00e4\u00e4t\u00f6kseen \u2013 ilmoittautuminen seuraavalle kierrokselle on nyt auki!\",\"datePublished\":\"2025-06-10T01:51:00+00:00\",\"dateModified\":\"2025-06-10T13:03:42+00:00\",\"mainEntityOfPage\":{\"@id\":\"https:\/\/www.eurooppalainensuomi.fi\/ensimmainen-eu-uramentorointi-kesalla-paatokseen-ilmoittautuminen-seuraavalle-kierrokselle-alkaa-pian\"},\"wordCount\":388,\"publisher\":{\"@id\":\"https:\/\/www.eurooppalainensuomi.fi\/#organization\"},\"articleSection\":[\"Ajankohtaista\"],\"inLanguage\":\"en\"},{\"@type\":\"WebPage\",\"@id\":\"https:\/\/www.eurooppalainensuomi.fi\/ensimmainen-eu-uramentorointi-kesalla-paatokseen-ilmoittautuminen-seuraavalle-kierrokselle-alkaa-pian\",\"url\":\"https:\/\/www.eurooppalainensuomi.fi\/ensimmainen-eu-uramentorointi-kesalla-paatokseen-ilmoittautuminen-seuraavalle-kierrokselle-alkaa-pian\",\"name\":\"Ensimm\u00e4inen EU-uramentorointi kes\u00e4ll\u00e4 p\u00e4\u00e4t\u00f6kseen \u2013 ilmoittautuminen seuraavalle kierrokselle on nyt auki! - Eurooppalainen Suomi\",\"isPartOf\":{\"@id\":\"https:\/\/www.eurooppalainensuomi.fi\/#website\"},\"datePublished\":\"2025-06-10T01:51:00+00:00\",\"dateModified\":\"2025-06-10T13:03:42+00:00\",\"breadcrumb\":{\"@id\":\"https:\/\/www.eurooppalainensuomi.fi\/ensimmainen-eu-uramentorointi-kesalla-paatokseen-ilmoittautuminen-seuraavalle-kierrokselle-alkaa-pian#breadcrumb\"},\"inLanguage\":\"en\",\"potentialAction\":[{\"@type\":\"ReadAction\",\"target\":[\"https:\/\/www.eurooppalainensuomi.fi\/ensimmainen-eu-uramentorointi-kesalla-paatokseen-ilmoittautuminen-seuraavalle-kierrokselle-alkaa-pian\"]}]},{\"@type\":\"BreadcrumbList\",\"@id\":\"https:\/\/www.eurooppalainensuomi.fi\/ensimmainen-eu-uramentorointi-kesalla-paatokseen-ilmoittautuminen-seuraavalle-kierrokselle-alkaa-pian#breadcrumb\",\"itemListElement\":[{\"@type\":\"ListItem\",\"position\":1,\"name\":\"Etusivu\",\"item\":\"https:\/\/www.eurooppalainensuomi.fi\/\"},{\"@type\":\"ListItem\",\"position\":2,\"name\":\"Ensimm\u00e4inen EU-uramentorointi kes\u00e4ll\u00e4 p\u00e4\u00e4t\u00f6kseen \u2013 ilmoittautuminen seuraavalle kierrokselle on nyt auki!\"}]},{\"@type\":\"WebSite\",\"@id\":\"https:\/\/www.eurooppalainensuomi.fi\/#website\",\"url\":\"https:\/\/www.eurooppalainensuomi.fi\/\",\"name\":\"Eurooppalainen Suomi\",\"description\":\"Parempaa Eurooppaa rakentamassa\",\"publisher\":{\"@id\":\"https:\/\/www.eurooppalainensuomi.fi\/#organization\"},\"potentialAction\":[{\"@type\":\"SearchAction\",\"target\":{\"@type\":\"EntryPoint\",\"urlTemplate\":\"https:\/\/www.eurooppalainensuomi.fi\/?s={search_term_string}\"},\"query-input\":\"required name=search_term_string\"}],\"inLanguage\":\"en\"},{\"@type\":\"Organization\",\"@id\":\"https:\/\/www.eurooppalainensuomi.fi\/#organization\",\"name\":\"Eurooppalainen Suomi ry\",\"url\":\"https:\/\/www.eurooppalainensuomi.fi\/\",\"logo\":{\"@type\":\"ImageObject\",\"inLanguage\":\"en\",\"@id\":\"https:\/\/www.eurooppalainensuomi.fi\/#\/schema\/logo\/image\/\",\"url\":\"https:\/\/www.eurooppalainensuomi.fi\/wp-content\/uploads\/2021\/01\/PNG_large.png\",\"contentUrl\":\"https:\/\/www.eurooppalainensuomi.fi\/wp-content\/uploads\/2021\/01\/PNG_large.png\",\"width\":586,\"height\":220,\"caption\":\"Eurooppalainen Suomi ry\"},\"image\":{\"@id\":\"https:\/\/www.eurooppalainensuomi.fi\/#\/schema\/logo\/image\/\"},\"sameAs\":[\"https:\/\/instagram.com\/eurooppalainensuomi\",\"https:\/\/www.youtube.com\/channel\/UCBeqyrm1ze2RinjeAYS_-Jg\",\"https:\/\/fi.wikipedia.org\/wiki\/Eurooppalainen_Suomi\",\"https:\/\/www.facebook.com\/eurooppalainensuomi\",\"https:\/\/twitter.com\/em_finland\"]},{\"@type\":\"Person\",\"@id\":\"https:\/\/www.eurooppalainensuomi.fi\/#\/schema\/person\/42824760f66031a9671691f8a3cc4931\",\"name\":\"Admin\",\"image\":{\"@type\":\"ImageObject\",\"inLanguage\":\"en\",\"@id\":\"https:\/\/www.eurooppalainensuomi.fi\/#\/schema\/person\/image\/\",\"url\":\"https:\/\/secure.gravatar.com\/avatar\/2a869497ae566d1e62d81a21a923ac47?s=96&d=mm&r=g\",\"contentUrl\":\"https:\/\/secure.gravatar.com\/avatar\/2a869497ae566d1e62d81a21a923ac47?s=96&d=mm&r=g\",\"caption\":\"Admin\"}}]}<\/script>\n<!-- \/ Yoast SEO plugin. -->","yoast_head_json":{"title":"Ensimm\u00e4inen EU-uramentorointi kes\u00e4ll\u00e4 p\u00e4\u00e4t\u00f6kseen \u2013 ilmoittautuminen seuraavalle kierrokselle on nyt auki! - Eurooppalainen Suomi","robots":{"index":"index","follow":"follow","max-snippet":"max-snippet:-1","max-image-preview":"max-image-preview:large","max-video-preview":"max-video-preview:-1"},"canonical":"https:\/\/www.eurooppalainensuomi.fi\/ensimmainen-eu-uramentorointi-kesalla-paatokseen-ilmoittautuminen-seuraavalle-kierrokselle-alkaa-pian","og_locale":"en_US","og_type":"article","og_title":"Ensimm\u00e4inen EU-uramentorointi kes\u00e4ll\u00e4 p\u00e4\u00e4t\u00f6kseen \u2013 ilmoittautuminen seuraavalle kierrokselle on nyt auki! - Eurooppalainen Suomi","og_description":"Menestykseksi osoittautuneelle laatuaan ensimm\u00e4iselle EU-uramentorointiohjelmalle seuraa jatkoa \u2013 ilmoittaudu mukaan aktoriksi tai mentoriksi kes\u00e4n 2025 aikana. Eurooppalaisen Suomen, Eurooppalaisen Suomen Brysseliss\u00e4, EUE:n sek\u00e4 kahden kultaakin kalliimman vapaaehtoisen vet\u00e4m\u00e4 tiimin syksyll\u00e4 2024 k\u00e4ynnistynyt EU-mentorointiohjelma on l\u00e4hestym\u00e4ss\u00e4 p\u00e4\u00e4t\u00f6st\u00e4\u00e4n! Mukaan laatuaan ensimm\u00e4iseen mentorointiohjelmaan saatiin yli 30 mentori-aktoriparia. Palaute ohjelmasta on ollut voittopuolisesti my\u00f6nteist\u00e4, ja mentorointisuhteiden on koettu tarjonneen [&hellip;]","og_url":"https:\/\/www.eurooppalainensuomi.fi\/ensimmainen-eu-uramentorointi-kesalla-paatokseen-ilmoittautuminen-seuraavalle-kierrokselle-alkaa-pian","og_site_name":"Eurooppalainen Suomi","article_publisher":"https:\/\/www.facebook.com\/eurooppalainensuomi","article_published_time":"2025-06-10T01:51:00+00:00","article_modified_time":"2025-06-10T13:03:42+00:00","og_image":[{"width":850,"height":211,"url":"https:\/\/www.eurooppalainensuomi.fi\/wp-content\/uploads\/2025\/05\/EU-uramentorointi.png","type":"image\/png"}],"author":"Admin","twitter_card":"summary_large_image","twitter_creator":"@em_finland","twitter_site":"@em_finland","twitter_misc":{"Written by":"Admin","Est. reading time":"2 minutes"},"schema":{"@context":"https:\/\/schema.org","@graph":[{"@type":"Article","@id":"https:\/\/www.eurooppalainensuomi.fi\/ensimmainen-eu-uramentorointi-kesalla-paatokseen-ilmoittautuminen-seuraavalle-kierrokselle-alkaa-pian#article","isPartOf":{"@id":"https:\/\/www.eurooppalainensuomi.fi\/ensimmainen-eu-uramentorointi-kesalla-paatokseen-ilmoittautuminen-seuraavalle-kierrokselle-alkaa-pian"},"author":{"name":"Admin","@id":"https:\/\/www.eurooppalainensuomi.fi\/#\/schema\/person\/42824760f66031a9671691f8a3cc4931"},"headline":"Ensimm\u00e4inen EU-uramentorointi kes\u00e4ll\u00e4 p\u00e4\u00e4t\u00f6kseen \u2013 ilmoittautuminen seuraavalle kierrokselle on nyt auki!","datePublished":"2025-06-10T01:51:00+00:00","dateModified":"2025-06-10T13:03:42+00:00","mainEntityOfPage":{"@id":"https:\/\/www.eurooppalainensuomi.fi\/ensimmainen-eu-uramentorointi-kesalla-paatokseen-ilmoittautuminen-seuraavalle-kierrokselle-alkaa-pian"},"wordCount":388,"publisher":{"@id":"https:\/\/www.eurooppalainensuomi.fi\/#organization"},"articleSection":["Ajankohtaista"],"inLanguage":"en"},{"@type":"WebPage","@id":"https:\/\/www.eurooppalainensuomi.fi\/ensimmainen-eu-uramentorointi-kesalla-paatokseen-ilmoittautuminen-seuraavalle-kierrokselle-alkaa-pian","url":"https:\/\/www.eurooppalainensuomi.fi\/ensimmainen-eu-uramentorointi-kesalla-paatokseen-ilmoittautuminen-seuraavalle-kierrokselle-alkaa-pian","name":"Ensimm\u00e4inen EU-uramentorointi kes\u00e4ll\u00e4 p\u00e4\u00e4t\u00f6kseen \u2013 ilmoittautuminen seuraavalle kierrokselle on nyt auki! - Eurooppalainen Suomi","isPartOf":{"@id":"https:\/\/www.eurooppalainensuomi.fi\/#website"},"datePublished":"2025-06-10T01:51:00+00:00","dateModified":"2025-06-10T13:03:42+00:00","breadcrumb":{"@id":"https:\/\/www.eurooppalainensuomi.fi\/ensimmainen-eu-uramentorointi-kesalla-paatokseen-ilmoittautuminen-seuraavalle-kierrokselle-alkaa-pian#breadcrumb"},"inLanguage":"en","potentialAction":[{"@type":"ReadAction","target":["https:\/\/www.eurooppalainensuomi.fi\/ensimmainen-eu-uramentorointi-kesalla-paatokseen-ilmoittautuminen-seuraavalle-kierrokselle-alkaa-pian"]}]},{"@type":"BreadcrumbList","@id":"https:\/\/www.eurooppalainensuomi.fi\/ensimmainen-eu-uramentorointi-kesalla-paatokseen-ilmoittautuminen-seuraavalle-kierrokselle-alkaa-pian#breadcrumb","itemListElement":[{"@type":"ListItem","position":1,"name":"Etusivu","item":"https:\/\/www.eurooppalainensuomi.fi\/"},{"@type":"ListItem","position":2,"name":"Ensimm\u00e4inen EU-uramentorointi kes\u00e4ll\u00e4 p\u00e4\u00e4t\u00f6kseen \u2013 ilmoittautuminen seuraavalle kierrokselle on nyt auki!"}]},{"@type":"WebSite","@id":"https:\/\/www.eurooppalainensuomi.fi\/#website","url":"https:\/\/www.eurooppalainensuomi.fi\/","name":"Eurooppalainen Suomi","description":"Parempaa Eurooppaa rakentamassa","publisher":{"@id":"https:\/\/www.eurooppalainensuomi.fi\/#organization"},"potentialAction":[{"@type":"SearchAction","target":{"@type":"EntryPoint","urlTemplate":"https:\/\/www.eurooppalainensuomi.fi\/?s={search_term_string}"},"query-input":"required name=search_term_string"}],"inLanguage":"en"},{"@type":"Organization","@id":"https:\/\/www.eurooppalainensuomi.fi\/#organization","name":"Eurooppalainen Suomi ry","url":"https:\/\/www.eurooppalainensuomi.fi\/","logo":{"@type":"ImageObject","inLanguage":"en","@id":"https:\/\/www.eurooppalainensuomi.fi\/#\/schema\/logo\/image\/","url":"https:\/\/www.eurooppalainensuomi.fi\/wp-content\/uploads\/2021\/01\/PNG_large.png","contentUrl":"https:\/\/www.eurooppalainensuomi.fi\/wp-content\/uploads\/2021\/01\/PNG_large.png","width":586,"height":220,"caption":"Eurooppalainen Suomi ry"},"image":{"@id":"https:\/\/www.eurooppalainensuomi.fi\/#\/schema\/logo\/image\/"},"sameAs":["https:\/\/instagram.com\/eurooppalainensuomi","https:\/\/www.youtube.com\/channel\/UCBeqyrm1ze2RinjeAYS_-Jg","https:\/\/fi.wikipedia.org\/wiki\/Eurooppalainen_Suomi","https:\/\/www.facebook.com\/eurooppalainensuomi","https:\/\/twitter.com\/em_finland"]},{"@type":"Person","@id":"https:\/\/www.eurooppalainensuomi.fi\/#\/schema\/person\/42824760f66031a9671691f8a3cc4931","name":"Admin","image":{"@type":"ImageObject","inLanguage":"en","@id":"https:\/\/www.eurooppalainensuomi.fi\/#\/schema\/person\/image\/","url":"https:\/\/secure.gravatar.com\/avatar\/2a869497ae566d1e62d81a21a923ac47?s=96&d=mm&r=g","contentUrl":"https:\/\/secure.gravatar.com\/avatar\/2a869497ae566d1e62d81a21a923ac47?s=96&d=mm&r=g","caption":"Admin"}}]}},"jetpack_featured_media_url":"https:\/\/www.eurooppalainensuomi.fi\/wp-content\/uploads\/2025\/05\/EU-uramentorointi.png","_links":{"self":[{"href":"https:\/\/www.eurooppalainensuomi.fi\/index.php?rest_route=\/wp\/v2\/posts\/5454"}],"collection":[{"href":"https:\/\/www.eurooppalainensuomi.fi\/index.php?rest_route=\/wp\/v2\/posts"}],"about":[{"href":"https:\/\/www.eurooppalainensuomi.fi\/index.php?rest_route=\/wp\/v2\/types\/post"}],"author":[{"embeddable":true,"href":"https:\/\/www.eurooppalainensuomi.fi\/index.php?rest_route=\/wp\/v2\/users\/8"}],"replies":[{"embeddable":true,"href":"https:\/\/www.eurooppalainensuomi.fi\/index.php?rest_route=%2Fwp%2Fv2%2Fcomments&post=5454"}],"version-history":[{"count":4,"href":"https:\/\/www.eurooppalainensuomi.fi\/index.php?rest_route=\/wp\/v2\/posts\/5454\/revisions"}],"predecessor-version":[{"id":5481,"href":"https:\/\/www.eurooppalainensuomi.fi\/index.php?rest_route=\/wp\/v2\/posts\/5454\/revisions\/5481"}],"wp:featuredmedia":[{"embeddable":true,"href":"https:\/\/www.eurooppalainensuomi.fi\/index.php?rest_route=\/wp\/v2\/media\/5456"}],"wp:attachment":[{"href":"https:\/\/www.eurooppalainensuomi.fi\/index.php?rest_route=%2Fwp%2Fv2%2Fmedia&parent=5454"}],"wp:term":[{"taxonomy":"category","embeddable":true,"href":"https:\/\/www.eurooppalainensuomi.fi\/index.php?rest_route=%2Fwp%2Fv2%2Fcategories&post=5454"},{"taxonomy":"post_tag","embeddable":true,"href":"https:\/\/www.eurooppalainensuomi.fi\/index.php?rest_route=%2Fwp%2Fv2%2Ftags&post=5454"}],"curies":[{"name":"wp","href":"https:\/\/api.w.org\/{rel}","templated":true}]}}