{"id":5313,"date":"2024-11-25T12:32:52","date_gmt":"2024-11-25T10:32:52","guid":{"rendered":"https:\/\/www.eurooppalainensuomi.fi\/?p=5313"},"modified":"2024-11-25T12:32:54","modified_gmt":"2024-11-25T10:32:54","slug":"uusi-komissio-eu-ohjausjakso-kilpailukyky","status":"publish","type":"post","link":"https:\/\/www.eurooppalainensuomi.fi\/uusi-komissio-eu-ohjausjakso-kilpailukyky","title":{"rendered":"Uusi komissio | EU-ohjausjakso | Kilpailukyky"},"content":{"rendered":"\n<p>Euroopan parlamentin j\u00e4senet kokoontuvat t\u00e4ll\u00e4 viikolla Strasbourgissa t\u00e4ysistuntokeskusteluihin ja \u00e4\u00e4nestyksiin useista asioista, muun muassa komission j\u00e4senten kollegion valinnasta. Keskiviikkona EU:n komissaarit kokoontuvat Strasbourgiin esittelem\u00e4\u00e4n EU-ohjausjakson syyspaketin. Torstaina kokoontuu kilpailukykyneuvosto, jossa ministerit hyv\u00e4ksyv\u00e4t neuvoston p\u00e4\u00e4telm\u00e4t Euroopan kilpailukyvyn tulevaisuudesta. P\u00e4\u00e4telm\u00e4t koostuvat teollisuusministerien vastauksista Draghin raportin \u201dEuroopan kilpailukyvyn tulevaisuus\u201d julkaisemisen j\u00e4lkeen.<\/p>\n\n\n\n<p>Euroopan parlamentti<\/p>\n\n\n\n<p>Euroopan parlamentin j\u00e4senet k\u00e4yv\u00e4t maanantaina keskustelun kansainv\u00e4lisest\u00e4 naisiin kohdistuvan v\u00e4kivallan p\u00e4iv\u00e4st\u00e4. Parlamentin j\u00e4senet keskustelevat my\u00f6s Kolumbian Calissa vuonna 2024 pidett\u00e4v\u00e4n YK:n biodiversiteettikonferenssin (COP16) tuloksista. Keskiviikkona Euroopan parlamentin j\u00e4senet k\u00e4yv\u00e4t keskustelun viimeaikaisesta LGBTQI-henkil\u00f6ihin kohdistuvasta lains\u00e4\u00e4d\u00e4nn\u00f6st\u00e4 ja tarpeesta suojella oikeusvaltioperiaatetta ja syrjim\u00e4t\u00f6nt\u00e4 unionia.<\/p>\n\n\n\n<p>Euroopan komissio<\/p>\n\n\n\n<p>Komissaari Dider Reynders osallistuu maanantaina videokonferenssin v\u00e4lityksell\u00e4 Yhdistyneiden Kansakuntien 13. yritys- ja ihmisoikeusfoorumiin. Keskiviikkona komissaari Ylva Johansson pit\u00e4\u00e4 p\u00e4\u00e4puheenvuoron huumausaineisiin liittyv\u00e4\u00e4 v\u00e4kivaltaa k\u00e4sittelev\u00e4ss\u00e4 eurooppalaisessa konferenssissa, jota Euroopan unionin huumevirasto is\u00e4nn\u00f6i Brysseliss\u00e4. Torstaina komissaari Janusz Wojciechowski tapaa Ecuadorin tuotanto-, ulkomaankauppa-, investointi- ja kalastusministeri Sonsoles Garc\u00edan.<\/p>\n\n\n\n<p>Eurooppa-neuvosto<\/p>\n\n\n\n<p>Maanantaina kokoontuva koulutus-, nuoriso-, kulttuuri- ja urheiluneuvosto kokoaa nuoriso- ja koulutusasioista vastaavat ministerit keskustelemaan useista aiheista. Nuorisoasioista vastaavien ministerien odotetaan hyv\u00e4ksyv\u00e4n p\u00e4\u00e4telm\u00e4t \u201dglokaalisten\u201d mahdollisuuksien tarjoamisesta maaseudulla ja syrj\u00e4seuduilla asuville nuorille, ja he keskustelevat maaseutunuorten mahdollisuuksia muokkaavista demografisista suuntauksista. Torstaina yleisten asioiden neuvoston ministerit k\u00e4yv\u00e4t periaatekeskustelun koheesiopolitiikan keskeisten voimavarojen vahvistamisesta ja siit\u00e4, miten koheesiorahastojen yhteist\u00e4 hallinnointia voidaan tulevaisuudessa parantaa toissijaisuusperiaatteen mukaisesti.<\/p>\n\n\n\n<p>Suuri valiokunta<\/p>\n\n\n\n<p>Suuri valiokunta ei tue mets\u00e4katoasetuksesta k\u00e4yt\u00e4vien neuvotteluiden avaamista. Euroopan parlamentti on esitt\u00e4nyt muutoksia komission ehdotukseen, joka lykk\u00e4isi asetuksen keskeisten osien soveltamisen aloittamista vuodella eli 30.12.2025 asti. EU:n neuvoston puheenjohtajamaa Unkari haluaa vahvistuksen neuvoston aiemmalle kannalle, jossa tuetaan vain komission ehdotusta asetusehdotuksen voimaantulon lykk\u00e4\u00e4misest\u00e4, jotta voidaan varmistaa t\u00e4m\u00e4n toteutuminen ennen alkuper\u00e4isen asetuksen voimaantuloa.<\/p>\n","protected":false},"excerpt":{"rendered":"<p>Euroopan parlamentin j\u00e4senet kokoontuvat t\u00e4ll\u00e4 viikolla Strasbourgissa t\u00e4ysistuntokeskusteluihin ja \u00e4\u00e4nestyksiin useista asioista, muun muassa komission j\u00e4senten kollegion valinnasta. Keskiviikkona EU:n komissaarit kokoontuvat Strasbourgiin esittelem\u00e4\u00e4n EU-ohjausjakson syyspaketin. Torstaina kokoontuu kilpailukykyneuvosto, jossa ministerit hyv\u00e4ksyv\u00e4t neuvoston p\u00e4\u00e4telm\u00e4t Euroopan kilpailukyvyn tulevaisuudesta. P\u00e4\u00e4telm\u00e4t koostuvat teollisuusministerien vastauksista Draghin raportin \u201dEuroopan kilpailukyvyn tulevaisuus\u201d julkaisemisen j\u00e4lkeen. Euroopan parlamentti Euroopan parlamentin j\u00e4senet k\u00e4yv\u00e4t maanantaina [&hellip;]<\/p>\n","protected":false},"author":4,"featured_media":4594,"comment_status":"closed","ping_status":"closed","sticky":false,"template":"","format":"standard","meta":{"_et_pb_use_builder":"off","_et_pb_old_content":"","_et_gb_content_width":""},"categories":[8,10],"tags":[],"yoast_head":"<!-- This site is optimized with the Yoast SEO plugin v19.13 - https:\/\/yoast.com\/wordpress\/plugins\/seo\/ -->\n<title>Uusi komissio | EU-ohjausjakso | Kilpailukyky - Eurooppalainen Suomi<\/title>\n<meta name=\"robots\" content=\"index, follow, max-snippet:-1, max-image-preview:large, max-video-preview:-1\" \/>\n<link rel=\"canonical\" href=\"https:\/\/www.eurooppalainensuomi.fi\/uusi-komissio-eu-ohjausjakso-kilpailukyky\" \/>\n<meta property=\"og:locale\" content=\"en_US\" \/>\n<meta property=\"og:type\" content=\"article\" \/>\n<meta property=\"og:title\" content=\"Uusi komissio | EU-ohjausjakso | Kilpailukyky - Eurooppalainen Suomi\" \/>\n<meta property=\"og:description\" content=\"Euroopan parlamentin j\u00e4senet kokoontuvat t\u00e4ll\u00e4 viikolla Strasbourgissa t\u00e4ysistuntokeskusteluihin ja \u00e4\u00e4nestyksiin useista asioista, muun muassa komission j\u00e4senten kollegion valinnasta. Keskiviikkona EU:n komissaarit kokoontuvat Strasbourgiin esittelem\u00e4\u00e4n EU-ohjausjakson syyspaketin. Torstaina kokoontuu kilpailukykyneuvosto, jossa ministerit hyv\u00e4ksyv\u00e4t neuvoston p\u00e4\u00e4telm\u00e4t Euroopan kilpailukyvyn tulevaisuudesta. P\u00e4\u00e4telm\u00e4t koostuvat teollisuusministerien vastauksista Draghin raportin \u201dEuroopan kilpailukyvyn tulevaisuus\u201d julkaisemisen j\u00e4lkeen. Euroopan parlamentti Euroopan parlamentin j\u00e4senet k\u00e4yv\u00e4t maanantaina [&hellip;]\" \/>\n<meta property=\"og:url\" content=\"https:\/\/www.eurooppalainensuomi.fi\/uusi-komissio-eu-ohjausjakso-kilpailukyky\" \/>\n<meta property=\"og:site_name\" content=\"Eurooppalainen Suomi\" \/>\n<meta property=\"article:publisher\" content=\"https:\/\/www.facebook.com\/eurooppalainensuomi\" \/>\n<meta property=\"article:published_time\" content=\"2024-11-25T10:32:52+00:00\" \/>\n<meta property=\"article:modified_time\" content=\"2024-11-25T10:32:54+00:00\" \/>\n<meta property=\"og:image\" content=\"https:\/\/www.eurooppalainensuomi.fi\/wp-content\/uploads\/2022\/12\/Sivu1-Kuva-1-ja-6-scaled.jpg\" \/>\n\t<meta property=\"og:image:width\" content=\"2560\" \/>\n\t<meta property=\"og:image:height\" content=\"1707\" \/>\n\t<meta property=\"og:image:type\" content=\"image\/jpeg\" \/>\n<meta name=\"author\" content=\"Admin\" \/>\n<meta name=\"twitter:card\" content=\"summary_large_image\" \/>\n<meta name=\"twitter:creator\" content=\"@em_finland\" \/>\n<meta name=\"twitter:site\" content=\"@em_finland\" \/>\n<meta name=\"twitter:label1\" content=\"Written by\" \/>\n\t<meta name=\"twitter:data1\" content=\"Admin\" \/>\n\t<meta name=\"twitter:label2\" content=\"Est. reading time\" \/>\n\t<meta name=\"twitter:data2\" content=\"2 minutes\" \/>\n<script type=\"application\/ld+json\" class=\"yoast-schema-graph\">{\"@context\":\"https:\/\/schema.org\",\"@graph\":[{\"@type\":\"Article\",\"@id\":\"https:\/\/www.eurooppalainensuomi.fi\/uusi-komissio-eu-ohjausjakso-kilpailukyky#article\",\"isPartOf\":{\"@id\":\"https:\/\/www.eurooppalainensuomi.fi\/uusi-komissio-eu-ohjausjakso-kilpailukyky\"},\"author\":{\"name\":\"Admin\",\"@id\":\"https:\/\/www.eurooppalainensuomi.fi\/#\/schema\/person\/9635843384121bb89ed49f8d3129daee\"},\"headline\":\"Uusi komissio | EU-ohjausjakso | Kilpailukyky\",\"datePublished\":\"2024-11-25T10:32:52+00:00\",\"dateModified\":\"2024-11-25T10:32:54+00:00\",\"mainEntityOfPage\":{\"@id\":\"https:\/\/www.eurooppalainensuomi.fi\/uusi-komissio-eu-ohjausjakso-kilpailukyky\"},\"wordCount\":312,\"publisher\":{\"@id\":\"https:\/\/www.eurooppalainensuomi.fi\/#organization\"},\"articleSection\":[\"Ajankohtaista\",\"Julkaisut\"],\"inLanguage\":\"en\"},{\"@type\":\"WebPage\",\"@id\":\"https:\/\/www.eurooppalainensuomi.fi\/uusi-komissio-eu-ohjausjakso-kilpailukyky\",\"url\":\"https:\/\/www.eurooppalainensuomi.fi\/uusi-komissio-eu-ohjausjakso-kilpailukyky\",\"name\":\"Uusi komissio | EU-ohjausjakso | Kilpailukyky - Eurooppalainen Suomi\",\"isPartOf\":{\"@id\":\"https:\/\/www.eurooppalainensuomi.fi\/#website\"},\"datePublished\":\"2024-11-25T10:32:52+00:00\",\"dateModified\":\"2024-11-25T10:32:54+00:00\",\"breadcrumb\":{\"@id\":\"https:\/\/www.eurooppalainensuomi.fi\/uusi-komissio-eu-ohjausjakso-kilpailukyky#breadcrumb\"},\"inLanguage\":\"en\",\"potentialAction\":[{\"@type\":\"ReadAction\",\"target\":[\"https:\/\/www.eurooppalainensuomi.fi\/uusi-komissio-eu-ohjausjakso-kilpailukyky\"]}]},{\"@type\":\"BreadcrumbList\",\"@id\":\"https:\/\/www.eurooppalainensuomi.fi\/uusi-komissio-eu-ohjausjakso-kilpailukyky#breadcrumb\",\"itemListElement\":[{\"@type\":\"ListItem\",\"position\":1,\"name\":\"Etusivu\",\"item\":\"https:\/\/www.eurooppalainensuomi.fi\/\"},{\"@type\":\"ListItem\",\"position\":2,\"name\":\"Uusi komissio | EU-ohjausjakso | Kilpailukyky\"}]},{\"@type\":\"WebSite\",\"@id\":\"https:\/\/www.eurooppalainensuomi.fi\/#website\",\"url\":\"https:\/\/www.eurooppalainensuomi.fi\/\",\"name\":\"Eurooppalainen Suomi\",\"description\":\"Parempaa Eurooppaa rakentamassa\",\"publisher\":{\"@id\":\"https:\/\/www.eurooppalainensuomi.fi\/#organization\"},\"potentialAction\":[{\"@type\":\"SearchAction\",\"target\":{\"@type\":\"EntryPoint\",\"urlTemplate\":\"https:\/\/www.eurooppalainensuomi.fi\/?s={search_term_string}\"},\"query-input\":\"required name=search_term_string\"}],\"inLanguage\":\"en\"},{\"@type\":\"Organization\",\"@id\":\"https:\/\/www.eurooppalainensuomi.fi\/#organization\",\"name\":\"Eurooppalainen Suomi ry\",\"url\":\"https:\/\/www.eurooppalainensuomi.fi\/\",\"logo\":{\"@type\":\"ImageObject\",\"inLanguage\":\"en\",\"@id\":\"https:\/\/www.eurooppalainensuomi.fi\/#\/schema\/logo\/image\/\",\"url\":\"https:\/\/www.eurooppalainensuomi.fi\/wp-content\/uploads\/2021\/01\/PNG_large.png\",\"contentUrl\":\"https:\/\/www.eurooppalainensuomi.fi\/wp-content\/uploads\/2021\/01\/PNG_large.png\",\"width\":586,\"height\":220,\"caption\":\"Eurooppalainen Suomi ry\"},\"image\":{\"@id\":\"https:\/\/www.eurooppalainensuomi.fi\/#\/schema\/logo\/image\/\"},\"sameAs\":[\"https:\/\/instagram.com\/eurooppalainensuomi\",\"https:\/\/www.youtube.com\/channel\/UCBeqyrm1ze2RinjeAYS_-Jg\",\"https:\/\/fi.wikipedia.org\/wiki\/Eurooppalainen_Suomi\",\"https:\/\/www.facebook.com\/eurooppalainensuomi\",\"https:\/\/twitter.com\/em_finland\"]},{\"@type\":\"Person\",\"@id\":\"https:\/\/www.eurooppalainensuomi.fi\/#\/schema\/person\/9635843384121bb89ed49f8d3129daee\",\"name\":\"Admin\",\"image\":{\"@type\":\"ImageObject\",\"inLanguage\":\"en\",\"@id\":\"https:\/\/www.eurooppalainensuomi.fi\/#\/schema\/person\/image\/\",\"url\":\"https:\/\/secure.gravatar.com\/avatar\/813eb247d5c8e5914db8a949c18b8e26?s=96&d=mm&r=g\",\"contentUrl\":\"https:\/\/secure.gravatar.com\/avatar\/813eb247d5c8e5914db8a949c18b8e26?s=96&d=mm&r=g\",\"caption\":\"Admin\"}}]}<\/script>\n<!-- \/ Yoast SEO plugin. -->","yoast_head_json":{"title":"Uusi komissio | EU-ohjausjakso | Kilpailukyky - Eurooppalainen Suomi","robots":{"index":"index","follow":"follow","max-snippet":"max-snippet:-1","max-image-preview":"max-image-preview:large","max-video-preview":"max-video-preview:-1"},"canonical":"https:\/\/www.eurooppalainensuomi.fi\/uusi-komissio-eu-ohjausjakso-kilpailukyky","og_locale":"en_US","og_type":"article","og_title":"Uusi komissio | EU-ohjausjakso | Kilpailukyky - Eurooppalainen Suomi","og_description":"Euroopan parlamentin j\u00e4senet kokoontuvat t\u00e4ll\u00e4 viikolla Strasbourgissa t\u00e4ysistuntokeskusteluihin ja \u00e4\u00e4nestyksiin useista asioista, muun muassa komission j\u00e4senten kollegion valinnasta. Keskiviikkona EU:n komissaarit kokoontuvat Strasbourgiin esittelem\u00e4\u00e4n EU-ohjausjakson syyspaketin. Torstaina kokoontuu kilpailukykyneuvosto, jossa ministerit hyv\u00e4ksyv\u00e4t neuvoston p\u00e4\u00e4telm\u00e4t Euroopan kilpailukyvyn tulevaisuudesta. P\u00e4\u00e4telm\u00e4t koostuvat teollisuusministerien vastauksista Draghin raportin \u201dEuroopan kilpailukyvyn tulevaisuus\u201d julkaisemisen j\u00e4lkeen. Euroopan parlamentti Euroopan parlamentin j\u00e4senet k\u00e4yv\u00e4t maanantaina [&hellip;]","og_url":"https:\/\/www.eurooppalainensuomi.fi\/uusi-komissio-eu-ohjausjakso-kilpailukyky","og_site_name":"Eurooppalainen Suomi","article_publisher":"https:\/\/www.facebook.com\/eurooppalainensuomi","article_published_time":"2024-11-25T10:32:52+00:00","article_modified_time":"2024-11-25T10:32:54+00:00","og_image":[{"width":2560,"height":1707,"url":"https:\/\/www.eurooppalainensuomi.fi\/wp-content\/uploads\/2022\/12\/Sivu1-Kuva-1-ja-6-scaled.jpg","type":"image\/jpeg"}],"author":"Admin","twitter_card":"summary_large_image","twitter_creator":"@em_finland","twitter_site":"@em_finland","twitter_misc":{"Written by":"Admin","Est. reading time":"2 minutes"},"schema":{"@context":"https:\/\/schema.org","@graph":[{"@type":"Article","@id":"https:\/\/www.eurooppalainensuomi.fi\/uusi-komissio-eu-ohjausjakso-kilpailukyky#article","isPartOf":{"@id":"https:\/\/www.eurooppalainensuomi.fi\/uusi-komissio-eu-ohjausjakso-kilpailukyky"},"author":{"name":"Admin","@id":"https:\/\/www.eurooppalainensuomi.fi\/#\/schema\/person\/9635843384121bb89ed49f8d3129daee"},"headline":"Uusi komissio | EU-ohjausjakso | Kilpailukyky","datePublished":"2024-11-25T10:32:52+00:00","dateModified":"2024-11-25T10:32:54+00:00","mainEntityOfPage":{"@id":"https:\/\/www.eurooppalainensuomi.fi\/uusi-komissio-eu-ohjausjakso-kilpailukyky"},"wordCount":312,"publisher":{"@id":"https:\/\/www.eurooppalainensuomi.fi\/#organization"},"articleSection":["Ajankohtaista","Julkaisut"],"inLanguage":"en"},{"@type":"WebPage","@id":"https:\/\/www.eurooppalainensuomi.fi\/uusi-komissio-eu-ohjausjakso-kilpailukyky","url":"https:\/\/www.eurooppalainensuomi.fi\/uusi-komissio-eu-ohjausjakso-kilpailukyky","name":"Uusi komissio | EU-ohjausjakso | Kilpailukyky - Eurooppalainen Suomi","isPartOf":{"@id":"https:\/\/www.eurooppalainensuomi.fi\/#website"},"datePublished":"2024-11-25T10:32:52+00:00","dateModified":"2024-11-25T10:32:54+00:00","breadcrumb":{"@id":"https:\/\/www.eurooppalainensuomi.fi\/uusi-komissio-eu-ohjausjakso-kilpailukyky#breadcrumb"},"inLanguage":"en","potentialAction":[{"@type":"ReadAction","target":["https:\/\/www.eurooppalainensuomi.fi\/uusi-komissio-eu-ohjausjakso-kilpailukyky"]}]},{"@type":"BreadcrumbList","@id":"https:\/\/www.eurooppalainensuomi.fi\/uusi-komissio-eu-ohjausjakso-kilpailukyky#breadcrumb","itemListElement":[{"@type":"ListItem","position":1,"name":"Etusivu","item":"https:\/\/www.eurooppalainensuomi.fi\/"},{"@type":"ListItem","position":2,"name":"Uusi komissio | EU-ohjausjakso | Kilpailukyky"}]},{"@type":"WebSite","@id":"https:\/\/www.eurooppalainensuomi.fi\/#website","url":"https:\/\/www.eurooppalainensuomi.fi\/","name":"Eurooppalainen Suomi","description":"Parempaa Eurooppaa rakentamassa","publisher":{"@id":"https:\/\/www.eurooppalainensuomi.fi\/#organization"},"potentialAction":[{"@type":"SearchAction","target":{"@type":"EntryPoint","urlTemplate":"https:\/\/www.eurooppalainensuomi.fi\/?s={search_term_string}"},"query-input":"required name=search_term_string"}],"inLanguage":"en"},{"@type":"Organization","@id":"https:\/\/www.eurooppalainensuomi.fi\/#organization","name":"Eurooppalainen Suomi ry","url":"https:\/\/www.eurooppalainensuomi.fi\/","logo":{"@type":"ImageObject","inLanguage":"en","@id":"https:\/\/www.eurooppalainensuomi.fi\/#\/schema\/logo\/image\/","url":"https:\/\/www.eurooppalainensuomi.fi\/wp-content\/uploads\/2021\/01\/PNG_large.png","contentUrl":"https:\/\/www.eurooppalainensuomi.fi\/wp-content\/uploads\/2021\/01\/PNG_large.png","width":586,"height":220,"caption":"Eurooppalainen Suomi ry"},"image":{"@id":"https:\/\/www.eurooppalainensuomi.fi\/#\/schema\/logo\/image\/"},"sameAs":["https:\/\/instagram.com\/eurooppalainensuomi","https:\/\/www.youtube.com\/channel\/UCBeqyrm1ze2RinjeAYS_-Jg","https:\/\/fi.wikipedia.org\/wiki\/Eurooppalainen_Suomi","https:\/\/www.facebook.com\/eurooppalainensuomi","https:\/\/twitter.com\/em_finland"]},{"@type":"Person","@id":"https:\/\/www.eurooppalainensuomi.fi\/#\/schema\/person\/9635843384121bb89ed49f8d3129daee","name":"Admin","image":{"@type":"ImageObject","inLanguage":"en","@id":"https:\/\/www.eurooppalainensuomi.fi\/#\/schema\/person\/image\/","url":"https:\/\/secure.gravatar.com\/avatar\/813eb247d5c8e5914db8a949c18b8e26?s=96&d=mm&r=g","contentUrl":"https:\/\/secure.gravatar.com\/avatar\/813eb247d5c8e5914db8a949c18b8e26?s=96&d=mm&r=g","caption":"Admin"}}]}},"jetpack_featured_media_url":"https:\/\/www.eurooppalainensuomi.fi\/wp-content\/uploads\/2022\/12\/Sivu1-Kuva-1-ja-6-scaled.jpg","_links":{"self":[{"href":"https:\/\/www.eurooppalainensuomi.fi\/index.php?rest_route=\/wp\/v2\/posts\/5313"}],"collection":[{"href":"https:\/\/www.eurooppalainensuomi.fi\/index.php?rest_route=\/wp\/v2\/posts"}],"about":[{"href":"https:\/\/www.eurooppalainensuomi.fi\/index.php?rest_route=\/wp\/v2\/types\/post"}],"author":[{"embeddable":true,"href":"https:\/\/www.eurooppalainensuomi.fi\/index.php?rest_route=\/wp\/v2\/users\/4"}],"replies":[{"embeddable":true,"href":"https:\/\/www.eurooppalainensuomi.fi\/index.php?rest_route=%2Fwp%2Fv2%2Fcomments&post=5313"}],"version-history":[{"count":1,"href":"https:\/\/www.eurooppalainensuomi.fi\/index.php?rest_route=\/wp\/v2\/posts\/5313\/revisions"}],"predecessor-version":[{"id":5314,"href":"https:\/\/www.eurooppalainensuomi.fi\/index.php?rest_route=\/wp\/v2\/posts\/5313\/revisions\/5314"}],"wp:featuredmedia":[{"embeddable":true,"href":"https:\/\/www.eurooppalainensuomi.fi\/index.php?rest_route=\/wp\/v2\/media\/4594"}],"wp:attachment":[{"href":"https:\/\/www.eurooppalainensuomi.fi\/index.php?rest_route=%2Fwp%2Fv2%2Fmedia&parent=5313"}],"wp:term":[{"taxonomy":"category","embeddable":true,"href":"https:\/\/www.eurooppalainensuomi.fi\/index.php?rest_route=%2Fwp%2Fv2%2Fcategories&post=5313"},{"taxonomy":"post_tag","embeddable":true,"href":"https:\/\/www.eurooppalainensuomi.fi\/index.php?rest_route=%2Fwp%2Fv2%2Ftags&post=5313"}],"curies":[{"name":"wp","href":"https:\/\/api.w.org\/{rel}","templated":true}]}}