{"id":5308,"date":"2024-11-18T12:28:32","date_gmt":"2024-11-18T10:28:32","guid":{"rendered":"https:\/\/www.eurooppalainensuomi.fi\/?p=5308"},"modified":"2024-11-18T12:28:33","modified_gmt":"2024-11-18T10:28:33","slug":"ukraina-g20-puolustus","status":"publish","type":"post","link":"https:\/\/www.eurooppalainensuomi.fi\/ukraina-g20-puolustus","title":{"rendered":"Ukraina | G20 | Puolustus"},"content":{"rendered":"\n<p>T\u00e4ll\u00e4 viikolla Brysseliss\u00e4 j\u00e4rjestet\u00e4\u00e4n useita Euroopan parlamentin valiokuntien kokouksia ja tiistaina ylim\u00e4\u00e4r\u00e4inen t\u00e4ysistunto, jossa pannaan merkille 1000 p\u00e4iv\u00e4\u00e4 Ven\u00e4j\u00e4n t\u00e4ysimittaisesta hy\u00f6kk\u00e4yksest\u00e4 Ukrainaan. Maanantaina ja tiistaina presidentti Ursula von der Leyen osallistuu G20-maiden johtajien huippukokoukseen Rio de Janeirossa. Ulkoasiainneuvosto kokoontuu my\u00f6s maanantaina keskustelemaan Ven\u00e4j\u00e4n hy\u00f6kk\u00e4yssodasta Ukrainaa vastaan sen j\u00e4lkeen, kun se on k\u00e4ynyt ep\u00e4virallisen keskustelun Ukrainan ulkoministerin Andrii Sybihan kanssa videoneuvottelun v\u00e4lityksell\u00e4.<\/p>\n\n\n\n<p>Euroopan parlamentti<\/p>\n\n\n\n<p>Maanantaina ulkoasiainvaliokunta (AFET) saa naapuruus- ja laajentumisasioista vastaavan komissaarin Oliv\u00e9r V\u00e1rhelyin esityksen vuoden 2024 laajentumispaketista. Tiistaina Volodymyr Zelensky puhuu Euroopan parlamentin j\u00e4senille ylim\u00e4\u00e4r\u00e4isess\u00e4 t\u00e4ysistunnossa. Keskiviikkona kansanterveyden alivaliokunta (SANT) j\u00e4rjest\u00e4\u00e4 julkisen kuulemistilaisuuden lasten ja nuorten hyvinvointiin liittyvist\u00e4 kansanterveyden haasteista.<\/p>\n\n\n\n<p>Euroopan komissio<\/p>\n\n\n\n<p>Varapuheenjohtaja Margaritis Schinas pit\u00e4\u00e4 maanantaina Madridin investointifoorumin avauspuheenvuoron. Torstaina varapuheenjohtaja V\u0115ra Jourov\u00e1 puhuu Safer Internet Forum 2024 -foorumissa Brysseliss\u00e4. Perjantaina komissaari Didier Reynders tapaa Varsovassa Eurooppa-asioista vastaavan ministerin Adam Sz\u0142apkan, kansallisen syytt\u00e4j\u00e4n Dariusz Kornelukin, oikeusministeri Adam Bodnarin sek\u00e4 Puolan tuomareiden ja syytt\u00e4jien edustajia.<\/p>\n\n\n\n<p>Eurooppa-neuvosto<\/p>\n\n\n\n<p>Maatalous- ja kalastusneuvosto kokoaa ministerit maatalousmarkkinoiden ja -hy\u00f6dykkeiden tilanteesta Euroopan komissiolta ja j\u00e4senvaltioilta saatujen tietojen perusteella. Ulkoasiainneuvoston puolustusjaosto keskustelee EU:n sotilaallisesta tuesta Ukrainalle ja k\u00e4y keskustelun Ukrainan puolustusministerin Umerovin, presidentti Zelenskyyn&nbsp; neuvonantajan Kamyshinin sek\u00e4 Naton p\u00e4\u00e4sihteerin Rutten kanssa. Yleisten asioiden neuvosto kokoontuu, jossa ministerit aloittavat 19.-20. joulukuuta pidett\u00e4v\u00e4n Eurooppa-neuvoston kokouksen valmistelut. Osana vuosittaista oikeusvaltiovuoropuhelua ministerit k\u00e4yv\u00e4t my\u00f6s maakohtaisen keskustelun.<\/p>\n\n\n\n<p>Suuri valiokunta<\/p>\n\n\n\n<p>Suuri valiokunta ja ministerit Valtonen ja Tavio keskustelivat Ukrainasta, L\u00e4hi-id\u00e4st\u00e4 ja kauppapolitiikasta. Valiokunta ja ulkoministeri keskustelivat Yhdysvaltojen vallanvaihdon mahdollisista vaikutuksista Ukrainan sotaan, pakoteyhteisty\u00f6st\u00e4 ja pakotteiden kiert\u00e4misen est\u00e4misest\u00e4 mm. It\u00e4meren varjolaivastoihin liittyen sek\u00e4 EU:n keinoista vaikuttaa kolmansiin maihin, jotka tukevat Ven\u00e4j\u00e4\u00e4 sodassa. L\u00e4hi-id\u00e4n osalta ministeri selvitti laajasti konfliktin tilannekuvaa, mink\u00e4 lis\u00e4ksi valiokunnassa keskusteltiin mm. EU:n mahdollisuuksista hillit\u00e4 Israelin voimank\u00e4ytt\u00f6\u00e4 L\u00e4hi-id\u00e4ss\u00e4, humanitaarisen tuen vahvistamisesta ja UNRWA:n toimintamahdollisuuksista konfliktialueilla. Ministeri Tavio ja valiokunnan j\u00e4senet ennakoivat mahdollista kehityst\u00e4 EU:n ja Yhdysvaltojen kauppasuhteissa sek\u00e4 Suomen kahdenv\u00e4lisi\u00e4 yhteisty\u00f6n mahdollisuuksia Yhdysvaltojen kanssa.<\/p>\n","protected":false},"excerpt":{"rendered":"<p>T\u00e4ll\u00e4 viikolla Brysseliss\u00e4 j\u00e4rjestet\u00e4\u00e4n useita Euroopan parlamentin valiokuntien kokouksia ja tiistaina ylim\u00e4\u00e4r\u00e4inen t\u00e4ysistunto, jossa pannaan merkille 1000 p\u00e4iv\u00e4\u00e4 Ven\u00e4j\u00e4n t\u00e4ysimittaisesta hy\u00f6kk\u00e4yksest\u00e4 Ukrainaan. Maanantaina ja tiistaina presidentti Ursula von der Leyen osallistuu G20-maiden johtajien huippukokoukseen Rio de Janeirossa. Ulkoasiainneuvosto kokoontuu my\u00f6s maanantaina keskustelemaan Ven\u00e4j\u00e4n hy\u00f6kk\u00e4yssodasta Ukrainaa vastaan sen j\u00e4lkeen, kun se on k\u00e4ynyt ep\u00e4virallisen keskustelun Ukrainan [&hellip;]<\/p>\n","protected":false},"author":4,"featured_media":4595,"comment_status":"closed","ping_status":"closed","sticky":false,"template":"","format":"standard","meta":{"_et_pb_use_builder":"off","_et_pb_old_content":"","_et_gb_content_width":""},"categories":[8,10],"tags":[],"yoast_head":"<!-- This site is optimized with the Yoast SEO plugin v19.13 - https:\/\/yoast.com\/wordpress\/plugins\/seo\/ -->\n<title>Ukraina | G20 | Puolustus - Eurooppalainen Suomi<\/title>\n<meta name=\"robots\" content=\"index, follow, max-snippet:-1, max-image-preview:large, max-video-preview:-1\" \/>\n<link rel=\"canonical\" href=\"https:\/\/www.eurooppalainensuomi.fi\/ukraina-g20-puolustus\" \/>\n<meta property=\"og:locale\" content=\"en_US\" \/>\n<meta property=\"og:type\" content=\"article\" \/>\n<meta property=\"og:title\" content=\"Ukraina | G20 | Puolustus - Eurooppalainen Suomi\" \/>\n<meta property=\"og:description\" content=\"T\u00e4ll\u00e4 viikolla Brysseliss\u00e4 j\u00e4rjestet\u00e4\u00e4n useita Euroopan parlamentin valiokuntien kokouksia ja tiistaina ylim\u00e4\u00e4r\u00e4inen t\u00e4ysistunto, jossa pannaan merkille 1000 p\u00e4iv\u00e4\u00e4 Ven\u00e4j\u00e4n t\u00e4ysimittaisesta hy\u00f6kk\u00e4yksest\u00e4 Ukrainaan. Maanantaina ja tiistaina presidentti Ursula von der Leyen osallistuu G20-maiden johtajien huippukokoukseen Rio de Janeirossa. Ulkoasiainneuvosto kokoontuu my\u00f6s maanantaina keskustelemaan Ven\u00e4j\u00e4n hy\u00f6kk\u00e4yssodasta Ukrainaa vastaan sen j\u00e4lkeen, kun se on k\u00e4ynyt ep\u00e4virallisen keskustelun Ukrainan [&hellip;]\" \/>\n<meta property=\"og:url\" content=\"https:\/\/www.eurooppalainensuomi.fi\/ukraina-g20-puolustus\" \/>\n<meta property=\"og:site_name\" content=\"Eurooppalainen Suomi\" \/>\n<meta property=\"article:publisher\" content=\"https:\/\/www.facebook.com\/eurooppalainensuomi\" \/>\n<meta property=\"article:published_time\" content=\"2024-11-18T10:28:32+00:00\" \/>\n<meta property=\"article:modified_time\" content=\"2024-11-18T10:28:33+00:00\" \/>\n<meta property=\"og:image\" content=\"https:\/\/www.eurooppalainensuomi.fi\/wp-content\/uploads\/2022\/12\/Sivu1-Kuva-2-scaled.jpg\" \/>\n\t<meta property=\"og:image:width\" content=\"1707\" \/>\n\t<meta property=\"og:image:height\" content=\"2560\" \/>\n\t<meta property=\"og:image:type\" content=\"image\/jpeg\" \/>\n<meta name=\"author\" content=\"Admin\" \/>\n<meta name=\"twitter:card\" content=\"summary_large_image\" \/>\n<meta name=\"twitter:creator\" content=\"@em_finland\" \/>\n<meta name=\"twitter:site\" content=\"@em_finland\" \/>\n<meta name=\"twitter:label1\" content=\"Written by\" \/>\n\t<meta name=\"twitter:data1\" content=\"Admin\" \/>\n\t<meta name=\"twitter:label2\" content=\"Est. reading time\" \/>\n\t<meta name=\"twitter:data2\" content=\"2 minutes\" \/>\n<script type=\"application\/ld+json\" class=\"yoast-schema-graph\">{\"@context\":\"https:\/\/schema.org\",\"@graph\":[{\"@type\":\"Article\",\"@id\":\"https:\/\/www.eurooppalainensuomi.fi\/ukraina-g20-puolustus#article\",\"isPartOf\":{\"@id\":\"https:\/\/www.eurooppalainensuomi.fi\/ukraina-g20-puolustus\"},\"author\":{\"name\":\"Admin\",\"@id\":\"https:\/\/www.eurooppalainensuomi.fi\/#\/schema\/person\/9635843384121bb89ed49f8d3129daee\"},\"headline\":\"Ukraina | G20 | Puolustus\",\"datePublished\":\"2024-11-18T10:28:32+00:00\",\"dateModified\":\"2024-11-18T10:28:33+00:00\",\"mainEntityOfPage\":{\"@id\":\"https:\/\/www.eurooppalainensuomi.fi\/ukraina-g20-puolustus\"},\"wordCount\":358,\"publisher\":{\"@id\":\"https:\/\/www.eurooppalainensuomi.fi\/#organization\"},\"articleSection\":[\"Ajankohtaista\",\"Julkaisut\"],\"inLanguage\":\"en\"},{\"@type\":\"WebPage\",\"@id\":\"https:\/\/www.eurooppalainensuomi.fi\/ukraina-g20-puolustus\",\"url\":\"https:\/\/www.eurooppalainensuomi.fi\/ukraina-g20-puolustus\",\"name\":\"Ukraina | G20 | Puolustus - Eurooppalainen Suomi\",\"isPartOf\":{\"@id\":\"https:\/\/www.eurooppalainensuomi.fi\/#website\"},\"datePublished\":\"2024-11-18T10:28:32+00:00\",\"dateModified\":\"2024-11-18T10:28:33+00:00\",\"breadcrumb\":{\"@id\":\"https:\/\/www.eurooppalainensuomi.fi\/ukraina-g20-puolustus#breadcrumb\"},\"inLanguage\":\"en\",\"potentialAction\":[{\"@type\":\"ReadAction\",\"target\":[\"https:\/\/www.eurooppalainensuomi.fi\/ukraina-g20-puolustus\"]}]},{\"@type\":\"BreadcrumbList\",\"@id\":\"https:\/\/www.eurooppalainensuomi.fi\/ukraina-g20-puolustus#breadcrumb\",\"itemListElement\":[{\"@type\":\"ListItem\",\"position\":1,\"name\":\"Etusivu\",\"item\":\"https:\/\/www.eurooppalainensuomi.fi\/\"},{\"@type\":\"ListItem\",\"position\":2,\"name\":\"Ukraina | G20 | Puolustus\"}]},{\"@type\":\"WebSite\",\"@id\":\"https:\/\/www.eurooppalainensuomi.fi\/#website\",\"url\":\"https:\/\/www.eurooppalainensuomi.fi\/\",\"name\":\"Eurooppalainen Suomi\",\"description\":\"Parempaa Eurooppaa rakentamassa\",\"publisher\":{\"@id\":\"https:\/\/www.eurooppalainensuomi.fi\/#organization\"},\"potentialAction\":[{\"@type\":\"SearchAction\",\"target\":{\"@type\":\"EntryPoint\",\"urlTemplate\":\"https:\/\/www.eurooppalainensuomi.fi\/?s={search_term_string}\"},\"query-input\":\"required name=search_term_string\"}],\"inLanguage\":\"en\"},{\"@type\":\"Organization\",\"@id\":\"https:\/\/www.eurooppalainensuomi.fi\/#organization\",\"name\":\"Eurooppalainen Suomi ry\",\"url\":\"https:\/\/www.eurooppalainensuomi.fi\/\",\"logo\":{\"@type\":\"ImageObject\",\"inLanguage\":\"en\",\"@id\":\"https:\/\/www.eurooppalainensuomi.fi\/#\/schema\/logo\/image\/\",\"url\":\"https:\/\/www.eurooppalainensuomi.fi\/wp-content\/uploads\/2021\/01\/PNG_large.png\",\"contentUrl\":\"https:\/\/www.eurooppalainensuomi.fi\/wp-content\/uploads\/2021\/01\/PNG_large.png\",\"width\":586,\"height\":220,\"caption\":\"Eurooppalainen Suomi ry\"},\"image\":{\"@id\":\"https:\/\/www.eurooppalainensuomi.fi\/#\/schema\/logo\/image\/\"},\"sameAs\":[\"https:\/\/instagram.com\/eurooppalainensuomi\",\"https:\/\/www.youtube.com\/channel\/UCBeqyrm1ze2RinjeAYS_-Jg\",\"https:\/\/fi.wikipedia.org\/wiki\/Eurooppalainen_Suomi\",\"https:\/\/www.facebook.com\/eurooppalainensuomi\",\"https:\/\/twitter.com\/em_finland\"]},{\"@type\":\"Person\",\"@id\":\"https:\/\/www.eurooppalainensuomi.fi\/#\/schema\/person\/9635843384121bb89ed49f8d3129daee\",\"name\":\"Admin\",\"image\":{\"@type\":\"ImageObject\",\"inLanguage\":\"en\",\"@id\":\"https:\/\/www.eurooppalainensuomi.fi\/#\/schema\/person\/image\/\",\"url\":\"https:\/\/secure.gravatar.com\/avatar\/813eb247d5c8e5914db8a949c18b8e26?s=96&d=mm&r=g\",\"contentUrl\":\"https:\/\/secure.gravatar.com\/avatar\/813eb247d5c8e5914db8a949c18b8e26?s=96&d=mm&r=g\",\"caption\":\"Admin\"}}]}<\/script>\n<!-- \/ Yoast SEO plugin. -->","yoast_head_json":{"title":"Ukraina | G20 | Puolustus - Eurooppalainen Suomi","robots":{"index":"index","follow":"follow","max-snippet":"max-snippet:-1","max-image-preview":"max-image-preview:large","max-video-preview":"max-video-preview:-1"},"canonical":"https:\/\/www.eurooppalainensuomi.fi\/ukraina-g20-puolustus","og_locale":"en_US","og_type":"article","og_title":"Ukraina | G20 | Puolustus - Eurooppalainen Suomi","og_description":"T\u00e4ll\u00e4 viikolla Brysseliss\u00e4 j\u00e4rjestet\u00e4\u00e4n useita Euroopan parlamentin valiokuntien kokouksia ja tiistaina ylim\u00e4\u00e4r\u00e4inen t\u00e4ysistunto, jossa pannaan merkille 1000 p\u00e4iv\u00e4\u00e4 Ven\u00e4j\u00e4n t\u00e4ysimittaisesta hy\u00f6kk\u00e4yksest\u00e4 Ukrainaan. Maanantaina ja tiistaina presidentti Ursula von der Leyen osallistuu G20-maiden johtajien huippukokoukseen Rio de Janeirossa. Ulkoasiainneuvosto kokoontuu my\u00f6s maanantaina keskustelemaan Ven\u00e4j\u00e4n hy\u00f6kk\u00e4yssodasta Ukrainaa vastaan sen j\u00e4lkeen, kun se on k\u00e4ynyt ep\u00e4virallisen keskustelun Ukrainan [&hellip;]","og_url":"https:\/\/www.eurooppalainensuomi.fi\/ukraina-g20-puolustus","og_site_name":"Eurooppalainen Suomi","article_publisher":"https:\/\/www.facebook.com\/eurooppalainensuomi","article_published_time":"2024-11-18T10:28:32+00:00","article_modified_time":"2024-11-18T10:28:33+00:00","og_image":[{"width":1707,"height":2560,"url":"https:\/\/www.eurooppalainensuomi.fi\/wp-content\/uploads\/2022\/12\/Sivu1-Kuva-2-scaled.jpg","type":"image\/jpeg"}],"author":"Admin","twitter_card":"summary_large_image","twitter_creator":"@em_finland","twitter_site":"@em_finland","twitter_misc":{"Written by":"Admin","Est. reading time":"2 minutes"},"schema":{"@context":"https:\/\/schema.org","@graph":[{"@type":"Article","@id":"https:\/\/www.eurooppalainensuomi.fi\/ukraina-g20-puolustus#article","isPartOf":{"@id":"https:\/\/www.eurooppalainensuomi.fi\/ukraina-g20-puolustus"},"author":{"name":"Admin","@id":"https:\/\/www.eurooppalainensuomi.fi\/#\/schema\/person\/9635843384121bb89ed49f8d3129daee"},"headline":"Ukraina | G20 | Puolustus","datePublished":"2024-11-18T10:28:32+00:00","dateModified":"2024-11-18T10:28:33+00:00","mainEntityOfPage":{"@id":"https:\/\/www.eurooppalainensuomi.fi\/ukraina-g20-puolustus"},"wordCount":358,"publisher":{"@id":"https:\/\/www.eurooppalainensuomi.fi\/#organization"},"articleSection":["Ajankohtaista","Julkaisut"],"inLanguage":"en"},{"@type":"WebPage","@id":"https:\/\/www.eurooppalainensuomi.fi\/ukraina-g20-puolustus","url":"https:\/\/www.eurooppalainensuomi.fi\/ukraina-g20-puolustus","name":"Ukraina | G20 | Puolustus - Eurooppalainen Suomi","isPartOf":{"@id":"https:\/\/www.eurooppalainensuomi.fi\/#website"},"datePublished":"2024-11-18T10:28:32+00:00","dateModified":"2024-11-18T10:28:33+00:00","breadcrumb":{"@id":"https:\/\/www.eurooppalainensuomi.fi\/ukraina-g20-puolustus#breadcrumb"},"inLanguage":"en","potentialAction":[{"@type":"ReadAction","target":["https:\/\/www.eurooppalainensuomi.fi\/ukraina-g20-puolustus"]}]},{"@type":"BreadcrumbList","@id":"https:\/\/www.eurooppalainensuomi.fi\/ukraina-g20-puolustus#breadcrumb","itemListElement":[{"@type":"ListItem","position":1,"name":"Etusivu","item":"https:\/\/www.eurooppalainensuomi.fi\/"},{"@type":"ListItem","position":2,"name":"Ukraina | G20 | Puolustus"}]},{"@type":"WebSite","@id":"https:\/\/www.eurooppalainensuomi.fi\/#website","url":"https:\/\/www.eurooppalainensuomi.fi\/","name":"Eurooppalainen Suomi","description":"Parempaa Eurooppaa rakentamassa","publisher":{"@id":"https:\/\/www.eurooppalainensuomi.fi\/#organization"},"potentialAction":[{"@type":"SearchAction","target":{"@type":"EntryPoint","urlTemplate":"https:\/\/www.eurooppalainensuomi.fi\/?s={search_term_string}"},"query-input":"required name=search_term_string"}],"inLanguage":"en"},{"@type":"Organization","@id":"https:\/\/www.eurooppalainensuomi.fi\/#organization","name":"Eurooppalainen Suomi ry","url":"https:\/\/www.eurooppalainensuomi.fi\/","logo":{"@type":"ImageObject","inLanguage":"en","@id":"https:\/\/www.eurooppalainensuomi.fi\/#\/schema\/logo\/image\/","url":"https:\/\/www.eurooppalainensuomi.fi\/wp-content\/uploads\/2021\/01\/PNG_large.png","contentUrl":"https:\/\/www.eurooppalainensuomi.fi\/wp-content\/uploads\/2021\/01\/PNG_large.png","width":586,"height":220,"caption":"Eurooppalainen Suomi ry"},"image":{"@id":"https:\/\/www.eurooppalainensuomi.fi\/#\/schema\/logo\/image\/"},"sameAs":["https:\/\/instagram.com\/eurooppalainensuomi","https:\/\/www.youtube.com\/channel\/UCBeqyrm1ze2RinjeAYS_-Jg","https:\/\/fi.wikipedia.org\/wiki\/Eurooppalainen_Suomi","https:\/\/www.facebook.com\/eurooppalainensuomi","https:\/\/twitter.com\/em_finland"]},{"@type":"Person","@id":"https:\/\/www.eurooppalainensuomi.fi\/#\/schema\/person\/9635843384121bb89ed49f8d3129daee","name":"Admin","image":{"@type":"ImageObject","inLanguage":"en","@id":"https:\/\/www.eurooppalainensuomi.fi\/#\/schema\/person\/image\/","url":"https:\/\/secure.gravatar.com\/avatar\/813eb247d5c8e5914db8a949c18b8e26?s=96&d=mm&r=g","contentUrl":"https:\/\/secure.gravatar.com\/avatar\/813eb247d5c8e5914db8a949c18b8e26?s=96&d=mm&r=g","caption":"Admin"}}]}},"jetpack_featured_media_url":"https:\/\/www.eurooppalainensuomi.fi\/wp-content\/uploads\/2022\/12\/Sivu1-Kuva-2-scaled-e1741602544664.jpg","_links":{"self":[{"href":"https:\/\/www.eurooppalainensuomi.fi\/index.php?rest_route=\/wp\/v2\/posts\/5308"}],"collection":[{"href":"https:\/\/www.eurooppalainensuomi.fi\/index.php?rest_route=\/wp\/v2\/posts"}],"about":[{"href":"https:\/\/www.eurooppalainensuomi.fi\/index.php?rest_route=\/wp\/v2\/types\/post"}],"author":[{"embeddable":true,"href":"https:\/\/www.eurooppalainensuomi.fi\/index.php?rest_route=\/wp\/v2\/users\/4"}],"replies":[{"embeddable":true,"href":"https:\/\/www.eurooppalainensuomi.fi\/index.php?rest_route=%2Fwp%2Fv2%2Fcomments&post=5308"}],"version-history":[{"count":1,"href":"https:\/\/www.eurooppalainensuomi.fi\/index.php?rest_route=\/wp\/v2\/posts\/5308\/revisions"}],"predecessor-version":[{"id":5309,"href":"https:\/\/www.eurooppalainensuomi.fi\/index.php?rest_route=\/wp\/v2\/posts\/5308\/revisions\/5309"}],"wp:featuredmedia":[{"embeddable":true,"href":"https:\/\/www.eurooppalainensuomi.fi\/index.php?rest_route=\/wp\/v2\/media\/4595"}],"wp:attachment":[{"href":"https:\/\/www.eurooppalainensuomi.fi\/index.php?rest_route=%2Fwp%2Fv2%2Fmedia&parent=5308"}],"wp:term":[{"taxonomy":"category","embeddable":true,"href":"https:\/\/www.eurooppalainensuomi.fi\/index.php?rest_route=%2Fwp%2Fv2%2Fcategories&post=5308"},{"taxonomy":"post_tag","embeddable":true,"href":"https:\/\/www.eurooppalainensuomi.fi\/index.php?rest_route=%2Fwp%2Fv2%2Ftags&post=5308"}],"curies":[{"name":"wp","href":"https:\/\/api.w.org\/{rel}","templated":true}]}}