{"id":5304,"date":"2024-11-04T09:55:25","date_gmt":"2024-11-04T07:55:25","guid":{"rendered":"https:\/\/www.eurooppalainensuomi.fi\/?p=5304"},"modified":"2024-11-04T09:55:26","modified_gmt":"2024-11-04T07:55:26","slug":"komissaariehdokkaiden-kuulemiset-euco-digitaaliaika","status":"publish","type":"post","link":"https:\/\/www.eurooppalainensuomi.fi\/komissaariehdokkaiden-kuulemiset-euco-digitaaliaika","title":{"rendered":"Komissaariehdokkaiden kuulemiset | EUCO | Digitaaliaika"},"content":{"rendered":"\n<p>T\u00e4ll\u00e4 viikolla useat Euroopan parlamentin valiokunnat kokoontuvat Brysseliin suorittamaan komission j\u00e4senehdokkaiden kuulemisia. Kuulemiset alkavat 4. marraskuuta ja kest\u00e4v\u00e4t 12. marraskuuta asti. Tiistaina talous- ja rahoitusasioiden neuvosto kokoaa ministerit etsim\u00e4\u00e4n poliittista yhteisymm\u00e4rryst\u00e4 arvonlis\u00e4veroa digitaaliaikana koskevasta lains\u00e4\u00e4d\u00e4nt\u00f6paketista. Perjantaina Budapestiss\u00e4 pidet\u00e4\u00e4n Eurooppa-neuvoston ep\u00e4virallinen kokous.<\/p>\n\n\n\n<p>Euroopan parlamentti<\/p>\n\n\n\n<p>Euroopan parlamentti kutsuu 4.-12. marraskuuta komission j\u00e4senehdokkaat kuulemistilaisuuksiin valiokuntiin, joissa tarkastellaan, ovatko he sopivia teht\u00e4viin, joihin heid\u00e4t on nimitetty. Salkusta riippuen komissaariehdokkaan voi arvioida yksi parlamentin valiokunta (asiasta vastaava valiokunta) tai useampi valiokunta (sekavaliokunnat). Muut valiokunnat voidaan kutsua osallistumaan, jolloin ne voivat esitt\u00e4\u00e4 suullisia kysymyksi\u00e4, mutta ehdokkaiden lopullinen arviointi kuuluu asiasta vastaavan valiokunnan (asiasta vastaavien valiokuntien) koordinaattoreille.<\/p>\n\n\n\n<p>Euroopan komissio<\/p>\n\n\n\n<p>Komissaari Joseph Borrell toimii Euroopan unionin ja Korean tasavallan v\u00e4lisen strategisen vuoropuhelun puheenjohtajana yhdess\u00e4 ulkoasiainministeri Cho Tae-yulin kanssa Korean tasavallassa. Perjantaina presidentti Ursula von der Leyen osallistuu Eurooppa-neuvoston j\u00e4senten ep\u00e4viralliseen kokoukseen Budapestissa. Samana p\u00e4iv\u00e4n\u00e4 komissaari Didier Reynders osallistuu Brysselin kilpailukoulun valmistujaisseremoniaan Brysseliss\u00e4.<\/p>\n\n\n\n<p>Eurooppa-neuvosto<\/p>\n\n\n\n<p>Tiistaina kokoontuu talous- ja rahoitusasioiden neuvosto, jossa ministerit pyrkiv\u00e4t p\u00e4\u00e4sem\u00e4\u00e4n poliittiseen yhteisymm\u00e4rrykseen arvonlis\u00e4veroa digitaaliaikana koskevasta lains\u00e4\u00e4d\u00e4nt\u00f6paketista. Ministerit arvioivat my\u00f6s elvytys- ja sopeutumisv\u00e4lineen t\u00e4yt\u00e4nt\u00f6\u00f6npanoa ja saavat tietoja Ven\u00e4j\u00e4n Ukrainaan kohdistaman hy\u00f6kk\u00e4yksen taloudellisten ja rahoituksellisten vaikutusten nykytilanteesta.<\/p>\n\n\n\n<p>Suuri valiokunta<\/p>\n\n\n\n<p>Suuren valiokunnan puheenjohtaja Autto ja varapuheenjohtaja Kumpula-Natri puhuivat painokkaasti Ukrainan puolesta, kun parlamenttien EU-valiokuntien konferenssin yleiskokous alkoi t\u00e4n\u00e4\u00e4n Budapestissa.Suomalaiset my\u00f6s arvostelivat suoraan EU:n puheenjohtajamaata Unkaria ep\u00e4onnistumisesta Ukrainan tukemisessa.<\/p>\n\n\n\n<p>Suuren valiokunnan ja uusien kansanedustajien valtuuskunta vierailee Brysseliss\u00e4 4.\u20135. marraskuuta. Vierailun aiheina ovat mm. alkavan EU-lains\u00e4\u00e4d\u00e4nt\u00f6kauden n\u00e4kym\u00e4t, valmistautuminen neuvotteluihin monivuotisesta rahoituskehyksest\u00e4, kauppapolitiikka, kilpailukyky sek\u00e4 muut ajankohtaiset aiheet, kuten Euroopan tuki Ukrainalle.<\/p>\n","protected":false},"excerpt":{"rendered":"<p>T\u00e4ll\u00e4 viikolla useat Euroopan parlamentin valiokunnat kokoontuvat Brysseliin suorittamaan komission j\u00e4senehdokkaiden kuulemisia. Kuulemiset alkavat 4. marraskuuta ja kest\u00e4v\u00e4t 12. marraskuuta asti. Tiistaina talous- ja rahoitusasioiden neuvosto kokoaa ministerit etsim\u00e4\u00e4n poliittista yhteisymm\u00e4rryst\u00e4 arvonlis\u00e4veroa digitaaliaikana koskevasta lains\u00e4\u00e4d\u00e4nt\u00f6paketista. Perjantaina Budapestiss\u00e4 pidet\u00e4\u00e4n Eurooppa-neuvoston ep\u00e4virallinen kokous. Euroopan parlamentti Euroopan parlamentti kutsuu 4.-12. marraskuuta komission j\u00e4senehdokkaat kuulemistilaisuuksiin valiokuntiin, joissa tarkastellaan, ovatko [&hellip;]<\/p>\n","protected":false},"author":4,"featured_media":4594,"comment_status":"closed","ping_status":"closed","sticky":false,"template":"","format":"standard","meta":{"_et_pb_use_builder":"off","_et_pb_old_content":"","_et_gb_content_width":""},"categories":[8,10],"tags":[],"yoast_head":"<!-- This site is optimized with the Yoast SEO plugin v19.13 - https:\/\/yoast.com\/wordpress\/plugins\/seo\/ -->\n<title>Komissaariehdokkaiden kuulemiset | EUCO | Digitaaliaika - Eurooppalainen Suomi<\/title>\n<meta name=\"robots\" content=\"index, follow, max-snippet:-1, max-image-preview:large, max-video-preview:-1\" \/>\n<link rel=\"canonical\" href=\"https:\/\/www.eurooppalainensuomi.fi\/komissaariehdokkaiden-kuulemiset-euco-digitaaliaika\" \/>\n<meta property=\"og:locale\" content=\"en_US\" \/>\n<meta property=\"og:type\" content=\"article\" \/>\n<meta property=\"og:title\" content=\"Komissaariehdokkaiden kuulemiset | EUCO | Digitaaliaika - Eurooppalainen Suomi\" \/>\n<meta property=\"og:description\" content=\"T\u00e4ll\u00e4 viikolla useat Euroopan parlamentin valiokunnat kokoontuvat Brysseliin suorittamaan komission j\u00e4senehdokkaiden kuulemisia. Kuulemiset alkavat 4. marraskuuta ja kest\u00e4v\u00e4t 12. marraskuuta asti. Tiistaina talous- ja rahoitusasioiden neuvosto kokoaa ministerit etsim\u00e4\u00e4n poliittista yhteisymm\u00e4rryst\u00e4 arvonlis\u00e4veroa digitaaliaikana koskevasta lains\u00e4\u00e4d\u00e4nt\u00f6paketista. Perjantaina Budapestiss\u00e4 pidet\u00e4\u00e4n Eurooppa-neuvoston ep\u00e4virallinen kokous. Euroopan parlamentti Euroopan parlamentti kutsuu 4.-12. marraskuuta komission j\u00e4senehdokkaat kuulemistilaisuuksiin valiokuntiin, joissa tarkastellaan, ovatko [&hellip;]\" \/>\n<meta property=\"og:url\" content=\"https:\/\/www.eurooppalainensuomi.fi\/komissaariehdokkaiden-kuulemiset-euco-digitaaliaika\" \/>\n<meta property=\"og:site_name\" content=\"Eurooppalainen Suomi\" \/>\n<meta property=\"article:publisher\" content=\"https:\/\/www.facebook.com\/eurooppalainensuomi\" \/>\n<meta property=\"article:published_time\" content=\"2024-11-04T07:55:25+00:00\" \/>\n<meta property=\"article:modified_time\" content=\"2024-11-04T07:55:26+00:00\" \/>\n<meta property=\"og:image\" content=\"https:\/\/www.eurooppalainensuomi.fi\/wp-content\/uploads\/2022\/12\/Sivu1-Kuva-1-ja-6-scaled.jpg\" \/>\n\t<meta property=\"og:image:width\" content=\"2560\" \/>\n\t<meta property=\"og:image:height\" content=\"1707\" \/>\n\t<meta property=\"og:image:type\" content=\"image\/jpeg\" \/>\n<meta name=\"author\" content=\"Admin\" \/>\n<meta name=\"twitter:card\" content=\"summary_large_image\" \/>\n<meta name=\"twitter:creator\" content=\"@em_finland\" \/>\n<meta name=\"twitter:site\" content=\"@em_finland\" \/>\n<meta name=\"twitter:label1\" content=\"Written by\" \/>\n\t<meta name=\"twitter:data1\" content=\"Admin\" \/>\n\t<meta name=\"twitter:label2\" content=\"Est. reading time\" \/>\n\t<meta name=\"twitter:data2\" content=\"2 minutes\" \/>\n<script type=\"application\/ld+json\" class=\"yoast-schema-graph\">{\"@context\":\"https:\/\/schema.org\",\"@graph\":[{\"@type\":\"Article\",\"@id\":\"https:\/\/www.eurooppalainensuomi.fi\/komissaariehdokkaiden-kuulemiset-euco-digitaaliaika#article\",\"isPartOf\":{\"@id\":\"https:\/\/www.eurooppalainensuomi.fi\/komissaariehdokkaiden-kuulemiset-euco-digitaaliaika\"},\"author\":{\"name\":\"Admin\",\"@id\":\"https:\/\/www.eurooppalainensuomi.fi\/#\/schema\/person\/9635843384121bb89ed49f8d3129daee\"},\"headline\":\"Komissaariehdokkaiden kuulemiset | EUCO | Digitaaliaika\",\"datePublished\":\"2024-11-04T07:55:25+00:00\",\"dateModified\":\"2024-11-04T07:55:26+00:00\",\"mainEntityOfPage\":{\"@id\":\"https:\/\/www.eurooppalainensuomi.fi\/komissaariehdokkaiden-kuulemiset-euco-digitaaliaika\"},\"wordCount\":290,\"publisher\":{\"@id\":\"https:\/\/www.eurooppalainensuomi.fi\/#organization\"},\"articleSection\":[\"Ajankohtaista\",\"Julkaisut\"],\"inLanguage\":\"en\"},{\"@type\":\"WebPage\",\"@id\":\"https:\/\/www.eurooppalainensuomi.fi\/komissaariehdokkaiden-kuulemiset-euco-digitaaliaika\",\"url\":\"https:\/\/www.eurooppalainensuomi.fi\/komissaariehdokkaiden-kuulemiset-euco-digitaaliaika\",\"name\":\"Komissaariehdokkaiden kuulemiset | EUCO | Digitaaliaika - Eurooppalainen Suomi\",\"isPartOf\":{\"@id\":\"https:\/\/www.eurooppalainensuomi.fi\/#website\"},\"datePublished\":\"2024-11-04T07:55:25+00:00\",\"dateModified\":\"2024-11-04T07:55:26+00:00\",\"breadcrumb\":{\"@id\":\"https:\/\/www.eurooppalainensuomi.fi\/komissaariehdokkaiden-kuulemiset-euco-digitaaliaika#breadcrumb\"},\"inLanguage\":\"en\",\"potentialAction\":[{\"@type\":\"ReadAction\",\"target\":[\"https:\/\/www.eurooppalainensuomi.fi\/komissaariehdokkaiden-kuulemiset-euco-digitaaliaika\"]}]},{\"@type\":\"BreadcrumbList\",\"@id\":\"https:\/\/www.eurooppalainensuomi.fi\/komissaariehdokkaiden-kuulemiset-euco-digitaaliaika#breadcrumb\",\"itemListElement\":[{\"@type\":\"ListItem\",\"position\":1,\"name\":\"Etusivu\",\"item\":\"https:\/\/www.eurooppalainensuomi.fi\/\"},{\"@type\":\"ListItem\",\"position\":2,\"name\":\"Komissaariehdokkaiden kuulemiset | EUCO | Digitaaliaika\"}]},{\"@type\":\"WebSite\",\"@id\":\"https:\/\/www.eurooppalainensuomi.fi\/#website\",\"url\":\"https:\/\/www.eurooppalainensuomi.fi\/\",\"name\":\"Eurooppalainen Suomi\",\"description\":\"Parempaa Eurooppaa rakentamassa\",\"publisher\":{\"@id\":\"https:\/\/www.eurooppalainensuomi.fi\/#organization\"},\"potentialAction\":[{\"@type\":\"SearchAction\",\"target\":{\"@type\":\"EntryPoint\",\"urlTemplate\":\"https:\/\/www.eurooppalainensuomi.fi\/?s={search_term_string}\"},\"query-input\":\"required name=search_term_string\"}],\"inLanguage\":\"en\"},{\"@type\":\"Organization\",\"@id\":\"https:\/\/www.eurooppalainensuomi.fi\/#organization\",\"name\":\"Eurooppalainen Suomi ry\",\"url\":\"https:\/\/www.eurooppalainensuomi.fi\/\",\"logo\":{\"@type\":\"ImageObject\",\"inLanguage\":\"en\",\"@id\":\"https:\/\/www.eurooppalainensuomi.fi\/#\/schema\/logo\/image\/\",\"url\":\"https:\/\/www.eurooppalainensuomi.fi\/wp-content\/uploads\/2021\/01\/PNG_large.png\",\"contentUrl\":\"https:\/\/www.eurooppalainensuomi.fi\/wp-content\/uploads\/2021\/01\/PNG_large.png\",\"width\":586,\"height\":220,\"caption\":\"Eurooppalainen Suomi ry\"},\"image\":{\"@id\":\"https:\/\/www.eurooppalainensuomi.fi\/#\/schema\/logo\/image\/\"},\"sameAs\":[\"https:\/\/instagram.com\/eurooppalainensuomi\",\"https:\/\/www.youtube.com\/channel\/UCBeqyrm1ze2RinjeAYS_-Jg\",\"https:\/\/fi.wikipedia.org\/wiki\/Eurooppalainen_Suomi\",\"https:\/\/www.facebook.com\/eurooppalainensuomi\",\"https:\/\/twitter.com\/em_finland\"]},{\"@type\":\"Person\",\"@id\":\"https:\/\/www.eurooppalainensuomi.fi\/#\/schema\/person\/9635843384121bb89ed49f8d3129daee\",\"name\":\"Admin\",\"image\":{\"@type\":\"ImageObject\",\"inLanguage\":\"en\",\"@id\":\"https:\/\/www.eurooppalainensuomi.fi\/#\/schema\/person\/image\/\",\"url\":\"https:\/\/secure.gravatar.com\/avatar\/813eb247d5c8e5914db8a949c18b8e26?s=96&d=mm&r=g\",\"contentUrl\":\"https:\/\/secure.gravatar.com\/avatar\/813eb247d5c8e5914db8a949c18b8e26?s=96&d=mm&r=g\",\"caption\":\"Admin\"}}]}<\/script>\n<!-- \/ Yoast SEO plugin. -->","yoast_head_json":{"title":"Komissaariehdokkaiden kuulemiset | EUCO | Digitaaliaika - Eurooppalainen Suomi","robots":{"index":"index","follow":"follow","max-snippet":"max-snippet:-1","max-image-preview":"max-image-preview:large","max-video-preview":"max-video-preview:-1"},"canonical":"https:\/\/www.eurooppalainensuomi.fi\/komissaariehdokkaiden-kuulemiset-euco-digitaaliaika","og_locale":"en_US","og_type":"article","og_title":"Komissaariehdokkaiden kuulemiset | EUCO | Digitaaliaika - Eurooppalainen Suomi","og_description":"T\u00e4ll\u00e4 viikolla useat Euroopan parlamentin valiokunnat kokoontuvat Brysseliin suorittamaan komission j\u00e4senehdokkaiden kuulemisia. Kuulemiset alkavat 4. marraskuuta ja kest\u00e4v\u00e4t 12. marraskuuta asti. Tiistaina talous- ja rahoitusasioiden neuvosto kokoaa ministerit etsim\u00e4\u00e4n poliittista yhteisymm\u00e4rryst\u00e4 arvonlis\u00e4veroa digitaaliaikana koskevasta lains\u00e4\u00e4d\u00e4nt\u00f6paketista. Perjantaina Budapestiss\u00e4 pidet\u00e4\u00e4n Eurooppa-neuvoston ep\u00e4virallinen kokous. Euroopan parlamentti Euroopan parlamentti kutsuu 4.-12. marraskuuta komission j\u00e4senehdokkaat kuulemistilaisuuksiin valiokuntiin, joissa tarkastellaan, ovatko [&hellip;]","og_url":"https:\/\/www.eurooppalainensuomi.fi\/komissaariehdokkaiden-kuulemiset-euco-digitaaliaika","og_site_name":"Eurooppalainen Suomi","article_publisher":"https:\/\/www.facebook.com\/eurooppalainensuomi","article_published_time":"2024-11-04T07:55:25+00:00","article_modified_time":"2024-11-04T07:55:26+00:00","og_image":[{"width":2560,"height":1707,"url":"https:\/\/www.eurooppalainensuomi.fi\/wp-content\/uploads\/2022\/12\/Sivu1-Kuva-1-ja-6-scaled.jpg","type":"image\/jpeg"}],"author":"Admin","twitter_card":"summary_large_image","twitter_creator":"@em_finland","twitter_site":"@em_finland","twitter_misc":{"Written by":"Admin","Est. reading time":"2 minutes"},"schema":{"@context":"https:\/\/schema.org","@graph":[{"@type":"Article","@id":"https:\/\/www.eurooppalainensuomi.fi\/komissaariehdokkaiden-kuulemiset-euco-digitaaliaika#article","isPartOf":{"@id":"https:\/\/www.eurooppalainensuomi.fi\/komissaariehdokkaiden-kuulemiset-euco-digitaaliaika"},"author":{"name":"Admin","@id":"https:\/\/www.eurooppalainensuomi.fi\/#\/schema\/person\/9635843384121bb89ed49f8d3129daee"},"headline":"Komissaariehdokkaiden kuulemiset | EUCO | Digitaaliaika","datePublished":"2024-11-04T07:55:25+00:00","dateModified":"2024-11-04T07:55:26+00:00","mainEntityOfPage":{"@id":"https:\/\/www.eurooppalainensuomi.fi\/komissaariehdokkaiden-kuulemiset-euco-digitaaliaika"},"wordCount":290,"publisher":{"@id":"https:\/\/www.eurooppalainensuomi.fi\/#organization"},"articleSection":["Ajankohtaista","Julkaisut"],"inLanguage":"en"},{"@type":"WebPage","@id":"https:\/\/www.eurooppalainensuomi.fi\/komissaariehdokkaiden-kuulemiset-euco-digitaaliaika","url":"https:\/\/www.eurooppalainensuomi.fi\/komissaariehdokkaiden-kuulemiset-euco-digitaaliaika","name":"Komissaariehdokkaiden kuulemiset | EUCO | Digitaaliaika - Eurooppalainen Suomi","isPartOf":{"@id":"https:\/\/www.eurooppalainensuomi.fi\/#website"},"datePublished":"2024-11-04T07:55:25+00:00","dateModified":"2024-11-04T07:55:26+00:00","breadcrumb":{"@id":"https:\/\/www.eurooppalainensuomi.fi\/komissaariehdokkaiden-kuulemiset-euco-digitaaliaika#breadcrumb"},"inLanguage":"en","potentialAction":[{"@type":"ReadAction","target":["https:\/\/www.eurooppalainensuomi.fi\/komissaariehdokkaiden-kuulemiset-euco-digitaaliaika"]}]},{"@type":"BreadcrumbList","@id":"https:\/\/www.eurooppalainensuomi.fi\/komissaariehdokkaiden-kuulemiset-euco-digitaaliaika#breadcrumb","itemListElement":[{"@type":"ListItem","position":1,"name":"Etusivu","item":"https:\/\/www.eurooppalainensuomi.fi\/"},{"@type":"ListItem","position":2,"name":"Komissaariehdokkaiden kuulemiset | EUCO | Digitaaliaika"}]},{"@type":"WebSite","@id":"https:\/\/www.eurooppalainensuomi.fi\/#website","url":"https:\/\/www.eurooppalainensuomi.fi\/","name":"Eurooppalainen Suomi","description":"Parempaa Eurooppaa rakentamassa","publisher":{"@id":"https:\/\/www.eurooppalainensuomi.fi\/#organization"},"potentialAction":[{"@type":"SearchAction","target":{"@type":"EntryPoint","urlTemplate":"https:\/\/www.eurooppalainensuomi.fi\/?s={search_term_string}"},"query-input":"required name=search_term_string"}],"inLanguage":"en"},{"@type":"Organization","@id":"https:\/\/www.eurooppalainensuomi.fi\/#organization","name":"Eurooppalainen Suomi ry","url":"https:\/\/www.eurooppalainensuomi.fi\/","logo":{"@type":"ImageObject","inLanguage":"en","@id":"https:\/\/www.eurooppalainensuomi.fi\/#\/schema\/logo\/image\/","url":"https:\/\/www.eurooppalainensuomi.fi\/wp-content\/uploads\/2021\/01\/PNG_large.png","contentUrl":"https:\/\/www.eurooppalainensuomi.fi\/wp-content\/uploads\/2021\/01\/PNG_large.png","width":586,"height":220,"caption":"Eurooppalainen Suomi ry"},"image":{"@id":"https:\/\/www.eurooppalainensuomi.fi\/#\/schema\/logo\/image\/"},"sameAs":["https:\/\/instagram.com\/eurooppalainensuomi","https:\/\/www.youtube.com\/channel\/UCBeqyrm1ze2RinjeAYS_-Jg","https:\/\/fi.wikipedia.org\/wiki\/Eurooppalainen_Suomi","https:\/\/www.facebook.com\/eurooppalainensuomi","https:\/\/twitter.com\/em_finland"]},{"@type":"Person","@id":"https:\/\/www.eurooppalainensuomi.fi\/#\/schema\/person\/9635843384121bb89ed49f8d3129daee","name":"Admin","image":{"@type":"ImageObject","inLanguage":"en","@id":"https:\/\/www.eurooppalainensuomi.fi\/#\/schema\/person\/image\/","url":"https:\/\/secure.gravatar.com\/avatar\/813eb247d5c8e5914db8a949c18b8e26?s=96&d=mm&r=g","contentUrl":"https:\/\/secure.gravatar.com\/avatar\/813eb247d5c8e5914db8a949c18b8e26?s=96&d=mm&r=g","caption":"Admin"}}]}},"jetpack_featured_media_url":"https:\/\/www.eurooppalainensuomi.fi\/wp-content\/uploads\/2022\/12\/Sivu1-Kuva-1-ja-6-scaled.jpg","_links":{"self":[{"href":"https:\/\/www.eurooppalainensuomi.fi\/index.php?rest_route=\/wp\/v2\/posts\/5304"}],"collection":[{"href":"https:\/\/www.eurooppalainensuomi.fi\/index.php?rest_route=\/wp\/v2\/posts"}],"about":[{"href":"https:\/\/www.eurooppalainensuomi.fi\/index.php?rest_route=\/wp\/v2\/types\/post"}],"author":[{"embeddable":true,"href":"https:\/\/www.eurooppalainensuomi.fi\/index.php?rest_route=\/wp\/v2\/users\/4"}],"replies":[{"embeddable":true,"href":"https:\/\/www.eurooppalainensuomi.fi\/index.php?rest_route=%2Fwp%2Fv2%2Fcomments&post=5304"}],"version-history":[{"count":1,"href":"https:\/\/www.eurooppalainensuomi.fi\/index.php?rest_route=\/wp\/v2\/posts\/5304\/revisions"}],"predecessor-version":[{"id":5305,"href":"https:\/\/www.eurooppalainensuomi.fi\/index.php?rest_route=\/wp\/v2\/posts\/5304\/revisions\/5305"}],"wp:featuredmedia":[{"embeddable":true,"href":"https:\/\/www.eurooppalainensuomi.fi\/index.php?rest_route=\/wp\/v2\/media\/4594"}],"wp:attachment":[{"href":"https:\/\/www.eurooppalainensuomi.fi\/index.php?rest_route=%2Fwp%2Fv2%2Fmedia&parent=5304"}],"wp:term":[{"taxonomy":"category","embeddable":true,"href":"https:\/\/www.eurooppalainensuomi.fi\/index.php?rest_route=%2Fwp%2Fv2%2Fcategories&post=5304"},{"taxonomy":"post_tag","embeddable":true,"href":"https:\/\/www.eurooppalainensuomi.fi\/index.php?rest_route=%2Fwp%2Fv2%2Ftags&post=5304"}],"curies":[{"name":"wp","href":"https:\/\/api.w.org\/{rel}","templated":true}]}}