{"id":5268,"date":"2024-05-27T12:40:49","date_gmt":"2024-05-27T10:40:49","guid":{"rendered":"https:\/\/www.eurooppalainensuomi.fi\/?p=5268"},"modified":"2024-05-27T12:40:50","modified_gmt":"2024-05-27T10:40:50","slug":"ukraina-valmius-elpymisvaline","status":"publish","type":"post","link":"https:\/\/www.eurooppalainensuomi.fi\/ukraina-valmius-elpymisvaline","title":{"rendered":"Ukraina | Valmius | Elpymisv\u00e4line"},"content":{"rendered":"\n<p>Ulkoasiainneuvosto kokoontuu maanantaina keskustelemaan ministerien kanssa Ven\u00e4j\u00e4n hy\u00f6kk\u00e4yssodasta Ukrainaa vastaan sen j\u00e4lkeen, kun Ukrainan ulkoministeri Dmytro Kuleban kanssa on k\u00e4yty ep\u00e4virallinen keskustelu. Samana p\u00e4iv\u00e4n\u00e4 komissaari Johannes Hahn osallistuu Wieniss\u00e4 j\u00e4rjestett\u00e4v\u00e4\u00e4n elpymisv\u00e4linett\u00e4 (RRF) koskevaan vuotuiseen tapahtumaan. Keskiviikkona EU:n komissaarit keskustelevat EU:n valmiutta ja kriisinhallintaa koskevasta aloitteesta Suomen entisen presidentin Sauli Niinist\u00f6n kanssa.<\/p>\n\n\n\n<p>Euroopan parlamentti<\/p>\n\n\n\n<p>Euroopan parlamentti on saanut p\u00e4\u00e4t\u00f6kseen t\u00e4m\u00e4n vaalikauden parlamentaarisen toimintansa. Parlamentaarinen toiminta jatkuu 6.-9. kes\u00e4kuuta 2024 pidett\u00e4vien Euroopan parlamentin vaalien j\u00e4lkeen.&nbsp;<\/p>\n\n\n\n<p>Euroopan komissio<\/p>\n\n\n\n<p>Maanantaina komissaari Janez Lenar\u010di\u010d osallistuu Syyrian ja alueen tulevaisuuden tukemista k\u00e4sittelev\u00e4\u00e4n Brysselin VIII konferenssiin. Samana p\u00e4iv\u00e4n\u00e4 komissaari Kadri Simson pit\u00e4\u00e4 p\u00e4\u00e4puheenvuoron Tallinnassa j\u00e4rjestett\u00e4v\u00e4ss\u00e4 \u201dInvesting in Ukraine&#8217;s Future\u201d -konferenssissa. Torstaina komissaari Janez Lenar\u010di\u010d ottaa vastaan Yhdistyneiden kansakuntien L\u00e4hi-id\u00e4n palestiinalaispakolaisten avustus- ja ty\u00f6elimen (UNRWA) p\u00e4\u00e4komissaari Philippe Lazzarinin.<\/p>\n\n\n\n<p>Eurooppaneuvosto<\/p>\n\n\n\n<p>Maanantaina kokoontuva maatalous- ja kalastusneuvosto kokoaa ministerit keskustelemaan nykyisest\u00e4 maatalouskriisist\u00e4. Keskiviikkona ulkoasiainneuvosto (puolustus) kokoaa ministerit keskustelemaan EU:n tuesta Ukrainalle keskittyen viimeisimpiin tapahtumiin paikan p\u00e4\u00e4ll\u00e4 ja tarkastelemaan k\u00e4ynniss\u00e4 olevia sotilaallisia aloitteita. EU:n puolustusministereill\u00e4 on my\u00f6s tilaisuus vaihtaa ep\u00e4virallisia n\u00e4kemyksi\u00e4 Naton p\u00e4\u00e4sihteerin Jens Stoltenbergin ja Ukrainan puolustusministerin Rustem Umerovin kanssa.<\/p>\n\n\n\n<p>Suuri valiokunta<\/p>\n\n\n\n<p>Valiokunta ja maa- ja mets\u00e4talousministeri Essayah keskustelivat alkutuottajien asemasta ja arvioivat maatalouden n\u00e4kymi\u00e4 seuraavalla EU-vaalikaudella mm. tuotannon kannattavuuden, kaupan roolin ja ilmastotavoitteiden n\u00e4k\u00f6kulmista.<\/p>\n\n\n\n<p>Lis\u00e4ksi suuri valiokunta p\u00e4\u00e4tti eduskunnan kannan mm. neuvotteluihin ehdotuksesta direktiiviksi lapsiin kohdistuvan seksuaaliv\u00e4kivallan torjumisesta. Suuri valiokunta p\u00e4\u00e4tti yhty\u00e4 valtioneuvoston kantaan hallintovaliokunnan, lakivaliokunnan ja ty\u00f6el\u00e4m\u00e4- ja tasa-arvovaliokunnan lausuntojen mukaisesti.<\/p>\n","protected":false},"excerpt":{"rendered":"<p>Ulkoasiainneuvosto kokoontuu maanantaina keskustelemaan ministerien kanssa Ven\u00e4j\u00e4n hy\u00f6kk\u00e4yssodasta Ukrainaa vastaan sen j\u00e4lkeen, kun Ukrainan ulkoministeri Dmytro Kuleban kanssa on k\u00e4yty ep\u00e4virallinen keskustelu. Samana p\u00e4iv\u00e4n\u00e4 komissaari Johannes Hahn osallistuu Wieniss\u00e4 j\u00e4rjestett\u00e4v\u00e4\u00e4n elpymisv\u00e4linett\u00e4 (RRF) koskevaan vuotuiseen tapahtumaan. Keskiviikkona EU:n komissaarit keskustelevat EU:n valmiutta ja kriisinhallintaa koskevasta aloitteesta Suomen entisen presidentin Sauli Niinist\u00f6n kanssa. Euroopan parlamentti Euroopan parlamentti [&hellip;]<\/p>\n","protected":false},"author":4,"featured_media":4595,"comment_status":"closed","ping_status":"closed","sticky":false,"template":"","format":"standard","meta":{"_et_pb_use_builder":"off","_et_pb_old_content":"","_et_gb_content_width":""},"categories":[8,9],"tags":[],"yoast_head":"<!-- This site is optimized with the Yoast SEO plugin v19.13 - https:\/\/yoast.com\/wordpress\/plugins\/seo\/ -->\n<title>Ukraina | Valmius | Elpymisv\u00e4line - Eurooppalainen Suomi<\/title>\n<meta name=\"robots\" content=\"index, follow, max-snippet:-1, max-image-preview:large, max-video-preview:-1\" \/>\n<link rel=\"canonical\" href=\"https:\/\/www.eurooppalainensuomi.fi\/ukraina-valmius-elpymisvaline\" \/>\n<meta property=\"og:locale\" content=\"en_US\" \/>\n<meta property=\"og:type\" content=\"article\" \/>\n<meta property=\"og:title\" content=\"Ukraina | Valmius | Elpymisv\u00e4line - Eurooppalainen Suomi\" \/>\n<meta property=\"og:description\" content=\"Ulkoasiainneuvosto kokoontuu maanantaina keskustelemaan ministerien kanssa Ven\u00e4j\u00e4n hy\u00f6kk\u00e4yssodasta Ukrainaa vastaan sen j\u00e4lkeen, kun Ukrainan ulkoministeri Dmytro Kuleban kanssa on k\u00e4yty ep\u00e4virallinen keskustelu. Samana p\u00e4iv\u00e4n\u00e4 komissaari Johannes Hahn osallistuu Wieniss\u00e4 j\u00e4rjestett\u00e4v\u00e4\u00e4n elpymisv\u00e4linett\u00e4 (RRF) koskevaan vuotuiseen tapahtumaan. Keskiviikkona EU:n komissaarit keskustelevat EU:n valmiutta ja kriisinhallintaa koskevasta aloitteesta Suomen entisen presidentin Sauli Niinist\u00f6n kanssa. Euroopan parlamentti Euroopan parlamentti [&hellip;]\" \/>\n<meta property=\"og:url\" content=\"https:\/\/www.eurooppalainensuomi.fi\/ukraina-valmius-elpymisvaline\" \/>\n<meta property=\"og:site_name\" content=\"Eurooppalainen Suomi\" \/>\n<meta property=\"article:publisher\" content=\"https:\/\/www.facebook.com\/eurooppalainensuomi\" \/>\n<meta property=\"article:published_time\" content=\"2024-05-27T10:40:49+00:00\" \/>\n<meta property=\"article:modified_time\" content=\"2024-05-27T10:40:50+00:00\" \/>\n<meta property=\"og:image\" content=\"https:\/\/www.eurooppalainensuomi.fi\/wp-content\/uploads\/2022\/12\/Sivu1-Kuva-2-scaled.jpg\" \/>\n\t<meta property=\"og:image:width\" content=\"1707\" \/>\n\t<meta property=\"og:image:height\" content=\"2560\" \/>\n\t<meta property=\"og:image:type\" content=\"image\/jpeg\" \/>\n<meta name=\"author\" content=\"Admin\" \/>\n<meta name=\"twitter:card\" content=\"summary_large_image\" \/>\n<meta name=\"twitter:creator\" content=\"@em_finland\" \/>\n<meta name=\"twitter:site\" content=\"@em_finland\" \/>\n<meta name=\"twitter:label1\" content=\"Written by\" \/>\n\t<meta name=\"twitter:data1\" content=\"Admin\" \/>\n\t<meta name=\"twitter:label2\" content=\"Est. reading time\" \/>\n\t<meta name=\"twitter:data2\" content=\"1 minute\" \/>\n<script type=\"application\/ld+json\" class=\"yoast-schema-graph\">{\"@context\":\"https:\/\/schema.org\",\"@graph\":[{\"@type\":\"Article\",\"@id\":\"https:\/\/www.eurooppalainensuomi.fi\/ukraina-valmius-elpymisvaline#article\",\"isPartOf\":{\"@id\":\"https:\/\/www.eurooppalainensuomi.fi\/ukraina-valmius-elpymisvaline\"},\"author\":{\"name\":\"Admin\",\"@id\":\"https:\/\/www.eurooppalainensuomi.fi\/#\/schema\/person\/9635843384121bb89ed49f8d3129daee\"},\"headline\":\"Ukraina | Valmius | Elpymisv\u00e4line\",\"datePublished\":\"2024-05-27T10:40:49+00:00\",\"dateModified\":\"2024-05-27T10:40:50+00:00\",\"mainEntityOfPage\":{\"@id\":\"https:\/\/www.eurooppalainensuomi.fi\/ukraina-valmius-elpymisvaline\"},\"wordCount\":282,\"publisher\":{\"@id\":\"https:\/\/www.eurooppalainensuomi.fi\/#organization\"},\"articleSection\":[\"Ajankohtaista\",\"Uutiset\"],\"inLanguage\":\"en\"},{\"@type\":\"WebPage\",\"@id\":\"https:\/\/www.eurooppalainensuomi.fi\/ukraina-valmius-elpymisvaline\",\"url\":\"https:\/\/www.eurooppalainensuomi.fi\/ukraina-valmius-elpymisvaline\",\"name\":\"Ukraina | Valmius | Elpymisv\u00e4line - Eurooppalainen Suomi\",\"isPartOf\":{\"@id\":\"https:\/\/www.eurooppalainensuomi.fi\/#website\"},\"datePublished\":\"2024-05-27T10:40:49+00:00\",\"dateModified\":\"2024-05-27T10:40:50+00:00\",\"breadcrumb\":{\"@id\":\"https:\/\/www.eurooppalainensuomi.fi\/ukraina-valmius-elpymisvaline#breadcrumb\"},\"inLanguage\":\"en\",\"potentialAction\":[{\"@type\":\"ReadAction\",\"target\":[\"https:\/\/www.eurooppalainensuomi.fi\/ukraina-valmius-elpymisvaline\"]}]},{\"@type\":\"BreadcrumbList\",\"@id\":\"https:\/\/www.eurooppalainensuomi.fi\/ukraina-valmius-elpymisvaline#breadcrumb\",\"itemListElement\":[{\"@type\":\"ListItem\",\"position\":1,\"name\":\"Etusivu\",\"item\":\"https:\/\/www.eurooppalainensuomi.fi\/\"},{\"@type\":\"ListItem\",\"position\":2,\"name\":\"Ukraina | Valmius | Elpymisv\u00e4line\"}]},{\"@type\":\"WebSite\",\"@id\":\"https:\/\/www.eurooppalainensuomi.fi\/#website\",\"url\":\"https:\/\/www.eurooppalainensuomi.fi\/\",\"name\":\"Eurooppalainen Suomi\",\"description\":\"Parempaa Eurooppaa rakentamassa\",\"publisher\":{\"@id\":\"https:\/\/www.eurooppalainensuomi.fi\/#organization\"},\"potentialAction\":[{\"@type\":\"SearchAction\",\"target\":{\"@type\":\"EntryPoint\",\"urlTemplate\":\"https:\/\/www.eurooppalainensuomi.fi\/?s={search_term_string}\"},\"query-input\":\"required name=search_term_string\"}],\"inLanguage\":\"en\"},{\"@type\":\"Organization\",\"@id\":\"https:\/\/www.eurooppalainensuomi.fi\/#organization\",\"name\":\"Eurooppalainen Suomi ry\",\"url\":\"https:\/\/www.eurooppalainensuomi.fi\/\",\"logo\":{\"@type\":\"ImageObject\",\"inLanguage\":\"en\",\"@id\":\"https:\/\/www.eurooppalainensuomi.fi\/#\/schema\/logo\/image\/\",\"url\":\"https:\/\/www.eurooppalainensuomi.fi\/wp-content\/uploads\/2021\/01\/PNG_large.png\",\"contentUrl\":\"https:\/\/www.eurooppalainensuomi.fi\/wp-content\/uploads\/2021\/01\/PNG_large.png\",\"width\":586,\"height\":220,\"caption\":\"Eurooppalainen Suomi ry\"},\"image\":{\"@id\":\"https:\/\/www.eurooppalainensuomi.fi\/#\/schema\/logo\/image\/\"},\"sameAs\":[\"https:\/\/instagram.com\/eurooppalainensuomi\",\"https:\/\/www.youtube.com\/channel\/UCBeqyrm1ze2RinjeAYS_-Jg\",\"https:\/\/fi.wikipedia.org\/wiki\/Eurooppalainen_Suomi\",\"https:\/\/www.facebook.com\/eurooppalainensuomi\",\"https:\/\/twitter.com\/em_finland\"]},{\"@type\":\"Person\",\"@id\":\"https:\/\/www.eurooppalainensuomi.fi\/#\/schema\/person\/9635843384121bb89ed49f8d3129daee\",\"name\":\"Admin\",\"image\":{\"@type\":\"ImageObject\",\"inLanguage\":\"en\",\"@id\":\"https:\/\/www.eurooppalainensuomi.fi\/#\/schema\/person\/image\/\",\"url\":\"https:\/\/secure.gravatar.com\/avatar\/813eb247d5c8e5914db8a949c18b8e26?s=96&d=mm&r=g\",\"contentUrl\":\"https:\/\/secure.gravatar.com\/avatar\/813eb247d5c8e5914db8a949c18b8e26?s=96&d=mm&r=g\",\"caption\":\"Admin\"}}]}<\/script>\n<!-- \/ Yoast SEO plugin. -->","yoast_head_json":{"title":"Ukraina | Valmius | Elpymisv\u00e4line - Eurooppalainen Suomi","robots":{"index":"index","follow":"follow","max-snippet":"max-snippet:-1","max-image-preview":"max-image-preview:large","max-video-preview":"max-video-preview:-1"},"canonical":"https:\/\/www.eurooppalainensuomi.fi\/ukraina-valmius-elpymisvaline","og_locale":"en_US","og_type":"article","og_title":"Ukraina | Valmius | Elpymisv\u00e4line - Eurooppalainen Suomi","og_description":"Ulkoasiainneuvosto kokoontuu maanantaina keskustelemaan ministerien kanssa Ven\u00e4j\u00e4n hy\u00f6kk\u00e4yssodasta Ukrainaa vastaan sen j\u00e4lkeen, kun Ukrainan ulkoministeri Dmytro Kuleban kanssa on k\u00e4yty ep\u00e4virallinen keskustelu. Samana p\u00e4iv\u00e4n\u00e4 komissaari Johannes Hahn osallistuu Wieniss\u00e4 j\u00e4rjestett\u00e4v\u00e4\u00e4n elpymisv\u00e4linett\u00e4 (RRF) koskevaan vuotuiseen tapahtumaan. Keskiviikkona EU:n komissaarit keskustelevat EU:n valmiutta ja kriisinhallintaa koskevasta aloitteesta Suomen entisen presidentin Sauli Niinist\u00f6n kanssa. Euroopan parlamentti Euroopan parlamentti [&hellip;]","og_url":"https:\/\/www.eurooppalainensuomi.fi\/ukraina-valmius-elpymisvaline","og_site_name":"Eurooppalainen Suomi","article_publisher":"https:\/\/www.facebook.com\/eurooppalainensuomi","article_published_time":"2024-05-27T10:40:49+00:00","article_modified_time":"2024-05-27T10:40:50+00:00","og_image":[{"width":1707,"height":2560,"url":"https:\/\/www.eurooppalainensuomi.fi\/wp-content\/uploads\/2022\/12\/Sivu1-Kuva-2-scaled.jpg","type":"image\/jpeg"}],"author":"Admin","twitter_card":"summary_large_image","twitter_creator":"@em_finland","twitter_site":"@em_finland","twitter_misc":{"Written by":"Admin","Est. reading time":"1 minute"},"schema":{"@context":"https:\/\/schema.org","@graph":[{"@type":"Article","@id":"https:\/\/www.eurooppalainensuomi.fi\/ukraina-valmius-elpymisvaline#article","isPartOf":{"@id":"https:\/\/www.eurooppalainensuomi.fi\/ukraina-valmius-elpymisvaline"},"author":{"name":"Admin","@id":"https:\/\/www.eurooppalainensuomi.fi\/#\/schema\/person\/9635843384121bb89ed49f8d3129daee"},"headline":"Ukraina | Valmius | Elpymisv\u00e4line","datePublished":"2024-05-27T10:40:49+00:00","dateModified":"2024-05-27T10:40:50+00:00","mainEntityOfPage":{"@id":"https:\/\/www.eurooppalainensuomi.fi\/ukraina-valmius-elpymisvaline"},"wordCount":282,"publisher":{"@id":"https:\/\/www.eurooppalainensuomi.fi\/#organization"},"articleSection":["Ajankohtaista","Uutiset"],"inLanguage":"en"},{"@type":"WebPage","@id":"https:\/\/www.eurooppalainensuomi.fi\/ukraina-valmius-elpymisvaline","url":"https:\/\/www.eurooppalainensuomi.fi\/ukraina-valmius-elpymisvaline","name":"Ukraina | Valmius | Elpymisv\u00e4line - Eurooppalainen Suomi","isPartOf":{"@id":"https:\/\/www.eurooppalainensuomi.fi\/#website"},"datePublished":"2024-05-27T10:40:49+00:00","dateModified":"2024-05-27T10:40:50+00:00","breadcrumb":{"@id":"https:\/\/www.eurooppalainensuomi.fi\/ukraina-valmius-elpymisvaline#breadcrumb"},"inLanguage":"en","potentialAction":[{"@type":"ReadAction","target":["https:\/\/www.eurooppalainensuomi.fi\/ukraina-valmius-elpymisvaline"]}]},{"@type":"BreadcrumbList","@id":"https:\/\/www.eurooppalainensuomi.fi\/ukraina-valmius-elpymisvaline#breadcrumb","itemListElement":[{"@type":"ListItem","position":1,"name":"Etusivu","item":"https:\/\/www.eurooppalainensuomi.fi\/"},{"@type":"ListItem","position":2,"name":"Ukraina | Valmius | Elpymisv\u00e4line"}]},{"@type":"WebSite","@id":"https:\/\/www.eurooppalainensuomi.fi\/#website","url":"https:\/\/www.eurooppalainensuomi.fi\/","name":"Eurooppalainen Suomi","description":"Parempaa Eurooppaa rakentamassa","publisher":{"@id":"https:\/\/www.eurooppalainensuomi.fi\/#organization"},"potentialAction":[{"@type":"SearchAction","target":{"@type":"EntryPoint","urlTemplate":"https:\/\/www.eurooppalainensuomi.fi\/?s={search_term_string}"},"query-input":"required name=search_term_string"}],"inLanguage":"en"},{"@type":"Organization","@id":"https:\/\/www.eurooppalainensuomi.fi\/#organization","name":"Eurooppalainen Suomi ry","url":"https:\/\/www.eurooppalainensuomi.fi\/","logo":{"@type":"ImageObject","inLanguage":"en","@id":"https:\/\/www.eurooppalainensuomi.fi\/#\/schema\/logo\/image\/","url":"https:\/\/www.eurooppalainensuomi.fi\/wp-content\/uploads\/2021\/01\/PNG_large.png","contentUrl":"https:\/\/www.eurooppalainensuomi.fi\/wp-content\/uploads\/2021\/01\/PNG_large.png","width":586,"height":220,"caption":"Eurooppalainen Suomi ry"},"image":{"@id":"https:\/\/www.eurooppalainensuomi.fi\/#\/schema\/logo\/image\/"},"sameAs":["https:\/\/instagram.com\/eurooppalainensuomi","https:\/\/www.youtube.com\/channel\/UCBeqyrm1ze2RinjeAYS_-Jg","https:\/\/fi.wikipedia.org\/wiki\/Eurooppalainen_Suomi","https:\/\/www.facebook.com\/eurooppalainensuomi","https:\/\/twitter.com\/em_finland"]},{"@type":"Person","@id":"https:\/\/www.eurooppalainensuomi.fi\/#\/schema\/person\/9635843384121bb89ed49f8d3129daee","name":"Admin","image":{"@type":"ImageObject","inLanguage":"en","@id":"https:\/\/www.eurooppalainensuomi.fi\/#\/schema\/person\/image\/","url":"https:\/\/secure.gravatar.com\/avatar\/813eb247d5c8e5914db8a949c18b8e26?s=96&d=mm&r=g","contentUrl":"https:\/\/secure.gravatar.com\/avatar\/813eb247d5c8e5914db8a949c18b8e26?s=96&d=mm&r=g","caption":"Admin"}}]}},"jetpack_featured_media_url":"https:\/\/www.eurooppalainensuomi.fi\/wp-content\/uploads\/2022\/12\/Sivu1-Kuva-2-scaled-e1741602544664.jpg","_links":{"self":[{"href":"https:\/\/www.eurooppalainensuomi.fi\/index.php?rest_route=\/wp\/v2\/posts\/5268"}],"collection":[{"href":"https:\/\/www.eurooppalainensuomi.fi\/index.php?rest_route=\/wp\/v2\/posts"}],"about":[{"href":"https:\/\/www.eurooppalainensuomi.fi\/index.php?rest_route=\/wp\/v2\/types\/post"}],"author":[{"embeddable":true,"href":"https:\/\/www.eurooppalainensuomi.fi\/index.php?rest_route=\/wp\/v2\/users\/4"}],"replies":[{"embeddable":true,"href":"https:\/\/www.eurooppalainensuomi.fi\/index.php?rest_route=%2Fwp%2Fv2%2Fcomments&post=5268"}],"version-history":[{"count":1,"href":"https:\/\/www.eurooppalainensuomi.fi\/index.php?rest_route=\/wp\/v2\/posts\/5268\/revisions"}],"predecessor-version":[{"id":5269,"href":"https:\/\/www.eurooppalainensuomi.fi\/index.php?rest_route=\/wp\/v2\/posts\/5268\/revisions\/5269"}],"wp:featuredmedia":[{"embeddable":true,"href":"https:\/\/www.eurooppalainensuomi.fi\/index.php?rest_route=\/wp\/v2\/media\/4595"}],"wp:attachment":[{"href":"https:\/\/www.eurooppalainensuomi.fi\/index.php?rest_route=%2Fwp%2Fv2%2Fmedia&parent=5268"}],"wp:term":[{"taxonomy":"category","embeddable":true,"href":"https:\/\/www.eurooppalainensuomi.fi\/index.php?rest_route=%2Fwp%2Fv2%2Fcategories&post=5268"},{"taxonomy":"post_tag","embeddable":true,"href":"https:\/\/www.eurooppalainensuomi.fi\/index.php?rest_route=%2Fwp%2Fv2%2Ftags&post=5268"}],"curies":[{"name":"wp","href":"https:\/\/api.w.org\/{rel}","templated":true}]}}