{"id":5261,"date":"2024-05-17T09:29:32","date_gmt":"2024-05-17T07:29:32","guid":{"rendered":"https:\/\/www.eurooppalainensuomi.fi\/?p=5261"},"modified":"2025-11-11T12:02:29","modified_gmt":"2025-11-11T10:02:29","slug":"eurooppa-on-kotisi-eu-vaalikiertue-saapuu-turkuun-6-6-eu-globaalien-haasteiden-edessa","status":"publish","type":"post","link":"https:\/\/www.eurooppalainensuomi.fi\/eurooppa-on-kotisi-eu-vaalikiertue-saapuu-turkuun-6-6-eu-globaalien-haasteiden-edessa","title":{"rendered":"Eurooppa on kotisi -EU-vaalikiertue saapuu Turkuun 6.6: EU globaalien haasteiden edess\u00e4"},"content":{"rendered":"\n<p><\/p>\n\n\n\n<p><strong><em>EU-vaaliehdokkaat saapuvat Turkuun 6.6.2024 tenttiin, jossa paneudutaan siihen, milt\u00e4 tuleva EU:n viisivuotiskausi n\u00e4ytt\u00e4\u00e4 ja mihin suuntaan haluamme Suomessa Eurooppaa kehitt\u00e4\u00e4.\u00a0<\/em><\/strong><\/p>\n\n\n\n<p>Eurooppa on kotisi kiertue rantautuu Turkuun 6.6.2024 eduskuntapuolueiden johdon tenttiin, jossa lavalla tentattavana n\u00e4hd\u00e4\u00e4n Eija-Riitta Korhola (kd.), Petri Honkonen (kesk.), Eero Hein\u00e4luoma (sd.), Ville Niinist\u00f6 (vihr.), Merja Kyll\u00f6nen (vas.), Henna Virkkunen (kok.) sek\u00e4 Arto Luukkanen (ps.). Tenttaajina toimivat Yle Turun Ari Welling ja Tarja Hiltunen. Voit my\u00f6s seurata tapahtumaa suorana Yle Areenasta.&nbsp;<\/p>\n\n\n\n<p>Paneelikeskustelu j\u00e4rjestet\u00e4\u00e4n Turun p\u00e4\u00e4kirjaston Studio-tilassa kello 16.00-17.30. Lis\u00e4ksi viereisest\u00e4 V\u00e4h\u00e4torista l\u00f6ytyy vaalitori telttoineen, jossa p\u00e4\u00e4see tutustumaan eduskuntapuolueiden kampanjoijiin ja ehdokkaisiin sek\u00e4 j\u00e4rjest\u00f6jen edustajiin. Vaalitorilla voit vierailla klo 15.30 alkaen.\u00a0<\/p>\n\n\n\n<p>Maailma on huomattavasti erilainen kuin viime EU-vaalien aikaan vuonna 2019. Vuoden 2019 vaalit k\u00e4ytiin ns. vihre\u00e4n aallon aikana, jolloin Greta Thunberg inspiroi miljoonia ja EU-komissio aloitti ty\u00f6ns\u00e4 vahvasti ilmastopoliittisena komissiona. Viisivuotiskauden aikana globaalit haasteet, kuten Kiinan ja Yhdysvaltain kiihtynyt kilpailu, koronapandemia sek\u00e4 Ven\u00e4j\u00e4n hy\u00f6kk\u00e4yssota muovasivat EU-komissiota yh\u00e4 enemm\u00e4n geopoliittiseksi komissioksi. Euroopan unionia kohtaavia per\u00e4kk\u00e4isi\u00e4 haasteita ollaan kuvattu \u201cpolykriisiksi\u201d, jossa per\u00e4kk\u00e4iset Eurooppaa kohtaavat haasteet l\u00e4pileikkaavat toisiaan.&nbsp;<\/p>\n\n\n\n<p>Milt\u00e4 seuraava viisivuotiskausi n\u00e4ytt\u00e4\u00e4 ja mihin suuntaan haluamme Suomessa Eurooppaa kehitt\u00e4\u00e4? Kuinka kohtaamme Euroopassa turvallisuusymp\u00e4rist\u00f6\u00e4 kohtaavat haasteet ja kuinka niihin valmistaudumme? Miten kumppanuuksia ja yhteisty\u00f6t\u00e4 keskeisten kumppanimaiden kanssa&nbsp; yll\u00e4pidet\u00e4\u00e4n, kun kumppanimaiden linjaukset esimerkiksi panostuksesta Euroopan puolustukseen voivat vaihdella merkitt\u00e4v\u00e4sti valtionjohtajien muutosten seurauksena? Muun muassa n\u00e4ihin kysymyksiin etsit\u00e4\u00e4n vastauksia Turun suuressa EU-vaalipaneelissa.<\/p>\n\n\n\n<p>Tapahtuma on kaikille avoin ja maksuton. Huomioithan, ett\u00e4 paikkoja on rajoitetusti, joten saavuthan ajoissa paikalle. Muista my\u00f6s ilmoittautua ja tilata muistutukset Facebook-tapahtumaan <a href=\"https:\/\/www.facebook.com\/events\/1541781766379818\/\">t\u00e4st\u00e4 linkist\u00e4<\/a>.<\/p>\n\n\n\n<p>Eurooppa on kotisi -hanketta on tuettu valtioneuvoston kanslian my\u00f6nt\u00e4mist\u00e4 valtionavuista kansalaisj\u00e4rjest\u00f6jen Eurooppa-tiedottamiseen. Turun tapahtuman yhteisty\u00f6kumppaneina ovat Akava, EK, SAK, STTK, Yle Turku, Turun Eurooppa-foorumi ry sek\u00e4 Turun kaupunki.<\/p>\n\n\n\n<p>Eurooppa on kotisi -kiertueen j\u00e4rjest\u00e4\u00e4 Eurooppalainen Suomi ry.<\/p>\n\n\n\n<p><\/p>\n\n\n\n<p><strong>Lis\u00e4tiedot<\/strong><br>Totti Sivonen<br>toiminnanjohtaja<br>Eurooppalainen Suomi ry<br>+358 400 910 409<br><a href=\"mailto:totti.sivonen@eurooppalainensuomi.fi\">totti.sivonen@eurooppalainensuomi.fi<\/a>&nbsp;<\/p>\n","protected":false},"excerpt":{"rendered":"<p>EU-vaaliehdokkaat saapuvat Turkuun 6.6.2024 tenttiin, jossa paneudutaan siihen, milt\u00e4 tuleva EU:n viisivuotiskausi n\u00e4ytt\u00e4\u00e4 ja mihin suuntaan haluamme Suomessa Eurooppaa kehitt\u00e4\u00e4.\u00a0 Eurooppa on kotisi kiertue rantautuu Turkuun 6.6.2024 eduskuntapuolueiden johdon tenttiin, jossa lavalla tentattavana n\u00e4hd\u00e4\u00e4n Eija-Riitta Korhola (kd.), Petri Honkonen (kesk.), Eero Hein\u00e4luoma (sd.), Ville Niinist\u00f6 (vihr.), Merja Kyll\u00f6nen (vas.), Henna Virkkunen (kok.) sek\u00e4 Arto Luukkanen [&hellip;]<\/p>\n","protected":false},"author":4,"featured_media":5262,"comment_status":"closed","ping_status":"closed","sticky":false,"template":"","format":"standard","meta":{"_et_pb_use_builder":"off","_et_pb_old_content":"","_et_gb_content_width":""},"categories":[8,130,19],"tags":[109,12,100,51,104,102,103,101,105],"yoast_head":"<!-- This site is optimized with the Yoast SEO plugin v19.13 - https:\/\/yoast.com\/wordpress\/plugins\/seo\/ -->\n<title>Eurooppa on kotisi -EU-vaalikiertue saapuu Turkuun 6.6: EU globaalien haasteiden edess\u00e4 - Eurooppalainen Suomi<\/title>\n<meta name=\"robots\" content=\"index, follow, max-snippet:-1, max-image-preview:large, max-video-preview:-1\" \/>\n<link rel=\"canonical\" href=\"https:\/\/www.eurooppalainensuomi.fi\/eurooppa-on-kotisi-eu-vaalikiertue-saapuu-turkuun-6-6-eu-globaalien-haasteiden-edessa\" \/>\n<meta property=\"og:locale\" content=\"en_US\" \/>\n<meta property=\"og:type\" content=\"article\" \/>\n<meta property=\"og:title\" content=\"Eurooppa on kotisi -EU-vaalikiertue saapuu Turkuun 6.6: EU globaalien haasteiden edess\u00e4 - Eurooppalainen Suomi\" \/>\n<meta property=\"og:description\" content=\"EU-vaaliehdokkaat saapuvat Turkuun 6.6.2024 tenttiin, jossa paneudutaan siihen, milt\u00e4 tuleva EU:n viisivuotiskausi n\u00e4ytt\u00e4\u00e4 ja mihin suuntaan haluamme Suomessa Eurooppaa kehitt\u00e4\u00e4.\u00a0 Eurooppa on kotisi kiertue rantautuu Turkuun 6.6.2024 eduskuntapuolueiden johdon tenttiin, jossa lavalla tentattavana n\u00e4hd\u00e4\u00e4n Eija-Riitta Korhola (kd.), Petri Honkonen (kesk.), Eero Hein\u00e4luoma (sd.), Ville Niinist\u00f6 (vihr.), Merja Kyll\u00f6nen (vas.), Henna Virkkunen (kok.) sek\u00e4 Arto Luukkanen [&hellip;]\" \/>\n<meta property=\"og:url\" content=\"https:\/\/www.eurooppalainensuomi.fi\/eurooppa-on-kotisi-eu-vaalikiertue-saapuu-turkuun-6-6-eu-globaalien-haasteiden-edessa\" \/>\n<meta property=\"og:site_name\" content=\"Eurooppalainen Suomi\" \/>\n<meta property=\"article:publisher\" content=\"https:\/\/www.facebook.com\/eurooppalainensuomi\" \/>\n<meta property=\"article:published_time\" content=\"2024-05-17T07:29:32+00:00\" \/>\n<meta property=\"article:modified_time\" content=\"2025-11-11T10:02:29+00:00\" \/>\n<meta property=\"og:image\" content=\"https:\/\/www.eurooppalainensuomi.fi\/wp-content\/uploads\/2024\/05\/8-Turku-6-1024x576.png\" \/>\n\t<meta property=\"og:image:width\" content=\"1024\" \/>\n\t<meta property=\"og:image:height\" content=\"576\" \/>\n\t<meta property=\"og:image:type\" content=\"image\/png\" \/>\n<meta name=\"author\" content=\"Admin\" \/>\n<meta name=\"twitter:card\" content=\"summary_large_image\" \/>\n<meta name=\"twitter:creator\" content=\"@em_finland\" \/>\n<meta name=\"twitter:site\" content=\"@em_finland\" \/>\n<meta name=\"twitter:label1\" content=\"Written by\" \/>\n\t<meta name=\"twitter:data1\" content=\"Admin\" \/>\n\t<meta name=\"twitter:label2\" content=\"Est. reading time\" \/>\n\t<meta name=\"twitter:data2\" content=\"2 minutes\" \/>\n<script type=\"application\/ld+json\" class=\"yoast-schema-graph\">{\"@context\":\"https:\/\/schema.org\",\"@graph\":[{\"@type\":\"Article\",\"@id\":\"https:\/\/www.eurooppalainensuomi.fi\/eurooppa-on-kotisi-eu-vaalikiertue-saapuu-turkuun-6-6-eu-globaalien-haasteiden-edessa#article\",\"isPartOf\":{\"@id\":\"https:\/\/www.eurooppalainensuomi.fi\/eurooppa-on-kotisi-eu-vaalikiertue-saapuu-turkuun-6-6-eu-globaalien-haasteiden-edessa\"},\"author\":{\"name\":\"Admin\",\"@id\":\"https:\/\/www.eurooppalainensuomi.fi\/#\/schema\/person\/9635843384121bb89ed49f8d3129daee\"},\"headline\":\"Eurooppa on kotisi -EU-vaalikiertue saapuu Turkuun 6.6: EU globaalien haasteiden edess\u00e4\",\"datePublished\":\"2024-05-17T07:29:32+00:00\",\"dateModified\":\"2025-11-11T10:02:29+00:00\",\"mainEntityOfPage\":{\"@id\":\"https:\/\/www.eurooppalainensuomi.fi\/eurooppa-on-kotisi-eu-vaalikiertue-saapuu-turkuun-6-6-eu-globaalien-haasteiden-edessa\"},\"wordCount\":343,\"publisher\":{\"@id\":\"https:\/\/www.eurooppalainensuomi.fi\/#organization\"},\"keywords\":[\"ek\",\"EU\",\"euroooppafoorumi\",\"eurooppa on kotisi\",\"geopolitiikka\",\"globaali\",\"haasteet\",\"k\u00e4rkiehdokas\",\"turku\"],\"articleSection\":[\"Ajankohtaista\",\"Menneet\",\"Tapahtumat\"],\"inLanguage\":\"en\"},{\"@type\":\"WebPage\",\"@id\":\"https:\/\/www.eurooppalainensuomi.fi\/eurooppa-on-kotisi-eu-vaalikiertue-saapuu-turkuun-6-6-eu-globaalien-haasteiden-edessa\",\"url\":\"https:\/\/www.eurooppalainensuomi.fi\/eurooppa-on-kotisi-eu-vaalikiertue-saapuu-turkuun-6-6-eu-globaalien-haasteiden-edessa\",\"name\":\"Eurooppa on kotisi -EU-vaalikiertue saapuu Turkuun 6.6: EU globaalien haasteiden edess\u00e4 - Eurooppalainen Suomi\",\"isPartOf\":{\"@id\":\"https:\/\/www.eurooppalainensuomi.fi\/#website\"},\"datePublished\":\"2024-05-17T07:29:32+00:00\",\"dateModified\":\"2025-11-11T10:02:29+00:00\",\"breadcrumb\":{\"@id\":\"https:\/\/www.eurooppalainensuomi.fi\/eurooppa-on-kotisi-eu-vaalikiertue-saapuu-turkuun-6-6-eu-globaalien-haasteiden-edessa#breadcrumb\"},\"inLanguage\":\"en\",\"potentialAction\":[{\"@type\":\"ReadAction\",\"target\":[\"https:\/\/www.eurooppalainensuomi.fi\/eurooppa-on-kotisi-eu-vaalikiertue-saapuu-turkuun-6-6-eu-globaalien-haasteiden-edessa\"]}]},{\"@type\":\"BreadcrumbList\",\"@id\":\"https:\/\/www.eurooppalainensuomi.fi\/eurooppa-on-kotisi-eu-vaalikiertue-saapuu-turkuun-6-6-eu-globaalien-haasteiden-edessa#breadcrumb\",\"itemListElement\":[{\"@type\":\"ListItem\",\"position\":1,\"name\":\"Etusivu\",\"item\":\"https:\/\/www.eurooppalainensuomi.fi\/\"},{\"@type\":\"ListItem\",\"position\":2,\"name\":\"Eurooppa on kotisi -EU-vaalikiertue saapuu Turkuun 6.6: EU globaalien haasteiden edess\u00e4\"}]},{\"@type\":\"WebSite\",\"@id\":\"https:\/\/www.eurooppalainensuomi.fi\/#website\",\"url\":\"https:\/\/www.eurooppalainensuomi.fi\/\",\"name\":\"Eurooppalainen Suomi\",\"description\":\"Parempaa Eurooppaa rakentamassa\",\"publisher\":{\"@id\":\"https:\/\/www.eurooppalainensuomi.fi\/#organization\"},\"potentialAction\":[{\"@type\":\"SearchAction\",\"target\":{\"@type\":\"EntryPoint\",\"urlTemplate\":\"https:\/\/www.eurooppalainensuomi.fi\/?s={search_term_string}\"},\"query-input\":\"required name=search_term_string\"}],\"inLanguage\":\"en\"},{\"@type\":\"Organization\",\"@id\":\"https:\/\/www.eurooppalainensuomi.fi\/#organization\",\"name\":\"Eurooppalainen Suomi ry\",\"url\":\"https:\/\/www.eurooppalainensuomi.fi\/\",\"logo\":{\"@type\":\"ImageObject\",\"inLanguage\":\"en\",\"@id\":\"https:\/\/www.eurooppalainensuomi.fi\/#\/schema\/logo\/image\/\",\"url\":\"https:\/\/www.eurooppalainensuomi.fi\/wp-content\/uploads\/2021\/01\/PNG_large.png\",\"contentUrl\":\"https:\/\/www.eurooppalainensuomi.fi\/wp-content\/uploads\/2021\/01\/PNG_large.png\",\"width\":586,\"height\":220,\"caption\":\"Eurooppalainen Suomi ry\"},\"image\":{\"@id\":\"https:\/\/www.eurooppalainensuomi.fi\/#\/schema\/logo\/image\/\"},\"sameAs\":[\"https:\/\/instagram.com\/eurooppalainensuomi\",\"https:\/\/www.youtube.com\/channel\/UCBeqyrm1ze2RinjeAYS_-Jg\",\"https:\/\/fi.wikipedia.org\/wiki\/Eurooppalainen_Suomi\",\"https:\/\/www.facebook.com\/eurooppalainensuomi\",\"https:\/\/twitter.com\/em_finland\"]},{\"@type\":\"Person\",\"@id\":\"https:\/\/www.eurooppalainensuomi.fi\/#\/schema\/person\/9635843384121bb89ed49f8d3129daee\",\"name\":\"Admin\",\"image\":{\"@type\":\"ImageObject\",\"inLanguage\":\"en\",\"@id\":\"https:\/\/www.eurooppalainensuomi.fi\/#\/schema\/person\/image\/\",\"url\":\"https:\/\/secure.gravatar.com\/avatar\/813eb247d5c8e5914db8a949c18b8e26?s=96&d=mm&r=g\",\"contentUrl\":\"https:\/\/secure.gravatar.com\/avatar\/813eb247d5c8e5914db8a949c18b8e26?s=96&d=mm&r=g\",\"caption\":\"Admin\"}}]}<\/script>\n<!-- \/ Yoast SEO plugin. -->","yoast_head_json":{"title":"Eurooppa on kotisi -EU-vaalikiertue saapuu Turkuun 6.6: EU globaalien haasteiden edess\u00e4 - Eurooppalainen Suomi","robots":{"index":"index","follow":"follow","max-snippet":"max-snippet:-1","max-image-preview":"max-image-preview:large","max-video-preview":"max-video-preview:-1"},"canonical":"https:\/\/www.eurooppalainensuomi.fi\/eurooppa-on-kotisi-eu-vaalikiertue-saapuu-turkuun-6-6-eu-globaalien-haasteiden-edessa","og_locale":"en_US","og_type":"article","og_title":"Eurooppa on kotisi -EU-vaalikiertue saapuu Turkuun 6.6: EU globaalien haasteiden edess\u00e4 - Eurooppalainen Suomi","og_description":"EU-vaaliehdokkaat saapuvat Turkuun 6.6.2024 tenttiin, jossa paneudutaan siihen, milt\u00e4 tuleva EU:n viisivuotiskausi n\u00e4ytt\u00e4\u00e4 ja mihin suuntaan haluamme Suomessa Eurooppaa kehitt\u00e4\u00e4.\u00a0 Eurooppa on kotisi kiertue rantautuu Turkuun 6.6.2024 eduskuntapuolueiden johdon tenttiin, jossa lavalla tentattavana n\u00e4hd\u00e4\u00e4n Eija-Riitta Korhola (kd.), Petri Honkonen (kesk.), Eero Hein\u00e4luoma (sd.), Ville Niinist\u00f6 (vihr.), Merja Kyll\u00f6nen (vas.), Henna Virkkunen (kok.) sek\u00e4 Arto Luukkanen [&hellip;]","og_url":"https:\/\/www.eurooppalainensuomi.fi\/eurooppa-on-kotisi-eu-vaalikiertue-saapuu-turkuun-6-6-eu-globaalien-haasteiden-edessa","og_site_name":"Eurooppalainen Suomi","article_publisher":"https:\/\/www.facebook.com\/eurooppalainensuomi","article_published_time":"2024-05-17T07:29:32+00:00","article_modified_time":"2025-11-11T10:02:29+00:00","og_image":[{"width":1024,"height":576,"url":"https:\/\/www.eurooppalainensuomi.fi\/wp-content\/uploads\/2024\/05\/8-Turku-6-1024x576.png","type":"image\/png"}],"author":"Admin","twitter_card":"summary_large_image","twitter_creator":"@em_finland","twitter_site":"@em_finland","twitter_misc":{"Written by":"Admin","Est. reading time":"2 minutes"},"schema":{"@context":"https:\/\/schema.org","@graph":[{"@type":"Article","@id":"https:\/\/www.eurooppalainensuomi.fi\/eurooppa-on-kotisi-eu-vaalikiertue-saapuu-turkuun-6-6-eu-globaalien-haasteiden-edessa#article","isPartOf":{"@id":"https:\/\/www.eurooppalainensuomi.fi\/eurooppa-on-kotisi-eu-vaalikiertue-saapuu-turkuun-6-6-eu-globaalien-haasteiden-edessa"},"author":{"name":"Admin","@id":"https:\/\/www.eurooppalainensuomi.fi\/#\/schema\/person\/9635843384121bb89ed49f8d3129daee"},"headline":"Eurooppa on kotisi -EU-vaalikiertue saapuu Turkuun 6.6: EU globaalien haasteiden edess\u00e4","datePublished":"2024-05-17T07:29:32+00:00","dateModified":"2025-11-11T10:02:29+00:00","mainEntityOfPage":{"@id":"https:\/\/www.eurooppalainensuomi.fi\/eurooppa-on-kotisi-eu-vaalikiertue-saapuu-turkuun-6-6-eu-globaalien-haasteiden-edessa"},"wordCount":343,"publisher":{"@id":"https:\/\/www.eurooppalainensuomi.fi\/#organization"},"keywords":["ek","EU","euroooppafoorumi","eurooppa on kotisi","geopolitiikka","globaali","haasteet","k\u00e4rkiehdokas","turku"],"articleSection":["Ajankohtaista","Menneet","Tapahtumat"],"inLanguage":"en"},{"@type":"WebPage","@id":"https:\/\/www.eurooppalainensuomi.fi\/eurooppa-on-kotisi-eu-vaalikiertue-saapuu-turkuun-6-6-eu-globaalien-haasteiden-edessa","url":"https:\/\/www.eurooppalainensuomi.fi\/eurooppa-on-kotisi-eu-vaalikiertue-saapuu-turkuun-6-6-eu-globaalien-haasteiden-edessa","name":"Eurooppa on kotisi -EU-vaalikiertue saapuu Turkuun 6.6: EU globaalien haasteiden edess\u00e4 - Eurooppalainen Suomi","isPartOf":{"@id":"https:\/\/www.eurooppalainensuomi.fi\/#website"},"datePublished":"2024-05-17T07:29:32+00:00","dateModified":"2025-11-11T10:02:29+00:00","breadcrumb":{"@id":"https:\/\/www.eurooppalainensuomi.fi\/eurooppa-on-kotisi-eu-vaalikiertue-saapuu-turkuun-6-6-eu-globaalien-haasteiden-edessa#breadcrumb"},"inLanguage":"en","potentialAction":[{"@type":"ReadAction","target":["https:\/\/www.eurooppalainensuomi.fi\/eurooppa-on-kotisi-eu-vaalikiertue-saapuu-turkuun-6-6-eu-globaalien-haasteiden-edessa"]}]},{"@type":"BreadcrumbList","@id":"https:\/\/www.eurooppalainensuomi.fi\/eurooppa-on-kotisi-eu-vaalikiertue-saapuu-turkuun-6-6-eu-globaalien-haasteiden-edessa#breadcrumb","itemListElement":[{"@type":"ListItem","position":1,"name":"Etusivu","item":"https:\/\/www.eurooppalainensuomi.fi\/"},{"@type":"ListItem","position":2,"name":"Eurooppa on kotisi -EU-vaalikiertue saapuu Turkuun 6.6: EU globaalien haasteiden edess\u00e4"}]},{"@type":"WebSite","@id":"https:\/\/www.eurooppalainensuomi.fi\/#website","url":"https:\/\/www.eurooppalainensuomi.fi\/","name":"Eurooppalainen Suomi","description":"Parempaa Eurooppaa rakentamassa","publisher":{"@id":"https:\/\/www.eurooppalainensuomi.fi\/#organization"},"potentialAction":[{"@type":"SearchAction","target":{"@type":"EntryPoint","urlTemplate":"https:\/\/www.eurooppalainensuomi.fi\/?s={search_term_string}"},"query-input":"required name=search_term_string"}],"inLanguage":"en"},{"@type":"Organization","@id":"https:\/\/www.eurooppalainensuomi.fi\/#organization","name":"Eurooppalainen Suomi ry","url":"https:\/\/www.eurooppalainensuomi.fi\/","logo":{"@type":"ImageObject","inLanguage":"en","@id":"https:\/\/www.eurooppalainensuomi.fi\/#\/schema\/logo\/image\/","url":"https:\/\/www.eurooppalainensuomi.fi\/wp-content\/uploads\/2021\/01\/PNG_large.png","contentUrl":"https:\/\/www.eurooppalainensuomi.fi\/wp-content\/uploads\/2021\/01\/PNG_large.png","width":586,"height":220,"caption":"Eurooppalainen Suomi ry"},"image":{"@id":"https:\/\/www.eurooppalainensuomi.fi\/#\/schema\/logo\/image\/"},"sameAs":["https:\/\/instagram.com\/eurooppalainensuomi","https:\/\/www.youtube.com\/channel\/UCBeqyrm1ze2RinjeAYS_-Jg","https:\/\/fi.wikipedia.org\/wiki\/Eurooppalainen_Suomi","https:\/\/www.facebook.com\/eurooppalainensuomi","https:\/\/twitter.com\/em_finland"]},{"@type":"Person","@id":"https:\/\/www.eurooppalainensuomi.fi\/#\/schema\/person\/9635843384121bb89ed49f8d3129daee","name":"Admin","image":{"@type":"ImageObject","inLanguage":"en","@id":"https:\/\/www.eurooppalainensuomi.fi\/#\/schema\/person\/image\/","url":"https:\/\/secure.gravatar.com\/avatar\/813eb247d5c8e5914db8a949c18b8e26?s=96&d=mm&r=g","contentUrl":"https:\/\/secure.gravatar.com\/avatar\/813eb247d5c8e5914db8a949c18b8e26?s=96&d=mm&r=g","caption":"Admin"}}]}},"jetpack_featured_media_url":"https:\/\/www.eurooppalainensuomi.fi\/wp-content\/uploads\/2024\/05\/8-Turku-6.png","_links":{"self":[{"href":"https:\/\/www.eurooppalainensuomi.fi\/index.php?rest_route=\/wp\/v2\/posts\/5261"}],"collection":[{"href":"https:\/\/www.eurooppalainensuomi.fi\/index.php?rest_route=\/wp\/v2\/posts"}],"about":[{"href":"https:\/\/www.eurooppalainensuomi.fi\/index.php?rest_route=\/wp\/v2\/types\/post"}],"author":[{"embeddable":true,"href":"https:\/\/www.eurooppalainensuomi.fi\/index.php?rest_route=\/wp\/v2\/users\/4"}],"replies":[{"embeddable":true,"href":"https:\/\/www.eurooppalainensuomi.fi\/index.php?rest_route=%2Fwp%2Fv2%2Fcomments&post=5261"}],"version-history":[{"count":1,"href":"https:\/\/www.eurooppalainensuomi.fi\/index.php?rest_route=\/wp\/v2\/posts\/5261\/revisions"}],"predecessor-version":[{"id":5263,"href":"https:\/\/www.eurooppalainensuomi.fi\/index.php?rest_route=\/wp\/v2\/posts\/5261\/revisions\/5263"}],"wp:featuredmedia":[{"embeddable":true,"href":"https:\/\/www.eurooppalainensuomi.fi\/index.php?rest_route=\/wp\/v2\/media\/5262"}],"wp:attachment":[{"href":"https:\/\/www.eurooppalainensuomi.fi\/index.php?rest_route=%2Fwp%2Fv2%2Fmedia&parent=5261"}],"wp:term":[{"taxonomy":"category","embeddable":true,"href":"https:\/\/www.eurooppalainensuomi.fi\/index.php?rest_route=%2Fwp%2Fv2%2Fcategories&post=5261"},{"taxonomy":"post_tag","embeddable":true,"href":"https:\/\/www.eurooppalainensuomi.fi\/index.php?rest_route=%2Fwp%2Fv2%2Ftags&post=5261"}],"curies":[{"name":"wp","href":"https:\/\/api.w.org\/{rel}","templated":true}]}}