{"id":5221,"date":"2024-05-13T11:34:22","date_gmt":"2024-05-13T09:34:22","guid":{"rendered":"https:\/\/www.eurooppalainensuomi.fi\/?p=5221"},"modified":"2025-11-11T12:02:29","modified_gmt":"2025-11-11T10:02:29","slug":"eurooppa-on-kotisi-eu-vaalikiertue-rantautuu-maailma-kylassa-festivaalille-26-5-2024","status":"publish","type":"post","link":"https:\/\/www.eurooppalainensuomi.fi\/eurooppa-on-kotisi-eu-vaalikiertue-rantautuu-maailma-kylassa-festivaalille-26-5-2024","title":{"rendered":"Eurooppa on kotisi -EU-vaalikiertue rantautuu Maailma kyl\u00e4ss\u00e4 -festivaalille 26.5.2024"},"content":{"rendered":"\n<p><\/p>\n\n\n\n<p><strong><em>Meppiehdokkaat saapuvat Maailma kyl\u00e4ss\u00e4 -festivaaliin 26.5.2024 Rohkeat mepit 2024 -tilaisuuteen, jossa <\/em><\/strong><strong><em>meppiehdokkaita haastatellaan ja haastetaan rennolla otteella.<\/em><\/strong><strong><em>&nbsp;<\/em><\/strong><\/p>\n\n\n\n<p>Mihin meppiehdokkailta tarvitaan rohkeutta? Ainakin Rohkeat mepit 2024 -ohjelmaan osallistumiseen! Pikatentiss\u00e4 meppiehdokkaita haastatellaan ja haastetaan rennolla otteella. Ehdokkaat vastaavat kysymyksiin maan ja taivaan v\u00e4lilt\u00e4: Mik\u00e4 eurooppalainen ruokakulttuuri maistuu ehdokkaille parhaiten? Ent\u00e4 mitk\u00e4 heid\u00e4n mielest\u00e4\u00e4n ovat Euroopan parlamentin parhaimmat aloitteet tai suurimmat Eurooppaa kohtaavat haasteet? Ehdokkaat kisailevat my\u00f6s EU-aiheisen Aliaksen parissa, johon my\u00f6s yleis\u00f6 p\u00e4\u00e4see keksim\u00e4\u00e4n mepeille kiperi\u00e4 kokonaisuuksia selitett\u00e4v\u00e4ksi. T\u00e4t\u00e4 et voi j\u00e4tt\u00e4\u00e4 v\u00e4liin!<\/p>\n\n\n\n<p>Lavalla tentattavana n\u00e4hd\u00e4\u00e4n Eero Hein\u00e4luoma (sd.), Petri Roininen (kesk.), Sebastian Tynkkynen (ps.), Maria Ohisalo (vihr.), Maria Miala (kok.), Merja Kyll\u00f6nen (vas.) ja Eija-Riitta Korhola (kd.). Shown juontaa koko kansan suosikki Gogi Mavromichalis.&nbsp;<\/p>\n\n\n\n<p>Tilaisuus j\u00e4rjestet\u00e4\u00e4n Maailma kyl\u00e4ss\u00e4 -festivaalissa Helsingin Suvilahden Tiivist\u00e4m\u00f6ss\u00e4 kello 26.5.2024 14.35-15.15. Voit my\u00f6s seurata tapahtumaa suorana Maailma kyl\u00e4ss\u00e4 -festivaalin <a href=\"https:\/\/www.youtube.com\/channel\/UCFqWAvQEfamDI1YEZdVvpNg\">Youtube-kanavalta<\/a>.<\/p>\n\n\n\n<p>Tapahtuma on kaikille avoin ja ilmainen. Huomioithan, ett\u00e4 paikkoja on rajoitetusti, joten saavuthan ajoissa paikalle. Muista my\u00f6s ilmoittautua ja tilata muistutukset Facebook-tapahtumaan <a href=\"https:\/\/www.facebook.com\/events\/361169096945535\/\">t\u00e4st\u00e4 linkist\u00e4<\/a>.<\/p>\n\n\n\n<p>Eurooppa on kotisi -hanketta on tuettu valtioneuvoston kanslian my\u00f6nt\u00e4mist\u00e4 valtionavuista kansalaisj\u00e4rjest\u00f6jen Eurooppa-tiedottamiseen. Maailma kyl\u00e4ss\u00e4 -festivaalin tapahtuman yhteisty\u00f6kumppaneina toimii Fingo.&nbsp;<\/p>\n\n\n\n<p>Eurooppa on kotisi -kiertueen j\u00e4rjest\u00e4\u00e4 Eurooppalainen Suomi ry.<br><br><strong>Lis\u00e4tiedot<\/strong><br>Totti Sivonen<br>toiminnanjohtaja<br>Eurooppalainen Suomi ry<br>+358 400 910 409<br><a href=\"mailto:totti.sivonen@eurooppalainensuomi.fi\">totti.sivonen@eurooppalainensuomi.fi<\/a><\/p>\n","protected":false},"excerpt":{"rendered":"<p>Meppiehdokkaat saapuvat Maailma kyl\u00e4ss\u00e4 -festivaaliin 26.5.2024 Rohkeat mepit 2024 -tilaisuuteen, jossa meppiehdokkaita haastatellaan ja haastetaan rennolla otteella.&nbsp; Mihin meppiehdokkailta tarvitaan rohkeutta? Ainakin Rohkeat mepit 2024 -ohjelmaan osallistumiseen! Pikatentiss\u00e4 meppiehdokkaita haastatellaan ja haastetaan rennolla otteella. Ehdokkaat vastaavat kysymyksiin maan ja taivaan v\u00e4lilt\u00e4: Mik\u00e4 eurooppalainen ruokakulttuuri maistuu ehdokkaille parhaiten? Ent\u00e4 mitk\u00e4 heid\u00e4n mielest\u00e4\u00e4n ovat Euroopan parlamentin parhaimmat [&hellip;]<\/p>\n","protected":false},"author":4,"featured_media":5222,"comment_status":"closed","ping_status":"closed","sticky":false,"template":"","format":"standard","meta":{"_et_pb_use_builder":"off","_et_pb_old_content":"","_et_gb_content_width":""},"categories":[8,130,19],"tags":[88,51,86,87,85,84,72],"yoast_head":"<!-- This site is optimized with the Yoast SEO plugin v19.13 - https:\/\/yoast.com\/wordpress\/plugins\/seo\/ -->\n<title>Eurooppa on kotisi -EU-vaalikiertue rantautuu Maailma kyl\u00e4ss\u00e4 -festivaalille 26.5.2024 - Eurooppalainen Suomi<\/title>\n<meta name=\"robots\" content=\"index, follow, max-snippet:-1, max-image-preview:large, max-video-preview:-1\" \/>\n<link rel=\"canonical\" href=\"https:\/\/www.eurooppalainensuomi.fi\/eurooppa-on-kotisi-eu-vaalikiertue-rantautuu-maailma-kylassa-festivaalille-26-5-2024\" \/>\n<meta property=\"og:locale\" content=\"en_US\" \/>\n<meta property=\"og:type\" content=\"article\" \/>\n<meta property=\"og:title\" content=\"Eurooppa on kotisi -EU-vaalikiertue rantautuu Maailma kyl\u00e4ss\u00e4 -festivaalille 26.5.2024 - Eurooppalainen Suomi\" \/>\n<meta property=\"og:description\" content=\"Meppiehdokkaat saapuvat Maailma kyl\u00e4ss\u00e4 -festivaaliin 26.5.2024 Rohkeat mepit 2024 -tilaisuuteen, jossa meppiehdokkaita haastatellaan ja haastetaan rennolla otteella.&nbsp; Mihin meppiehdokkailta tarvitaan rohkeutta? Ainakin Rohkeat mepit 2024 -ohjelmaan osallistumiseen! Pikatentiss\u00e4 meppiehdokkaita haastatellaan ja haastetaan rennolla otteella. Ehdokkaat vastaavat kysymyksiin maan ja taivaan v\u00e4lilt\u00e4: Mik\u00e4 eurooppalainen ruokakulttuuri maistuu ehdokkaille parhaiten? Ent\u00e4 mitk\u00e4 heid\u00e4n mielest\u00e4\u00e4n ovat Euroopan parlamentin parhaimmat [&hellip;]\" \/>\n<meta property=\"og:url\" content=\"https:\/\/www.eurooppalainensuomi.fi\/eurooppa-on-kotisi-eu-vaalikiertue-rantautuu-maailma-kylassa-festivaalille-26-5-2024\" \/>\n<meta property=\"og:site_name\" content=\"Eurooppalainen Suomi\" \/>\n<meta property=\"article:publisher\" content=\"https:\/\/www.facebook.com\/eurooppalainensuomi\" \/>\n<meta property=\"article:published_time\" content=\"2024-05-13T09:34:22+00:00\" \/>\n<meta property=\"article:modified_time\" content=\"2025-11-11T10:02:29+00:00\" \/>\n<meta property=\"og:image\" content=\"https:\/\/www.eurooppalainensuomi.fi\/wp-content\/uploads\/2024\/05\/rohkeat-mepit-nettisivuille-2048x1278-1.png\" \/>\n\t<meta property=\"og:image:width\" content=\"2048\" \/>\n\t<meta property=\"og:image:height\" content=\"1278\" \/>\n\t<meta property=\"og:image:type\" content=\"image\/png\" \/>\n<meta name=\"author\" content=\"Admin\" \/>\n<meta name=\"twitter:card\" content=\"summary_large_image\" \/>\n<meta name=\"twitter:creator\" content=\"@em_finland\" \/>\n<meta name=\"twitter:site\" content=\"@em_finland\" \/>\n<meta name=\"twitter:label1\" content=\"Written by\" \/>\n\t<meta name=\"twitter:data1\" content=\"Admin\" \/>\n\t<meta name=\"twitter:label2\" content=\"Est. reading time\" \/>\n\t<meta name=\"twitter:data2\" content=\"1 minute\" \/>\n<script type=\"application\/ld+json\" class=\"yoast-schema-graph\">{\"@context\":\"https:\/\/schema.org\",\"@graph\":[{\"@type\":\"Article\",\"@id\":\"https:\/\/www.eurooppalainensuomi.fi\/eurooppa-on-kotisi-eu-vaalikiertue-rantautuu-maailma-kylassa-festivaalille-26-5-2024#article\",\"isPartOf\":{\"@id\":\"https:\/\/www.eurooppalainensuomi.fi\/eurooppa-on-kotisi-eu-vaalikiertue-rantautuu-maailma-kylassa-festivaalille-26-5-2024\"},\"author\":{\"name\":\"Admin\",\"@id\":\"https:\/\/www.eurooppalainensuomi.fi\/#\/schema\/person\/9635843384121bb89ed49f8d3129daee\"},\"headline\":\"Eurooppa on kotisi -EU-vaalikiertue rantautuu Maailma kyl\u00e4ss\u00e4 -festivaalille 26.5.2024\",\"datePublished\":\"2024-05-13T09:34:22+00:00\",\"dateModified\":\"2025-11-11T10:02:29+00:00\",\"mainEntityOfPage\":{\"@id\":\"https:\/\/www.eurooppalainensuomi.fi\/eurooppa-on-kotisi-eu-vaalikiertue-rantautuu-maailma-kylassa-festivaalille-26-5-2024\"},\"wordCount\":235,\"publisher\":{\"@id\":\"https:\/\/www.eurooppalainensuomi.fi\/#organization\"},\"keywords\":[\"alias\",\"eurooppa on kotisi\",\"festivaali\",\"gogi\",\"maailma kyl\u00e4ss\u00e4\",\"rohkeat mepit\",\"yle\"],\"articleSection\":[\"Ajankohtaista\",\"Menneet\",\"Tapahtumat\"],\"inLanguage\":\"en\"},{\"@type\":\"WebPage\",\"@id\":\"https:\/\/www.eurooppalainensuomi.fi\/eurooppa-on-kotisi-eu-vaalikiertue-rantautuu-maailma-kylassa-festivaalille-26-5-2024\",\"url\":\"https:\/\/www.eurooppalainensuomi.fi\/eurooppa-on-kotisi-eu-vaalikiertue-rantautuu-maailma-kylassa-festivaalille-26-5-2024\",\"name\":\"Eurooppa on kotisi -EU-vaalikiertue rantautuu Maailma kyl\u00e4ss\u00e4 -festivaalille 26.5.2024 - Eurooppalainen Suomi\",\"isPartOf\":{\"@id\":\"https:\/\/www.eurooppalainensuomi.fi\/#website\"},\"datePublished\":\"2024-05-13T09:34:22+00:00\",\"dateModified\":\"2025-11-11T10:02:29+00:00\",\"breadcrumb\":{\"@id\":\"https:\/\/www.eurooppalainensuomi.fi\/eurooppa-on-kotisi-eu-vaalikiertue-rantautuu-maailma-kylassa-festivaalille-26-5-2024#breadcrumb\"},\"inLanguage\":\"en\",\"potentialAction\":[{\"@type\":\"ReadAction\",\"target\":[\"https:\/\/www.eurooppalainensuomi.fi\/eurooppa-on-kotisi-eu-vaalikiertue-rantautuu-maailma-kylassa-festivaalille-26-5-2024\"]}]},{\"@type\":\"BreadcrumbList\",\"@id\":\"https:\/\/www.eurooppalainensuomi.fi\/eurooppa-on-kotisi-eu-vaalikiertue-rantautuu-maailma-kylassa-festivaalille-26-5-2024#breadcrumb\",\"itemListElement\":[{\"@type\":\"ListItem\",\"position\":1,\"name\":\"Etusivu\",\"item\":\"https:\/\/www.eurooppalainensuomi.fi\/\"},{\"@type\":\"ListItem\",\"position\":2,\"name\":\"Eurooppa on kotisi -EU-vaalikiertue rantautuu Maailma kyl\u00e4ss\u00e4 -festivaalille 26.5.2024\"}]},{\"@type\":\"WebSite\",\"@id\":\"https:\/\/www.eurooppalainensuomi.fi\/#website\",\"url\":\"https:\/\/www.eurooppalainensuomi.fi\/\",\"name\":\"Eurooppalainen Suomi\",\"description\":\"Parempaa Eurooppaa rakentamassa\",\"publisher\":{\"@id\":\"https:\/\/www.eurooppalainensuomi.fi\/#organization\"},\"potentialAction\":[{\"@type\":\"SearchAction\",\"target\":{\"@type\":\"EntryPoint\",\"urlTemplate\":\"https:\/\/www.eurooppalainensuomi.fi\/?s={search_term_string}\"},\"query-input\":\"required name=search_term_string\"}],\"inLanguage\":\"en\"},{\"@type\":\"Organization\",\"@id\":\"https:\/\/www.eurooppalainensuomi.fi\/#organization\",\"name\":\"Eurooppalainen Suomi ry\",\"url\":\"https:\/\/www.eurooppalainensuomi.fi\/\",\"logo\":{\"@type\":\"ImageObject\",\"inLanguage\":\"en\",\"@id\":\"https:\/\/www.eurooppalainensuomi.fi\/#\/schema\/logo\/image\/\",\"url\":\"https:\/\/www.eurooppalainensuomi.fi\/wp-content\/uploads\/2021\/01\/PNG_large.png\",\"contentUrl\":\"https:\/\/www.eurooppalainensuomi.fi\/wp-content\/uploads\/2021\/01\/PNG_large.png\",\"width\":586,\"height\":220,\"caption\":\"Eurooppalainen Suomi ry\"},\"image\":{\"@id\":\"https:\/\/www.eurooppalainensuomi.fi\/#\/schema\/logo\/image\/\"},\"sameAs\":[\"https:\/\/instagram.com\/eurooppalainensuomi\",\"https:\/\/www.youtube.com\/channel\/UCBeqyrm1ze2RinjeAYS_-Jg\",\"https:\/\/fi.wikipedia.org\/wiki\/Eurooppalainen_Suomi\",\"https:\/\/www.facebook.com\/eurooppalainensuomi\",\"https:\/\/twitter.com\/em_finland\"]},{\"@type\":\"Person\",\"@id\":\"https:\/\/www.eurooppalainensuomi.fi\/#\/schema\/person\/9635843384121bb89ed49f8d3129daee\",\"name\":\"Admin\",\"image\":{\"@type\":\"ImageObject\",\"inLanguage\":\"en\",\"@id\":\"https:\/\/www.eurooppalainensuomi.fi\/#\/schema\/person\/image\/\",\"url\":\"https:\/\/secure.gravatar.com\/avatar\/813eb247d5c8e5914db8a949c18b8e26?s=96&d=mm&r=g\",\"contentUrl\":\"https:\/\/secure.gravatar.com\/avatar\/813eb247d5c8e5914db8a949c18b8e26?s=96&d=mm&r=g\",\"caption\":\"Admin\"}}]}<\/script>\n<!-- \/ Yoast SEO plugin. -->","yoast_head_json":{"title":"Eurooppa on kotisi -EU-vaalikiertue rantautuu Maailma kyl\u00e4ss\u00e4 -festivaalille 26.5.2024 - Eurooppalainen Suomi","robots":{"index":"index","follow":"follow","max-snippet":"max-snippet:-1","max-image-preview":"max-image-preview:large","max-video-preview":"max-video-preview:-1"},"canonical":"https:\/\/www.eurooppalainensuomi.fi\/eurooppa-on-kotisi-eu-vaalikiertue-rantautuu-maailma-kylassa-festivaalille-26-5-2024","og_locale":"en_US","og_type":"article","og_title":"Eurooppa on kotisi -EU-vaalikiertue rantautuu Maailma kyl\u00e4ss\u00e4 -festivaalille 26.5.2024 - Eurooppalainen Suomi","og_description":"Meppiehdokkaat saapuvat Maailma kyl\u00e4ss\u00e4 -festivaaliin 26.5.2024 Rohkeat mepit 2024 -tilaisuuteen, jossa meppiehdokkaita haastatellaan ja haastetaan rennolla otteella.&nbsp; Mihin meppiehdokkailta tarvitaan rohkeutta? Ainakin Rohkeat mepit 2024 -ohjelmaan osallistumiseen! Pikatentiss\u00e4 meppiehdokkaita haastatellaan ja haastetaan rennolla otteella. Ehdokkaat vastaavat kysymyksiin maan ja taivaan v\u00e4lilt\u00e4: Mik\u00e4 eurooppalainen ruokakulttuuri maistuu ehdokkaille parhaiten? Ent\u00e4 mitk\u00e4 heid\u00e4n mielest\u00e4\u00e4n ovat Euroopan parlamentin parhaimmat [&hellip;]","og_url":"https:\/\/www.eurooppalainensuomi.fi\/eurooppa-on-kotisi-eu-vaalikiertue-rantautuu-maailma-kylassa-festivaalille-26-5-2024","og_site_name":"Eurooppalainen Suomi","article_publisher":"https:\/\/www.facebook.com\/eurooppalainensuomi","article_published_time":"2024-05-13T09:34:22+00:00","article_modified_time":"2025-11-11T10:02:29+00:00","og_image":[{"width":2048,"height":1278,"url":"https:\/\/www.eurooppalainensuomi.fi\/wp-content\/uploads\/2024\/05\/rohkeat-mepit-nettisivuille-2048x1278-1.png","type":"image\/png"}],"author":"Admin","twitter_card":"summary_large_image","twitter_creator":"@em_finland","twitter_site":"@em_finland","twitter_misc":{"Written by":"Admin","Est. reading time":"1 minute"},"schema":{"@context":"https:\/\/schema.org","@graph":[{"@type":"Article","@id":"https:\/\/www.eurooppalainensuomi.fi\/eurooppa-on-kotisi-eu-vaalikiertue-rantautuu-maailma-kylassa-festivaalille-26-5-2024#article","isPartOf":{"@id":"https:\/\/www.eurooppalainensuomi.fi\/eurooppa-on-kotisi-eu-vaalikiertue-rantautuu-maailma-kylassa-festivaalille-26-5-2024"},"author":{"name":"Admin","@id":"https:\/\/www.eurooppalainensuomi.fi\/#\/schema\/person\/9635843384121bb89ed49f8d3129daee"},"headline":"Eurooppa on kotisi -EU-vaalikiertue rantautuu Maailma kyl\u00e4ss\u00e4 -festivaalille 26.5.2024","datePublished":"2024-05-13T09:34:22+00:00","dateModified":"2025-11-11T10:02:29+00:00","mainEntityOfPage":{"@id":"https:\/\/www.eurooppalainensuomi.fi\/eurooppa-on-kotisi-eu-vaalikiertue-rantautuu-maailma-kylassa-festivaalille-26-5-2024"},"wordCount":235,"publisher":{"@id":"https:\/\/www.eurooppalainensuomi.fi\/#organization"},"keywords":["alias","eurooppa on kotisi","festivaali","gogi","maailma kyl\u00e4ss\u00e4","rohkeat mepit","yle"],"articleSection":["Ajankohtaista","Menneet","Tapahtumat"],"inLanguage":"en"},{"@type":"WebPage","@id":"https:\/\/www.eurooppalainensuomi.fi\/eurooppa-on-kotisi-eu-vaalikiertue-rantautuu-maailma-kylassa-festivaalille-26-5-2024","url":"https:\/\/www.eurooppalainensuomi.fi\/eurooppa-on-kotisi-eu-vaalikiertue-rantautuu-maailma-kylassa-festivaalille-26-5-2024","name":"Eurooppa on kotisi -EU-vaalikiertue rantautuu Maailma kyl\u00e4ss\u00e4 -festivaalille 26.5.2024 - Eurooppalainen Suomi","isPartOf":{"@id":"https:\/\/www.eurooppalainensuomi.fi\/#website"},"datePublished":"2024-05-13T09:34:22+00:00","dateModified":"2025-11-11T10:02:29+00:00","breadcrumb":{"@id":"https:\/\/www.eurooppalainensuomi.fi\/eurooppa-on-kotisi-eu-vaalikiertue-rantautuu-maailma-kylassa-festivaalille-26-5-2024#breadcrumb"},"inLanguage":"en","potentialAction":[{"@type":"ReadAction","target":["https:\/\/www.eurooppalainensuomi.fi\/eurooppa-on-kotisi-eu-vaalikiertue-rantautuu-maailma-kylassa-festivaalille-26-5-2024"]}]},{"@type":"BreadcrumbList","@id":"https:\/\/www.eurooppalainensuomi.fi\/eurooppa-on-kotisi-eu-vaalikiertue-rantautuu-maailma-kylassa-festivaalille-26-5-2024#breadcrumb","itemListElement":[{"@type":"ListItem","position":1,"name":"Etusivu","item":"https:\/\/www.eurooppalainensuomi.fi\/"},{"@type":"ListItem","position":2,"name":"Eurooppa on kotisi -EU-vaalikiertue rantautuu Maailma kyl\u00e4ss\u00e4 -festivaalille 26.5.2024"}]},{"@type":"WebSite","@id":"https:\/\/www.eurooppalainensuomi.fi\/#website","url":"https:\/\/www.eurooppalainensuomi.fi\/","name":"Eurooppalainen Suomi","description":"Parempaa Eurooppaa rakentamassa","publisher":{"@id":"https:\/\/www.eurooppalainensuomi.fi\/#organization"},"potentialAction":[{"@type":"SearchAction","target":{"@type":"EntryPoint","urlTemplate":"https:\/\/www.eurooppalainensuomi.fi\/?s={search_term_string}"},"query-input":"required name=search_term_string"}],"inLanguage":"en"},{"@type":"Organization","@id":"https:\/\/www.eurooppalainensuomi.fi\/#organization","name":"Eurooppalainen Suomi ry","url":"https:\/\/www.eurooppalainensuomi.fi\/","logo":{"@type":"ImageObject","inLanguage":"en","@id":"https:\/\/www.eurooppalainensuomi.fi\/#\/schema\/logo\/image\/","url":"https:\/\/www.eurooppalainensuomi.fi\/wp-content\/uploads\/2021\/01\/PNG_large.png","contentUrl":"https:\/\/www.eurooppalainensuomi.fi\/wp-content\/uploads\/2021\/01\/PNG_large.png","width":586,"height":220,"caption":"Eurooppalainen Suomi ry"},"image":{"@id":"https:\/\/www.eurooppalainensuomi.fi\/#\/schema\/logo\/image\/"},"sameAs":["https:\/\/instagram.com\/eurooppalainensuomi","https:\/\/www.youtube.com\/channel\/UCBeqyrm1ze2RinjeAYS_-Jg","https:\/\/fi.wikipedia.org\/wiki\/Eurooppalainen_Suomi","https:\/\/www.facebook.com\/eurooppalainensuomi","https:\/\/twitter.com\/em_finland"]},{"@type":"Person","@id":"https:\/\/www.eurooppalainensuomi.fi\/#\/schema\/person\/9635843384121bb89ed49f8d3129daee","name":"Admin","image":{"@type":"ImageObject","inLanguage":"en","@id":"https:\/\/www.eurooppalainensuomi.fi\/#\/schema\/person\/image\/","url":"https:\/\/secure.gravatar.com\/avatar\/813eb247d5c8e5914db8a949c18b8e26?s=96&d=mm&r=g","contentUrl":"https:\/\/secure.gravatar.com\/avatar\/813eb247d5c8e5914db8a949c18b8e26?s=96&d=mm&r=g","caption":"Admin"}}]}},"jetpack_featured_media_url":"https:\/\/www.eurooppalainensuomi.fi\/wp-content\/uploads\/2024\/05\/rohkeat-mepit-nettisivuille-2048x1278-1.png","_links":{"self":[{"href":"https:\/\/www.eurooppalainensuomi.fi\/index.php?rest_route=\/wp\/v2\/posts\/5221"}],"collection":[{"href":"https:\/\/www.eurooppalainensuomi.fi\/index.php?rest_route=\/wp\/v2\/posts"}],"about":[{"href":"https:\/\/www.eurooppalainensuomi.fi\/index.php?rest_route=\/wp\/v2\/types\/post"}],"author":[{"embeddable":true,"href":"https:\/\/www.eurooppalainensuomi.fi\/index.php?rest_route=\/wp\/v2\/users\/4"}],"replies":[{"embeddable":true,"href":"https:\/\/www.eurooppalainensuomi.fi\/index.php?rest_route=%2Fwp%2Fv2%2Fcomments&post=5221"}],"version-history":[{"count":2,"href":"https:\/\/www.eurooppalainensuomi.fi\/index.php?rest_route=\/wp\/v2\/posts\/5221\/revisions"}],"predecessor-version":[{"id":5229,"href":"https:\/\/www.eurooppalainensuomi.fi\/index.php?rest_route=\/wp\/v2\/posts\/5221\/revisions\/5229"}],"wp:featuredmedia":[{"embeddable":true,"href":"https:\/\/www.eurooppalainensuomi.fi\/index.php?rest_route=\/wp\/v2\/media\/5222"}],"wp:attachment":[{"href":"https:\/\/www.eurooppalainensuomi.fi\/index.php?rest_route=%2Fwp%2Fv2%2Fmedia&parent=5221"}],"wp:term":[{"taxonomy":"category","embeddable":true,"href":"https:\/\/www.eurooppalainensuomi.fi\/index.php?rest_route=%2Fwp%2Fv2%2Fcategories&post=5221"},{"taxonomy":"post_tag","embeddable":true,"href":"https:\/\/www.eurooppalainensuomi.fi\/index.php?rest_route=%2Fwp%2Fv2%2Ftags&post=5221"}],"curies":[{"name":"wp","href":"https:\/\/api.w.org\/{rel}","templated":true}]}}