{"id":5216,"date":"2024-05-06T11:53:47","date_gmt":"2024-05-06T09:53:47","guid":{"rendered":"https:\/\/www.eurooppalainensuomi.fi\/?p=5216"},"modified":"2025-11-05T19:18:23","modified_gmt":"2025-11-05T17:18:23","slug":"eu-viikossa-viikko-18-laajentuminen-maatalous-metsien-seurantakehys","status":"publish","type":"post","link":"https:\/\/www.eurooppalainensuomi.fi\/eu-viikossa-viikko-18-laajentuminen-maatalous-metsien-seurantakehys","title":{"rendered":"EU viikossa &#8211; Viikko 18: Laajentuminen| Maatalous | Metsien seurantakehys"},"content":{"rendered":"\n<p>Euroopan parlamentti on p\u00e4\u00e4tt\u00e4nyt parlamentaarisen toimintansa t\u00e4m\u00e4n toimikauden osalta. Maanantaina Maatalous- ja kalastusneuvosto kokoontuu Luxemburgissa keskustelemaan nykytilanteeseen maataloussektorilla. Torstaina komissaari Johansson tapaa Ruotsin p\u00e4\u00e4ministerin Ulf Kristerssonin.<\/p>\n\n\n\n<p>Euroopan parlamentti<\/p>\n\n\n\n<p>Euroopan parlamentti on p\u00e4\u00e4tt\u00e4nyt parlamentaarisen toimintansa t\u00e4m\u00e4n toimikauden osalta. Toiminta jatkuu Euroopan parlamentin vaalien j\u00e4lkeen, jotka pidet\u00e4\u00e4n 6. ja 9. kes\u00e4kuuta 2024.<br><br>Euroopan komissio<\/p>\n\n\n\n<p>Tiistaina komissaari Simson pit\u00e4\u00e4 tapaamisen Torinossa David Turk, Yhdysvaltain energiaministeri\u00f6n varap\u00e4\u00e4sihteerin kanssa, kun taas komissaari Hahn tapaa Kristalina Georgievan, Kansainv\u00e4lisen valuuttarahaston p\u00e4\u00e4johtajan. Perjantaina komissaari Elsa on Budapestissa tapaamassa Budapestin pormestaria Gergy Kar\u00e1csonyta.<br><br>Eurooppa-neuvosto<\/p>\n\n\n\n<p>Maatalous- ja kalastusneuvosto kokoontuu maatalousministereiden kanssa Luxemburgissa keskustelemaan toimenpiteist\u00e4, joilla pyrit\u00e4\u00e4n yksinkertaistamaan yhteist\u00e4 maatalouspolitiikkaa (CAP) ja vahvistamaan maanviljelij\u00f6iden asemaa elintarvikeketjussa.<\/p>\n\n\n\n<p>Puheenjohtajamaa Belgia j\u00e4rjest\u00e4\u00e4 ep\u00e4virallisen yleisten asioiden neuvoston kokouksen juhlistaakseen vuoden 2004 laajentumisen 20-vuotisjuhlaa ja k\u00e4sittelem\u00e4\u00e4n EU:n tulevaisuutta sek\u00e4 toimintakyvyn uudistamista.<br><\/p>\n\n\n\n<p>Suuri valiokunta<\/p>\n\n\n\n<p>Suuri valiokunta yhtyi valtioneuvoston kantaan neuvotteluissa asetusehdotuksesta, jolla perustettaisiin EU-tasoinen mets\u00e4tietojen seurantakehys. Metsien seurantakehys koostuisi kaukokartoitukseen perustuvasta, maantieteellisesti tarkasta tunnistusj\u00e4rjestelm\u00e4st\u00e4, mets\u00e4tiedoista, jotka komissio toimittaisi standardisoidun datan pohjalta sek\u00e4 j\u00e4senmaiden toimittamasta, harmonisoidusta mets\u00e4tiedosta.<\/p>\n","protected":false},"excerpt":{"rendered":"<p>Euroopan parlamentti on p\u00e4\u00e4tt\u00e4nyt parlamentaarisen toimintansa t\u00e4m\u00e4n toimikauden osalta. Maanantaina Maatalous- ja kalastusneuvosto kokoontuu Luxemburgissa keskustelemaan nykytilanteeseen maataloussektorilla. Torstaina komissaari Johansson tapaa Ruotsin p\u00e4\u00e4ministerin Ulf Kristerssonin. Euroopan parlamentti Euroopan parlamentti on p\u00e4\u00e4tt\u00e4nyt parlamentaarisen toimintansa t\u00e4m\u00e4n toimikauden osalta. Toiminta jatkuu Euroopan parlamentin vaalien j\u00e4lkeen, jotka pidet\u00e4\u00e4n 6. ja 9. kes\u00e4kuuta 2024. Euroopan komissio Tiistaina komissaari Simson [&hellip;]<\/p>\n","protected":false},"author":4,"featured_media":0,"comment_status":"closed","ping_status":"closed","sticky":false,"template":"","format":"standard","meta":{"_et_pb_use_builder":"off","_et_pb_old_content":"","_et_gb_content_width":""},"categories":[8,123,14],"tags":[],"yoast_head":"<!-- This site is optimized with the Yoast SEO plugin v19.13 - https:\/\/yoast.com\/wordpress\/plugins\/seo\/ -->\n<title>EU viikossa - Viikko 18: Laajentuminen| Maatalous | Metsien seurantakehys - Eurooppalainen Suomi<\/title>\n<meta name=\"robots\" content=\"index, follow, max-snippet:-1, max-image-preview:large, max-video-preview:-1\" \/>\n<link rel=\"canonical\" href=\"https:\/\/www.eurooppalainensuomi.fi\/eu-viikossa-viikko-18-laajentuminen-maatalous-metsien-seurantakehys\" \/>\n<meta property=\"og:locale\" content=\"en_US\" \/>\n<meta property=\"og:type\" content=\"article\" \/>\n<meta property=\"og:title\" content=\"EU viikossa - Viikko 18: Laajentuminen| Maatalous | Metsien seurantakehys - Eurooppalainen Suomi\" \/>\n<meta property=\"og:description\" content=\"Euroopan parlamentti on p\u00e4\u00e4tt\u00e4nyt parlamentaarisen toimintansa t\u00e4m\u00e4n toimikauden osalta. Maanantaina Maatalous- ja kalastusneuvosto kokoontuu Luxemburgissa keskustelemaan nykytilanteeseen maataloussektorilla. Torstaina komissaari Johansson tapaa Ruotsin p\u00e4\u00e4ministerin Ulf Kristerssonin. Euroopan parlamentti Euroopan parlamentti on p\u00e4\u00e4tt\u00e4nyt parlamentaarisen toimintansa t\u00e4m\u00e4n toimikauden osalta. Toiminta jatkuu Euroopan parlamentin vaalien j\u00e4lkeen, jotka pidet\u00e4\u00e4n 6. ja 9. kes\u00e4kuuta 2024. Euroopan komissio Tiistaina komissaari Simson [&hellip;]\" \/>\n<meta property=\"og:url\" content=\"https:\/\/www.eurooppalainensuomi.fi\/eu-viikossa-viikko-18-laajentuminen-maatalous-metsien-seurantakehys\" \/>\n<meta property=\"og:site_name\" content=\"Eurooppalainen Suomi\" \/>\n<meta property=\"article:publisher\" content=\"https:\/\/www.facebook.com\/eurooppalainensuomi\" \/>\n<meta property=\"article:published_time\" content=\"2024-05-06T09:53:47+00:00\" \/>\n<meta property=\"article:modified_time\" content=\"2025-11-05T17:18:23+00:00\" \/>\n<meta name=\"author\" content=\"Admin\" \/>\n<meta name=\"twitter:card\" content=\"summary_large_image\" \/>\n<meta name=\"twitter:creator\" content=\"@em_finland\" \/>\n<meta name=\"twitter:site\" content=\"@em_finland\" \/>\n<meta name=\"twitter:label1\" content=\"Written by\" \/>\n\t<meta name=\"twitter:data1\" content=\"Admin\" \/>\n\t<meta name=\"twitter:label2\" content=\"Est. reading time\" \/>\n\t<meta name=\"twitter:data2\" content=\"1 minute\" \/>\n<script type=\"application\/ld+json\" class=\"yoast-schema-graph\">{\"@context\":\"https:\/\/schema.org\",\"@graph\":[{\"@type\":\"Article\",\"@id\":\"https:\/\/www.eurooppalainensuomi.fi\/eu-viikossa-viikko-18-laajentuminen-maatalous-metsien-seurantakehys#article\",\"isPartOf\":{\"@id\":\"https:\/\/www.eurooppalainensuomi.fi\/eu-viikossa-viikko-18-laajentuminen-maatalous-metsien-seurantakehys\"},\"author\":{\"name\":\"Admin\",\"@id\":\"https:\/\/www.eurooppalainensuomi.fi\/#\/schema\/person\/9635843384121bb89ed49f8d3129daee\"},\"headline\":\"EU viikossa &#8211; Viikko 18: Laajentuminen| Maatalous | Metsien seurantakehys\",\"datePublished\":\"2024-05-06T09:53:47+00:00\",\"dateModified\":\"2025-11-05T17:18:23+00:00\",\"mainEntityOfPage\":{\"@id\":\"https:\/\/www.eurooppalainensuomi.fi\/eu-viikossa-viikko-18-laajentuminen-maatalous-metsien-seurantakehys\"},\"wordCount\":193,\"publisher\":{\"@id\":\"https:\/\/www.eurooppalainensuomi.fi\/#organization\"},\"articleSection\":[\"Ajankohtaista\",\"EU:n viikko\",\"Tiedotteet\"],\"inLanguage\":\"en\"},{\"@type\":\"WebPage\",\"@id\":\"https:\/\/www.eurooppalainensuomi.fi\/eu-viikossa-viikko-18-laajentuminen-maatalous-metsien-seurantakehys\",\"url\":\"https:\/\/www.eurooppalainensuomi.fi\/eu-viikossa-viikko-18-laajentuminen-maatalous-metsien-seurantakehys\",\"name\":\"EU viikossa - Viikko 18: Laajentuminen| Maatalous | Metsien seurantakehys - Eurooppalainen Suomi\",\"isPartOf\":{\"@id\":\"https:\/\/www.eurooppalainensuomi.fi\/#website\"},\"datePublished\":\"2024-05-06T09:53:47+00:00\",\"dateModified\":\"2025-11-05T17:18:23+00:00\",\"breadcrumb\":{\"@id\":\"https:\/\/www.eurooppalainensuomi.fi\/eu-viikossa-viikko-18-laajentuminen-maatalous-metsien-seurantakehys#breadcrumb\"},\"inLanguage\":\"en\",\"potentialAction\":[{\"@type\":\"ReadAction\",\"target\":[\"https:\/\/www.eurooppalainensuomi.fi\/eu-viikossa-viikko-18-laajentuminen-maatalous-metsien-seurantakehys\"]}]},{\"@type\":\"BreadcrumbList\",\"@id\":\"https:\/\/www.eurooppalainensuomi.fi\/eu-viikossa-viikko-18-laajentuminen-maatalous-metsien-seurantakehys#breadcrumb\",\"itemListElement\":[{\"@type\":\"ListItem\",\"position\":1,\"name\":\"Etusivu\",\"item\":\"https:\/\/www.eurooppalainensuomi.fi\/\"},{\"@type\":\"ListItem\",\"position\":2,\"name\":\"EU viikossa &#8211; Viikko 18: Laajentuminen| Maatalous | Metsien seurantakehys\"}]},{\"@type\":\"WebSite\",\"@id\":\"https:\/\/www.eurooppalainensuomi.fi\/#website\",\"url\":\"https:\/\/www.eurooppalainensuomi.fi\/\",\"name\":\"Eurooppalainen Suomi\",\"description\":\"Parempaa Eurooppaa rakentamassa\",\"publisher\":{\"@id\":\"https:\/\/www.eurooppalainensuomi.fi\/#organization\"},\"potentialAction\":[{\"@type\":\"SearchAction\",\"target\":{\"@type\":\"EntryPoint\",\"urlTemplate\":\"https:\/\/www.eurooppalainensuomi.fi\/?s={search_term_string}\"},\"query-input\":\"required name=search_term_string\"}],\"inLanguage\":\"en\"},{\"@type\":\"Organization\",\"@id\":\"https:\/\/www.eurooppalainensuomi.fi\/#organization\",\"name\":\"Eurooppalainen Suomi ry\",\"url\":\"https:\/\/www.eurooppalainensuomi.fi\/\",\"logo\":{\"@type\":\"ImageObject\",\"inLanguage\":\"en\",\"@id\":\"https:\/\/www.eurooppalainensuomi.fi\/#\/schema\/logo\/image\/\",\"url\":\"https:\/\/www.eurooppalainensuomi.fi\/wp-content\/uploads\/2021\/01\/PNG_large.png\",\"contentUrl\":\"https:\/\/www.eurooppalainensuomi.fi\/wp-content\/uploads\/2021\/01\/PNG_large.png\",\"width\":586,\"height\":220,\"caption\":\"Eurooppalainen Suomi ry\"},\"image\":{\"@id\":\"https:\/\/www.eurooppalainensuomi.fi\/#\/schema\/logo\/image\/\"},\"sameAs\":[\"https:\/\/instagram.com\/eurooppalainensuomi\",\"https:\/\/www.youtube.com\/channel\/UCBeqyrm1ze2RinjeAYS_-Jg\",\"https:\/\/fi.wikipedia.org\/wiki\/Eurooppalainen_Suomi\",\"https:\/\/www.facebook.com\/eurooppalainensuomi\",\"https:\/\/twitter.com\/em_finland\"]},{\"@type\":\"Person\",\"@id\":\"https:\/\/www.eurooppalainensuomi.fi\/#\/schema\/person\/9635843384121bb89ed49f8d3129daee\",\"name\":\"Admin\",\"image\":{\"@type\":\"ImageObject\",\"inLanguage\":\"en\",\"@id\":\"https:\/\/www.eurooppalainensuomi.fi\/#\/schema\/person\/image\/\",\"url\":\"https:\/\/secure.gravatar.com\/avatar\/813eb247d5c8e5914db8a949c18b8e26?s=96&d=mm&r=g\",\"contentUrl\":\"https:\/\/secure.gravatar.com\/avatar\/813eb247d5c8e5914db8a949c18b8e26?s=96&d=mm&r=g\",\"caption\":\"Admin\"}}]}<\/script>\n<!-- \/ Yoast SEO plugin. -->","yoast_head_json":{"title":"EU viikossa - Viikko 18: Laajentuminen| Maatalous | Metsien seurantakehys - Eurooppalainen Suomi","robots":{"index":"index","follow":"follow","max-snippet":"max-snippet:-1","max-image-preview":"max-image-preview:large","max-video-preview":"max-video-preview:-1"},"canonical":"https:\/\/www.eurooppalainensuomi.fi\/eu-viikossa-viikko-18-laajentuminen-maatalous-metsien-seurantakehys","og_locale":"en_US","og_type":"article","og_title":"EU viikossa - Viikko 18: Laajentuminen| Maatalous | Metsien seurantakehys - Eurooppalainen Suomi","og_description":"Euroopan parlamentti on p\u00e4\u00e4tt\u00e4nyt parlamentaarisen toimintansa t\u00e4m\u00e4n toimikauden osalta. Maanantaina Maatalous- ja kalastusneuvosto kokoontuu Luxemburgissa keskustelemaan nykytilanteeseen maataloussektorilla. Torstaina komissaari Johansson tapaa Ruotsin p\u00e4\u00e4ministerin Ulf Kristerssonin. Euroopan parlamentti Euroopan parlamentti on p\u00e4\u00e4tt\u00e4nyt parlamentaarisen toimintansa t\u00e4m\u00e4n toimikauden osalta. Toiminta jatkuu Euroopan parlamentin vaalien j\u00e4lkeen, jotka pidet\u00e4\u00e4n 6. ja 9. kes\u00e4kuuta 2024. Euroopan komissio Tiistaina komissaari Simson [&hellip;]","og_url":"https:\/\/www.eurooppalainensuomi.fi\/eu-viikossa-viikko-18-laajentuminen-maatalous-metsien-seurantakehys","og_site_name":"Eurooppalainen Suomi","article_publisher":"https:\/\/www.facebook.com\/eurooppalainensuomi","article_published_time":"2024-05-06T09:53:47+00:00","article_modified_time":"2025-11-05T17:18:23+00:00","author":"Admin","twitter_card":"summary_large_image","twitter_creator":"@em_finland","twitter_site":"@em_finland","twitter_misc":{"Written by":"Admin","Est. reading time":"1 minute"},"schema":{"@context":"https:\/\/schema.org","@graph":[{"@type":"Article","@id":"https:\/\/www.eurooppalainensuomi.fi\/eu-viikossa-viikko-18-laajentuminen-maatalous-metsien-seurantakehys#article","isPartOf":{"@id":"https:\/\/www.eurooppalainensuomi.fi\/eu-viikossa-viikko-18-laajentuminen-maatalous-metsien-seurantakehys"},"author":{"name":"Admin","@id":"https:\/\/www.eurooppalainensuomi.fi\/#\/schema\/person\/9635843384121bb89ed49f8d3129daee"},"headline":"EU viikossa &#8211; Viikko 18: Laajentuminen| Maatalous | Metsien seurantakehys","datePublished":"2024-05-06T09:53:47+00:00","dateModified":"2025-11-05T17:18:23+00:00","mainEntityOfPage":{"@id":"https:\/\/www.eurooppalainensuomi.fi\/eu-viikossa-viikko-18-laajentuminen-maatalous-metsien-seurantakehys"},"wordCount":193,"publisher":{"@id":"https:\/\/www.eurooppalainensuomi.fi\/#organization"},"articleSection":["Ajankohtaista","EU:n viikko","Tiedotteet"],"inLanguage":"en"},{"@type":"WebPage","@id":"https:\/\/www.eurooppalainensuomi.fi\/eu-viikossa-viikko-18-laajentuminen-maatalous-metsien-seurantakehys","url":"https:\/\/www.eurooppalainensuomi.fi\/eu-viikossa-viikko-18-laajentuminen-maatalous-metsien-seurantakehys","name":"EU viikossa - Viikko 18: Laajentuminen| Maatalous | Metsien seurantakehys - Eurooppalainen Suomi","isPartOf":{"@id":"https:\/\/www.eurooppalainensuomi.fi\/#website"},"datePublished":"2024-05-06T09:53:47+00:00","dateModified":"2025-11-05T17:18:23+00:00","breadcrumb":{"@id":"https:\/\/www.eurooppalainensuomi.fi\/eu-viikossa-viikko-18-laajentuminen-maatalous-metsien-seurantakehys#breadcrumb"},"inLanguage":"en","potentialAction":[{"@type":"ReadAction","target":["https:\/\/www.eurooppalainensuomi.fi\/eu-viikossa-viikko-18-laajentuminen-maatalous-metsien-seurantakehys"]}]},{"@type":"BreadcrumbList","@id":"https:\/\/www.eurooppalainensuomi.fi\/eu-viikossa-viikko-18-laajentuminen-maatalous-metsien-seurantakehys#breadcrumb","itemListElement":[{"@type":"ListItem","position":1,"name":"Etusivu","item":"https:\/\/www.eurooppalainensuomi.fi\/"},{"@type":"ListItem","position":2,"name":"EU viikossa &#8211; Viikko 18: Laajentuminen| Maatalous | Metsien seurantakehys"}]},{"@type":"WebSite","@id":"https:\/\/www.eurooppalainensuomi.fi\/#website","url":"https:\/\/www.eurooppalainensuomi.fi\/","name":"Eurooppalainen Suomi","description":"Parempaa Eurooppaa rakentamassa","publisher":{"@id":"https:\/\/www.eurooppalainensuomi.fi\/#organization"},"potentialAction":[{"@type":"SearchAction","target":{"@type":"EntryPoint","urlTemplate":"https:\/\/www.eurooppalainensuomi.fi\/?s={search_term_string}"},"query-input":"required name=search_term_string"}],"inLanguage":"en"},{"@type":"Organization","@id":"https:\/\/www.eurooppalainensuomi.fi\/#organization","name":"Eurooppalainen Suomi ry","url":"https:\/\/www.eurooppalainensuomi.fi\/","logo":{"@type":"ImageObject","inLanguage":"en","@id":"https:\/\/www.eurooppalainensuomi.fi\/#\/schema\/logo\/image\/","url":"https:\/\/www.eurooppalainensuomi.fi\/wp-content\/uploads\/2021\/01\/PNG_large.png","contentUrl":"https:\/\/www.eurooppalainensuomi.fi\/wp-content\/uploads\/2021\/01\/PNG_large.png","width":586,"height":220,"caption":"Eurooppalainen Suomi ry"},"image":{"@id":"https:\/\/www.eurooppalainensuomi.fi\/#\/schema\/logo\/image\/"},"sameAs":["https:\/\/instagram.com\/eurooppalainensuomi","https:\/\/www.youtube.com\/channel\/UCBeqyrm1ze2RinjeAYS_-Jg","https:\/\/fi.wikipedia.org\/wiki\/Eurooppalainen_Suomi","https:\/\/www.facebook.com\/eurooppalainensuomi","https:\/\/twitter.com\/em_finland"]},{"@type":"Person","@id":"https:\/\/www.eurooppalainensuomi.fi\/#\/schema\/person\/9635843384121bb89ed49f8d3129daee","name":"Admin","image":{"@type":"ImageObject","inLanguage":"en","@id":"https:\/\/www.eurooppalainensuomi.fi\/#\/schema\/person\/image\/","url":"https:\/\/secure.gravatar.com\/avatar\/813eb247d5c8e5914db8a949c18b8e26?s=96&d=mm&r=g","contentUrl":"https:\/\/secure.gravatar.com\/avatar\/813eb247d5c8e5914db8a949c18b8e26?s=96&d=mm&r=g","caption":"Admin"}}]}},"jetpack_featured_media_url":"","_links":{"self":[{"href":"https:\/\/www.eurooppalainensuomi.fi\/index.php?rest_route=\/wp\/v2\/posts\/5216"}],"collection":[{"href":"https:\/\/www.eurooppalainensuomi.fi\/index.php?rest_route=\/wp\/v2\/posts"}],"about":[{"href":"https:\/\/www.eurooppalainensuomi.fi\/index.php?rest_route=\/wp\/v2\/types\/post"}],"author":[{"embeddable":true,"href":"https:\/\/www.eurooppalainensuomi.fi\/index.php?rest_route=\/wp\/v2\/users\/4"}],"replies":[{"embeddable":true,"href":"https:\/\/www.eurooppalainensuomi.fi\/index.php?rest_route=%2Fwp%2Fv2%2Fcomments&post=5216"}],"version-history":[{"count":1,"href":"https:\/\/www.eurooppalainensuomi.fi\/index.php?rest_route=\/wp\/v2\/posts\/5216\/revisions"}],"predecessor-version":[{"id":5217,"href":"https:\/\/www.eurooppalainensuomi.fi\/index.php?rest_route=\/wp\/v2\/posts\/5216\/revisions\/5217"}],"wp:attachment":[{"href":"https:\/\/www.eurooppalainensuomi.fi\/index.php?rest_route=%2Fwp%2Fv2%2Fmedia&parent=5216"}],"wp:term":[{"taxonomy":"category","embeddable":true,"href":"https:\/\/www.eurooppalainensuomi.fi\/index.php?rest_route=%2Fwp%2Fv2%2Fcategories&post=5216"},{"taxonomy":"post_tag","embeddable":true,"href":"https:\/\/www.eurooppalainensuomi.fi\/index.php?rest_route=%2Fwp%2Fv2%2Ftags&post=5216"}],"curies":[{"name":"wp","href":"https:\/\/api.w.org\/{rel}","templated":true}]}}