{"id":5147,"date":"2024-04-08T10:08:27","date_gmt":"2024-04-08T08:08:27","guid":{"rendered":"https:\/\/www.eurooppalainensuomi.fi\/?p=5147"},"modified":"2024-04-08T10:08:28","modified_gmt":"2024-04-08T08:08:28","slug":"lansi-balkan-yhtenaismarkkinat-elpymisvaline","status":"publish","type":"post","link":"https:\/\/www.eurooppalainensuomi.fi\/lansi-balkan-yhtenaismarkkinat-elpymisvaline","title":{"rendered":"L\u00e4nsi-Balkan | Yhten\u00e4ismarkkinat | Elpymisv\u00e4line"},"content":{"rendered":"\n<p>T\u00e4ll\u00e4 viikolla Brysseliss\u00e4 j\u00e4rjestet\u00e4\u00e4n useita Euroopan parlamentin valiokuntien kokouksia sek\u00e4 kaksip\u00e4iv\u00e4inen t\u00e4ysistunto, joka pidet\u00e4\u00e4n keskiviikkona ja torstaina. Keskiviikkona komission j\u00e4senten kollegio kokoontuu keskustelemaan yhten\u00e4ismarkkinoiden tulevaisuudesta Enrico Lettan l\u00e4sn\u00e4 ollessa. Perjantaina talous- ja rahoitusasioiden neuvoston ministerit vaihtavat n\u00e4kemyksi\u00e4 ja pyrkiv\u00e4t antamaan p\u00e4\u00e4telm\u00e4t elvytys- ja sopeutumisv\u00e4lineen t\u00e4yt\u00e4nt\u00f6\u00f6npanosta sek\u00e4 Ven\u00e4j\u00e4n Ukrainaa vastaan k\u00e4ym\u00e4n hy\u00f6kk\u00e4yssodan taloudellisten ja rahoituksellisten vaikutusten nykytilanteesta.<\/p>\n\n\n\n<p>Euroopan parlamentti<\/p>\n\n\n\n<p>Maanantaina ulkoasiainvaliokunta (AFET) ja kehitysyhteisty\u00f6valiokunta (DEVE) k\u00e4yv\u00e4t geopoliittista vuoropuhelua naapuruus- ja laajentumisasioista vastaavan komissaarin Oliv\u00e9r V\u00e1rhelyin kanssa. Tiistaina ulkoasiainvaliokunta (AFET) ja budjettivaliokunta (BUDG) \u00e4\u00e4nest\u00e4v\u00e4t L\u00e4nsi-Balkanin uudistus- ja kasvurahastoa koskevan mietinn\u00f6n laatimisesta. Keskiviikkona Euroopan parlamentin j\u00e4senet \u00e4\u00e4nest\u00e4v\u00e4t turvapaikka- ja maahanmuuton hallintaa koskevasta mietinn\u00f6st\u00e4.<\/p>\n\n\n\n<p>Euroopan komissio<\/p>\n\n\n\n<p>Euroopan komissio<\/p>\n\n\n\n<p>Maanantaina komissaari Kadri Simson tapaa luonnonvaroista ja Pohjois-Australiasta vastaavan ministerin Madeleine Kingin, ja tiistaina varapuheenjohtaja Margaritis Schinas is\u00e4nn\u00f6i poliittista vuoropuhelua nuorten eurooppalaisten kanssa Brysseliss\u00e4. Perjantaina komissaarit Margrethe Vestager, Valdis Dombrovskis ja Thierry Breton osallistuvat sidosryhmille suunnattuun keskustelutilaisuuteen, jonka aiheena on &#8220;TTC:n saavutukset muuttuvassa maailmassa ja EU:n ja Yhdysvaltojen kauppa- ja teknologiayhteisty\u00f6n tulevaisuus&#8221;.<\/p>\n\n\n\n<p>Euroopan unionin neuvosto<\/p>\n\n\n\n<p>Sunnuntaista tiistaihin Limburgissa j\u00e4rjestet\u00e4\u00e4n maatalousministerien ep\u00e4virallinen kokous. Tiistaina ja keskiviikkona poliisiyhteisty\u00f6n ja rikosasioissa teht\u00e4v\u00e4n oikeudellisen yhteisty\u00f6n koordinointikomitea (CATS) pit\u00e4\u00e4 ep\u00e4virallisen kokouksen Gentiss\u00e4, ja torstaina ministerit kokoontuvat euroryhm\u00e4\u00e4n. Perjantaina pidet\u00e4\u00e4n my\u00f6s televiestint\u00e4ministerien ep\u00e4virallinen kokous.<\/p>\n\n\n\n<p>Suuri valiokunta<\/p>\n\n\n\n<p>Suuri valiokunta p\u00e4\u00e4tti perjantain kokouksessaan eduskunnan kannat mm. neuvotteluihin asetuksesta el\u00e4inten suojelusta kuljetusten aikana sek\u00e4 neuvotteluihin asetuksesta Euroopan osaajareservin perustamiseksi. El\u00e4inten suojelua kuljetuksen aikana koskevalla ehdotuksella pyrit\u00e4\u00e4n mm. parantamaan el\u00e4inten hyvinvointia kuljetuksen aikana sek\u00e4 edist\u00e4m\u00e4\u00e4n lihan ja sukusolujen kuljetusta el\u00e4vien el\u00e4inten sijaan. Asetuksella EU:n osaajareserviksi perustettaisiin EU-tason alusta kolmansien maiden ty\u00f6nhakijoiden ja j\u00e4senvaltioihin perustettujen ty\u00f6nantajien yhteen saattamisen edist\u00e4miseksi. Lis\u00e4ksi suuri valiokunta valmisteli kokouksessaan lausuntoa Suomen EU-avaintavoitteista vuosille 2024\u201329. Valiokunnan on tarkoitus antaa lausuntonsa huhtikuun lopulla.<\/p>\n","protected":false},"excerpt":{"rendered":"<p>T\u00e4ll\u00e4 viikolla Brysseliss\u00e4 j\u00e4rjestet\u00e4\u00e4n useita Euroopan parlamentin valiokuntien kokouksia sek\u00e4 kaksip\u00e4iv\u00e4inen t\u00e4ysistunto, joka pidet\u00e4\u00e4n keskiviikkona ja torstaina. Keskiviikkona komission j\u00e4senten kollegio kokoontuu keskustelemaan yhten\u00e4ismarkkinoiden tulevaisuudesta Enrico Lettan l\u00e4sn\u00e4 ollessa. Perjantaina talous- ja rahoitusasioiden neuvoston ministerit vaihtavat n\u00e4kemyksi\u00e4 ja pyrkiv\u00e4t antamaan p\u00e4\u00e4telm\u00e4t elvytys- ja sopeutumisv\u00e4lineen t\u00e4yt\u00e4nt\u00f6\u00f6npanosta sek\u00e4 Ven\u00e4j\u00e4n Ukrainaa vastaan k\u00e4ym\u00e4n hy\u00f6kk\u00e4yssodan taloudellisten ja rahoituksellisten vaikutusten [&hellip;]<\/p>\n","protected":false},"author":4,"featured_media":4594,"comment_status":"closed","ping_status":"closed","sticky":false,"template":"","format":"standard","meta":{"_et_pb_use_builder":"off","_et_pb_old_content":"","_et_gb_content_width":""},"categories":[8,9],"tags":[],"yoast_head":"<!-- This site is optimized with the Yoast SEO plugin v19.13 - https:\/\/yoast.com\/wordpress\/plugins\/seo\/ -->\n<title>L\u00e4nsi-Balkan | Yhten\u00e4ismarkkinat | Elpymisv\u00e4line - Eurooppalainen Suomi<\/title>\n<meta name=\"robots\" content=\"index, follow, max-snippet:-1, max-image-preview:large, max-video-preview:-1\" \/>\n<link rel=\"canonical\" href=\"https:\/\/www.eurooppalainensuomi.fi\/lansi-balkan-yhtenaismarkkinat-elpymisvaline\" \/>\n<meta property=\"og:locale\" content=\"en_US\" \/>\n<meta property=\"og:type\" content=\"article\" \/>\n<meta property=\"og:title\" content=\"L\u00e4nsi-Balkan | Yhten\u00e4ismarkkinat | Elpymisv\u00e4line - Eurooppalainen Suomi\" \/>\n<meta property=\"og:description\" content=\"T\u00e4ll\u00e4 viikolla Brysseliss\u00e4 j\u00e4rjestet\u00e4\u00e4n useita Euroopan parlamentin valiokuntien kokouksia sek\u00e4 kaksip\u00e4iv\u00e4inen t\u00e4ysistunto, joka pidet\u00e4\u00e4n keskiviikkona ja torstaina. Keskiviikkona komission j\u00e4senten kollegio kokoontuu keskustelemaan yhten\u00e4ismarkkinoiden tulevaisuudesta Enrico Lettan l\u00e4sn\u00e4 ollessa. Perjantaina talous- ja rahoitusasioiden neuvoston ministerit vaihtavat n\u00e4kemyksi\u00e4 ja pyrkiv\u00e4t antamaan p\u00e4\u00e4telm\u00e4t elvytys- ja sopeutumisv\u00e4lineen t\u00e4yt\u00e4nt\u00f6\u00f6npanosta sek\u00e4 Ven\u00e4j\u00e4n Ukrainaa vastaan k\u00e4ym\u00e4n hy\u00f6kk\u00e4yssodan taloudellisten ja rahoituksellisten vaikutusten [&hellip;]\" \/>\n<meta property=\"og:url\" content=\"https:\/\/www.eurooppalainensuomi.fi\/lansi-balkan-yhtenaismarkkinat-elpymisvaline\" \/>\n<meta property=\"og:site_name\" content=\"Eurooppalainen Suomi\" \/>\n<meta property=\"article:publisher\" content=\"https:\/\/www.facebook.com\/eurooppalainensuomi\" \/>\n<meta property=\"article:published_time\" content=\"2024-04-08T08:08:27+00:00\" \/>\n<meta property=\"article:modified_time\" content=\"2024-04-08T08:08:28+00:00\" \/>\n<meta property=\"og:image\" content=\"https:\/\/www.eurooppalainensuomi.fi\/wp-content\/uploads\/2022\/12\/Sivu1-Kuva-1-ja-6-scaled.jpg\" \/>\n\t<meta property=\"og:image:width\" content=\"2560\" \/>\n\t<meta property=\"og:image:height\" content=\"1707\" \/>\n\t<meta property=\"og:image:type\" content=\"image\/jpeg\" \/>\n<meta name=\"author\" content=\"Admin\" \/>\n<meta name=\"twitter:card\" content=\"summary_large_image\" \/>\n<meta name=\"twitter:creator\" content=\"@em_finland\" \/>\n<meta name=\"twitter:site\" content=\"@em_finland\" \/>\n<meta name=\"twitter:label1\" content=\"Written by\" \/>\n\t<meta name=\"twitter:data1\" content=\"Admin\" \/>\n\t<meta name=\"twitter:label2\" content=\"Est. reading time\" \/>\n\t<meta name=\"twitter:data2\" content=\"2 minutes\" \/>\n<script type=\"application\/ld+json\" class=\"yoast-schema-graph\">{\"@context\":\"https:\/\/schema.org\",\"@graph\":[{\"@type\":\"Article\",\"@id\":\"https:\/\/www.eurooppalainensuomi.fi\/lansi-balkan-yhtenaismarkkinat-elpymisvaline#article\",\"isPartOf\":{\"@id\":\"https:\/\/www.eurooppalainensuomi.fi\/lansi-balkan-yhtenaismarkkinat-elpymisvaline\"},\"author\":{\"name\":\"Admin\",\"@id\":\"https:\/\/www.eurooppalainensuomi.fi\/#\/schema\/person\/9635843384121bb89ed49f8d3129daee\"},\"headline\":\"L\u00e4nsi-Balkan | Yhten\u00e4ismarkkinat | Elpymisv\u00e4line\",\"datePublished\":\"2024-04-08T08:08:27+00:00\",\"dateModified\":\"2024-04-08T08:08:28+00:00\",\"mainEntityOfPage\":{\"@id\":\"https:\/\/www.eurooppalainensuomi.fi\/lansi-balkan-yhtenaismarkkinat-elpymisvaline\"},\"wordCount\":344,\"publisher\":{\"@id\":\"https:\/\/www.eurooppalainensuomi.fi\/#organization\"},\"articleSection\":[\"Ajankohtaista\",\"Uutiset\"],\"inLanguage\":\"en\"},{\"@type\":\"WebPage\",\"@id\":\"https:\/\/www.eurooppalainensuomi.fi\/lansi-balkan-yhtenaismarkkinat-elpymisvaline\",\"url\":\"https:\/\/www.eurooppalainensuomi.fi\/lansi-balkan-yhtenaismarkkinat-elpymisvaline\",\"name\":\"L\u00e4nsi-Balkan | Yhten\u00e4ismarkkinat | Elpymisv\u00e4line - Eurooppalainen Suomi\",\"isPartOf\":{\"@id\":\"https:\/\/www.eurooppalainensuomi.fi\/#website\"},\"datePublished\":\"2024-04-08T08:08:27+00:00\",\"dateModified\":\"2024-04-08T08:08:28+00:00\",\"breadcrumb\":{\"@id\":\"https:\/\/www.eurooppalainensuomi.fi\/lansi-balkan-yhtenaismarkkinat-elpymisvaline#breadcrumb\"},\"inLanguage\":\"en\",\"potentialAction\":[{\"@type\":\"ReadAction\",\"target\":[\"https:\/\/www.eurooppalainensuomi.fi\/lansi-balkan-yhtenaismarkkinat-elpymisvaline\"]}]},{\"@type\":\"BreadcrumbList\",\"@id\":\"https:\/\/www.eurooppalainensuomi.fi\/lansi-balkan-yhtenaismarkkinat-elpymisvaline#breadcrumb\",\"itemListElement\":[{\"@type\":\"ListItem\",\"position\":1,\"name\":\"Etusivu\",\"item\":\"https:\/\/www.eurooppalainensuomi.fi\/\"},{\"@type\":\"ListItem\",\"position\":2,\"name\":\"L\u00e4nsi-Balkan | Yhten\u00e4ismarkkinat | Elpymisv\u00e4line\"}]},{\"@type\":\"WebSite\",\"@id\":\"https:\/\/www.eurooppalainensuomi.fi\/#website\",\"url\":\"https:\/\/www.eurooppalainensuomi.fi\/\",\"name\":\"Eurooppalainen Suomi\",\"description\":\"Parempaa Eurooppaa rakentamassa\",\"publisher\":{\"@id\":\"https:\/\/www.eurooppalainensuomi.fi\/#organization\"},\"potentialAction\":[{\"@type\":\"SearchAction\",\"target\":{\"@type\":\"EntryPoint\",\"urlTemplate\":\"https:\/\/www.eurooppalainensuomi.fi\/?s={search_term_string}\"},\"query-input\":\"required name=search_term_string\"}],\"inLanguage\":\"en\"},{\"@type\":\"Organization\",\"@id\":\"https:\/\/www.eurooppalainensuomi.fi\/#organization\",\"name\":\"Eurooppalainen Suomi ry\",\"url\":\"https:\/\/www.eurooppalainensuomi.fi\/\",\"logo\":{\"@type\":\"ImageObject\",\"inLanguage\":\"en\",\"@id\":\"https:\/\/www.eurooppalainensuomi.fi\/#\/schema\/logo\/image\/\",\"url\":\"https:\/\/www.eurooppalainensuomi.fi\/wp-content\/uploads\/2021\/01\/PNG_large.png\",\"contentUrl\":\"https:\/\/www.eurooppalainensuomi.fi\/wp-content\/uploads\/2021\/01\/PNG_large.png\",\"width\":586,\"height\":220,\"caption\":\"Eurooppalainen Suomi ry\"},\"image\":{\"@id\":\"https:\/\/www.eurooppalainensuomi.fi\/#\/schema\/logo\/image\/\"},\"sameAs\":[\"https:\/\/instagram.com\/eurooppalainensuomi\",\"https:\/\/www.youtube.com\/channel\/UCBeqyrm1ze2RinjeAYS_-Jg\",\"https:\/\/fi.wikipedia.org\/wiki\/Eurooppalainen_Suomi\",\"https:\/\/www.facebook.com\/eurooppalainensuomi\",\"https:\/\/twitter.com\/em_finland\"]},{\"@type\":\"Person\",\"@id\":\"https:\/\/www.eurooppalainensuomi.fi\/#\/schema\/person\/9635843384121bb89ed49f8d3129daee\",\"name\":\"Admin\",\"image\":{\"@type\":\"ImageObject\",\"inLanguage\":\"en\",\"@id\":\"https:\/\/www.eurooppalainensuomi.fi\/#\/schema\/person\/image\/\",\"url\":\"https:\/\/secure.gravatar.com\/avatar\/813eb247d5c8e5914db8a949c18b8e26?s=96&d=mm&r=g\",\"contentUrl\":\"https:\/\/secure.gravatar.com\/avatar\/813eb247d5c8e5914db8a949c18b8e26?s=96&d=mm&r=g\",\"caption\":\"Admin\"}}]}<\/script>\n<!-- \/ Yoast SEO plugin. -->","yoast_head_json":{"title":"L\u00e4nsi-Balkan | Yhten\u00e4ismarkkinat | Elpymisv\u00e4line - Eurooppalainen Suomi","robots":{"index":"index","follow":"follow","max-snippet":"max-snippet:-1","max-image-preview":"max-image-preview:large","max-video-preview":"max-video-preview:-1"},"canonical":"https:\/\/www.eurooppalainensuomi.fi\/lansi-balkan-yhtenaismarkkinat-elpymisvaline","og_locale":"en_US","og_type":"article","og_title":"L\u00e4nsi-Balkan | Yhten\u00e4ismarkkinat | Elpymisv\u00e4line - Eurooppalainen Suomi","og_description":"T\u00e4ll\u00e4 viikolla Brysseliss\u00e4 j\u00e4rjestet\u00e4\u00e4n useita Euroopan parlamentin valiokuntien kokouksia sek\u00e4 kaksip\u00e4iv\u00e4inen t\u00e4ysistunto, joka pidet\u00e4\u00e4n keskiviikkona ja torstaina. Keskiviikkona komission j\u00e4senten kollegio kokoontuu keskustelemaan yhten\u00e4ismarkkinoiden tulevaisuudesta Enrico Lettan l\u00e4sn\u00e4 ollessa. Perjantaina talous- ja rahoitusasioiden neuvoston ministerit vaihtavat n\u00e4kemyksi\u00e4 ja pyrkiv\u00e4t antamaan p\u00e4\u00e4telm\u00e4t elvytys- ja sopeutumisv\u00e4lineen t\u00e4yt\u00e4nt\u00f6\u00f6npanosta sek\u00e4 Ven\u00e4j\u00e4n Ukrainaa vastaan k\u00e4ym\u00e4n hy\u00f6kk\u00e4yssodan taloudellisten ja rahoituksellisten vaikutusten [&hellip;]","og_url":"https:\/\/www.eurooppalainensuomi.fi\/lansi-balkan-yhtenaismarkkinat-elpymisvaline","og_site_name":"Eurooppalainen Suomi","article_publisher":"https:\/\/www.facebook.com\/eurooppalainensuomi","article_published_time":"2024-04-08T08:08:27+00:00","article_modified_time":"2024-04-08T08:08:28+00:00","og_image":[{"width":2560,"height":1707,"url":"https:\/\/www.eurooppalainensuomi.fi\/wp-content\/uploads\/2022\/12\/Sivu1-Kuva-1-ja-6-scaled.jpg","type":"image\/jpeg"}],"author":"Admin","twitter_card":"summary_large_image","twitter_creator":"@em_finland","twitter_site":"@em_finland","twitter_misc":{"Written by":"Admin","Est. reading time":"2 minutes"},"schema":{"@context":"https:\/\/schema.org","@graph":[{"@type":"Article","@id":"https:\/\/www.eurooppalainensuomi.fi\/lansi-balkan-yhtenaismarkkinat-elpymisvaline#article","isPartOf":{"@id":"https:\/\/www.eurooppalainensuomi.fi\/lansi-balkan-yhtenaismarkkinat-elpymisvaline"},"author":{"name":"Admin","@id":"https:\/\/www.eurooppalainensuomi.fi\/#\/schema\/person\/9635843384121bb89ed49f8d3129daee"},"headline":"L\u00e4nsi-Balkan | Yhten\u00e4ismarkkinat | Elpymisv\u00e4line","datePublished":"2024-04-08T08:08:27+00:00","dateModified":"2024-04-08T08:08:28+00:00","mainEntityOfPage":{"@id":"https:\/\/www.eurooppalainensuomi.fi\/lansi-balkan-yhtenaismarkkinat-elpymisvaline"},"wordCount":344,"publisher":{"@id":"https:\/\/www.eurooppalainensuomi.fi\/#organization"},"articleSection":["Ajankohtaista","Uutiset"],"inLanguage":"en"},{"@type":"WebPage","@id":"https:\/\/www.eurooppalainensuomi.fi\/lansi-balkan-yhtenaismarkkinat-elpymisvaline","url":"https:\/\/www.eurooppalainensuomi.fi\/lansi-balkan-yhtenaismarkkinat-elpymisvaline","name":"L\u00e4nsi-Balkan | Yhten\u00e4ismarkkinat | Elpymisv\u00e4line - Eurooppalainen Suomi","isPartOf":{"@id":"https:\/\/www.eurooppalainensuomi.fi\/#website"},"datePublished":"2024-04-08T08:08:27+00:00","dateModified":"2024-04-08T08:08:28+00:00","breadcrumb":{"@id":"https:\/\/www.eurooppalainensuomi.fi\/lansi-balkan-yhtenaismarkkinat-elpymisvaline#breadcrumb"},"inLanguage":"en","potentialAction":[{"@type":"ReadAction","target":["https:\/\/www.eurooppalainensuomi.fi\/lansi-balkan-yhtenaismarkkinat-elpymisvaline"]}]},{"@type":"BreadcrumbList","@id":"https:\/\/www.eurooppalainensuomi.fi\/lansi-balkan-yhtenaismarkkinat-elpymisvaline#breadcrumb","itemListElement":[{"@type":"ListItem","position":1,"name":"Etusivu","item":"https:\/\/www.eurooppalainensuomi.fi\/"},{"@type":"ListItem","position":2,"name":"L\u00e4nsi-Balkan | Yhten\u00e4ismarkkinat | Elpymisv\u00e4line"}]},{"@type":"WebSite","@id":"https:\/\/www.eurooppalainensuomi.fi\/#website","url":"https:\/\/www.eurooppalainensuomi.fi\/","name":"Eurooppalainen Suomi","description":"Parempaa Eurooppaa rakentamassa","publisher":{"@id":"https:\/\/www.eurooppalainensuomi.fi\/#organization"},"potentialAction":[{"@type":"SearchAction","target":{"@type":"EntryPoint","urlTemplate":"https:\/\/www.eurooppalainensuomi.fi\/?s={search_term_string}"},"query-input":"required name=search_term_string"}],"inLanguage":"en"},{"@type":"Organization","@id":"https:\/\/www.eurooppalainensuomi.fi\/#organization","name":"Eurooppalainen Suomi ry","url":"https:\/\/www.eurooppalainensuomi.fi\/","logo":{"@type":"ImageObject","inLanguage":"en","@id":"https:\/\/www.eurooppalainensuomi.fi\/#\/schema\/logo\/image\/","url":"https:\/\/www.eurooppalainensuomi.fi\/wp-content\/uploads\/2021\/01\/PNG_large.png","contentUrl":"https:\/\/www.eurooppalainensuomi.fi\/wp-content\/uploads\/2021\/01\/PNG_large.png","width":586,"height":220,"caption":"Eurooppalainen Suomi ry"},"image":{"@id":"https:\/\/www.eurooppalainensuomi.fi\/#\/schema\/logo\/image\/"},"sameAs":["https:\/\/instagram.com\/eurooppalainensuomi","https:\/\/www.youtube.com\/channel\/UCBeqyrm1ze2RinjeAYS_-Jg","https:\/\/fi.wikipedia.org\/wiki\/Eurooppalainen_Suomi","https:\/\/www.facebook.com\/eurooppalainensuomi","https:\/\/twitter.com\/em_finland"]},{"@type":"Person","@id":"https:\/\/www.eurooppalainensuomi.fi\/#\/schema\/person\/9635843384121bb89ed49f8d3129daee","name":"Admin","image":{"@type":"ImageObject","inLanguage":"en","@id":"https:\/\/www.eurooppalainensuomi.fi\/#\/schema\/person\/image\/","url":"https:\/\/secure.gravatar.com\/avatar\/813eb247d5c8e5914db8a949c18b8e26?s=96&d=mm&r=g","contentUrl":"https:\/\/secure.gravatar.com\/avatar\/813eb247d5c8e5914db8a949c18b8e26?s=96&d=mm&r=g","caption":"Admin"}}]}},"jetpack_featured_media_url":"https:\/\/www.eurooppalainensuomi.fi\/wp-content\/uploads\/2022\/12\/Sivu1-Kuva-1-ja-6-scaled.jpg","_links":{"self":[{"href":"https:\/\/www.eurooppalainensuomi.fi\/index.php?rest_route=\/wp\/v2\/posts\/5147"}],"collection":[{"href":"https:\/\/www.eurooppalainensuomi.fi\/index.php?rest_route=\/wp\/v2\/posts"}],"about":[{"href":"https:\/\/www.eurooppalainensuomi.fi\/index.php?rest_route=\/wp\/v2\/types\/post"}],"author":[{"embeddable":true,"href":"https:\/\/www.eurooppalainensuomi.fi\/index.php?rest_route=\/wp\/v2\/users\/4"}],"replies":[{"embeddable":true,"href":"https:\/\/www.eurooppalainensuomi.fi\/index.php?rest_route=%2Fwp%2Fv2%2Fcomments&post=5147"}],"version-history":[{"count":1,"href":"https:\/\/www.eurooppalainensuomi.fi\/index.php?rest_route=\/wp\/v2\/posts\/5147\/revisions"}],"predecessor-version":[{"id":5148,"href":"https:\/\/www.eurooppalainensuomi.fi\/index.php?rest_route=\/wp\/v2\/posts\/5147\/revisions\/5148"}],"wp:featuredmedia":[{"embeddable":true,"href":"https:\/\/www.eurooppalainensuomi.fi\/index.php?rest_route=\/wp\/v2\/media\/4594"}],"wp:attachment":[{"href":"https:\/\/www.eurooppalainensuomi.fi\/index.php?rest_route=%2Fwp%2Fv2%2Fmedia&parent=5147"}],"wp:term":[{"taxonomy":"category","embeddable":true,"href":"https:\/\/www.eurooppalainensuomi.fi\/index.php?rest_route=%2Fwp%2Fv2%2Fcategories&post=5147"},{"taxonomy":"post_tag","embeddable":true,"href":"https:\/\/www.eurooppalainensuomi.fi\/index.php?rest_route=%2Fwp%2Fv2%2Ftags&post=5147"}],"curies":[{"name":"wp","href":"https:\/\/api.w.org\/{rel}","templated":true}]}}