{"id":5117,"date":"2024-03-05T10:30:15","date_gmt":"2024-03-05T08:30:15","guid":{"rendered":"https:\/\/www.eurooppalainensuomi.fi\/?p=5117"},"modified":"2024-03-05T10:30:18","modified_gmt":"2024-03-05T08:30:18","slug":"kansainvalinen-naistenpaiva-puolustus-schengen","status":"publish","type":"post","link":"https:\/\/www.eurooppalainensuomi.fi\/kansainvalinen-naistenpaiva-puolustus-schengen","title":{"rendered":"Kansainv\u00e4linen naistenp\u00e4iv\u00e4 | Puolustus | Schengen"},"content":{"rendered":"\n<p>T\u00e4ll\u00e4 viikolla pidet\u00e4\u00e4n useita Euroopan parlamentin valiokuntien kokouksia. Torstaina naisten oikeuksien ja sukupuolten tasa-arvon valiokunta (FEMM) pit\u00e4\u00e4 parlamenttien v\u00e4lisen valiokuntakokouksen kansainv\u00e4lisen naistenp\u00e4iv\u00e4n kunniaksi. Maanantaina oikeus- ja sis\u00e4asioiden neuvosto kokoontuu keskustelemaan Schengen-alueen yleisest\u00e4 tilanteesta ja Euroopan vapaata matkustusaluetta koskevista asioista, ja tiistaina EU:n komission j\u00e4senet kokoontuvat Brysseliin keskustelemaan Euroopan puolustusteollisuusstrategiasta (EDIS) ja Euroopan puolustusalan investointiohjelmasta (EDIP).&nbsp;<\/p>\n\n\n\n<p>Euroopan parlamentti<\/p>\n\n\n\n<p>Maanantaina Euroopan parlamentin j\u00e4senet keskustelevat talouskumppanuus- ja investointisopimusten vaikutuksesta kehitysmaihin. Keskiviikkona ymp\u00e4rist\u00f6n, kansanterveyden ja elintarvikkeiden turvallisuuden valiokunnan (ENVI) ja liikenne- ja matkailuvaliokunnan (TRAN) yhteiskokouksessa \u00e4\u00e4nestet\u00e4\u00e4n liikennepalvelujen kasvihuonekaasup\u00e4\u00e4st\u00f6jen kirjanpidosta. Torstaina parlamentaarikot \u00e4\u00e4nest\u00e4v\u00e4t v\u00e4liaikaisista kaupan vapauttamistoimenpiteist\u00e4, joilla t\u00e4ydennet\u00e4\u00e4n Euroopan unionin ja Euroopan atomienergiayhteis\u00f6n ja niiden j\u00e4senvaltioiden v\u00e4lisen assosiaatiosopimuksen mukaisia ukrainalaisiin tuotteisiin sovellettavia kauppamy\u00f6nnytyksi\u00e4.<\/p>\n\n\n\n<p>Euroopan komissio<\/p>\n\n\n\n<p>Maanantaina varapuheenjohtaja Dubravka Suica ottaa vastaan Konrad Adenauer s\u00e4\u00e4ti\u00f6n Multinational Development Policy Dialogue ja International Women&#8217;s Democracy Unionin valtuuskunnan, ja tiistaina komissaari Maro\u0161 \u0160ef\u010dovi\u010d pit\u00e4\u00e4 p\u00e4\u00e4puheenvuoron energiamuutosfoorumissa. Perjantaina komissaari Iliana Ivanova pit\u00e4\u00e4 videoviestin Euroopan tasa-arvoinstituutin konferenssissa vihre\u00e4st\u00e4 sopimuksesta ja sukupuolten tasa-arvosta.<\/p>\n\n\n\n<p>Eurooppaneuvosto<\/p>\n\n\n\n<p>Maanantaina liikenne-, televiestint\u00e4- ja energianeuvostossa ministerit k\u00e4sittelev\u00e4t toimitusvarmuuden tilannetta ja talven 2024-2025 valmisteluita, ja torstaina kilpailukykyneuvostossa ministerit keskustelevat raportista, joka koskee viiv\u00e4stysmaksuja koskevaa asetusta koskevan sopimuksen aikaansaamiseksi tehtyjen t\u00f6iden edistymist\u00e4. Maanantaina ja tiistaina Euroopan unionin neuvoston puheenjohtajavaltio Belgia is\u00e4nn\u00f6i oikeudenmukaista siirtym\u00e4\u00e4 k\u00e4sittelev\u00e4\u00e4 eurooppalaista konferenssia, jossa keskityt\u00e4\u00e4n erityisesti vihre\u00e4n sopimuksen sosiaalisiin ulottuvuuksiin.<\/p>\n\n\n\n<p>Suuri valiokunta<\/p>\n\n\n\n<p>Suuri valiokunta kuulee keskiviikkona Suomen Euroopan parlamentin j\u00e4seni\u00e4 Suomen avaintavoitteista tulevalle EU-vaalikaudelle. Julkista kuulemista voi seurata suorana l\u00e4hetyksen\u00e4 eduskunnan nettisivuilta. Perjantaina valiokunta kuulee selvityksi\u00e4 EU:n neuvoston kokousten valmisteluista seuraavalle viikolle.&nbsp;<\/p>\n","protected":false},"excerpt":{"rendered":"<p>T\u00e4ll\u00e4 viikolla pidet\u00e4\u00e4n useita Euroopan parlamentin valiokuntien kokouksia. Torstaina naisten oikeuksien ja sukupuolten tasa-arvon valiokunta (FEMM) pit\u00e4\u00e4 parlamenttien v\u00e4lisen valiokuntakokouksen kansainv\u00e4lisen naistenp\u00e4iv\u00e4n kunniaksi. Maanantaina oikeus- ja sis\u00e4asioiden neuvosto kokoontuu keskustelemaan Schengen-alueen yleisest\u00e4 tilanteesta ja Euroopan vapaata matkustusaluetta koskevista asioista, ja tiistaina EU:n komission j\u00e4senet kokoontuvat Brysseliin keskustelemaan Euroopan puolustusteollisuusstrategiasta (EDIS) ja Euroopan puolustusalan investointiohjelmasta (EDIP).&nbsp; [&hellip;]<\/p>\n","protected":false},"author":4,"featured_media":4594,"comment_status":"closed","ping_status":"closed","sticky":false,"template":"","format":"standard","meta":{"_et_pb_use_builder":"","_et_pb_old_content":"","_et_gb_content_width":""},"categories":[8],"tags":[],"yoast_head":"<!-- This site is optimized with the Yoast SEO plugin v19.13 - https:\/\/yoast.com\/wordpress\/plugins\/seo\/ -->\n<title>Kansainv\u00e4linen naistenp\u00e4iv\u00e4 | Puolustus | Schengen - Eurooppalainen Suomi<\/title>\n<meta name=\"robots\" content=\"index, follow, max-snippet:-1, max-image-preview:large, max-video-preview:-1\" \/>\n<link rel=\"canonical\" href=\"https:\/\/www.eurooppalainensuomi.fi\/kansainvalinen-naistenpaiva-puolustus-schengen\" \/>\n<meta property=\"og:locale\" content=\"en_US\" \/>\n<meta property=\"og:type\" content=\"article\" \/>\n<meta property=\"og:title\" content=\"Kansainv\u00e4linen naistenp\u00e4iv\u00e4 | Puolustus | Schengen - Eurooppalainen Suomi\" \/>\n<meta property=\"og:description\" content=\"T\u00e4ll\u00e4 viikolla pidet\u00e4\u00e4n useita Euroopan parlamentin valiokuntien kokouksia. Torstaina naisten oikeuksien ja sukupuolten tasa-arvon valiokunta (FEMM) pit\u00e4\u00e4 parlamenttien v\u00e4lisen valiokuntakokouksen kansainv\u00e4lisen naistenp\u00e4iv\u00e4n kunniaksi. Maanantaina oikeus- ja sis\u00e4asioiden neuvosto kokoontuu keskustelemaan Schengen-alueen yleisest\u00e4 tilanteesta ja Euroopan vapaata matkustusaluetta koskevista asioista, ja tiistaina EU:n komission j\u00e4senet kokoontuvat Brysseliin keskustelemaan Euroopan puolustusteollisuusstrategiasta (EDIS) ja Euroopan puolustusalan investointiohjelmasta (EDIP).&nbsp; [&hellip;]\" \/>\n<meta property=\"og:url\" content=\"https:\/\/www.eurooppalainensuomi.fi\/kansainvalinen-naistenpaiva-puolustus-schengen\" \/>\n<meta property=\"og:site_name\" content=\"Eurooppalainen Suomi\" \/>\n<meta property=\"article:publisher\" content=\"https:\/\/www.facebook.com\/eurooppalainensuomi\" \/>\n<meta property=\"article:published_time\" content=\"2024-03-05T08:30:15+00:00\" \/>\n<meta property=\"article:modified_time\" content=\"2024-03-05T08:30:18+00:00\" \/>\n<meta property=\"og:image\" content=\"https:\/\/www.eurooppalainensuomi.fi\/wp-content\/uploads\/2022\/12\/Sivu1-Kuva-1-ja-6-scaled.jpg\" \/>\n\t<meta property=\"og:image:width\" content=\"2560\" \/>\n\t<meta property=\"og:image:height\" content=\"1707\" \/>\n\t<meta property=\"og:image:type\" content=\"image\/jpeg\" \/>\n<meta name=\"author\" content=\"Admin\" \/>\n<meta name=\"twitter:card\" content=\"summary_large_image\" \/>\n<meta name=\"twitter:creator\" content=\"@em_finland\" \/>\n<meta name=\"twitter:site\" content=\"@em_finland\" \/>\n<meta name=\"twitter:label1\" content=\"Written by\" \/>\n\t<meta name=\"twitter:data1\" content=\"Admin\" \/>\n\t<meta name=\"twitter:label2\" content=\"Est. reading time\" \/>\n\t<meta name=\"twitter:data2\" content=\"2 minutes\" \/>\n<script type=\"application\/ld+json\" class=\"yoast-schema-graph\">{\"@context\":\"https:\/\/schema.org\",\"@graph\":[{\"@type\":\"Article\",\"@id\":\"https:\/\/www.eurooppalainensuomi.fi\/kansainvalinen-naistenpaiva-puolustus-schengen#article\",\"isPartOf\":{\"@id\":\"https:\/\/www.eurooppalainensuomi.fi\/kansainvalinen-naistenpaiva-puolustus-schengen\"},\"author\":{\"name\":\"Admin\",\"@id\":\"https:\/\/www.eurooppalainensuomi.fi\/#\/schema\/person\/9635843384121bb89ed49f8d3129daee\"},\"headline\":\"Kansainv\u00e4linen naistenp\u00e4iv\u00e4 | Puolustus | Schengen\",\"datePublished\":\"2024-03-05T08:30:15+00:00\",\"dateModified\":\"2024-03-05T08:30:18+00:00\",\"mainEntityOfPage\":{\"@id\":\"https:\/\/www.eurooppalainensuomi.fi\/kansainvalinen-naistenpaiva-puolustus-schengen\"},\"wordCount\":285,\"publisher\":{\"@id\":\"https:\/\/www.eurooppalainensuomi.fi\/#organization\"},\"articleSection\":[\"Ajankohtaista\"],\"inLanguage\":\"en\"},{\"@type\":\"WebPage\",\"@id\":\"https:\/\/www.eurooppalainensuomi.fi\/kansainvalinen-naistenpaiva-puolustus-schengen\",\"url\":\"https:\/\/www.eurooppalainensuomi.fi\/kansainvalinen-naistenpaiva-puolustus-schengen\",\"name\":\"Kansainv\u00e4linen naistenp\u00e4iv\u00e4 | Puolustus | Schengen - Eurooppalainen Suomi\",\"isPartOf\":{\"@id\":\"https:\/\/www.eurooppalainensuomi.fi\/#website\"},\"datePublished\":\"2024-03-05T08:30:15+00:00\",\"dateModified\":\"2024-03-05T08:30:18+00:00\",\"breadcrumb\":{\"@id\":\"https:\/\/www.eurooppalainensuomi.fi\/kansainvalinen-naistenpaiva-puolustus-schengen#breadcrumb\"},\"inLanguage\":\"en\",\"potentialAction\":[{\"@type\":\"ReadAction\",\"target\":[\"https:\/\/www.eurooppalainensuomi.fi\/kansainvalinen-naistenpaiva-puolustus-schengen\"]}]},{\"@type\":\"BreadcrumbList\",\"@id\":\"https:\/\/www.eurooppalainensuomi.fi\/kansainvalinen-naistenpaiva-puolustus-schengen#breadcrumb\",\"itemListElement\":[{\"@type\":\"ListItem\",\"position\":1,\"name\":\"Etusivu\",\"item\":\"https:\/\/www.eurooppalainensuomi.fi\/\"},{\"@type\":\"ListItem\",\"position\":2,\"name\":\"Kansainv\u00e4linen naistenp\u00e4iv\u00e4 | Puolustus | Schengen\"}]},{\"@type\":\"WebSite\",\"@id\":\"https:\/\/www.eurooppalainensuomi.fi\/#website\",\"url\":\"https:\/\/www.eurooppalainensuomi.fi\/\",\"name\":\"Eurooppalainen Suomi\",\"description\":\"Parempaa Eurooppaa rakentamassa\",\"publisher\":{\"@id\":\"https:\/\/www.eurooppalainensuomi.fi\/#organization\"},\"potentialAction\":[{\"@type\":\"SearchAction\",\"target\":{\"@type\":\"EntryPoint\",\"urlTemplate\":\"https:\/\/www.eurooppalainensuomi.fi\/?s={search_term_string}\"},\"query-input\":\"required name=search_term_string\"}],\"inLanguage\":\"en\"},{\"@type\":\"Organization\",\"@id\":\"https:\/\/www.eurooppalainensuomi.fi\/#organization\",\"name\":\"Eurooppalainen Suomi ry\",\"url\":\"https:\/\/www.eurooppalainensuomi.fi\/\",\"logo\":{\"@type\":\"ImageObject\",\"inLanguage\":\"en\",\"@id\":\"https:\/\/www.eurooppalainensuomi.fi\/#\/schema\/logo\/image\/\",\"url\":\"https:\/\/www.eurooppalainensuomi.fi\/wp-content\/uploads\/2021\/01\/PNG_large.png\",\"contentUrl\":\"https:\/\/www.eurooppalainensuomi.fi\/wp-content\/uploads\/2021\/01\/PNG_large.png\",\"width\":586,\"height\":220,\"caption\":\"Eurooppalainen Suomi ry\"},\"image\":{\"@id\":\"https:\/\/www.eurooppalainensuomi.fi\/#\/schema\/logo\/image\/\"},\"sameAs\":[\"https:\/\/instagram.com\/eurooppalainensuomi\",\"https:\/\/www.youtube.com\/channel\/UCBeqyrm1ze2RinjeAYS_-Jg\",\"https:\/\/fi.wikipedia.org\/wiki\/Eurooppalainen_Suomi\",\"https:\/\/www.facebook.com\/eurooppalainensuomi\",\"https:\/\/twitter.com\/em_finland\"]},{\"@type\":\"Person\",\"@id\":\"https:\/\/www.eurooppalainensuomi.fi\/#\/schema\/person\/9635843384121bb89ed49f8d3129daee\",\"name\":\"Admin\",\"image\":{\"@type\":\"ImageObject\",\"inLanguage\":\"en\",\"@id\":\"https:\/\/www.eurooppalainensuomi.fi\/#\/schema\/person\/image\/\",\"url\":\"https:\/\/secure.gravatar.com\/avatar\/813eb247d5c8e5914db8a949c18b8e26?s=96&d=mm&r=g\",\"contentUrl\":\"https:\/\/secure.gravatar.com\/avatar\/813eb247d5c8e5914db8a949c18b8e26?s=96&d=mm&r=g\",\"caption\":\"Admin\"}}]}<\/script>\n<!-- \/ Yoast SEO plugin. -->","yoast_head_json":{"title":"Kansainv\u00e4linen naistenp\u00e4iv\u00e4 | Puolustus | Schengen - Eurooppalainen Suomi","robots":{"index":"index","follow":"follow","max-snippet":"max-snippet:-1","max-image-preview":"max-image-preview:large","max-video-preview":"max-video-preview:-1"},"canonical":"https:\/\/www.eurooppalainensuomi.fi\/kansainvalinen-naistenpaiva-puolustus-schengen","og_locale":"en_US","og_type":"article","og_title":"Kansainv\u00e4linen naistenp\u00e4iv\u00e4 | Puolustus | Schengen - Eurooppalainen Suomi","og_description":"T\u00e4ll\u00e4 viikolla pidet\u00e4\u00e4n useita Euroopan parlamentin valiokuntien kokouksia. Torstaina naisten oikeuksien ja sukupuolten tasa-arvon valiokunta (FEMM) pit\u00e4\u00e4 parlamenttien v\u00e4lisen valiokuntakokouksen kansainv\u00e4lisen naistenp\u00e4iv\u00e4n kunniaksi. Maanantaina oikeus- ja sis\u00e4asioiden neuvosto kokoontuu keskustelemaan Schengen-alueen yleisest\u00e4 tilanteesta ja Euroopan vapaata matkustusaluetta koskevista asioista, ja tiistaina EU:n komission j\u00e4senet kokoontuvat Brysseliin keskustelemaan Euroopan puolustusteollisuusstrategiasta (EDIS) ja Euroopan puolustusalan investointiohjelmasta (EDIP).&nbsp; [&hellip;]","og_url":"https:\/\/www.eurooppalainensuomi.fi\/kansainvalinen-naistenpaiva-puolustus-schengen","og_site_name":"Eurooppalainen Suomi","article_publisher":"https:\/\/www.facebook.com\/eurooppalainensuomi","article_published_time":"2024-03-05T08:30:15+00:00","article_modified_time":"2024-03-05T08:30:18+00:00","og_image":[{"width":2560,"height":1707,"url":"https:\/\/www.eurooppalainensuomi.fi\/wp-content\/uploads\/2022\/12\/Sivu1-Kuva-1-ja-6-scaled.jpg","type":"image\/jpeg"}],"author":"Admin","twitter_card":"summary_large_image","twitter_creator":"@em_finland","twitter_site":"@em_finland","twitter_misc":{"Written by":"Admin","Est. reading time":"2 minutes"},"schema":{"@context":"https:\/\/schema.org","@graph":[{"@type":"Article","@id":"https:\/\/www.eurooppalainensuomi.fi\/kansainvalinen-naistenpaiva-puolustus-schengen#article","isPartOf":{"@id":"https:\/\/www.eurooppalainensuomi.fi\/kansainvalinen-naistenpaiva-puolustus-schengen"},"author":{"name":"Admin","@id":"https:\/\/www.eurooppalainensuomi.fi\/#\/schema\/person\/9635843384121bb89ed49f8d3129daee"},"headline":"Kansainv\u00e4linen naistenp\u00e4iv\u00e4 | Puolustus | Schengen","datePublished":"2024-03-05T08:30:15+00:00","dateModified":"2024-03-05T08:30:18+00:00","mainEntityOfPage":{"@id":"https:\/\/www.eurooppalainensuomi.fi\/kansainvalinen-naistenpaiva-puolustus-schengen"},"wordCount":285,"publisher":{"@id":"https:\/\/www.eurooppalainensuomi.fi\/#organization"},"articleSection":["Ajankohtaista"],"inLanguage":"en"},{"@type":"WebPage","@id":"https:\/\/www.eurooppalainensuomi.fi\/kansainvalinen-naistenpaiva-puolustus-schengen","url":"https:\/\/www.eurooppalainensuomi.fi\/kansainvalinen-naistenpaiva-puolustus-schengen","name":"Kansainv\u00e4linen naistenp\u00e4iv\u00e4 | Puolustus | Schengen - Eurooppalainen Suomi","isPartOf":{"@id":"https:\/\/www.eurooppalainensuomi.fi\/#website"},"datePublished":"2024-03-05T08:30:15+00:00","dateModified":"2024-03-05T08:30:18+00:00","breadcrumb":{"@id":"https:\/\/www.eurooppalainensuomi.fi\/kansainvalinen-naistenpaiva-puolustus-schengen#breadcrumb"},"inLanguage":"en","potentialAction":[{"@type":"ReadAction","target":["https:\/\/www.eurooppalainensuomi.fi\/kansainvalinen-naistenpaiva-puolustus-schengen"]}]},{"@type":"BreadcrumbList","@id":"https:\/\/www.eurooppalainensuomi.fi\/kansainvalinen-naistenpaiva-puolustus-schengen#breadcrumb","itemListElement":[{"@type":"ListItem","position":1,"name":"Etusivu","item":"https:\/\/www.eurooppalainensuomi.fi\/"},{"@type":"ListItem","position":2,"name":"Kansainv\u00e4linen naistenp\u00e4iv\u00e4 | Puolustus | Schengen"}]},{"@type":"WebSite","@id":"https:\/\/www.eurooppalainensuomi.fi\/#website","url":"https:\/\/www.eurooppalainensuomi.fi\/","name":"Eurooppalainen Suomi","description":"Parempaa Eurooppaa rakentamassa","publisher":{"@id":"https:\/\/www.eurooppalainensuomi.fi\/#organization"},"potentialAction":[{"@type":"SearchAction","target":{"@type":"EntryPoint","urlTemplate":"https:\/\/www.eurooppalainensuomi.fi\/?s={search_term_string}"},"query-input":"required name=search_term_string"}],"inLanguage":"en"},{"@type":"Organization","@id":"https:\/\/www.eurooppalainensuomi.fi\/#organization","name":"Eurooppalainen Suomi ry","url":"https:\/\/www.eurooppalainensuomi.fi\/","logo":{"@type":"ImageObject","inLanguage":"en","@id":"https:\/\/www.eurooppalainensuomi.fi\/#\/schema\/logo\/image\/","url":"https:\/\/www.eurooppalainensuomi.fi\/wp-content\/uploads\/2021\/01\/PNG_large.png","contentUrl":"https:\/\/www.eurooppalainensuomi.fi\/wp-content\/uploads\/2021\/01\/PNG_large.png","width":586,"height":220,"caption":"Eurooppalainen Suomi ry"},"image":{"@id":"https:\/\/www.eurooppalainensuomi.fi\/#\/schema\/logo\/image\/"},"sameAs":["https:\/\/instagram.com\/eurooppalainensuomi","https:\/\/www.youtube.com\/channel\/UCBeqyrm1ze2RinjeAYS_-Jg","https:\/\/fi.wikipedia.org\/wiki\/Eurooppalainen_Suomi","https:\/\/www.facebook.com\/eurooppalainensuomi","https:\/\/twitter.com\/em_finland"]},{"@type":"Person","@id":"https:\/\/www.eurooppalainensuomi.fi\/#\/schema\/person\/9635843384121bb89ed49f8d3129daee","name":"Admin","image":{"@type":"ImageObject","inLanguage":"en","@id":"https:\/\/www.eurooppalainensuomi.fi\/#\/schema\/person\/image\/","url":"https:\/\/secure.gravatar.com\/avatar\/813eb247d5c8e5914db8a949c18b8e26?s=96&d=mm&r=g","contentUrl":"https:\/\/secure.gravatar.com\/avatar\/813eb247d5c8e5914db8a949c18b8e26?s=96&d=mm&r=g","caption":"Admin"}}]}},"jetpack_featured_media_url":"https:\/\/www.eurooppalainensuomi.fi\/wp-content\/uploads\/2022\/12\/Sivu1-Kuva-1-ja-6-scaled.jpg","_links":{"self":[{"href":"https:\/\/www.eurooppalainensuomi.fi\/index.php?rest_route=\/wp\/v2\/posts\/5117"}],"collection":[{"href":"https:\/\/www.eurooppalainensuomi.fi\/index.php?rest_route=\/wp\/v2\/posts"}],"about":[{"href":"https:\/\/www.eurooppalainensuomi.fi\/index.php?rest_route=\/wp\/v2\/types\/post"}],"author":[{"embeddable":true,"href":"https:\/\/www.eurooppalainensuomi.fi\/index.php?rest_route=\/wp\/v2\/users\/4"}],"replies":[{"embeddable":true,"href":"https:\/\/www.eurooppalainensuomi.fi\/index.php?rest_route=%2Fwp%2Fv2%2Fcomments&post=5117"}],"version-history":[{"count":1,"href":"https:\/\/www.eurooppalainensuomi.fi\/index.php?rest_route=\/wp\/v2\/posts\/5117\/revisions"}],"predecessor-version":[{"id":5118,"href":"https:\/\/www.eurooppalainensuomi.fi\/index.php?rest_route=\/wp\/v2\/posts\/5117\/revisions\/5118"}],"wp:featuredmedia":[{"embeddable":true,"href":"https:\/\/www.eurooppalainensuomi.fi\/index.php?rest_route=\/wp\/v2\/media\/4594"}],"wp:attachment":[{"href":"https:\/\/www.eurooppalainensuomi.fi\/index.php?rest_route=%2Fwp%2Fv2%2Fmedia&parent=5117"}],"wp:term":[{"taxonomy":"category","embeddable":true,"href":"https:\/\/www.eurooppalainensuomi.fi\/index.php?rest_route=%2Fwp%2Fv2%2Fcategories&post=5117"},{"taxonomy":"post_tag","embeddable":true,"href":"https:\/\/www.eurooppalainensuomi.fi\/index.php?rest_route=%2Fwp%2Fv2%2Ftags&post=5117"}],"curies":[{"name":"wp","href":"https:\/\/api.w.org\/{rel}","templated":true}]}}