{"id":5115,"date":"2024-02-26T11:04:27","date_gmt":"2024-02-26T09:04:27","guid":{"rendered":"https:\/\/www.eurooppalainensuomi.fi\/?p=5115"},"modified":"2024-02-26T11:04:29","modified_gmt":"2024-02-26T09:04:29","slug":"ukraina-maatalous-sukupuolten-tasa-arvo","status":"publish","type":"post","link":"https:\/\/www.eurooppalainensuomi.fi\/ukraina-maatalous-sukupuolten-tasa-arvo","title":{"rendered":"Ukraina &#8211; Maatalous &#8211; Sukupuolten tasa-arvo"},"content":{"rendered":"\n<p>T\u00e4ll\u00e4 viikolla Euroopan parlamentin j\u00e4senet kokoontuvat Strasbourgissa t\u00e4ysistuntoon, muun muassa Ukrainan rahoitusv\u00e4lineest\u00e4 ja EU:n vankkumattoman tuen tarpeesta Ukrainalle sen j\u00e4lkeen, kun Ven\u00e4j\u00e4 on kaksi vuotta jatkanut t\u00e4ysimittaista hy\u00f6kk\u00e4yst\u00e4 ja hy\u00f6kk\u00e4yssotaa Ukrainaa vastaan. Maanantaina maatalous- ja kalastusneuvosto kokoaa ministerit k\u00e4sittelem\u00e4\u00e4n keinoja, joilla voidaan varmistaa nopeat ja rakenteelliset vastaukset maatalousalan nykyisiin haasteisiin, ja maanantaina ja tiistaina Euroopan unionin neuvoston puheenjohtajavaltio Belgia pit\u00e4\u00e4 tasa-arvoministerien ep\u00e4virallisen kokouksen.&nbsp;<\/p>\n\n\n\n<p>Euroopan parlamentti<\/p>\n\n\n\n<p>Tiistaina Euroopan parlamentin j\u00e4senet \u00e4\u00e4nest\u00e4v\u00e4t vuoden 2023 kertomuksesta yhteisen turvallisuus- ja puolustuspolitiikan t\u00e4yt\u00e4nt\u00f6\u00f6npanosta sek\u00e4 vuoden 2023 kertomuksesta ihmisoikeuksista ja demokratiasta maailmassa ja Euroopan unionin ihmisoikeuspolitiikasta. Keskiviikkona europarlamentaarikot kokoontuvat keskustelemaan Euroopan puolustuksesta ja turvallisuudesta, Aleksei Navalnyin murhasta sek\u00e4 EU:n toimien tarpeesta poliittisten vankien ja sorretun kansalaisyhteiskunnan tukemiseksi Ven\u00e4j\u00e4ll\u00e4.<\/p>\n\n\n\n<p>Euroopan komissio<\/p>\n\n\n\n<p>Maanantaina presidentti Ursula von der Leyen ottaa vastaan Euroopan parlamentin Euroopan kansanpuolueen puheenjohtajan Manfred Weberin, sosialistien ja demokraattien edistysliiton puheenjohtajan Iratxe Garc\u00eda-P\u00e9rezin ja Renew Europe -ryhm\u00e4n puheenjohtajan Val\u00e9rie Hayerin. Tiistaina komissaarien kollegio kokoontuu Strasbourgiin julkistamaan aloitteen, joka koskee kehittyneit\u00e4 materiaaleja teollisuuden johtoaseman saavuttamiseksi. Samana p\u00e4iv\u00e4n\u00e4 komissaari Helena Dalli osallistuu Euroopan unionin neuvoston puheenjohtajavaltion Belgian is\u00e4nn\u00f6im\u00e4\u00e4n tasa-arvoministerien ep\u00e4viralliseen kokoukseen.&nbsp;<\/p>\n\n\n\n<p>Eurooppa-neuvosto<\/p>\n\n\n\n<p>Sunnuntaista torstaihin ulkoasiainneuvoston (FAC) kauppakokoonpano kokoaa ministereit\u00e4 Maailman kauppaj\u00e4rjest\u00f6n (WTO) 13. ministerikokouksen (MC13) yhteydess\u00e4 Abu Dhabissa. Neuvosto pyrkii hyv\u00e4ksym\u00e4\u00e4n ensimm\u00e4iset p\u00e4\u00e4telm\u00e4t MC13-kokouksen alussa. Torstaina ja perjantaina Euroopan unionin neuvoston puheenjohtajavaltio Belgia is\u00e4nn\u00f6i kehitysyhteisty\u00f6n CODEV-ACP-ty\u00f6ryhmien ep\u00e4virallista yhteiskokousta.<\/p>\n","protected":false},"excerpt":{"rendered":"<p>T\u00e4ll\u00e4 viikolla Euroopan parlamentin j\u00e4senet kokoontuvat Strasbourgissa t\u00e4ysistuntoon, muun muassa Ukrainan rahoitusv\u00e4lineest\u00e4 ja EU:n vankkumattoman tuen tarpeesta Ukrainalle sen j\u00e4lkeen, kun Ven\u00e4j\u00e4 on kaksi vuotta jatkanut t\u00e4ysimittaista hy\u00f6kk\u00e4yst\u00e4 ja hy\u00f6kk\u00e4yssotaa Ukrainaa vastaan. Maanantaina maatalous- ja kalastusneuvosto kokoaa ministerit k\u00e4sittelem\u00e4\u00e4n keinoja, joilla voidaan varmistaa nopeat ja rakenteelliset vastaukset maatalousalan nykyisiin haasteisiin, ja maanantaina ja tiistaina Euroopan [&hellip;]<\/p>\n","protected":false},"author":4,"featured_media":3855,"comment_status":"closed","ping_status":"closed","sticky":false,"template":"","format":"standard","meta":{"_et_pb_use_builder":"off","_et_pb_old_content":"","_et_gb_content_width":""},"categories":[8,9],"tags":[],"yoast_head":"<!-- This site is optimized with the Yoast SEO plugin v19.13 - https:\/\/yoast.com\/wordpress\/plugins\/seo\/ -->\n<title>Ukraina - Maatalous - Sukupuolten tasa-arvo - Eurooppalainen Suomi<\/title>\n<meta name=\"robots\" content=\"index, follow, max-snippet:-1, max-image-preview:large, max-video-preview:-1\" \/>\n<link rel=\"canonical\" href=\"https:\/\/www.eurooppalainensuomi.fi\/ukraina-maatalous-sukupuolten-tasa-arvo\" \/>\n<meta property=\"og:locale\" content=\"en_US\" \/>\n<meta property=\"og:type\" content=\"article\" \/>\n<meta property=\"og:title\" content=\"Ukraina - Maatalous - Sukupuolten tasa-arvo - Eurooppalainen Suomi\" \/>\n<meta property=\"og:description\" content=\"T\u00e4ll\u00e4 viikolla Euroopan parlamentin j\u00e4senet kokoontuvat Strasbourgissa t\u00e4ysistuntoon, muun muassa Ukrainan rahoitusv\u00e4lineest\u00e4 ja EU:n vankkumattoman tuen tarpeesta Ukrainalle sen j\u00e4lkeen, kun Ven\u00e4j\u00e4 on kaksi vuotta jatkanut t\u00e4ysimittaista hy\u00f6kk\u00e4yst\u00e4 ja hy\u00f6kk\u00e4yssotaa Ukrainaa vastaan. Maanantaina maatalous- ja kalastusneuvosto kokoaa ministerit k\u00e4sittelem\u00e4\u00e4n keinoja, joilla voidaan varmistaa nopeat ja rakenteelliset vastaukset maatalousalan nykyisiin haasteisiin, ja maanantaina ja tiistaina Euroopan [&hellip;]\" \/>\n<meta property=\"og:url\" content=\"https:\/\/www.eurooppalainensuomi.fi\/ukraina-maatalous-sukupuolten-tasa-arvo\" \/>\n<meta property=\"og:site_name\" content=\"Eurooppalainen Suomi\" \/>\n<meta property=\"article:publisher\" content=\"https:\/\/www.facebook.com\/eurooppalainensuomi\" \/>\n<meta property=\"article:published_time\" content=\"2024-02-26T09:04:27+00:00\" \/>\n<meta property=\"article:modified_time\" content=\"2024-02-26T09:04:29+00:00\" \/>\n<meta property=\"og:image\" content=\"https:\/\/www.eurooppalainensuomi.fi\/wp-content\/uploads\/2022\/09\/Sivu-15-Kuva-4-scaled.jpg\" \/>\n\t<meta property=\"og:image:width\" content=\"2560\" \/>\n\t<meta property=\"og:image:height\" content=\"1707\" \/>\n\t<meta property=\"og:image:type\" content=\"image\/jpeg\" \/>\n<meta name=\"author\" content=\"Admin\" \/>\n<meta name=\"twitter:card\" content=\"summary_large_image\" \/>\n<meta name=\"twitter:creator\" content=\"@em_finland\" \/>\n<meta name=\"twitter:site\" content=\"@em_finland\" \/>\n<meta name=\"twitter:label1\" content=\"Written by\" \/>\n\t<meta name=\"twitter:data1\" content=\"Admin\" \/>\n\t<meta name=\"twitter:label2\" content=\"Est. reading time\" \/>\n\t<meta name=\"twitter:data2\" content=\"1 minute\" \/>\n<script type=\"application\/ld+json\" class=\"yoast-schema-graph\">{\"@context\":\"https:\/\/schema.org\",\"@graph\":[{\"@type\":\"Article\",\"@id\":\"https:\/\/www.eurooppalainensuomi.fi\/ukraina-maatalous-sukupuolten-tasa-arvo#article\",\"isPartOf\":{\"@id\":\"https:\/\/www.eurooppalainensuomi.fi\/ukraina-maatalous-sukupuolten-tasa-arvo\"},\"author\":{\"name\":\"Admin\",\"@id\":\"https:\/\/www.eurooppalainensuomi.fi\/#\/schema\/person\/9635843384121bb89ed49f8d3129daee\"},\"headline\":\"Ukraina &#8211; Maatalous &#8211; Sukupuolten tasa-arvo\",\"datePublished\":\"2024-02-26T09:04:27+00:00\",\"dateModified\":\"2024-02-26T09:04:29+00:00\",\"mainEntityOfPage\":{\"@id\":\"https:\/\/www.eurooppalainensuomi.fi\/ukraina-maatalous-sukupuolten-tasa-arvo\"},\"wordCount\":261,\"publisher\":{\"@id\":\"https:\/\/www.eurooppalainensuomi.fi\/#organization\"},\"articleSection\":[\"Ajankohtaista\",\"Uutiset\"],\"inLanguage\":\"en\"},{\"@type\":\"WebPage\",\"@id\":\"https:\/\/www.eurooppalainensuomi.fi\/ukraina-maatalous-sukupuolten-tasa-arvo\",\"url\":\"https:\/\/www.eurooppalainensuomi.fi\/ukraina-maatalous-sukupuolten-tasa-arvo\",\"name\":\"Ukraina - Maatalous - Sukupuolten tasa-arvo - Eurooppalainen Suomi\",\"isPartOf\":{\"@id\":\"https:\/\/www.eurooppalainensuomi.fi\/#website\"},\"datePublished\":\"2024-02-26T09:04:27+00:00\",\"dateModified\":\"2024-02-26T09:04:29+00:00\",\"breadcrumb\":{\"@id\":\"https:\/\/www.eurooppalainensuomi.fi\/ukraina-maatalous-sukupuolten-tasa-arvo#breadcrumb\"},\"inLanguage\":\"en\",\"potentialAction\":[{\"@type\":\"ReadAction\",\"target\":[\"https:\/\/www.eurooppalainensuomi.fi\/ukraina-maatalous-sukupuolten-tasa-arvo\"]}]},{\"@type\":\"BreadcrumbList\",\"@id\":\"https:\/\/www.eurooppalainensuomi.fi\/ukraina-maatalous-sukupuolten-tasa-arvo#breadcrumb\",\"itemListElement\":[{\"@type\":\"ListItem\",\"position\":1,\"name\":\"Etusivu\",\"item\":\"https:\/\/www.eurooppalainensuomi.fi\/\"},{\"@type\":\"ListItem\",\"position\":2,\"name\":\"Ukraina &#8211; Maatalous &#8211; Sukupuolten tasa-arvo\"}]},{\"@type\":\"WebSite\",\"@id\":\"https:\/\/www.eurooppalainensuomi.fi\/#website\",\"url\":\"https:\/\/www.eurooppalainensuomi.fi\/\",\"name\":\"Eurooppalainen Suomi\",\"description\":\"Parempaa Eurooppaa rakentamassa\",\"publisher\":{\"@id\":\"https:\/\/www.eurooppalainensuomi.fi\/#organization\"},\"potentialAction\":[{\"@type\":\"SearchAction\",\"target\":{\"@type\":\"EntryPoint\",\"urlTemplate\":\"https:\/\/www.eurooppalainensuomi.fi\/?s={search_term_string}\"},\"query-input\":\"required name=search_term_string\"}],\"inLanguage\":\"en\"},{\"@type\":\"Organization\",\"@id\":\"https:\/\/www.eurooppalainensuomi.fi\/#organization\",\"name\":\"Eurooppalainen Suomi ry\",\"url\":\"https:\/\/www.eurooppalainensuomi.fi\/\",\"logo\":{\"@type\":\"ImageObject\",\"inLanguage\":\"en\",\"@id\":\"https:\/\/www.eurooppalainensuomi.fi\/#\/schema\/logo\/image\/\",\"url\":\"https:\/\/www.eurooppalainensuomi.fi\/wp-content\/uploads\/2021\/01\/PNG_large.png\",\"contentUrl\":\"https:\/\/www.eurooppalainensuomi.fi\/wp-content\/uploads\/2021\/01\/PNG_large.png\",\"width\":586,\"height\":220,\"caption\":\"Eurooppalainen Suomi ry\"},\"image\":{\"@id\":\"https:\/\/www.eurooppalainensuomi.fi\/#\/schema\/logo\/image\/\"},\"sameAs\":[\"https:\/\/instagram.com\/eurooppalainensuomi\",\"https:\/\/www.youtube.com\/channel\/UCBeqyrm1ze2RinjeAYS_-Jg\",\"https:\/\/fi.wikipedia.org\/wiki\/Eurooppalainen_Suomi\",\"https:\/\/www.facebook.com\/eurooppalainensuomi\",\"https:\/\/twitter.com\/em_finland\"]},{\"@type\":\"Person\",\"@id\":\"https:\/\/www.eurooppalainensuomi.fi\/#\/schema\/person\/9635843384121bb89ed49f8d3129daee\",\"name\":\"Admin\",\"image\":{\"@type\":\"ImageObject\",\"inLanguage\":\"en\",\"@id\":\"https:\/\/www.eurooppalainensuomi.fi\/#\/schema\/person\/image\/\",\"url\":\"https:\/\/secure.gravatar.com\/avatar\/813eb247d5c8e5914db8a949c18b8e26?s=96&d=mm&r=g\",\"contentUrl\":\"https:\/\/secure.gravatar.com\/avatar\/813eb247d5c8e5914db8a949c18b8e26?s=96&d=mm&r=g\",\"caption\":\"Admin\"}}]}<\/script>\n<!-- \/ Yoast SEO plugin. -->","yoast_head_json":{"title":"Ukraina - Maatalous - Sukupuolten tasa-arvo - Eurooppalainen Suomi","robots":{"index":"index","follow":"follow","max-snippet":"max-snippet:-1","max-image-preview":"max-image-preview:large","max-video-preview":"max-video-preview:-1"},"canonical":"https:\/\/www.eurooppalainensuomi.fi\/ukraina-maatalous-sukupuolten-tasa-arvo","og_locale":"en_US","og_type":"article","og_title":"Ukraina - Maatalous - Sukupuolten tasa-arvo - Eurooppalainen Suomi","og_description":"T\u00e4ll\u00e4 viikolla Euroopan parlamentin j\u00e4senet kokoontuvat Strasbourgissa t\u00e4ysistuntoon, muun muassa Ukrainan rahoitusv\u00e4lineest\u00e4 ja EU:n vankkumattoman tuen tarpeesta Ukrainalle sen j\u00e4lkeen, kun Ven\u00e4j\u00e4 on kaksi vuotta jatkanut t\u00e4ysimittaista hy\u00f6kk\u00e4yst\u00e4 ja hy\u00f6kk\u00e4yssotaa Ukrainaa vastaan. Maanantaina maatalous- ja kalastusneuvosto kokoaa ministerit k\u00e4sittelem\u00e4\u00e4n keinoja, joilla voidaan varmistaa nopeat ja rakenteelliset vastaukset maatalousalan nykyisiin haasteisiin, ja maanantaina ja tiistaina Euroopan [&hellip;]","og_url":"https:\/\/www.eurooppalainensuomi.fi\/ukraina-maatalous-sukupuolten-tasa-arvo","og_site_name":"Eurooppalainen Suomi","article_publisher":"https:\/\/www.facebook.com\/eurooppalainensuomi","article_published_time":"2024-02-26T09:04:27+00:00","article_modified_time":"2024-02-26T09:04:29+00:00","og_image":[{"width":2560,"height":1707,"url":"https:\/\/www.eurooppalainensuomi.fi\/wp-content\/uploads\/2022\/09\/Sivu-15-Kuva-4-scaled.jpg","type":"image\/jpeg"}],"author":"Admin","twitter_card":"summary_large_image","twitter_creator":"@em_finland","twitter_site":"@em_finland","twitter_misc":{"Written by":"Admin","Est. reading time":"1 minute"},"schema":{"@context":"https:\/\/schema.org","@graph":[{"@type":"Article","@id":"https:\/\/www.eurooppalainensuomi.fi\/ukraina-maatalous-sukupuolten-tasa-arvo#article","isPartOf":{"@id":"https:\/\/www.eurooppalainensuomi.fi\/ukraina-maatalous-sukupuolten-tasa-arvo"},"author":{"name":"Admin","@id":"https:\/\/www.eurooppalainensuomi.fi\/#\/schema\/person\/9635843384121bb89ed49f8d3129daee"},"headline":"Ukraina &#8211; Maatalous &#8211; Sukupuolten tasa-arvo","datePublished":"2024-02-26T09:04:27+00:00","dateModified":"2024-02-26T09:04:29+00:00","mainEntityOfPage":{"@id":"https:\/\/www.eurooppalainensuomi.fi\/ukraina-maatalous-sukupuolten-tasa-arvo"},"wordCount":261,"publisher":{"@id":"https:\/\/www.eurooppalainensuomi.fi\/#organization"},"articleSection":["Ajankohtaista","Uutiset"],"inLanguage":"en"},{"@type":"WebPage","@id":"https:\/\/www.eurooppalainensuomi.fi\/ukraina-maatalous-sukupuolten-tasa-arvo","url":"https:\/\/www.eurooppalainensuomi.fi\/ukraina-maatalous-sukupuolten-tasa-arvo","name":"Ukraina - Maatalous - Sukupuolten tasa-arvo - Eurooppalainen Suomi","isPartOf":{"@id":"https:\/\/www.eurooppalainensuomi.fi\/#website"},"datePublished":"2024-02-26T09:04:27+00:00","dateModified":"2024-02-26T09:04:29+00:00","breadcrumb":{"@id":"https:\/\/www.eurooppalainensuomi.fi\/ukraina-maatalous-sukupuolten-tasa-arvo#breadcrumb"},"inLanguage":"en","potentialAction":[{"@type":"ReadAction","target":["https:\/\/www.eurooppalainensuomi.fi\/ukraina-maatalous-sukupuolten-tasa-arvo"]}]},{"@type":"BreadcrumbList","@id":"https:\/\/www.eurooppalainensuomi.fi\/ukraina-maatalous-sukupuolten-tasa-arvo#breadcrumb","itemListElement":[{"@type":"ListItem","position":1,"name":"Etusivu","item":"https:\/\/www.eurooppalainensuomi.fi\/"},{"@type":"ListItem","position":2,"name":"Ukraina &#8211; Maatalous &#8211; Sukupuolten tasa-arvo"}]},{"@type":"WebSite","@id":"https:\/\/www.eurooppalainensuomi.fi\/#website","url":"https:\/\/www.eurooppalainensuomi.fi\/","name":"Eurooppalainen Suomi","description":"Parempaa Eurooppaa rakentamassa","publisher":{"@id":"https:\/\/www.eurooppalainensuomi.fi\/#organization"},"potentialAction":[{"@type":"SearchAction","target":{"@type":"EntryPoint","urlTemplate":"https:\/\/www.eurooppalainensuomi.fi\/?s={search_term_string}"},"query-input":"required name=search_term_string"}],"inLanguage":"en"},{"@type":"Organization","@id":"https:\/\/www.eurooppalainensuomi.fi\/#organization","name":"Eurooppalainen Suomi ry","url":"https:\/\/www.eurooppalainensuomi.fi\/","logo":{"@type":"ImageObject","inLanguage":"en","@id":"https:\/\/www.eurooppalainensuomi.fi\/#\/schema\/logo\/image\/","url":"https:\/\/www.eurooppalainensuomi.fi\/wp-content\/uploads\/2021\/01\/PNG_large.png","contentUrl":"https:\/\/www.eurooppalainensuomi.fi\/wp-content\/uploads\/2021\/01\/PNG_large.png","width":586,"height":220,"caption":"Eurooppalainen Suomi ry"},"image":{"@id":"https:\/\/www.eurooppalainensuomi.fi\/#\/schema\/logo\/image\/"},"sameAs":["https:\/\/instagram.com\/eurooppalainensuomi","https:\/\/www.youtube.com\/channel\/UCBeqyrm1ze2RinjeAYS_-Jg","https:\/\/fi.wikipedia.org\/wiki\/Eurooppalainen_Suomi","https:\/\/www.facebook.com\/eurooppalainensuomi","https:\/\/twitter.com\/em_finland"]},{"@type":"Person","@id":"https:\/\/www.eurooppalainensuomi.fi\/#\/schema\/person\/9635843384121bb89ed49f8d3129daee","name":"Admin","image":{"@type":"ImageObject","inLanguage":"en","@id":"https:\/\/www.eurooppalainensuomi.fi\/#\/schema\/person\/image\/","url":"https:\/\/secure.gravatar.com\/avatar\/813eb247d5c8e5914db8a949c18b8e26?s=96&d=mm&r=g","contentUrl":"https:\/\/secure.gravatar.com\/avatar\/813eb247d5c8e5914db8a949c18b8e26?s=96&d=mm&r=g","caption":"Admin"}}]}},"jetpack_featured_media_url":"https:\/\/www.eurooppalainensuomi.fi\/wp-content\/uploads\/2022\/09\/Sivu-15-Kuva-4-scaled.jpg","_links":{"self":[{"href":"https:\/\/www.eurooppalainensuomi.fi\/index.php?rest_route=\/wp\/v2\/posts\/5115"}],"collection":[{"href":"https:\/\/www.eurooppalainensuomi.fi\/index.php?rest_route=\/wp\/v2\/posts"}],"about":[{"href":"https:\/\/www.eurooppalainensuomi.fi\/index.php?rest_route=\/wp\/v2\/types\/post"}],"author":[{"embeddable":true,"href":"https:\/\/www.eurooppalainensuomi.fi\/index.php?rest_route=\/wp\/v2\/users\/4"}],"replies":[{"embeddable":true,"href":"https:\/\/www.eurooppalainensuomi.fi\/index.php?rest_route=%2Fwp%2Fv2%2Fcomments&post=5115"}],"version-history":[{"count":1,"href":"https:\/\/www.eurooppalainensuomi.fi\/index.php?rest_route=\/wp\/v2\/posts\/5115\/revisions"}],"predecessor-version":[{"id":5116,"href":"https:\/\/www.eurooppalainensuomi.fi\/index.php?rest_route=\/wp\/v2\/posts\/5115\/revisions\/5116"}],"wp:featuredmedia":[{"embeddable":true,"href":"https:\/\/www.eurooppalainensuomi.fi\/index.php?rest_route=\/wp\/v2\/media\/3855"}],"wp:attachment":[{"href":"https:\/\/www.eurooppalainensuomi.fi\/index.php?rest_route=%2Fwp%2Fv2%2Fmedia&parent=5115"}],"wp:term":[{"taxonomy":"category","embeddable":true,"href":"https:\/\/www.eurooppalainensuomi.fi\/index.php?rest_route=%2Fwp%2Fv2%2Fcategories&post=5115"},{"taxonomy":"post_tag","embeddable":true,"href":"https:\/\/www.eurooppalainensuomi.fi\/index.php?rest_route=%2Fwp%2Fv2%2Ftags&post=5115"}],"curies":[{"name":"wp","href":"https:\/\/api.w.org\/{rel}","templated":true}]}}