{"id":5112,"date":"2024-02-05T11:24:11","date_gmt":"2024-02-05T09:24:11","guid":{"rendered":"https:\/\/www.eurooppalainensuomi.fi\/?p=5112"},"modified":"2024-02-05T11:24:12","modified_gmt":"2024-02-05T09:24:12","slug":"serbia-ilmastotavoite-2040-yhtenaismarkkinat","status":"publish","type":"post","link":"https:\/\/www.eurooppalainensuomi.fi\/serbia-ilmastotavoite-2040-yhtenaismarkkinat","title":{"rendered":"Serbia &#8211; Ilmastotavoite 2040 &#8211; Yhten\u00e4ismarkkinat"},"content":{"rendered":"\n<p>Euroopan parlamentin j\u00e4senet kokoontuvat t\u00e4ll\u00e4 viikolla Strasbourgissa t\u00e4ysistuntoon EU:n tuesta Ukrainalle ja Serbian tilanteesta viime joulukuun vaalien j\u00e4lkeen. Keskiviikkona komissaari Ylva Johansson j\u00e4rjest\u00e4\u00e4 neuvottelun YK:n pakolaisasiain p\u00e4\u00e4valtuutetun Filippo Grandin kanssa. Eurooppa neuvoston puheenjohtajavaltio Belgia pit\u00e4\u00e4 ep\u00e4virallisen kilpailukykyneuvoston kokouksen loppuviikosta.&nbsp;<\/p>\n\n\n\n<p>Euroopan parlamentti&nbsp;<\/p>\n\n\n\n<p>Euroopan parlamentti keskustelee komission kanssa laadukkaasta harjoittelusta EU:ssa, ja keskiviikkona \u00e4\u00e4nest\u00e4\u00e4 p\u00e4\u00e4t\u00f6slauselmasta, joka koskee oikeusvaltiota ja tiedotusv\u00e4lineiden vapautta Kreikassa. Lis\u00e4ksi t\u00e4ysistunnossa \u00e4\u00e4nestet\u00e4\u00e4n EU:n LGBTIQ- ja homoseksuaalien tasa-arvostrategian 2020-2025 t\u00e4yt\u00e4nt\u00f6\u00f6npano kertomuksesta ja p\u00e4\u00e4t\u00f6slauselmasta Serbian tilanteesta viime joulukuun vaalien j\u00e4lkeen.&nbsp;<\/p>\n\n\n\n<p>Euroopan komissio&nbsp;<\/p>\n\n\n\n<p>Komissaari Oliv\u00e9r V\u00e1rhelyi osallistuu Ukrainan rahoitusv\u00e4linett\u00e4 koskevaan kolmikantakokoukseen. Tiistaina komissaarien kollegio kokoontuu Strasbourgiin julkistamaan vuoden 2040 ilmastotavoitetta koskevan tiedonannon ja keskustelemaan siit\u00e4, ja keskiviikkona komissaari Valdis Dombrovskis osallistuu Euroopan investointipankkiryhm\u00e4n toiseen vuoden 2024 foorumiin.&nbsp;<\/p>\n\n\n\n<p>Eurooppa neuvosto&nbsp;<\/p>\n\n\n\n<p>Koheesiopolitiikasta vastaavat 27 ministeri\u00e4 kokoontuvat ep\u00e4viralliseen yleisten asioiden ministerikokoukseen, jossa k\u00e4sitell\u00e4\u00e4n koheesiopolitiikan tulevaisuutta. Torstaina Eurooppa neuvoston puheenjohtajavaltio Belgia is\u00e4nn\u00f6i konferenssia, jossa k\u00e4sitell\u00e4\u00e4n sis\u00e4markkinoita ja erityisesti niiden vuorovaikutusta kansalaisten kanssa Enrico Lettan toimeksiannon yhteydess\u00e4 laatia raportti sis\u00e4markkinoiden tulevaisuudesta.<\/p>\n\n\n\n<p>Suuri valiokunta<\/p>\n\n\n\n<p>Eduskunta kokoontuu j\u00e4lleen t\u00e4ll\u00e4 viikolla istuntotauon j\u00e4lkeen. Suuri valiokunta kokoontuu j\u00e4lleen perjantaina antamaan ministereille ev\u00e4styst\u00e4 Eurooppaneuvoston kokouksiin sek\u00e4 k\u00e4sittelem\u00e4\u00e4n yritysten kest\u00e4v\u00e4\u00e4 toimintaa koskevasta huolellisuusvelvoitteesta ja direktiivin muuttamisesta, alustaty\u00f6direktiivist\u00e4 sek\u00e4 Suomen avaintavoitteista EU-vaalikaudelle 2024-2029.<\/p>\n","protected":false},"excerpt":{"rendered":"<p>Euroopan parlamentin j\u00e4senet kokoontuvat t\u00e4ll\u00e4 viikolla Strasbourgissa t\u00e4ysistuntoon EU:n tuesta Ukrainalle ja Serbian tilanteesta viime joulukuun vaalien j\u00e4lkeen. Keskiviikkona komissaari Ylva Johansson j\u00e4rjest\u00e4\u00e4 neuvottelun YK:n pakolaisasiain p\u00e4\u00e4valtuutetun Filippo Grandin kanssa. Eurooppa neuvoston puheenjohtajavaltio Belgia pit\u00e4\u00e4 ep\u00e4virallisen kilpailukykyneuvoston kokouksen loppuviikosta.&nbsp; Euroopan parlamentti&nbsp; Euroopan parlamentti keskustelee komission kanssa laadukkaasta harjoittelusta EU:ssa, ja keskiviikkona \u00e4\u00e4nest\u00e4\u00e4 p\u00e4\u00e4t\u00f6slauselmasta, joka koskee [&hellip;]<\/p>\n","protected":false},"author":4,"featured_media":3858,"comment_status":"closed","ping_status":"closed","sticky":false,"template":"","format":"standard","meta":{"_et_pb_use_builder":"off","_et_pb_old_content":"","_et_gb_content_width":""},"categories":[8,9],"tags":[],"yoast_head":"<!-- This site is optimized with the Yoast SEO plugin v19.13 - https:\/\/yoast.com\/wordpress\/plugins\/seo\/ -->\n<title>Serbia - Ilmastotavoite 2040 - Yhten\u00e4ismarkkinat - Eurooppalainen Suomi<\/title>\n<meta name=\"robots\" content=\"index, follow, max-snippet:-1, max-image-preview:large, max-video-preview:-1\" \/>\n<link rel=\"canonical\" href=\"https:\/\/www.eurooppalainensuomi.fi\/serbia-ilmastotavoite-2040-yhtenaismarkkinat\" \/>\n<meta property=\"og:locale\" content=\"en_US\" \/>\n<meta property=\"og:type\" content=\"article\" \/>\n<meta property=\"og:title\" content=\"Serbia - Ilmastotavoite 2040 - Yhten\u00e4ismarkkinat - Eurooppalainen Suomi\" \/>\n<meta property=\"og:description\" content=\"Euroopan parlamentin j\u00e4senet kokoontuvat t\u00e4ll\u00e4 viikolla Strasbourgissa t\u00e4ysistuntoon EU:n tuesta Ukrainalle ja Serbian tilanteesta viime joulukuun vaalien j\u00e4lkeen. Keskiviikkona komissaari Ylva Johansson j\u00e4rjest\u00e4\u00e4 neuvottelun YK:n pakolaisasiain p\u00e4\u00e4valtuutetun Filippo Grandin kanssa. Eurooppa neuvoston puheenjohtajavaltio Belgia pit\u00e4\u00e4 ep\u00e4virallisen kilpailukykyneuvoston kokouksen loppuviikosta.&nbsp; Euroopan parlamentti&nbsp; Euroopan parlamentti keskustelee komission kanssa laadukkaasta harjoittelusta EU:ssa, ja keskiviikkona \u00e4\u00e4nest\u00e4\u00e4 p\u00e4\u00e4t\u00f6slauselmasta, joka koskee [&hellip;]\" \/>\n<meta property=\"og:url\" content=\"https:\/\/www.eurooppalainensuomi.fi\/serbia-ilmastotavoite-2040-yhtenaismarkkinat\" \/>\n<meta property=\"og:site_name\" content=\"Eurooppalainen Suomi\" \/>\n<meta property=\"article:publisher\" content=\"https:\/\/www.facebook.com\/eurooppalainensuomi\" \/>\n<meta property=\"article:published_time\" content=\"2024-02-05T09:24:11+00:00\" \/>\n<meta property=\"article:modified_time\" content=\"2024-02-05T09:24:12+00:00\" \/>\n<meta property=\"og:image\" content=\"https:\/\/www.eurooppalainensuomi.fi\/wp-content\/uploads\/2022\/09\/Sivu-15-Kuva-1-scaled.jpg\" \/>\n\t<meta property=\"og:image:width\" content=\"2560\" \/>\n\t<meta property=\"og:image:height\" content=\"1707\" \/>\n\t<meta property=\"og:image:type\" content=\"image\/jpeg\" \/>\n<meta name=\"author\" content=\"Admin\" \/>\n<meta name=\"twitter:card\" content=\"summary_large_image\" \/>\n<meta name=\"twitter:creator\" content=\"@em_finland\" \/>\n<meta name=\"twitter:site\" content=\"@em_finland\" \/>\n<meta name=\"twitter:label1\" content=\"Written by\" \/>\n\t<meta name=\"twitter:data1\" content=\"Admin\" \/>\n\t<meta name=\"twitter:label2\" content=\"Est. reading time\" \/>\n\t<meta name=\"twitter:data2\" content=\"1 minute\" \/>\n<script type=\"application\/ld+json\" class=\"yoast-schema-graph\">{\"@context\":\"https:\/\/schema.org\",\"@graph\":[{\"@type\":\"Article\",\"@id\":\"https:\/\/www.eurooppalainensuomi.fi\/serbia-ilmastotavoite-2040-yhtenaismarkkinat#article\",\"isPartOf\":{\"@id\":\"https:\/\/www.eurooppalainensuomi.fi\/serbia-ilmastotavoite-2040-yhtenaismarkkinat\"},\"author\":{\"name\":\"Admin\",\"@id\":\"https:\/\/www.eurooppalainensuomi.fi\/#\/schema\/person\/9635843384121bb89ed49f8d3129daee\"},\"headline\":\"Serbia &#8211; Ilmastotavoite 2040 &#8211; Yhten\u00e4ismarkkinat\",\"datePublished\":\"2024-02-05T09:24:11+00:00\",\"dateModified\":\"2024-02-05T09:24:12+00:00\",\"mainEntityOfPage\":{\"@id\":\"https:\/\/www.eurooppalainensuomi.fi\/serbia-ilmastotavoite-2040-yhtenaismarkkinat\"},\"wordCount\":243,\"publisher\":{\"@id\":\"https:\/\/www.eurooppalainensuomi.fi\/#organization\"},\"articleSection\":[\"Ajankohtaista\",\"Uutiset\"],\"inLanguage\":\"en\"},{\"@type\":\"WebPage\",\"@id\":\"https:\/\/www.eurooppalainensuomi.fi\/serbia-ilmastotavoite-2040-yhtenaismarkkinat\",\"url\":\"https:\/\/www.eurooppalainensuomi.fi\/serbia-ilmastotavoite-2040-yhtenaismarkkinat\",\"name\":\"Serbia - Ilmastotavoite 2040 - Yhten\u00e4ismarkkinat - Eurooppalainen Suomi\",\"isPartOf\":{\"@id\":\"https:\/\/www.eurooppalainensuomi.fi\/#website\"},\"datePublished\":\"2024-02-05T09:24:11+00:00\",\"dateModified\":\"2024-02-05T09:24:12+00:00\",\"breadcrumb\":{\"@id\":\"https:\/\/www.eurooppalainensuomi.fi\/serbia-ilmastotavoite-2040-yhtenaismarkkinat#breadcrumb\"},\"inLanguage\":\"en\",\"potentialAction\":[{\"@type\":\"ReadAction\",\"target\":[\"https:\/\/www.eurooppalainensuomi.fi\/serbia-ilmastotavoite-2040-yhtenaismarkkinat\"]}]},{\"@type\":\"BreadcrumbList\",\"@id\":\"https:\/\/www.eurooppalainensuomi.fi\/serbia-ilmastotavoite-2040-yhtenaismarkkinat#breadcrumb\",\"itemListElement\":[{\"@type\":\"ListItem\",\"position\":1,\"name\":\"Etusivu\",\"item\":\"https:\/\/www.eurooppalainensuomi.fi\/\"},{\"@type\":\"ListItem\",\"position\":2,\"name\":\"Serbia &#8211; Ilmastotavoite 2040 &#8211; Yhten\u00e4ismarkkinat\"}]},{\"@type\":\"WebSite\",\"@id\":\"https:\/\/www.eurooppalainensuomi.fi\/#website\",\"url\":\"https:\/\/www.eurooppalainensuomi.fi\/\",\"name\":\"Eurooppalainen Suomi\",\"description\":\"Parempaa Eurooppaa rakentamassa\",\"publisher\":{\"@id\":\"https:\/\/www.eurooppalainensuomi.fi\/#organization\"},\"potentialAction\":[{\"@type\":\"SearchAction\",\"target\":{\"@type\":\"EntryPoint\",\"urlTemplate\":\"https:\/\/www.eurooppalainensuomi.fi\/?s={search_term_string}\"},\"query-input\":\"required name=search_term_string\"}],\"inLanguage\":\"en\"},{\"@type\":\"Organization\",\"@id\":\"https:\/\/www.eurooppalainensuomi.fi\/#organization\",\"name\":\"Eurooppalainen Suomi ry\",\"url\":\"https:\/\/www.eurooppalainensuomi.fi\/\",\"logo\":{\"@type\":\"ImageObject\",\"inLanguage\":\"en\",\"@id\":\"https:\/\/www.eurooppalainensuomi.fi\/#\/schema\/logo\/image\/\",\"url\":\"https:\/\/www.eurooppalainensuomi.fi\/wp-content\/uploads\/2021\/01\/PNG_large.png\",\"contentUrl\":\"https:\/\/www.eurooppalainensuomi.fi\/wp-content\/uploads\/2021\/01\/PNG_large.png\",\"width\":586,\"height\":220,\"caption\":\"Eurooppalainen Suomi ry\"},\"image\":{\"@id\":\"https:\/\/www.eurooppalainensuomi.fi\/#\/schema\/logo\/image\/\"},\"sameAs\":[\"https:\/\/instagram.com\/eurooppalainensuomi\",\"https:\/\/www.youtube.com\/channel\/UCBeqyrm1ze2RinjeAYS_-Jg\",\"https:\/\/fi.wikipedia.org\/wiki\/Eurooppalainen_Suomi\",\"https:\/\/www.facebook.com\/eurooppalainensuomi\",\"https:\/\/twitter.com\/em_finland\"]},{\"@type\":\"Person\",\"@id\":\"https:\/\/www.eurooppalainensuomi.fi\/#\/schema\/person\/9635843384121bb89ed49f8d3129daee\",\"name\":\"Admin\",\"image\":{\"@type\":\"ImageObject\",\"inLanguage\":\"en\",\"@id\":\"https:\/\/www.eurooppalainensuomi.fi\/#\/schema\/person\/image\/\",\"url\":\"https:\/\/secure.gravatar.com\/avatar\/813eb247d5c8e5914db8a949c18b8e26?s=96&d=mm&r=g\",\"contentUrl\":\"https:\/\/secure.gravatar.com\/avatar\/813eb247d5c8e5914db8a949c18b8e26?s=96&d=mm&r=g\",\"caption\":\"Admin\"}}]}<\/script>\n<!-- \/ Yoast SEO plugin. -->","yoast_head_json":{"title":"Serbia - Ilmastotavoite 2040 - Yhten\u00e4ismarkkinat - Eurooppalainen Suomi","robots":{"index":"index","follow":"follow","max-snippet":"max-snippet:-1","max-image-preview":"max-image-preview:large","max-video-preview":"max-video-preview:-1"},"canonical":"https:\/\/www.eurooppalainensuomi.fi\/serbia-ilmastotavoite-2040-yhtenaismarkkinat","og_locale":"en_US","og_type":"article","og_title":"Serbia - Ilmastotavoite 2040 - Yhten\u00e4ismarkkinat - Eurooppalainen Suomi","og_description":"Euroopan parlamentin j\u00e4senet kokoontuvat t\u00e4ll\u00e4 viikolla Strasbourgissa t\u00e4ysistuntoon EU:n tuesta Ukrainalle ja Serbian tilanteesta viime joulukuun vaalien j\u00e4lkeen. Keskiviikkona komissaari Ylva Johansson j\u00e4rjest\u00e4\u00e4 neuvottelun YK:n pakolaisasiain p\u00e4\u00e4valtuutetun Filippo Grandin kanssa. Eurooppa neuvoston puheenjohtajavaltio Belgia pit\u00e4\u00e4 ep\u00e4virallisen kilpailukykyneuvoston kokouksen loppuviikosta.&nbsp; Euroopan parlamentti&nbsp; Euroopan parlamentti keskustelee komission kanssa laadukkaasta harjoittelusta EU:ssa, ja keskiviikkona \u00e4\u00e4nest\u00e4\u00e4 p\u00e4\u00e4t\u00f6slauselmasta, joka koskee [&hellip;]","og_url":"https:\/\/www.eurooppalainensuomi.fi\/serbia-ilmastotavoite-2040-yhtenaismarkkinat","og_site_name":"Eurooppalainen Suomi","article_publisher":"https:\/\/www.facebook.com\/eurooppalainensuomi","article_published_time":"2024-02-05T09:24:11+00:00","article_modified_time":"2024-02-05T09:24:12+00:00","og_image":[{"width":2560,"height":1707,"url":"https:\/\/www.eurooppalainensuomi.fi\/wp-content\/uploads\/2022\/09\/Sivu-15-Kuva-1-scaled.jpg","type":"image\/jpeg"}],"author":"Admin","twitter_card":"summary_large_image","twitter_creator":"@em_finland","twitter_site":"@em_finland","twitter_misc":{"Written by":"Admin","Est. reading time":"1 minute"},"schema":{"@context":"https:\/\/schema.org","@graph":[{"@type":"Article","@id":"https:\/\/www.eurooppalainensuomi.fi\/serbia-ilmastotavoite-2040-yhtenaismarkkinat#article","isPartOf":{"@id":"https:\/\/www.eurooppalainensuomi.fi\/serbia-ilmastotavoite-2040-yhtenaismarkkinat"},"author":{"name":"Admin","@id":"https:\/\/www.eurooppalainensuomi.fi\/#\/schema\/person\/9635843384121bb89ed49f8d3129daee"},"headline":"Serbia &#8211; Ilmastotavoite 2040 &#8211; Yhten\u00e4ismarkkinat","datePublished":"2024-02-05T09:24:11+00:00","dateModified":"2024-02-05T09:24:12+00:00","mainEntityOfPage":{"@id":"https:\/\/www.eurooppalainensuomi.fi\/serbia-ilmastotavoite-2040-yhtenaismarkkinat"},"wordCount":243,"publisher":{"@id":"https:\/\/www.eurooppalainensuomi.fi\/#organization"},"articleSection":["Ajankohtaista","Uutiset"],"inLanguage":"en"},{"@type":"WebPage","@id":"https:\/\/www.eurooppalainensuomi.fi\/serbia-ilmastotavoite-2040-yhtenaismarkkinat","url":"https:\/\/www.eurooppalainensuomi.fi\/serbia-ilmastotavoite-2040-yhtenaismarkkinat","name":"Serbia - Ilmastotavoite 2040 - Yhten\u00e4ismarkkinat - Eurooppalainen Suomi","isPartOf":{"@id":"https:\/\/www.eurooppalainensuomi.fi\/#website"},"datePublished":"2024-02-05T09:24:11+00:00","dateModified":"2024-02-05T09:24:12+00:00","breadcrumb":{"@id":"https:\/\/www.eurooppalainensuomi.fi\/serbia-ilmastotavoite-2040-yhtenaismarkkinat#breadcrumb"},"inLanguage":"en","potentialAction":[{"@type":"ReadAction","target":["https:\/\/www.eurooppalainensuomi.fi\/serbia-ilmastotavoite-2040-yhtenaismarkkinat"]}]},{"@type":"BreadcrumbList","@id":"https:\/\/www.eurooppalainensuomi.fi\/serbia-ilmastotavoite-2040-yhtenaismarkkinat#breadcrumb","itemListElement":[{"@type":"ListItem","position":1,"name":"Etusivu","item":"https:\/\/www.eurooppalainensuomi.fi\/"},{"@type":"ListItem","position":2,"name":"Serbia &#8211; Ilmastotavoite 2040 &#8211; Yhten\u00e4ismarkkinat"}]},{"@type":"WebSite","@id":"https:\/\/www.eurooppalainensuomi.fi\/#website","url":"https:\/\/www.eurooppalainensuomi.fi\/","name":"Eurooppalainen Suomi","description":"Parempaa Eurooppaa rakentamassa","publisher":{"@id":"https:\/\/www.eurooppalainensuomi.fi\/#organization"},"potentialAction":[{"@type":"SearchAction","target":{"@type":"EntryPoint","urlTemplate":"https:\/\/www.eurooppalainensuomi.fi\/?s={search_term_string}"},"query-input":"required name=search_term_string"}],"inLanguage":"en"},{"@type":"Organization","@id":"https:\/\/www.eurooppalainensuomi.fi\/#organization","name":"Eurooppalainen Suomi ry","url":"https:\/\/www.eurooppalainensuomi.fi\/","logo":{"@type":"ImageObject","inLanguage":"en","@id":"https:\/\/www.eurooppalainensuomi.fi\/#\/schema\/logo\/image\/","url":"https:\/\/www.eurooppalainensuomi.fi\/wp-content\/uploads\/2021\/01\/PNG_large.png","contentUrl":"https:\/\/www.eurooppalainensuomi.fi\/wp-content\/uploads\/2021\/01\/PNG_large.png","width":586,"height":220,"caption":"Eurooppalainen Suomi ry"},"image":{"@id":"https:\/\/www.eurooppalainensuomi.fi\/#\/schema\/logo\/image\/"},"sameAs":["https:\/\/instagram.com\/eurooppalainensuomi","https:\/\/www.youtube.com\/channel\/UCBeqyrm1ze2RinjeAYS_-Jg","https:\/\/fi.wikipedia.org\/wiki\/Eurooppalainen_Suomi","https:\/\/www.facebook.com\/eurooppalainensuomi","https:\/\/twitter.com\/em_finland"]},{"@type":"Person","@id":"https:\/\/www.eurooppalainensuomi.fi\/#\/schema\/person\/9635843384121bb89ed49f8d3129daee","name":"Admin","image":{"@type":"ImageObject","inLanguage":"en","@id":"https:\/\/www.eurooppalainensuomi.fi\/#\/schema\/person\/image\/","url":"https:\/\/secure.gravatar.com\/avatar\/813eb247d5c8e5914db8a949c18b8e26?s=96&d=mm&r=g","contentUrl":"https:\/\/secure.gravatar.com\/avatar\/813eb247d5c8e5914db8a949c18b8e26?s=96&d=mm&r=g","caption":"Admin"}}]}},"jetpack_featured_media_url":"https:\/\/www.eurooppalainensuomi.fi\/wp-content\/uploads\/2022\/09\/Sivu-15-Kuva-1-scaled.jpg","_links":{"self":[{"href":"https:\/\/www.eurooppalainensuomi.fi\/index.php?rest_route=\/wp\/v2\/posts\/5112"}],"collection":[{"href":"https:\/\/www.eurooppalainensuomi.fi\/index.php?rest_route=\/wp\/v2\/posts"}],"about":[{"href":"https:\/\/www.eurooppalainensuomi.fi\/index.php?rest_route=\/wp\/v2\/types\/post"}],"author":[{"embeddable":true,"href":"https:\/\/www.eurooppalainensuomi.fi\/index.php?rest_route=\/wp\/v2\/users\/4"}],"replies":[{"embeddable":true,"href":"https:\/\/www.eurooppalainensuomi.fi\/index.php?rest_route=%2Fwp%2Fv2%2Fcomments&post=5112"}],"version-history":[{"count":2,"href":"https:\/\/www.eurooppalainensuomi.fi\/index.php?rest_route=\/wp\/v2\/posts\/5112\/revisions"}],"predecessor-version":[{"id":5114,"href":"https:\/\/www.eurooppalainensuomi.fi\/index.php?rest_route=\/wp\/v2\/posts\/5112\/revisions\/5114"}],"wp:featuredmedia":[{"embeddable":true,"href":"https:\/\/www.eurooppalainensuomi.fi\/index.php?rest_route=\/wp\/v2\/media\/3858"}],"wp:attachment":[{"href":"https:\/\/www.eurooppalainensuomi.fi\/index.php?rest_route=%2Fwp%2Fv2%2Fmedia&parent=5112"}],"wp:term":[{"taxonomy":"category","embeddable":true,"href":"https:\/\/www.eurooppalainensuomi.fi\/index.php?rest_route=%2Fwp%2Fv2%2Fcategories&post=5112"},{"taxonomy":"post_tag","embeddable":true,"href":"https:\/\/www.eurooppalainensuomi.fi\/index.php?rest_route=%2Fwp%2Fv2%2Ftags&post=5112"}],"curies":[{"name":"wp","href":"https:\/\/api.w.org\/{rel}","templated":true}]}}