{"id":5078,"date":"2023-12-28T19:56:42","date_gmt":"2023-12-28T17:56:42","guid":{"rendered":"https:\/\/www.eurooppalainensuomi.fi\/?p=5078"},"modified":"2025-12-03T21:48:12","modified_gmt":"2025-12-03T19:48:12","slug":"suomen-tie-eurooppaan-dokumentti-ja-kirjajulkaisu-kansalaisjarjestojen-roolista-euroopan-unioniin-liittymisen-kansanaanestyksessa-julkaistu","status":"publish","type":"post","link":"https:\/\/www.eurooppalainensuomi.fi\/suomen-tie-eurooppaan-dokumentti-ja-kirjajulkaisu-kansalaisjarjestojen-roolista-euroopan-unioniin-liittymisen-kansanaanestyksessa-julkaistu","title":{"rendered":"Suomen tie Eurooppaan &#8211; dokumentti ja kirjajulkaisu kansalaisj\u00e4rjest\u00f6jen roolista Euroopan unioniin liittymisen kansan\u00e4\u00e4nestyksess\u00e4 julkaistu"},"content":{"rendered":"\n[et_pb_section fb_built=&#8221;1&#8243; admin_label=&#8221;section&#8221; _builder_version=&#8221;4.16&#8243; da_disable_devices=&#8221;off|off|off&#8221; global_colors_info=&#8221;{}&#8221; da_is_popup=&#8221;off&#8221; da_exit_intent=&#8221;off&#8221; da_has_close=&#8221;on&#8221; da_alt_close=&#8221;off&#8221; da_dark_close=&#8221;off&#8221; da_not_modal=&#8221;on&#8221; da_is_singular=&#8221;off&#8221; da_with_loader=&#8221;off&#8221; da_has_shadow=&#8221;on&#8221;][et_pb_row admin_label=&#8221;row&#8221; _builder_version=&#8221;4.16&#8243; background_size=&#8221;initial&#8221; background_position=&#8221;top_left&#8221; background_repeat=&#8221;repeat&#8221; global_colors_info=&#8221;{}&#8221;][et_pb_column type=&#8221;4_4&#8243; _builder_version=&#8221;4.16&#8243; custom_padding=&#8221;|||&#8221; global_colors_info=&#8221;{}&#8221; custom_padding__hover=&#8221;|||&#8221;][et_pb_text admin_label=&#8221;Text&#8221; _builder_version=&#8221;4.17.6&#8243; background_size=&#8221;initial&#8221; background_position=&#8221;top_left&#8221; background_repeat=&#8221;repeat&#8221; hover_enabled=&#8221;0&#8243; global_colors_info=&#8221;{}&#8221; sticky_enabled=&#8221;0&#8243;]<p><!-- divi:paragraph -->Ensi vuonna tulee kuluneeksi 30 vuotta siit\u00e4, kun Suomessa \u00e4\u00e4nestettiin Euroopan unioniin liittymisest\u00e4. Eurooppalainen Suomi on t\u00e4m\u00e4n johdosta toteuttanut vuonna 2023 &#8220;Suomen tie Eurooppaan&#8221; -hankkeen, jossa on digitalisoitu kansan\u00e4\u00e4nestyksess\u00e4 vaikuttaneiden kansalaisj\u00e4rjest\u00f6jen arkistoja ja toteutettu t\u00e4h\u00e4n pohjaten dokumentti sek\u00e4 kirjajulkaisu. Dokumentissa esiintyneiden Matti Viialaisen, Timo Kauniston, Miapetra Kumpula-Natrin ja Henrikki Halmeen haastatteluja on hy\u00f6dynnetty my\u00f6s kirjajulkaisussa.<\/p>\n<p><!-- \/divi:paragraph --><\/p>\n<p><!-- divi:paragraph -->Suomen tie Eurooppaan -hankkeessa toteutettu dokumentti ja kirjajulkaisu keskittyv\u00e4t nimens\u00e4 mukaisesti kertaamaan vuonna 1994 tapahtuneeseen kansan\u00e4\u00e4nestykseen vaikuttaneiden kansalaisj\u00e4rjest\u00f6jen historiaa etenkin 90-luvun puoliv\u00e4liss\u00e4. Menneisyyden tarkasteleminen digitoitujen arkistojen avulla tuo uuden, t\u00e4rke\u00e4n n\u00e4k\u00f6kulman yhteen itsen\u00e4isen Suomen historian t\u00e4rkeimmist\u00e4 p\u00e4\u00e4t\u00f6ksist\u00e4.<\/p>\n<p>Arkistot sis\u00e4lsiv\u00e4t yhdistysten toiminnasta j\u00e4\u00e4vi\u00e4 j\u00e4lki\u00e4 paperin muodossa: kirjeenvaihtoa, toimintasuunnitelmia, p\u00f6yt\u00e4kirjoja, raportteja, laskuja, kuitteja, j\u00e4senluetteloita, budjetteja ja niin edelleen. Kaikkein hedelm\u00e4llisimmiksi hankkeen kannalta osoittautuivat vuoden 1994 kansan\u00e4\u00e4nestyksen suunnitteluun ja toteuttamiseen liittyneet dokumentit, kuten kirjeenvaihto ja suunnittelumateriaali. Vuosikymmenten vaihtuessa j\u00e4rjest\u00f6jen toiminta ja toiminnan dokumentointi muuttuvat. Vuoden 1994 EU-kansan\u00e4\u00e4nestys luo selke\u00e4n poikkeaman j\u00e4rjest\u00f6jen historiaan. Etenkin kansan\u00e4\u00e4nestyst\u00e4 varten perustetuille kansalaisj\u00e4rjest\u00f6ill\u00e4 vuosi 1994 oli selke\u00e4sti historiansa n\u00e4kyvin ja aktiivisin, hyvist\u00e4 syist\u00e4 tietysti. Suomen neuvoa-antavaa kansan\u00e4\u00e4nestyst\u00e4 Euroopan unioniin liittymisest\u00e4 voidaan pit\u00e4\u00e4 itsen\u00e4isen Suomen yhten\u00e4 merkitt\u00e4vimmist\u00e4, ellei kenties merkitt\u00e4vimp\u00e4n\u00e4 p\u00e4\u00e4t\u00f6ksen\u00e4.<\/p>\n<p><!-- \/divi:paragraph --><\/p>\n<p><!-- divi:paragraph -->Katso video ohesta.<iframe loading=\"lazy\" width=\"560\" height=\"315\" src=\"https:\/\/www.youtube.com\/embed\/68DuW82q_ME\" title=\"\" frameborder=\"0\" allow=\"accelerometer; autoplay; clipboard-write; encrypted-media; gyroscope; picture-in-picture; web-share\" allowfullscreen=\"\"><br \/><br \/>\nPowered by <a href=\"https:\/\/youtubeembedcode.com\">html embed youtube video<\/a> and <a href=\"https:\/\/gamstopcancel.com\/\">how to get around gamstop<\/a><\/iframe><\/p>\n<p>&nbsp;<\/p>\n<p><!-- \/divi:paragraph --><\/p>\n<p><!-- divi:paragraph --><a href=\"https:\/\/www.eurooppalainensuomi.fi\/wp-content\/uploads\/2024\/01\/Suomen-tie-Eurooppaan-2.pdf\" target=\"_blank\" rel=\"noopener\">Lue kirjajulkaisu t\u00e4\u00e4lt\u00e4.<\/a><\/p>\n<p><!-- \/divi:paragraph --><\/p>\n<p><!-- divi:paragraph -->Suomen tie Eurooppaan -hanke on toteutettu ulkoministeri\u00f6n Eurooppatiedotuksen hanketuella. Dokumentissa ja kirjajulkaisussa esitetyt mielipiteet eiv\u00e4t v\u00e4ltt\u00e4m\u00e4tt\u00e4 edusta ulkoministeri\u00f6n n\u00e4kemyksi\u00e4.<\/p>\n<p><!-- \/divi:paragraph --><\/p>[\/et_pb_text][\/et_pb_column][\/et_pb_row][\/et_pb_section]\n","protected":false},"excerpt":{"rendered":"<p>Ensi vuonna tulee kuluneeksi 30 vuotta siit\u00e4, kun Suomessa \u00e4\u00e4nestettiin Euroopan unioniin liittymisest\u00e4. Eurooppalainen Suomi on t\u00e4m\u00e4n johdosta toteuttanut vuonna 2023 &#8220;Suomen tie Eurooppaan&#8221; -hankkeen, jossa on digitalisoitu kansan\u00e4\u00e4nestyksess\u00e4 vaikuttaneiden kansalaisj\u00e4rjest\u00f6jen arkistoja ja toteutettu t\u00e4h\u00e4n pohjaten dokumentti sek\u00e4 kirjajulkaisu. Dokumentissa esiintyneiden Matti Viialaisen, Timo Kauniston, Miapetra Kumpula-Natrin ja Henrikki Halmeen haastatteluja on hy\u00f6dynnetty my\u00f6s kirjajulkaisussa. [&hellip;]<\/p>\n","protected":false},"author":4,"featured_media":5083,"comment_status":"closed","ping_status":"closed","sticky":false,"template":"","format":"standard","meta":{"_et_pb_use_builder":"on","_et_pb_old_content":"<!-- wp:paragraph -->\n<p>Ensi vuonna tulee kuluneeksi 30 vuotta siit\u00e4, kun Suomessa \u00e4\u00e4nestettiin Euroopan unioniin liittymisest\u00e4. Eurooppalainen Suomi on t\u00e4m\u00e4n johdosta toteuttanut vuonna 2023 \"Suomen tie Eurooppaan\" -hankkeen, jossa on digitalisoitu kansan\u00e4\u00e4nestyksess\u00e4 vaikuttaneiden kansalaisj\u00e4rjest\u00f6jen arkistoja ja toteutettu t\u00e4h\u00e4n pohjaten dokumentti sek\u00e4 kirjajulkaisu. Dokumentissa esiintyneiden Matti Viialaisen, Timo Kauniston, Miapetra Kumpula-Natrin ja Henrikki Halmeen haastatteluja on hy\u00f6dynnetty my\u00f6s kirjajulkaisussa.&nbsp;<\/p>\n<!-- \/wp:paragraph -->\n\n<!-- wp:paragraph -->\n<p>Suomen tie Eurooppaan -hankkeessa toteutettu dokumentti ja kirjajulkaisu keskittyv\u00e4t nimens\u00e4 mukaisesti kertaamaan vuonna 1994 tapahtuneeseen kansan\u00e4\u00e4nestykseen vaikuttaneiden kansalaisj\u00e4rjest\u00f6jen historiaa etenkin 90-luvun puoliv\u00e4liss\u00e4. Menneisyyden tarkasteleminen digitoitujen arkistojen avulla tuo uuden, t\u00e4rke\u00e4n n\u00e4k\u00f6kulman yhteen itsen\u00e4isen Suomen historian t\u00e4rkeimmist\u00e4 p\u00e4\u00e4t\u00f6ksist\u00e4. <br><br>Arkistot sis\u00e4lsiv\u00e4t yhdistysten toiminnasta j\u00e4\u00e4vi\u00e4 j\u00e4lki\u00e4 paperin muodossa: kirjeenvaihtoa, toimintasuunnitelmia, p\u00f6yt\u00e4kirjoja, raportteja, laskuja, kuitteja, j\u00e4senluetteloita, budjetteja ja niin edelleen. Kaikkein hedelm\u00e4llisimmiksi hankkeen kannalta osoittautuivat vuoden 1994 kansan\u00e4\u00e4nestyksen suunnitteluun ja toteuttamiseen liittyneet dokumentit, kuten kirjeenvaihto ja suunnittelumateriaali. Vuosikymmenten vaihtuessa j\u00e4rjest\u00f6jen toiminta ja toiminnan dokumentointi muuttuvat. Vuoden 1994 EU-kansan\u00e4\u00e4nestys luo selke\u00e4n poikkeaman j\u00e4rjest\u00f6jen historiaan. Etenkin kansan\u00e4\u00e4nestyst\u00e4 varten perustetuille kansalaisj\u00e4rjest\u00f6ill\u00e4 vuosi 1994 oli selke\u00e4sti historiansa n\u00e4kyvin ja aktiivisin, hyvist\u00e4 syist\u00e4 tietysti. Suomen neuvoa-antavaa kansan\u00e4\u00e4nestyst\u00e4 Euroopan unioniin liittymisest\u00e4 voidaan pit\u00e4\u00e4 itsen\u00e4isen Suomen yhten\u00e4 merkitt\u00e4vimmist\u00e4, ellei kenties merkitt\u00e4vimp\u00e4n\u00e4 p\u00e4\u00e4t\u00f6ksen\u00e4.<\/p>\n<!-- \/wp:paragraph -->\n\n<!-- wp:paragraph -->\n<p>Katso video ohesta.<\/p>\n<!-- \/wp:paragraph -->\n\n<!-- wp:paragraph -->\n<p>Lue kirjajulkaisu t\u00e4\u00e4lt\u00e4.<\/p>\n<!-- \/wp:paragraph -->\n\n<!-- wp:paragraph -->\n<p>Suomen tie Eurooppaan -hanke on toteutettu ulkoministeri\u00f6n Eurooppatiedotuksen hanketuella. Dokumentissa ja kirjajulkaisussa esitetyt mielipiteet eiv\u00e4t v\u00e4ltt\u00e4m\u00e4tt\u00e4 edusta ulkoministeri\u00f6n n\u00e4kemyksi\u00e4.<\/p>\n<!-- \/wp:paragraph -->","_et_gb_content_width":""},"categories":[8,135],"tags":[],"yoast_head":"<!-- This site is optimized with the Yoast SEO plugin v19.13 - https:\/\/yoast.com\/wordpress\/plugins\/seo\/ -->\n<title>Suomen tie Eurooppaan - dokumentti ja kirjajulkaisu kansalaisj\u00e4rjest\u00f6jen roolista Euroopan unioniin liittymisen kansan\u00e4\u00e4nestyksess\u00e4 julkaistu - Eurooppalainen Suomi<\/title>\n<meta name=\"robots\" content=\"index, follow, max-snippet:-1, max-image-preview:large, max-video-preview:-1\" \/>\n<link rel=\"canonical\" href=\"https:\/\/www.eurooppalainensuomi.fi\/suomen-tie-eurooppaan-dokumentti-ja-kirjajulkaisu-kansalaisjarjestojen-roolista-euroopan-unioniin-liittymisen-kansanaanestyksessa-julkaistu\" \/>\n<meta property=\"og:locale\" content=\"en_US\" \/>\n<meta property=\"og:type\" content=\"article\" \/>\n<meta property=\"og:title\" content=\"Suomen tie Eurooppaan - dokumentti ja kirjajulkaisu kansalaisj\u00e4rjest\u00f6jen roolista Euroopan unioniin liittymisen kansan\u00e4\u00e4nestyksess\u00e4 julkaistu - Eurooppalainen Suomi\" \/>\n<meta property=\"og:description\" content=\"Ensi vuonna tulee kuluneeksi 30 vuotta siit\u00e4, kun Suomessa \u00e4\u00e4nestettiin Euroopan unioniin liittymisest\u00e4. Eurooppalainen Suomi on t\u00e4m\u00e4n johdosta toteuttanut vuonna 2023 &quot;Suomen tie Eurooppaan&quot; -hankkeen, jossa on digitalisoitu kansan\u00e4\u00e4nestyksess\u00e4 vaikuttaneiden kansalaisj\u00e4rjest\u00f6jen arkistoja ja toteutettu t\u00e4h\u00e4n pohjaten dokumentti sek\u00e4 kirjajulkaisu. Dokumentissa esiintyneiden Matti Viialaisen, Timo Kauniston, Miapetra Kumpula-Natrin ja Henrikki Halmeen haastatteluja on hy\u00f6dynnetty my\u00f6s kirjajulkaisussa. [&hellip;]\" \/>\n<meta property=\"og:url\" content=\"https:\/\/www.eurooppalainensuomi.fi\/suomen-tie-eurooppaan-dokumentti-ja-kirjajulkaisu-kansalaisjarjestojen-roolista-euroopan-unioniin-liittymisen-kansanaanestyksessa-julkaistu\" \/>\n<meta property=\"og:site_name\" content=\"Eurooppalainen Suomi\" \/>\n<meta property=\"article:publisher\" content=\"https:\/\/www.facebook.com\/eurooppalainensuomi\" \/>\n<meta property=\"article:published_time\" content=\"2023-12-28T17:56:42+00:00\" \/>\n<meta property=\"article:modified_time\" content=\"2025-12-03T19:48:12+00:00\" \/>\n<meta property=\"og:image\" content=\"https:\/\/www.eurooppalainensuomi.fi\/wp-content\/uploads\/2023\/12\/KANSIKUVA.png\" \/>\n\t<meta property=\"og:image:width\" content=\"1600\" \/>\n\t<meta property=\"og:image:height\" content=\"900\" \/>\n\t<meta property=\"og:image:type\" content=\"image\/png\" \/>\n<meta name=\"author\" content=\"Admin\" \/>\n<meta name=\"twitter:card\" content=\"summary_large_image\" \/>\n<meta name=\"twitter:creator\" content=\"@em_finland\" \/>\n<meta name=\"twitter:site\" content=\"@em_finland\" \/>\n<meta name=\"twitter:label1\" content=\"Written by\" \/>\n\t<meta name=\"twitter:data1\" content=\"Admin\" \/>\n\t<meta name=\"twitter:label2\" content=\"Est. reading time\" \/>\n\t<meta name=\"twitter:data2\" content=\"2 minutes\" \/>\n<script type=\"application\/ld+json\" class=\"yoast-schema-graph\">{\"@context\":\"https:\/\/schema.org\",\"@graph\":[{\"@type\":\"Article\",\"@id\":\"https:\/\/www.eurooppalainensuomi.fi\/suomen-tie-eurooppaan-dokumentti-ja-kirjajulkaisu-kansalaisjarjestojen-roolista-euroopan-unioniin-liittymisen-kansanaanestyksessa-julkaistu#article\",\"isPartOf\":{\"@id\":\"https:\/\/www.eurooppalainensuomi.fi\/suomen-tie-eurooppaan-dokumentti-ja-kirjajulkaisu-kansalaisjarjestojen-roolista-euroopan-unioniin-liittymisen-kansanaanestyksessa-julkaistu\"},\"author\":{\"name\":\"Admin\",\"@id\":\"https:\/\/www.eurooppalainensuomi.fi\/#\/schema\/person\/9635843384121bb89ed49f8d3129daee\"},\"headline\":\"Suomen tie Eurooppaan &#8211; dokumentti ja kirjajulkaisu kansalaisj\u00e4rjest\u00f6jen roolista Euroopan unioniin liittymisen kansan\u00e4\u00e4nestyksess\u00e4 julkaistu\",\"datePublished\":\"2023-12-28T17:56:42+00:00\",\"dateModified\":\"2025-12-03T19:48:12+00:00\",\"mainEntityOfPage\":{\"@id\":\"https:\/\/www.eurooppalainensuomi.fi\/suomen-tie-eurooppaan-dokumentti-ja-kirjajulkaisu-kansalaisjarjestojen-roolista-euroopan-unioniin-liittymisen-kansanaanestyksessa-julkaistu\"},\"wordCount\":409,\"publisher\":{\"@id\":\"https:\/\/www.eurooppalainensuomi.fi\/#organization\"},\"articleSection\":[\"Ajankohtaista\",\"Historia\"],\"inLanguage\":\"en\"},{\"@type\":\"WebPage\",\"@id\":\"https:\/\/www.eurooppalainensuomi.fi\/suomen-tie-eurooppaan-dokumentti-ja-kirjajulkaisu-kansalaisjarjestojen-roolista-euroopan-unioniin-liittymisen-kansanaanestyksessa-julkaistu\",\"url\":\"https:\/\/www.eurooppalainensuomi.fi\/suomen-tie-eurooppaan-dokumentti-ja-kirjajulkaisu-kansalaisjarjestojen-roolista-euroopan-unioniin-liittymisen-kansanaanestyksessa-julkaistu\",\"name\":\"Suomen tie Eurooppaan - dokumentti ja kirjajulkaisu kansalaisj\u00e4rjest\u00f6jen roolista Euroopan unioniin liittymisen kansan\u00e4\u00e4nestyksess\u00e4 julkaistu - Eurooppalainen Suomi\",\"isPartOf\":{\"@id\":\"https:\/\/www.eurooppalainensuomi.fi\/#website\"},\"datePublished\":\"2023-12-28T17:56:42+00:00\",\"dateModified\":\"2025-12-03T19:48:12+00:00\",\"breadcrumb\":{\"@id\":\"https:\/\/www.eurooppalainensuomi.fi\/suomen-tie-eurooppaan-dokumentti-ja-kirjajulkaisu-kansalaisjarjestojen-roolista-euroopan-unioniin-liittymisen-kansanaanestyksessa-julkaistu#breadcrumb\"},\"inLanguage\":\"en\",\"potentialAction\":[{\"@type\":\"ReadAction\",\"target\":[\"https:\/\/www.eurooppalainensuomi.fi\/suomen-tie-eurooppaan-dokumentti-ja-kirjajulkaisu-kansalaisjarjestojen-roolista-euroopan-unioniin-liittymisen-kansanaanestyksessa-julkaistu\"]}]},{\"@type\":\"BreadcrumbList\",\"@id\":\"https:\/\/www.eurooppalainensuomi.fi\/suomen-tie-eurooppaan-dokumentti-ja-kirjajulkaisu-kansalaisjarjestojen-roolista-euroopan-unioniin-liittymisen-kansanaanestyksessa-julkaistu#breadcrumb\",\"itemListElement\":[{\"@type\":\"ListItem\",\"position\":1,\"name\":\"Etusivu\",\"item\":\"https:\/\/www.eurooppalainensuomi.fi\/\"},{\"@type\":\"ListItem\",\"position\":2,\"name\":\"Suomen tie Eurooppaan &#8211; dokumentti ja kirjajulkaisu kansalaisj\u00e4rjest\u00f6jen roolista Euroopan unioniin liittymisen kansan\u00e4\u00e4nestyksess\u00e4 julkaistu\"}]},{\"@type\":\"WebSite\",\"@id\":\"https:\/\/www.eurooppalainensuomi.fi\/#website\",\"url\":\"https:\/\/www.eurooppalainensuomi.fi\/\",\"name\":\"Eurooppalainen Suomi\",\"description\":\"Parempaa Eurooppaa rakentamassa\",\"publisher\":{\"@id\":\"https:\/\/www.eurooppalainensuomi.fi\/#organization\"},\"potentialAction\":[{\"@type\":\"SearchAction\",\"target\":{\"@type\":\"EntryPoint\",\"urlTemplate\":\"https:\/\/www.eurooppalainensuomi.fi\/?s={search_term_string}\"},\"query-input\":\"required name=search_term_string\"}],\"inLanguage\":\"en\"},{\"@type\":\"Organization\",\"@id\":\"https:\/\/www.eurooppalainensuomi.fi\/#organization\",\"name\":\"Eurooppalainen Suomi ry\",\"url\":\"https:\/\/www.eurooppalainensuomi.fi\/\",\"logo\":{\"@type\":\"ImageObject\",\"inLanguage\":\"en\",\"@id\":\"https:\/\/www.eurooppalainensuomi.fi\/#\/schema\/logo\/image\/\",\"url\":\"https:\/\/www.eurooppalainensuomi.fi\/wp-content\/uploads\/2021\/01\/PNG_large.png\",\"contentUrl\":\"https:\/\/www.eurooppalainensuomi.fi\/wp-content\/uploads\/2021\/01\/PNG_large.png\",\"width\":586,\"height\":220,\"caption\":\"Eurooppalainen Suomi ry\"},\"image\":{\"@id\":\"https:\/\/www.eurooppalainensuomi.fi\/#\/schema\/logo\/image\/\"},\"sameAs\":[\"https:\/\/instagram.com\/eurooppalainensuomi\",\"https:\/\/www.youtube.com\/channel\/UCBeqyrm1ze2RinjeAYS_-Jg\",\"https:\/\/fi.wikipedia.org\/wiki\/Eurooppalainen_Suomi\",\"https:\/\/www.facebook.com\/eurooppalainensuomi\",\"https:\/\/twitter.com\/em_finland\"]},{\"@type\":\"Person\",\"@id\":\"https:\/\/www.eurooppalainensuomi.fi\/#\/schema\/person\/9635843384121bb89ed49f8d3129daee\",\"name\":\"Admin\",\"image\":{\"@type\":\"ImageObject\",\"inLanguage\":\"en\",\"@id\":\"https:\/\/www.eurooppalainensuomi.fi\/#\/schema\/person\/image\/\",\"url\":\"https:\/\/secure.gravatar.com\/avatar\/813eb247d5c8e5914db8a949c18b8e26?s=96&d=mm&r=g\",\"contentUrl\":\"https:\/\/secure.gravatar.com\/avatar\/813eb247d5c8e5914db8a949c18b8e26?s=96&d=mm&r=g\",\"caption\":\"Admin\"}}]}<\/script>\n<!-- \/ Yoast SEO plugin. -->","yoast_head_json":{"title":"Suomen tie Eurooppaan - dokumentti ja kirjajulkaisu kansalaisj\u00e4rjest\u00f6jen roolista Euroopan unioniin liittymisen kansan\u00e4\u00e4nestyksess\u00e4 julkaistu - Eurooppalainen Suomi","robots":{"index":"index","follow":"follow","max-snippet":"max-snippet:-1","max-image-preview":"max-image-preview:large","max-video-preview":"max-video-preview:-1"},"canonical":"https:\/\/www.eurooppalainensuomi.fi\/suomen-tie-eurooppaan-dokumentti-ja-kirjajulkaisu-kansalaisjarjestojen-roolista-euroopan-unioniin-liittymisen-kansanaanestyksessa-julkaistu","og_locale":"en_US","og_type":"article","og_title":"Suomen tie Eurooppaan - dokumentti ja kirjajulkaisu kansalaisj\u00e4rjest\u00f6jen roolista Euroopan unioniin liittymisen kansan\u00e4\u00e4nestyksess\u00e4 julkaistu - Eurooppalainen Suomi","og_description":"Ensi vuonna tulee kuluneeksi 30 vuotta siit\u00e4, kun Suomessa \u00e4\u00e4nestettiin Euroopan unioniin liittymisest\u00e4. Eurooppalainen Suomi on t\u00e4m\u00e4n johdosta toteuttanut vuonna 2023 \"Suomen tie Eurooppaan\" -hankkeen, jossa on digitalisoitu kansan\u00e4\u00e4nestyksess\u00e4 vaikuttaneiden kansalaisj\u00e4rjest\u00f6jen arkistoja ja toteutettu t\u00e4h\u00e4n pohjaten dokumentti sek\u00e4 kirjajulkaisu. Dokumentissa esiintyneiden Matti Viialaisen, Timo Kauniston, Miapetra Kumpula-Natrin ja Henrikki Halmeen haastatteluja on hy\u00f6dynnetty my\u00f6s kirjajulkaisussa. [&hellip;]","og_url":"https:\/\/www.eurooppalainensuomi.fi\/suomen-tie-eurooppaan-dokumentti-ja-kirjajulkaisu-kansalaisjarjestojen-roolista-euroopan-unioniin-liittymisen-kansanaanestyksessa-julkaistu","og_site_name":"Eurooppalainen Suomi","article_publisher":"https:\/\/www.facebook.com\/eurooppalainensuomi","article_published_time":"2023-12-28T17:56:42+00:00","article_modified_time":"2025-12-03T19:48:12+00:00","og_image":[{"width":1600,"height":900,"url":"https:\/\/www.eurooppalainensuomi.fi\/wp-content\/uploads\/2023\/12\/KANSIKUVA.png","type":"image\/png"}],"author":"Admin","twitter_card":"summary_large_image","twitter_creator":"@em_finland","twitter_site":"@em_finland","twitter_misc":{"Written by":"Admin","Est. reading time":"2 minutes"},"schema":{"@context":"https:\/\/schema.org","@graph":[{"@type":"Article","@id":"https:\/\/www.eurooppalainensuomi.fi\/suomen-tie-eurooppaan-dokumentti-ja-kirjajulkaisu-kansalaisjarjestojen-roolista-euroopan-unioniin-liittymisen-kansanaanestyksessa-julkaistu#article","isPartOf":{"@id":"https:\/\/www.eurooppalainensuomi.fi\/suomen-tie-eurooppaan-dokumentti-ja-kirjajulkaisu-kansalaisjarjestojen-roolista-euroopan-unioniin-liittymisen-kansanaanestyksessa-julkaistu"},"author":{"name":"Admin","@id":"https:\/\/www.eurooppalainensuomi.fi\/#\/schema\/person\/9635843384121bb89ed49f8d3129daee"},"headline":"Suomen tie Eurooppaan &#8211; dokumentti ja kirjajulkaisu kansalaisj\u00e4rjest\u00f6jen roolista Euroopan unioniin liittymisen kansan\u00e4\u00e4nestyksess\u00e4 julkaistu","datePublished":"2023-12-28T17:56:42+00:00","dateModified":"2025-12-03T19:48:12+00:00","mainEntityOfPage":{"@id":"https:\/\/www.eurooppalainensuomi.fi\/suomen-tie-eurooppaan-dokumentti-ja-kirjajulkaisu-kansalaisjarjestojen-roolista-euroopan-unioniin-liittymisen-kansanaanestyksessa-julkaistu"},"wordCount":409,"publisher":{"@id":"https:\/\/www.eurooppalainensuomi.fi\/#organization"},"articleSection":["Ajankohtaista","Historia"],"inLanguage":"en"},{"@type":"WebPage","@id":"https:\/\/www.eurooppalainensuomi.fi\/suomen-tie-eurooppaan-dokumentti-ja-kirjajulkaisu-kansalaisjarjestojen-roolista-euroopan-unioniin-liittymisen-kansanaanestyksessa-julkaistu","url":"https:\/\/www.eurooppalainensuomi.fi\/suomen-tie-eurooppaan-dokumentti-ja-kirjajulkaisu-kansalaisjarjestojen-roolista-euroopan-unioniin-liittymisen-kansanaanestyksessa-julkaistu","name":"Suomen tie Eurooppaan - dokumentti ja kirjajulkaisu kansalaisj\u00e4rjest\u00f6jen roolista Euroopan unioniin liittymisen kansan\u00e4\u00e4nestyksess\u00e4 julkaistu - Eurooppalainen Suomi","isPartOf":{"@id":"https:\/\/www.eurooppalainensuomi.fi\/#website"},"datePublished":"2023-12-28T17:56:42+00:00","dateModified":"2025-12-03T19:48:12+00:00","breadcrumb":{"@id":"https:\/\/www.eurooppalainensuomi.fi\/suomen-tie-eurooppaan-dokumentti-ja-kirjajulkaisu-kansalaisjarjestojen-roolista-euroopan-unioniin-liittymisen-kansanaanestyksessa-julkaistu#breadcrumb"},"inLanguage":"en","potentialAction":[{"@type":"ReadAction","target":["https:\/\/www.eurooppalainensuomi.fi\/suomen-tie-eurooppaan-dokumentti-ja-kirjajulkaisu-kansalaisjarjestojen-roolista-euroopan-unioniin-liittymisen-kansanaanestyksessa-julkaistu"]}]},{"@type":"BreadcrumbList","@id":"https:\/\/www.eurooppalainensuomi.fi\/suomen-tie-eurooppaan-dokumentti-ja-kirjajulkaisu-kansalaisjarjestojen-roolista-euroopan-unioniin-liittymisen-kansanaanestyksessa-julkaistu#breadcrumb","itemListElement":[{"@type":"ListItem","position":1,"name":"Etusivu","item":"https:\/\/www.eurooppalainensuomi.fi\/"},{"@type":"ListItem","position":2,"name":"Suomen tie Eurooppaan &#8211; dokumentti ja kirjajulkaisu kansalaisj\u00e4rjest\u00f6jen roolista Euroopan unioniin liittymisen kansan\u00e4\u00e4nestyksess\u00e4 julkaistu"}]},{"@type":"WebSite","@id":"https:\/\/www.eurooppalainensuomi.fi\/#website","url":"https:\/\/www.eurooppalainensuomi.fi\/","name":"Eurooppalainen Suomi","description":"Parempaa Eurooppaa rakentamassa","publisher":{"@id":"https:\/\/www.eurooppalainensuomi.fi\/#organization"},"potentialAction":[{"@type":"SearchAction","target":{"@type":"EntryPoint","urlTemplate":"https:\/\/www.eurooppalainensuomi.fi\/?s={search_term_string}"},"query-input":"required name=search_term_string"}],"inLanguage":"en"},{"@type":"Organization","@id":"https:\/\/www.eurooppalainensuomi.fi\/#organization","name":"Eurooppalainen Suomi ry","url":"https:\/\/www.eurooppalainensuomi.fi\/","logo":{"@type":"ImageObject","inLanguage":"en","@id":"https:\/\/www.eurooppalainensuomi.fi\/#\/schema\/logo\/image\/","url":"https:\/\/www.eurooppalainensuomi.fi\/wp-content\/uploads\/2021\/01\/PNG_large.png","contentUrl":"https:\/\/www.eurooppalainensuomi.fi\/wp-content\/uploads\/2021\/01\/PNG_large.png","width":586,"height":220,"caption":"Eurooppalainen Suomi ry"},"image":{"@id":"https:\/\/www.eurooppalainensuomi.fi\/#\/schema\/logo\/image\/"},"sameAs":["https:\/\/instagram.com\/eurooppalainensuomi","https:\/\/www.youtube.com\/channel\/UCBeqyrm1ze2RinjeAYS_-Jg","https:\/\/fi.wikipedia.org\/wiki\/Eurooppalainen_Suomi","https:\/\/www.facebook.com\/eurooppalainensuomi","https:\/\/twitter.com\/em_finland"]},{"@type":"Person","@id":"https:\/\/www.eurooppalainensuomi.fi\/#\/schema\/person\/9635843384121bb89ed49f8d3129daee","name":"Admin","image":{"@type":"ImageObject","inLanguage":"en","@id":"https:\/\/www.eurooppalainensuomi.fi\/#\/schema\/person\/image\/","url":"https:\/\/secure.gravatar.com\/avatar\/813eb247d5c8e5914db8a949c18b8e26?s=96&d=mm&r=g","contentUrl":"https:\/\/secure.gravatar.com\/avatar\/813eb247d5c8e5914db8a949c18b8e26?s=96&d=mm&r=g","caption":"Admin"}}]}},"jetpack_featured_media_url":"https:\/\/www.eurooppalainensuomi.fi\/wp-content\/uploads\/2023\/12\/KANSIKUVA.png","_links":{"self":[{"href":"https:\/\/www.eurooppalainensuomi.fi\/index.php?rest_route=\/wp\/v2\/posts\/5078"}],"collection":[{"href":"https:\/\/www.eurooppalainensuomi.fi\/index.php?rest_route=\/wp\/v2\/posts"}],"about":[{"href":"https:\/\/www.eurooppalainensuomi.fi\/index.php?rest_route=\/wp\/v2\/types\/post"}],"author":[{"embeddable":true,"href":"https:\/\/www.eurooppalainensuomi.fi\/index.php?rest_route=\/wp\/v2\/users\/4"}],"replies":[{"embeddable":true,"href":"https:\/\/www.eurooppalainensuomi.fi\/index.php?rest_route=%2Fwp%2Fv2%2Fcomments&post=5078"}],"version-history":[{"count":8,"href":"https:\/\/www.eurooppalainensuomi.fi\/index.php?rest_route=\/wp\/v2\/posts\/5078\/revisions"}],"predecessor-version":[{"id":6897,"href":"https:\/\/www.eurooppalainensuomi.fi\/index.php?rest_route=\/wp\/v2\/posts\/5078\/revisions\/6897"}],"wp:featuredmedia":[{"embeddable":true,"href":"https:\/\/www.eurooppalainensuomi.fi\/index.php?rest_route=\/wp\/v2\/media\/5083"}],"wp:attachment":[{"href":"https:\/\/www.eurooppalainensuomi.fi\/index.php?rest_route=%2Fwp%2Fv2%2Fmedia&parent=5078"}],"wp:term":[{"taxonomy":"category","embeddable":true,"href":"https:\/\/www.eurooppalainensuomi.fi\/index.php?rest_route=%2Fwp%2Fv2%2Fcategories&post=5078"},{"taxonomy":"post_tag","embeddable":true,"href":"https:\/\/www.eurooppalainensuomi.fi\/index.php?rest_route=%2Fwp%2Fv2%2Ftags&post=5078"}],"curies":[{"name":"wp","href":"https:\/\/api.w.org\/{rel}","templated":true}]}}