{"id":5062,"date":"2023-12-11T13:56:52","date_gmt":"2023-12-11T11:56:52","guid":{"rendered":"https:\/\/www.eurooppalainensuomi.fi\/?p=5062"},"modified":"2023-12-11T13:56:53","modified_gmt":"2023-12-11T11:56:53","slug":"eun-talousarvio-demokratian-puolustaminen-laajentuminen","status":"publish","type":"post","link":"https:\/\/www.eurooppalainensuomi.fi\/eun-talousarvio-demokratian-puolustaminen-laajentuminen","title":{"rendered":"EUn talousarvio | Demokratian puolustaminen | Laajentuminen"},"content":{"rendered":"\n<p>Euroopan parlamentin t\u00e4ysistunnossa, Strasbourgissa, keskustellaan kriittisi\u00e4 raaka-aineita koskevasta s\u00e4\u00e4d\u00f6ksest\u00e4 ja demokratian puolustamista koskevasta paketista. Valtion- ja hallitusten p\u00e4\u00e4miesten on m\u00e4\u00e4r\u00e4 keskitty\u00e4 torstaina ja perjantaina pidett\u00e4v\u00e4ss\u00e4 Eurooppa-neuvoston kokouksessa Ven\u00e4j\u00e4n Ukrainaa vastaan k\u00e4ym\u00e4n hy\u00f6kk\u00e4yssodan viimeisimpiin tapahtumiin ja EU:n jatkuvaan tukeen maalle, L\u00e4hi-id\u00e4n tilanteeseen sek\u00e4 EU:n monivuotisen rahoituskehyksen 2021-2027 tarkistamiseen.<\/p>\n\n\n\n<p>Euroopan parlamentti<\/p>\n\n\n\n<p>Euroopan parlamentti tekee p\u00e4\u00e4t\u00f6ksi\u00e4, mekanismista komission puheenjohtajan valitsemiseksi sek\u00e4 keinoista \u00e4\u00e4nestysaktiivisuuden lis\u00e4\u00e4miseksi ja demokraattisten prosessien tehostamiseksi. Euroopan parlamentti vaatii EU:n sitoutumista Kiinan kanssa maailmanlaajuisiin haasteisiin ja jatkaa Pekingin vakavien ihmisoikeusrikkomusten vastustamista. Keskustelussa neuvoston ja komission kanssa parlamentin j\u00e4senet esitt\u00e4v\u00e4t vaatimuksensa EU:n huippukokoukseen. Lis\u00e4ksi parlamentti \u00e4\u00e4nest\u00e4\u00e4 mietinn\u00f6st\u00e4, joka koskee Euroopan terveystietoalueen perustamista. Aloitteella pyrit\u00e4\u00e4n vahvistamaan oikeutta terveystietojen siirrett\u00e4vyyteen ja mahdollistamaan tietojen turvallinen jakaminen.<\/p>\n\n\n\n<p>Euroopan komissio<\/p>\n\n\n\n<p>Komissaari Hoekstra osallistuu maanantaina COP28-kokouksen p\u00e4\u00e4t\u00f6sistuntoihin Dubaissa. Samana p\u00e4iv\u00e4n\u00e4 varapuheenjohtaja Suica puhuu &#8220;Demographic change in Europe: Meill\u00e4 on ty\u00f6kalupakki toimintaa varten!&#8221;-konferenssissa, Zagrebissa. H\u00e4n saapuu Strasbourgiin tiistaina osallistuakseen Euroopan parlamentin t\u00e4ysistunnossa k\u00e4yt\u00e4v\u00e4\u00e4n keskusteluun demokratian puolustamista koskevasta paketista. Perjantaina komissaari Lenar\u010di\u010d pit\u00e4\u00e4 puheen Genevess\u00e4 Sveitsiss\u00e4 j\u00e4rjestett\u00e4v\u00e4ss\u00e4 Global Refugee Forum 2023 -foorumissa.<\/p>\n\n\n\n<p>Eurooppaneuvosto<\/p>\n\n\n\n<p>Maanantaina ulkoasiainneuvoston kokousta seuraa it\u00e4isen kumppanuuden ulkoasiainministerikokous, jossa EU:n j\u00e4senvaltioiden, Armenian, Azerbaid\u017eanin, Georgian, Moldovan ja Ukrainan ministerit keskustelevat vuoden 2024 yhteisen ty\u00f6n keskeisist\u00e4 painopisteist\u00e4 ja siit\u00e4, miten it\u00e4isen kumppanuuden talous- ja investointisuunnitelman toteuttamista voidaan nopeuttaa. Tiistaina yleisten asioiden neuvoston esityslistalla ovat vuotuisen oikeusvaltion periaatteita koskevan vuoropuhelun arviointi sek\u00e4 laajentumis-, vakautus- ja assosiaatioprosessi. Ennen Eurooppa-neuvoston kokouksen alkua EU:n valtion- ja hallitusten p\u00e4\u00e4miehet tapaavat keskiviikkona L\u00e4nsi-Balkanin maiden kollegansa keskustellakseen EU:hun liittyvist\u00e4 uudistuksista ja tiiviimm\u00e4st\u00e4 yhdentymisest\u00e4 EU:n sis\u00e4markkinoihin.<\/p>\n\n\n\n<p>Suuri valiokunta<\/p>\n\n\n\n<p>Suuri valiokunta yhtyy valtioneuvoston kantaan Euroopan komission vuotuisen laajentumispaketin k\u00e4sittelyss\u00e4. Valiokunnan lausunto on yksimielinen. Laajentumispaketti sis\u00e4lt\u00e4\u00e4 arviot EU:n laajentumisprosessissa olevien maiden edistymisest\u00e4 ja antaa toimenpidesuosituksia. Maat ovat Albania, Bosnia-Hertsegovina, Georgia, Kosovo, Moldova, Montenegro, Pohjois-Makedonia, Serbia, Turkki ja Ukraina. Suuri valiokunta katsoo laajentumisen onnistumisen edellytt\u00e4v\u00e4n, ett\u00e4 j\u00e4senyyskriteereist\u00e4 pidet\u00e4\u00e4n kiinni. On t\u00e4rke\u00e4\u00e4, ett\u00e4 jokainen hakijamaa etenee omin ansioin ja maita kohdellaan tasapuolisesti. Kriteerien on oltava kaikille samat.<\/p>\n","protected":false},"excerpt":{"rendered":"<p>Euroopan parlamentin t\u00e4ysistunnossa, Strasbourgissa, keskustellaan kriittisi\u00e4 raaka-aineita koskevasta s\u00e4\u00e4d\u00f6ksest\u00e4 ja demokratian puolustamista koskevasta paketista. Valtion- ja hallitusten p\u00e4\u00e4miesten on m\u00e4\u00e4r\u00e4 keskitty\u00e4 torstaina ja perjantaina pidett\u00e4v\u00e4ss\u00e4 Eurooppa-neuvoston kokouksessa Ven\u00e4j\u00e4n Ukrainaa vastaan k\u00e4ym\u00e4n hy\u00f6kk\u00e4yssodan viimeisimpiin tapahtumiin ja EU:n jatkuvaan tukeen maalle, L\u00e4hi-id\u00e4n tilanteeseen sek\u00e4 EU:n monivuotisen rahoituskehyksen 2021-2027 tarkistamiseen. Euroopan parlamentti Euroopan parlamentti tekee p\u00e4\u00e4t\u00f6ksi\u00e4, mekanismista komission [&hellip;]<\/p>\n","protected":false},"author":4,"featured_media":3855,"comment_status":"closed","ping_status":"closed","sticky":false,"template":"","format":"standard","meta":{"_et_pb_use_builder":"off","_et_pb_old_content":"","_et_gb_content_width":""},"categories":[8,10,9],"tags":[],"yoast_head":"<!-- This site is optimized with the Yoast SEO plugin v19.13 - https:\/\/yoast.com\/wordpress\/plugins\/seo\/ -->\n<title>EUn talousarvio | Demokratian puolustaminen | Laajentuminen - Eurooppalainen Suomi<\/title>\n<meta name=\"robots\" content=\"index, follow, max-snippet:-1, max-image-preview:large, max-video-preview:-1\" \/>\n<link rel=\"canonical\" href=\"https:\/\/www.eurooppalainensuomi.fi\/eun-talousarvio-demokratian-puolustaminen-laajentuminen\" \/>\n<meta property=\"og:locale\" content=\"en_US\" \/>\n<meta property=\"og:type\" content=\"article\" \/>\n<meta property=\"og:title\" content=\"EUn talousarvio | Demokratian puolustaminen | Laajentuminen - Eurooppalainen Suomi\" \/>\n<meta property=\"og:description\" content=\"Euroopan parlamentin t\u00e4ysistunnossa, Strasbourgissa, keskustellaan kriittisi\u00e4 raaka-aineita koskevasta s\u00e4\u00e4d\u00f6ksest\u00e4 ja demokratian puolustamista koskevasta paketista. Valtion- ja hallitusten p\u00e4\u00e4miesten on m\u00e4\u00e4r\u00e4 keskitty\u00e4 torstaina ja perjantaina pidett\u00e4v\u00e4ss\u00e4 Eurooppa-neuvoston kokouksessa Ven\u00e4j\u00e4n Ukrainaa vastaan k\u00e4ym\u00e4n hy\u00f6kk\u00e4yssodan viimeisimpiin tapahtumiin ja EU:n jatkuvaan tukeen maalle, L\u00e4hi-id\u00e4n tilanteeseen sek\u00e4 EU:n monivuotisen rahoituskehyksen 2021-2027 tarkistamiseen. Euroopan parlamentti Euroopan parlamentti tekee p\u00e4\u00e4t\u00f6ksi\u00e4, mekanismista komission [&hellip;]\" \/>\n<meta property=\"og:url\" content=\"https:\/\/www.eurooppalainensuomi.fi\/eun-talousarvio-demokratian-puolustaminen-laajentuminen\" \/>\n<meta property=\"og:site_name\" content=\"Eurooppalainen Suomi\" \/>\n<meta property=\"article:publisher\" content=\"https:\/\/www.facebook.com\/eurooppalainensuomi\" \/>\n<meta property=\"article:published_time\" content=\"2023-12-11T11:56:52+00:00\" \/>\n<meta property=\"article:modified_time\" content=\"2023-12-11T11:56:53+00:00\" \/>\n<meta property=\"og:image\" content=\"https:\/\/www.eurooppalainensuomi.fi\/wp-content\/uploads\/2022\/09\/Sivu-15-Kuva-4-scaled.jpg\" \/>\n\t<meta property=\"og:image:width\" content=\"2560\" \/>\n\t<meta property=\"og:image:height\" content=\"1707\" \/>\n\t<meta property=\"og:image:type\" content=\"image\/jpeg\" \/>\n<meta name=\"author\" content=\"Admin\" \/>\n<meta name=\"twitter:card\" content=\"summary_large_image\" \/>\n<meta name=\"twitter:creator\" content=\"@em_finland\" \/>\n<meta name=\"twitter:site\" content=\"@em_finland\" \/>\n<meta name=\"twitter:label1\" content=\"Written by\" \/>\n\t<meta name=\"twitter:data1\" content=\"Admin\" \/>\n\t<meta name=\"twitter:label2\" content=\"Est. reading time\" \/>\n\t<meta name=\"twitter:data2\" content=\"2 minutes\" \/>\n<script type=\"application\/ld+json\" class=\"yoast-schema-graph\">{\"@context\":\"https:\/\/schema.org\",\"@graph\":[{\"@type\":\"Article\",\"@id\":\"https:\/\/www.eurooppalainensuomi.fi\/eun-talousarvio-demokratian-puolustaminen-laajentuminen#article\",\"isPartOf\":{\"@id\":\"https:\/\/www.eurooppalainensuomi.fi\/eun-talousarvio-demokratian-puolustaminen-laajentuminen\"},\"author\":{\"name\":\"Admin\",\"@id\":\"https:\/\/www.eurooppalainensuomi.fi\/#\/schema\/person\/9635843384121bb89ed49f8d3129daee\"},\"headline\":\"EUn talousarvio | Demokratian puolustaminen | Laajentuminen\",\"datePublished\":\"2023-12-11T11:56:52+00:00\",\"dateModified\":\"2023-12-11T11:56:53+00:00\",\"mainEntityOfPage\":{\"@id\":\"https:\/\/www.eurooppalainensuomi.fi\/eun-talousarvio-demokratian-puolustaminen-laajentuminen\"},\"wordCount\":374,\"publisher\":{\"@id\":\"https:\/\/www.eurooppalainensuomi.fi\/#organization\"},\"articleSection\":[\"Ajankohtaista\",\"Julkaisut\",\"Uutiset\"],\"inLanguage\":\"en\"},{\"@type\":\"WebPage\",\"@id\":\"https:\/\/www.eurooppalainensuomi.fi\/eun-talousarvio-demokratian-puolustaminen-laajentuminen\",\"url\":\"https:\/\/www.eurooppalainensuomi.fi\/eun-talousarvio-demokratian-puolustaminen-laajentuminen\",\"name\":\"EUn talousarvio | Demokratian puolustaminen | Laajentuminen - Eurooppalainen Suomi\",\"isPartOf\":{\"@id\":\"https:\/\/www.eurooppalainensuomi.fi\/#website\"},\"datePublished\":\"2023-12-11T11:56:52+00:00\",\"dateModified\":\"2023-12-11T11:56:53+00:00\",\"breadcrumb\":{\"@id\":\"https:\/\/www.eurooppalainensuomi.fi\/eun-talousarvio-demokratian-puolustaminen-laajentuminen#breadcrumb\"},\"inLanguage\":\"en\",\"potentialAction\":[{\"@type\":\"ReadAction\",\"target\":[\"https:\/\/www.eurooppalainensuomi.fi\/eun-talousarvio-demokratian-puolustaminen-laajentuminen\"]}]},{\"@type\":\"BreadcrumbList\",\"@id\":\"https:\/\/www.eurooppalainensuomi.fi\/eun-talousarvio-demokratian-puolustaminen-laajentuminen#breadcrumb\",\"itemListElement\":[{\"@type\":\"ListItem\",\"position\":1,\"name\":\"Etusivu\",\"item\":\"https:\/\/www.eurooppalainensuomi.fi\/\"},{\"@type\":\"ListItem\",\"position\":2,\"name\":\"EUn talousarvio | Demokratian puolustaminen | Laajentuminen\"}]},{\"@type\":\"WebSite\",\"@id\":\"https:\/\/www.eurooppalainensuomi.fi\/#website\",\"url\":\"https:\/\/www.eurooppalainensuomi.fi\/\",\"name\":\"Eurooppalainen Suomi\",\"description\":\"Parempaa Eurooppaa rakentamassa\",\"publisher\":{\"@id\":\"https:\/\/www.eurooppalainensuomi.fi\/#organization\"},\"potentialAction\":[{\"@type\":\"SearchAction\",\"target\":{\"@type\":\"EntryPoint\",\"urlTemplate\":\"https:\/\/www.eurooppalainensuomi.fi\/?s={search_term_string}\"},\"query-input\":\"required name=search_term_string\"}],\"inLanguage\":\"en\"},{\"@type\":\"Organization\",\"@id\":\"https:\/\/www.eurooppalainensuomi.fi\/#organization\",\"name\":\"Eurooppalainen Suomi ry\",\"url\":\"https:\/\/www.eurooppalainensuomi.fi\/\",\"logo\":{\"@type\":\"ImageObject\",\"inLanguage\":\"en\",\"@id\":\"https:\/\/www.eurooppalainensuomi.fi\/#\/schema\/logo\/image\/\",\"url\":\"https:\/\/www.eurooppalainensuomi.fi\/wp-content\/uploads\/2021\/01\/PNG_large.png\",\"contentUrl\":\"https:\/\/www.eurooppalainensuomi.fi\/wp-content\/uploads\/2021\/01\/PNG_large.png\",\"width\":586,\"height\":220,\"caption\":\"Eurooppalainen Suomi ry\"},\"image\":{\"@id\":\"https:\/\/www.eurooppalainensuomi.fi\/#\/schema\/logo\/image\/\"},\"sameAs\":[\"https:\/\/instagram.com\/eurooppalainensuomi\",\"https:\/\/www.youtube.com\/channel\/UCBeqyrm1ze2RinjeAYS_-Jg\",\"https:\/\/fi.wikipedia.org\/wiki\/Eurooppalainen_Suomi\",\"https:\/\/www.facebook.com\/eurooppalainensuomi\",\"https:\/\/twitter.com\/em_finland\"]},{\"@type\":\"Person\",\"@id\":\"https:\/\/www.eurooppalainensuomi.fi\/#\/schema\/person\/9635843384121bb89ed49f8d3129daee\",\"name\":\"Admin\",\"image\":{\"@type\":\"ImageObject\",\"inLanguage\":\"en\",\"@id\":\"https:\/\/www.eurooppalainensuomi.fi\/#\/schema\/person\/image\/\",\"url\":\"https:\/\/secure.gravatar.com\/avatar\/813eb247d5c8e5914db8a949c18b8e26?s=96&d=mm&r=g\",\"contentUrl\":\"https:\/\/secure.gravatar.com\/avatar\/813eb247d5c8e5914db8a949c18b8e26?s=96&d=mm&r=g\",\"caption\":\"Admin\"}}]}<\/script>\n<!-- \/ Yoast SEO plugin. -->","yoast_head_json":{"title":"EUn talousarvio | Demokratian puolustaminen | Laajentuminen - Eurooppalainen Suomi","robots":{"index":"index","follow":"follow","max-snippet":"max-snippet:-1","max-image-preview":"max-image-preview:large","max-video-preview":"max-video-preview:-1"},"canonical":"https:\/\/www.eurooppalainensuomi.fi\/eun-talousarvio-demokratian-puolustaminen-laajentuminen","og_locale":"en_US","og_type":"article","og_title":"EUn talousarvio | Demokratian puolustaminen | Laajentuminen - Eurooppalainen Suomi","og_description":"Euroopan parlamentin t\u00e4ysistunnossa, Strasbourgissa, keskustellaan kriittisi\u00e4 raaka-aineita koskevasta s\u00e4\u00e4d\u00f6ksest\u00e4 ja demokratian puolustamista koskevasta paketista. Valtion- ja hallitusten p\u00e4\u00e4miesten on m\u00e4\u00e4r\u00e4 keskitty\u00e4 torstaina ja perjantaina pidett\u00e4v\u00e4ss\u00e4 Eurooppa-neuvoston kokouksessa Ven\u00e4j\u00e4n Ukrainaa vastaan k\u00e4ym\u00e4n hy\u00f6kk\u00e4yssodan viimeisimpiin tapahtumiin ja EU:n jatkuvaan tukeen maalle, L\u00e4hi-id\u00e4n tilanteeseen sek\u00e4 EU:n monivuotisen rahoituskehyksen 2021-2027 tarkistamiseen. Euroopan parlamentti Euroopan parlamentti tekee p\u00e4\u00e4t\u00f6ksi\u00e4, mekanismista komission [&hellip;]","og_url":"https:\/\/www.eurooppalainensuomi.fi\/eun-talousarvio-demokratian-puolustaminen-laajentuminen","og_site_name":"Eurooppalainen Suomi","article_publisher":"https:\/\/www.facebook.com\/eurooppalainensuomi","article_published_time":"2023-12-11T11:56:52+00:00","article_modified_time":"2023-12-11T11:56:53+00:00","og_image":[{"width":2560,"height":1707,"url":"https:\/\/www.eurooppalainensuomi.fi\/wp-content\/uploads\/2022\/09\/Sivu-15-Kuva-4-scaled.jpg","type":"image\/jpeg"}],"author":"Admin","twitter_card":"summary_large_image","twitter_creator":"@em_finland","twitter_site":"@em_finland","twitter_misc":{"Written by":"Admin","Est. reading time":"2 minutes"},"schema":{"@context":"https:\/\/schema.org","@graph":[{"@type":"Article","@id":"https:\/\/www.eurooppalainensuomi.fi\/eun-talousarvio-demokratian-puolustaminen-laajentuminen#article","isPartOf":{"@id":"https:\/\/www.eurooppalainensuomi.fi\/eun-talousarvio-demokratian-puolustaminen-laajentuminen"},"author":{"name":"Admin","@id":"https:\/\/www.eurooppalainensuomi.fi\/#\/schema\/person\/9635843384121bb89ed49f8d3129daee"},"headline":"EUn talousarvio | Demokratian puolustaminen | Laajentuminen","datePublished":"2023-12-11T11:56:52+00:00","dateModified":"2023-12-11T11:56:53+00:00","mainEntityOfPage":{"@id":"https:\/\/www.eurooppalainensuomi.fi\/eun-talousarvio-demokratian-puolustaminen-laajentuminen"},"wordCount":374,"publisher":{"@id":"https:\/\/www.eurooppalainensuomi.fi\/#organization"},"articleSection":["Ajankohtaista","Julkaisut","Uutiset"],"inLanguage":"en"},{"@type":"WebPage","@id":"https:\/\/www.eurooppalainensuomi.fi\/eun-talousarvio-demokratian-puolustaminen-laajentuminen","url":"https:\/\/www.eurooppalainensuomi.fi\/eun-talousarvio-demokratian-puolustaminen-laajentuminen","name":"EUn talousarvio | Demokratian puolustaminen | Laajentuminen - Eurooppalainen Suomi","isPartOf":{"@id":"https:\/\/www.eurooppalainensuomi.fi\/#website"},"datePublished":"2023-12-11T11:56:52+00:00","dateModified":"2023-12-11T11:56:53+00:00","breadcrumb":{"@id":"https:\/\/www.eurooppalainensuomi.fi\/eun-talousarvio-demokratian-puolustaminen-laajentuminen#breadcrumb"},"inLanguage":"en","potentialAction":[{"@type":"ReadAction","target":["https:\/\/www.eurooppalainensuomi.fi\/eun-talousarvio-demokratian-puolustaminen-laajentuminen"]}]},{"@type":"BreadcrumbList","@id":"https:\/\/www.eurooppalainensuomi.fi\/eun-talousarvio-demokratian-puolustaminen-laajentuminen#breadcrumb","itemListElement":[{"@type":"ListItem","position":1,"name":"Etusivu","item":"https:\/\/www.eurooppalainensuomi.fi\/"},{"@type":"ListItem","position":2,"name":"EUn talousarvio | Demokratian puolustaminen | Laajentuminen"}]},{"@type":"WebSite","@id":"https:\/\/www.eurooppalainensuomi.fi\/#website","url":"https:\/\/www.eurooppalainensuomi.fi\/","name":"Eurooppalainen Suomi","description":"Parempaa Eurooppaa rakentamassa","publisher":{"@id":"https:\/\/www.eurooppalainensuomi.fi\/#organization"},"potentialAction":[{"@type":"SearchAction","target":{"@type":"EntryPoint","urlTemplate":"https:\/\/www.eurooppalainensuomi.fi\/?s={search_term_string}"},"query-input":"required name=search_term_string"}],"inLanguage":"en"},{"@type":"Organization","@id":"https:\/\/www.eurooppalainensuomi.fi\/#organization","name":"Eurooppalainen Suomi ry","url":"https:\/\/www.eurooppalainensuomi.fi\/","logo":{"@type":"ImageObject","inLanguage":"en","@id":"https:\/\/www.eurooppalainensuomi.fi\/#\/schema\/logo\/image\/","url":"https:\/\/www.eurooppalainensuomi.fi\/wp-content\/uploads\/2021\/01\/PNG_large.png","contentUrl":"https:\/\/www.eurooppalainensuomi.fi\/wp-content\/uploads\/2021\/01\/PNG_large.png","width":586,"height":220,"caption":"Eurooppalainen Suomi ry"},"image":{"@id":"https:\/\/www.eurooppalainensuomi.fi\/#\/schema\/logo\/image\/"},"sameAs":["https:\/\/instagram.com\/eurooppalainensuomi","https:\/\/www.youtube.com\/channel\/UCBeqyrm1ze2RinjeAYS_-Jg","https:\/\/fi.wikipedia.org\/wiki\/Eurooppalainen_Suomi","https:\/\/www.facebook.com\/eurooppalainensuomi","https:\/\/twitter.com\/em_finland"]},{"@type":"Person","@id":"https:\/\/www.eurooppalainensuomi.fi\/#\/schema\/person\/9635843384121bb89ed49f8d3129daee","name":"Admin","image":{"@type":"ImageObject","inLanguage":"en","@id":"https:\/\/www.eurooppalainensuomi.fi\/#\/schema\/person\/image\/","url":"https:\/\/secure.gravatar.com\/avatar\/813eb247d5c8e5914db8a949c18b8e26?s=96&d=mm&r=g","contentUrl":"https:\/\/secure.gravatar.com\/avatar\/813eb247d5c8e5914db8a949c18b8e26?s=96&d=mm&r=g","caption":"Admin"}}]}},"jetpack_featured_media_url":"https:\/\/www.eurooppalainensuomi.fi\/wp-content\/uploads\/2022\/09\/Sivu-15-Kuva-4-scaled.jpg","_links":{"self":[{"href":"https:\/\/www.eurooppalainensuomi.fi\/index.php?rest_route=\/wp\/v2\/posts\/5062"}],"collection":[{"href":"https:\/\/www.eurooppalainensuomi.fi\/index.php?rest_route=\/wp\/v2\/posts"}],"about":[{"href":"https:\/\/www.eurooppalainensuomi.fi\/index.php?rest_route=\/wp\/v2\/types\/post"}],"author":[{"embeddable":true,"href":"https:\/\/www.eurooppalainensuomi.fi\/index.php?rest_route=\/wp\/v2\/users\/4"}],"replies":[{"embeddable":true,"href":"https:\/\/www.eurooppalainensuomi.fi\/index.php?rest_route=%2Fwp%2Fv2%2Fcomments&post=5062"}],"version-history":[{"count":1,"href":"https:\/\/www.eurooppalainensuomi.fi\/index.php?rest_route=\/wp\/v2\/posts\/5062\/revisions"}],"predecessor-version":[{"id":5063,"href":"https:\/\/www.eurooppalainensuomi.fi\/index.php?rest_route=\/wp\/v2\/posts\/5062\/revisions\/5063"}],"wp:featuredmedia":[{"embeddable":true,"href":"https:\/\/www.eurooppalainensuomi.fi\/index.php?rest_route=\/wp\/v2\/media\/3855"}],"wp:attachment":[{"href":"https:\/\/www.eurooppalainensuomi.fi\/index.php?rest_route=%2Fwp%2Fv2%2Fmedia&parent=5062"}],"wp:term":[{"taxonomy":"category","embeddable":true,"href":"https:\/\/www.eurooppalainensuomi.fi\/index.php?rest_route=%2Fwp%2Fv2%2Fcategories&post=5062"},{"taxonomy":"post_tag","embeddable":true,"href":"https:\/\/www.eurooppalainensuomi.fi\/index.php?rest_route=%2Fwp%2Fv2%2Ftags&post=5062"}],"curies":[{"name":"wp","href":"https:\/\/api.w.org\/{rel}","templated":true}]}}