{"id":5042,"date":"2023-11-14T13:29:14","date_gmt":"2023-11-14T11:29:14","guid":{"rendered":"https:\/\/www.eurooppalainensuomi.fi\/?p=5042"},"modified":"2023-11-14T13:29:16","modified_gmt":"2023-11-14T11:29:16","slug":"%ef%bf%bc-puolustus-oikeusvaltio-vaalilaki","status":"publish","type":"post","link":"https:\/\/www.eurooppalainensuomi.fi\/puolustus-oikeusvaltio-vaalilaki","title":{"rendered":"\ufffc Puolustus | Oikeusvaltio | Vaalilaki\u00a0"},"content":{"rendered":"\n<p><\/p>\n\n\n\n<p>T\u00e4ll\u00e4 viikolla Brysseliss\u00e4 pidet\u00e4\u00e4n parlamentin valiokuntien ja poliittisten ryhmien kokouksia ennen 20.-23. marraskuuta pidett\u00e4v\u00e4\u00e4 t\u00e4ysistuntoa. Puolustusministerit keskustelevat EU:n tuesta Ukrainalle, Gazan tilanteesta ja vaihtavat n\u00e4kemyksi\u00e4 nopean toiminnan valmiuksista. Keskiviikkona kokoontuvan komissaarien kollegion odotetaan pit\u00e4v\u00e4n kokouksen my\u00f6s Naton p\u00e4\u00e4sihteerin Jens Stoltenbergin kanssa sek\u00e4 keskustelevan osaajien liikkuvuutta koskevasta paketista ja aloitteesta eurooppalaisen osaajapoolin perustamisesta ja kolmansien maiden kansalaisten tutkintojen tunnustamisen yksinkertaistamisesta.<\/p>\n\n\n\n<p>Euroopan parlamentti<\/p>\n\n\n\n<p>Kansalaisvapauksien valiokunta vahvistaa tiistaina kantansa lakiehdotukseen, jonka tarkoituksena on torjua ja ehk\u00e4ist\u00e4 lasten seksuaalista hyv\u00e4ksik\u00e4ytt\u00f6\u00e4 verkossa ja parantaa lasten suojelua verkossa. Liikenne- ja matkailuvaliokunta vahvistaa keskiviikkona kantansa uusiin EU:n s\u00e4\u00e4nt\u00f6ihin, joilla kiellet\u00e4\u00e4n laivojen j\u00e4tevesien ja j\u00e4tteiden tyhjent\u00e4minen ja otetaan k\u00e4ytt\u00f6\u00f6n tiukemmat rangaistukset. Torstaina ulkoasiainvaliokunta ja kehitysyhteisty\u00f6valiokunta \u00e4\u00e4nest\u00e4v\u00e4t naapuruuden, kehityksen ja kansainv\u00e4lisen yhteisty\u00f6n v\u00e4lineen t\u00e4yt\u00e4nt\u00f6\u00f6npanosta &#8211; Globaali Eurooppa.&nbsp;<\/p>\n\n\n\n<p>Euroopan komissio<\/p>\n\n\n\n<p>Komissarien kollegio ja Euroopan tilintarkastustuomioistuin pit\u00e4v\u00e4t maanantaina Brysseliss\u00e4 yhteiskokouksen, jossa tarkastellaan keinoja syvent\u00e4\u00e4 yhteisty\u00f6t\u00e4 EU:n toimeenpano- ja tarkastusvallan k\u00e4ytt\u00e4jin\u00e4. Keskiviikkona komissaari Hoekstra saapuu Pekingiin, Kiinaan, jossa h\u00e4n tapaa EU:n Kiinan kauppakamarin (EUCCC) edustajia, j\u00e4senvaltioiden edustustojen p\u00e4\u00e4llik\u00f6it\u00e4 ja ilmastoasiantuntijoita. Komissaari Lenar\u010di\u010d tapaa korkean komissaarin Volker Turkin, YK:n ihmisoikeuskomissaarin ja Punaisen Ristin ja Punaisen Puolikuun kansainv\u00e4lisen liiton (IFRC) p\u00e4\u00e4sihteerin Jagan Chapagainin Genevess\u00e4 Sveitsiss\u00e4 perjantaina.&nbsp;<\/p>\n\n\n\n<p>Eurooppaneuvosto<\/p>\n\n\n\n<p>Maanantaina ja tiistaina asunto- ja kaupunkikehityksest\u00e4 vastaavat EU:n ministerit k\u00e4sittelev\u00e4t alan t\u00e4rkeimpi\u00e4 haasteita keskittyen ihmisarvoisen asumisen saatavuuteen ja kaupunkien toimintaohjelman kehitt\u00e4miseen osana Euroopan unionin kaupunkiagendaa. Tiistaina pidett\u00e4v\u00e4\u00e4 EU:n puolustusministerien kokousta edelt\u00e4\u00e4 ep\u00e4virallinen aamiainen Naton p\u00e4\u00e4sihteerin Jens Stoltenbergin ja Euroopan puolustusviraston johtokunnan kanssa. Keskiviikkona yleisten asioiden neuvosto keskustelee Euroopan parlamentin ehdotusta Euroopan parlamentin vaaleja koskevien EU:n s\u00e4\u00e4nt\u00f6jen tarkistamisesta ja keskustellaan Puolan oikeusvaltioperiaatteen ja Unkarin EU:n arvojen kunnioittamisen kehityksest\u00e4.<\/p>\n\n\n\n<p>Suuri valiokunta<\/p>\n\n\n\n<p>Suuri valiokunta vierailee Brysseliss\u00e4 13.-14. marraskuuta ja tapaa Belgian parlamentin EU-yhteisvaliokunnan, Komission varapuheenjohtaja Maro\u0161 \u0160ef\u010dovi\u010din ja parlamentin budjettivaliokunnan puheenjohtaja Johan Van Overtveldtin kanssa. Suuri valiokunta kuuli kokouksessaan p\u00e4\u00e4ministeri Orpoa Eurooppa-neuvoston ja eurohuippukokouksen aiheista. Esill\u00e4 olivat Ukrainan pitk\u00e4aikainen tukeminen, Euroopan ja Suomen puolustusteollisuus sek\u00e4 Yhdysvaltain rooli. Lis\u00e4ksi keskusteltiin palestiinalaisten siviilien tilanteesta ja tukemisesta, tuen vaikuttavuudesta sek\u00e4 Yhdysvaltain ja alueen maiden merkityksest\u00e4 konfliktin ratkaisemisessa.<\/p>\n","protected":false},"excerpt":{"rendered":"<p>T\u00e4ll\u00e4 viikolla Brysseliss\u00e4 pidet\u00e4\u00e4n parlamentin valiokuntien ja poliittisten ryhmien kokouksia ennen 20.-23. marraskuuta pidett\u00e4v\u00e4\u00e4 t\u00e4ysistuntoa. Puolustusministerit keskustelevat EU:n tuesta Ukrainalle, Gazan tilanteesta ja vaihtavat n\u00e4kemyksi\u00e4 nopean toiminnan valmiuksista. Keskiviikkona kokoontuvan komissaarien kollegion odotetaan pit\u00e4v\u00e4n kokouksen my\u00f6s Naton p\u00e4\u00e4sihteerin Jens Stoltenbergin kanssa sek\u00e4 keskustelevan osaajien liikkuvuutta koskevasta paketista ja aloitteesta eurooppalaisen osaajapoolin perustamisesta ja kolmansien maiden [&hellip;]<\/p>\n","protected":false},"author":4,"featured_media":4598,"comment_status":"closed","ping_status":"closed","sticky":false,"template":"","format":"standard","meta":{"_et_pb_use_builder":"off","_et_pb_old_content":"","_et_gb_content_width":""},"categories":[8,9],"tags":[],"yoast_head":"<!-- This site is optimized with the Yoast SEO plugin v19.13 - https:\/\/yoast.com\/wordpress\/plugins\/seo\/ -->\n<title>\ufffc Puolustus | Oikeusvaltio | Vaalilaki\u00a0 - Eurooppalainen Suomi<\/title>\n<meta name=\"robots\" content=\"index, follow, max-snippet:-1, max-image-preview:large, max-video-preview:-1\" \/>\n<link rel=\"canonical\" href=\"https:\/\/www.eurooppalainensuomi.fi\/puolustus-oikeusvaltio-vaalilaki\" \/>\n<meta property=\"og:locale\" content=\"en_US\" \/>\n<meta property=\"og:type\" content=\"article\" \/>\n<meta property=\"og:title\" content=\"\ufffc Puolustus | Oikeusvaltio | Vaalilaki\u00a0 - Eurooppalainen Suomi\" \/>\n<meta property=\"og:description\" content=\"T\u00e4ll\u00e4 viikolla Brysseliss\u00e4 pidet\u00e4\u00e4n parlamentin valiokuntien ja poliittisten ryhmien kokouksia ennen 20.-23. marraskuuta pidett\u00e4v\u00e4\u00e4 t\u00e4ysistuntoa. Puolustusministerit keskustelevat EU:n tuesta Ukrainalle, Gazan tilanteesta ja vaihtavat n\u00e4kemyksi\u00e4 nopean toiminnan valmiuksista. Keskiviikkona kokoontuvan komissaarien kollegion odotetaan pit\u00e4v\u00e4n kokouksen my\u00f6s Naton p\u00e4\u00e4sihteerin Jens Stoltenbergin kanssa sek\u00e4 keskustelevan osaajien liikkuvuutta koskevasta paketista ja aloitteesta eurooppalaisen osaajapoolin perustamisesta ja kolmansien maiden [&hellip;]\" \/>\n<meta property=\"og:url\" content=\"https:\/\/www.eurooppalainensuomi.fi\/puolustus-oikeusvaltio-vaalilaki\" \/>\n<meta property=\"og:site_name\" content=\"Eurooppalainen Suomi\" \/>\n<meta property=\"article:publisher\" content=\"https:\/\/www.facebook.com\/eurooppalainensuomi\" \/>\n<meta property=\"article:published_time\" content=\"2023-11-14T11:29:14+00:00\" \/>\n<meta property=\"article:modified_time\" content=\"2023-11-14T11:29:16+00:00\" \/>\n<meta property=\"og:image\" content=\"https:\/\/www.eurooppalainensuomi.fi\/wp-content\/uploads\/2022\/12\/Sivu1-Kuva-7-scaled.jpg\" \/>\n\t<meta property=\"og:image:width\" content=\"2560\" \/>\n\t<meta property=\"og:image:height\" content=\"1707\" \/>\n\t<meta property=\"og:image:type\" content=\"image\/jpeg\" \/>\n<meta name=\"author\" content=\"Admin\" \/>\n<meta name=\"twitter:card\" content=\"summary_large_image\" \/>\n<meta name=\"twitter:creator\" content=\"@em_finland\" \/>\n<meta name=\"twitter:site\" content=\"@em_finland\" \/>\n<meta name=\"twitter:label1\" content=\"Written by\" \/>\n\t<meta name=\"twitter:data1\" content=\"Admin\" \/>\n\t<meta name=\"twitter:label2\" content=\"Est. reading time\" \/>\n\t<meta name=\"twitter:data2\" content=\"2 minutes\" \/>\n<script type=\"application\/ld+json\" class=\"yoast-schema-graph\">{\"@context\":\"https:\/\/schema.org\",\"@graph\":[{\"@type\":\"Article\",\"@id\":\"https:\/\/www.eurooppalainensuomi.fi\/puolustus-oikeusvaltio-vaalilaki#article\",\"isPartOf\":{\"@id\":\"https:\/\/www.eurooppalainensuomi.fi\/puolustus-oikeusvaltio-vaalilaki\"},\"author\":{\"name\":\"Admin\",\"@id\":\"https:\/\/www.eurooppalainensuomi.fi\/#\/schema\/person\/9635843384121bb89ed49f8d3129daee\"},\"headline\":\"\ufffc Puolustus | Oikeusvaltio | Vaalilaki\u00a0\",\"datePublished\":\"2023-11-14T11:29:14+00:00\",\"dateModified\":\"2023-11-14T11:29:16+00:00\",\"mainEntityOfPage\":{\"@id\":\"https:\/\/www.eurooppalainensuomi.fi\/puolustus-oikeusvaltio-vaalilaki\"},\"wordCount\":383,\"publisher\":{\"@id\":\"https:\/\/www.eurooppalainensuomi.fi\/#organization\"},\"articleSection\":[\"Ajankohtaista\",\"Uutiset\"],\"inLanguage\":\"en\"},{\"@type\":\"WebPage\",\"@id\":\"https:\/\/www.eurooppalainensuomi.fi\/puolustus-oikeusvaltio-vaalilaki\",\"url\":\"https:\/\/www.eurooppalainensuomi.fi\/puolustus-oikeusvaltio-vaalilaki\",\"name\":\"\ufffc Puolustus | Oikeusvaltio | Vaalilaki\u00a0 - Eurooppalainen Suomi\",\"isPartOf\":{\"@id\":\"https:\/\/www.eurooppalainensuomi.fi\/#website\"},\"datePublished\":\"2023-11-14T11:29:14+00:00\",\"dateModified\":\"2023-11-14T11:29:16+00:00\",\"breadcrumb\":{\"@id\":\"https:\/\/www.eurooppalainensuomi.fi\/puolustus-oikeusvaltio-vaalilaki#breadcrumb\"},\"inLanguage\":\"en\",\"potentialAction\":[{\"@type\":\"ReadAction\",\"target\":[\"https:\/\/www.eurooppalainensuomi.fi\/puolustus-oikeusvaltio-vaalilaki\"]}]},{\"@type\":\"BreadcrumbList\",\"@id\":\"https:\/\/www.eurooppalainensuomi.fi\/puolustus-oikeusvaltio-vaalilaki#breadcrumb\",\"itemListElement\":[{\"@type\":\"ListItem\",\"position\":1,\"name\":\"Etusivu\",\"item\":\"https:\/\/www.eurooppalainensuomi.fi\/\"},{\"@type\":\"ListItem\",\"position\":2,\"name\":\"\ufffc Puolustus | Oikeusvaltio | Vaalilaki\u00a0\"}]},{\"@type\":\"WebSite\",\"@id\":\"https:\/\/www.eurooppalainensuomi.fi\/#website\",\"url\":\"https:\/\/www.eurooppalainensuomi.fi\/\",\"name\":\"Eurooppalainen Suomi\",\"description\":\"Parempaa Eurooppaa rakentamassa\",\"publisher\":{\"@id\":\"https:\/\/www.eurooppalainensuomi.fi\/#organization\"},\"potentialAction\":[{\"@type\":\"SearchAction\",\"target\":{\"@type\":\"EntryPoint\",\"urlTemplate\":\"https:\/\/www.eurooppalainensuomi.fi\/?s={search_term_string}\"},\"query-input\":\"required name=search_term_string\"}],\"inLanguage\":\"en\"},{\"@type\":\"Organization\",\"@id\":\"https:\/\/www.eurooppalainensuomi.fi\/#organization\",\"name\":\"Eurooppalainen Suomi ry\",\"url\":\"https:\/\/www.eurooppalainensuomi.fi\/\",\"logo\":{\"@type\":\"ImageObject\",\"inLanguage\":\"en\",\"@id\":\"https:\/\/www.eurooppalainensuomi.fi\/#\/schema\/logo\/image\/\",\"url\":\"https:\/\/www.eurooppalainensuomi.fi\/wp-content\/uploads\/2021\/01\/PNG_large.png\",\"contentUrl\":\"https:\/\/www.eurooppalainensuomi.fi\/wp-content\/uploads\/2021\/01\/PNG_large.png\",\"width\":586,\"height\":220,\"caption\":\"Eurooppalainen Suomi ry\"},\"image\":{\"@id\":\"https:\/\/www.eurooppalainensuomi.fi\/#\/schema\/logo\/image\/\"},\"sameAs\":[\"https:\/\/instagram.com\/eurooppalainensuomi\",\"https:\/\/www.youtube.com\/channel\/UCBeqyrm1ze2RinjeAYS_-Jg\",\"https:\/\/fi.wikipedia.org\/wiki\/Eurooppalainen_Suomi\",\"https:\/\/www.facebook.com\/eurooppalainensuomi\",\"https:\/\/twitter.com\/em_finland\"]},{\"@type\":\"Person\",\"@id\":\"https:\/\/www.eurooppalainensuomi.fi\/#\/schema\/person\/9635843384121bb89ed49f8d3129daee\",\"name\":\"Admin\",\"image\":{\"@type\":\"ImageObject\",\"inLanguage\":\"en\",\"@id\":\"https:\/\/www.eurooppalainensuomi.fi\/#\/schema\/person\/image\/\",\"url\":\"https:\/\/secure.gravatar.com\/avatar\/813eb247d5c8e5914db8a949c18b8e26?s=96&d=mm&r=g\",\"contentUrl\":\"https:\/\/secure.gravatar.com\/avatar\/813eb247d5c8e5914db8a949c18b8e26?s=96&d=mm&r=g\",\"caption\":\"Admin\"}}]}<\/script>\n<!-- \/ Yoast SEO plugin. -->","yoast_head_json":{"title":"\ufffc Puolustus | Oikeusvaltio | Vaalilaki\u00a0 - Eurooppalainen Suomi","robots":{"index":"index","follow":"follow","max-snippet":"max-snippet:-1","max-image-preview":"max-image-preview:large","max-video-preview":"max-video-preview:-1"},"canonical":"https:\/\/www.eurooppalainensuomi.fi\/puolustus-oikeusvaltio-vaalilaki","og_locale":"en_US","og_type":"article","og_title":"\ufffc Puolustus | Oikeusvaltio | Vaalilaki\u00a0 - Eurooppalainen Suomi","og_description":"T\u00e4ll\u00e4 viikolla Brysseliss\u00e4 pidet\u00e4\u00e4n parlamentin valiokuntien ja poliittisten ryhmien kokouksia ennen 20.-23. marraskuuta pidett\u00e4v\u00e4\u00e4 t\u00e4ysistuntoa. Puolustusministerit keskustelevat EU:n tuesta Ukrainalle, Gazan tilanteesta ja vaihtavat n\u00e4kemyksi\u00e4 nopean toiminnan valmiuksista. Keskiviikkona kokoontuvan komissaarien kollegion odotetaan pit\u00e4v\u00e4n kokouksen my\u00f6s Naton p\u00e4\u00e4sihteerin Jens Stoltenbergin kanssa sek\u00e4 keskustelevan osaajien liikkuvuutta koskevasta paketista ja aloitteesta eurooppalaisen osaajapoolin perustamisesta ja kolmansien maiden [&hellip;]","og_url":"https:\/\/www.eurooppalainensuomi.fi\/puolustus-oikeusvaltio-vaalilaki","og_site_name":"Eurooppalainen Suomi","article_publisher":"https:\/\/www.facebook.com\/eurooppalainensuomi","article_published_time":"2023-11-14T11:29:14+00:00","article_modified_time":"2023-11-14T11:29:16+00:00","og_image":[{"width":2560,"height":1707,"url":"https:\/\/www.eurooppalainensuomi.fi\/wp-content\/uploads\/2022\/12\/Sivu1-Kuva-7-scaled.jpg","type":"image\/jpeg"}],"author":"Admin","twitter_card":"summary_large_image","twitter_creator":"@em_finland","twitter_site":"@em_finland","twitter_misc":{"Written by":"Admin","Est. reading time":"2 minutes"},"schema":{"@context":"https:\/\/schema.org","@graph":[{"@type":"Article","@id":"https:\/\/www.eurooppalainensuomi.fi\/puolustus-oikeusvaltio-vaalilaki#article","isPartOf":{"@id":"https:\/\/www.eurooppalainensuomi.fi\/puolustus-oikeusvaltio-vaalilaki"},"author":{"name":"Admin","@id":"https:\/\/www.eurooppalainensuomi.fi\/#\/schema\/person\/9635843384121bb89ed49f8d3129daee"},"headline":"\ufffc Puolustus | Oikeusvaltio | Vaalilaki\u00a0","datePublished":"2023-11-14T11:29:14+00:00","dateModified":"2023-11-14T11:29:16+00:00","mainEntityOfPage":{"@id":"https:\/\/www.eurooppalainensuomi.fi\/puolustus-oikeusvaltio-vaalilaki"},"wordCount":383,"publisher":{"@id":"https:\/\/www.eurooppalainensuomi.fi\/#organization"},"articleSection":["Ajankohtaista","Uutiset"],"inLanguage":"en"},{"@type":"WebPage","@id":"https:\/\/www.eurooppalainensuomi.fi\/puolustus-oikeusvaltio-vaalilaki","url":"https:\/\/www.eurooppalainensuomi.fi\/puolustus-oikeusvaltio-vaalilaki","name":"\ufffc Puolustus | Oikeusvaltio | Vaalilaki\u00a0 - Eurooppalainen Suomi","isPartOf":{"@id":"https:\/\/www.eurooppalainensuomi.fi\/#website"},"datePublished":"2023-11-14T11:29:14+00:00","dateModified":"2023-11-14T11:29:16+00:00","breadcrumb":{"@id":"https:\/\/www.eurooppalainensuomi.fi\/puolustus-oikeusvaltio-vaalilaki#breadcrumb"},"inLanguage":"en","potentialAction":[{"@type":"ReadAction","target":["https:\/\/www.eurooppalainensuomi.fi\/puolustus-oikeusvaltio-vaalilaki"]}]},{"@type":"BreadcrumbList","@id":"https:\/\/www.eurooppalainensuomi.fi\/puolustus-oikeusvaltio-vaalilaki#breadcrumb","itemListElement":[{"@type":"ListItem","position":1,"name":"Etusivu","item":"https:\/\/www.eurooppalainensuomi.fi\/"},{"@type":"ListItem","position":2,"name":"\ufffc Puolustus | Oikeusvaltio | Vaalilaki\u00a0"}]},{"@type":"WebSite","@id":"https:\/\/www.eurooppalainensuomi.fi\/#website","url":"https:\/\/www.eurooppalainensuomi.fi\/","name":"Eurooppalainen Suomi","description":"Parempaa Eurooppaa rakentamassa","publisher":{"@id":"https:\/\/www.eurooppalainensuomi.fi\/#organization"},"potentialAction":[{"@type":"SearchAction","target":{"@type":"EntryPoint","urlTemplate":"https:\/\/www.eurooppalainensuomi.fi\/?s={search_term_string}"},"query-input":"required name=search_term_string"}],"inLanguage":"en"},{"@type":"Organization","@id":"https:\/\/www.eurooppalainensuomi.fi\/#organization","name":"Eurooppalainen Suomi ry","url":"https:\/\/www.eurooppalainensuomi.fi\/","logo":{"@type":"ImageObject","inLanguage":"en","@id":"https:\/\/www.eurooppalainensuomi.fi\/#\/schema\/logo\/image\/","url":"https:\/\/www.eurooppalainensuomi.fi\/wp-content\/uploads\/2021\/01\/PNG_large.png","contentUrl":"https:\/\/www.eurooppalainensuomi.fi\/wp-content\/uploads\/2021\/01\/PNG_large.png","width":586,"height":220,"caption":"Eurooppalainen Suomi ry"},"image":{"@id":"https:\/\/www.eurooppalainensuomi.fi\/#\/schema\/logo\/image\/"},"sameAs":["https:\/\/instagram.com\/eurooppalainensuomi","https:\/\/www.youtube.com\/channel\/UCBeqyrm1ze2RinjeAYS_-Jg","https:\/\/fi.wikipedia.org\/wiki\/Eurooppalainen_Suomi","https:\/\/www.facebook.com\/eurooppalainensuomi","https:\/\/twitter.com\/em_finland"]},{"@type":"Person","@id":"https:\/\/www.eurooppalainensuomi.fi\/#\/schema\/person\/9635843384121bb89ed49f8d3129daee","name":"Admin","image":{"@type":"ImageObject","inLanguage":"en","@id":"https:\/\/www.eurooppalainensuomi.fi\/#\/schema\/person\/image\/","url":"https:\/\/secure.gravatar.com\/avatar\/813eb247d5c8e5914db8a949c18b8e26?s=96&d=mm&r=g","contentUrl":"https:\/\/secure.gravatar.com\/avatar\/813eb247d5c8e5914db8a949c18b8e26?s=96&d=mm&r=g","caption":"Admin"}}]}},"jetpack_featured_media_url":"https:\/\/www.eurooppalainensuomi.fi\/wp-content\/uploads\/2022\/12\/Sivu1-Kuva-7-scaled.jpg","_links":{"self":[{"href":"https:\/\/www.eurooppalainensuomi.fi\/index.php?rest_route=\/wp\/v2\/posts\/5042"}],"collection":[{"href":"https:\/\/www.eurooppalainensuomi.fi\/index.php?rest_route=\/wp\/v2\/posts"}],"about":[{"href":"https:\/\/www.eurooppalainensuomi.fi\/index.php?rest_route=\/wp\/v2\/types\/post"}],"author":[{"embeddable":true,"href":"https:\/\/www.eurooppalainensuomi.fi\/index.php?rest_route=\/wp\/v2\/users\/4"}],"replies":[{"embeddable":true,"href":"https:\/\/www.eurooppalainensuomi.fi\/index.php?rest_route=%2Fwp%2Fv2%2Fcomments&post=5042"}],"version-history":[{"count":1,"href":"https:\/\/www.eurooppalainensuomi.fi\/index.php?rest_route=\/wp\/v2\/posts\/5042\/revisions"}],"predecessor-version":[{"id":5043,"href":"https:\/\/www.eurooppalainensuomi.fi\/index.php?rest_route=\/wp\/v2\/posts\/5042\/revisions\/5043"}],"wp:featuredmedia":[{"embeddable":true,"href":"https:\/\/www.eurooppalainensuomi.fi\/index.php?rest_route=\/wp\/v2\/media\/4598"}],"wp:attachment":[{"href":"https:\/\/www.eurooppalainensuomi.fi\/index.php?rest_route=%2Fwp%2Fv2%2Fmedia&parent=5042"}],"wp:term":[{"taxonomy":"category","embeddable":true,"href":"https:\/\/www.eurooppalainensuomi.fi\/index.php?rest_route=%2Fwp%2Fv2%2Fcategories&post=5042"},{"taxonomy":"post_tag","embeddable":true,"href":"https:\/\/www.eurooppalainensuomi.fi\/index.php?rest_route=%2Fwp%2Fv2%2Ftags&post=5042"}],"curies":[{"name":"wp","href":"https:\/\/api.w.org\/{rel}","templated":true}]}}