{"id":5034,"date":"2023-11-06T15:46:47","date_gmt":"2023-11-06T13:46:47","guid":{"rendered":"https:\/\/www.eurooppalainensuomi.fi\/?p=5034"},"modified":"2023-11-06T15:46:49","modified_gmt":"2023-11-06T13:46:49","slug":"laajentumispaketti-omat-varat-talousarvio","status":"publish","type":"post","link":"https:\/\/www.eurooppalainensuomi.fi\/laajentumispaketti-omat-varat-talousarvio","title":{"rendered":"Laajentumispaketti | Omat varat | Talousarvio"},"content":{"rendered":"\n<p>T\u00e4ll\u00e4 viikolla Brysseliss\u00e4 pidet\u00e4\u00e4n Euroopan parlamentin t\u00e4ysistunto ja useita valiokuntien kokouksia. Ymp\u00e4rist\u00f6valiokunta hyv\u00e4ksyy tiistaina Dubaissa 30. marraskuuta-12. joulukuuta pidett\u00e4v\u00e4n YK:n ilmastonmuutoskonferenssin (COP28) painopisteet vuodelle 2023. Keskiviikkona pidett\u00e4v\u00e4ss\u00e4 komissaarien kollegiossa esittell\u00e4\u00e4n vuoden 2023 laajentumispaketti. Perjantaina talous- ja rahoitusasioiden neuvosto kokoontuu valmistelemaan sovittelukomitean toista kokousta, jotta Euroopan parlamentin kanssa p\u00e4\u00e4st\u00e4isiin sopimukseen EU:n vuotuisesta talousarviosta vuodeksi 2024.<\/p>\n\n\n\n<p>Euroopan parlamentti<\/p>\n\n\n\n<p>Keskiviikon t\u00e4ysistunnossa parlamentin j\u00e4senet keskustelevat 26.-27. lokakuuta pidetyn Eurooppa-neuvoston kokouksen tuloksista, mink\u00e4 j\u00e4lkeen torstaina k\u00e4yd\u00e4\u00e4n keskustelu EU:n ja Yhdysvaltojen huippukokouksen tuloksista. Torstaina parlamentin j\u00e4senet \u00e4\u00e4nest\u00e4v\u00e4t my\u00f6s p\u00e4\u00e4t\u00f6slauselmasta, joka koskee EU:n Ven\u00e4j\u00e4n vastaisia pakotteita, EU:n seuraavan sukupolven omien varojen k\u00e4ytt\u00f6\u00f6nottoa koskevasta lains\u00e4\u00e4d\u00e4nn\u00f6st\u00e4 ja p\u00e4\u00e4tt\u00e4v\u00e4t hyv\u00e4ksy\u00e4 tietosuojalain, jonka tavoitteena on edist\u00e4\u00e4 innovointia poistamalla esteit\u00e4, jotka haittaavat kuluttajien ja yritysten tiedonsaantia.<\/p>\n\n\n\n<p>Euroopan komissio<\/p>\n\n\n\n<p>Komission puheenjohtaja von der Leyen osallistuu maanantaina EU:n suurl\u00e4hettil\u00e4skonferenssiin 2023. Tiistaina komissaari V\u00e1rhelyi tapaa Ukrainan ulkoministerin Dmytro Kuleban, ja komission varapuheenjohtaja Jourov\u00e1 ottaa vastaan Twitterin globaalien hallitusasioiden johtajan Nick Picklesin ja TikTokin toimitusjohtajan Shou Chewin. Keskiviikkona h\u00e4n osallistuu kansainv\u00e4liseen teko\u00e4lyhuippukokoukseen 2023, ja puheenjohtaja von der Leyen osallistuu Euroopan parlamentin t\u00e4ysistuntokeskusteluun 26.-27. lokakuuta pidett\u00e4v\u00e4n Eurooppa-neuvoston kokouksen p\u00e4\u00e4telmist\u00e4.<\/p>\n\n\n\n<p>Eurooppa-neuvosto<\/p>\n\n\n\n<p>Tiistaina avaruusasioista vastaavat EU:n ministerit keskustelevat toimenpiteist\u00e4, joilla varmistetaan avaruuspohjaisten infrastruktuurien jatkuvuus ja vahvistaminen sek\u00e4 parannetaan Euroopan unionin teknologista riippumattomuutta. Euroalueen valtioiden valtiovarain- ja talousministerit kokoontuvat keskiviikkona euroryhm\u00e4n kokoukseen, jossa keskityt\u00e4\u00e4n makrotalouden kehitykseen ja kilpailukykyyn euroalueella, pankkiunionin tilaan sek\u00e4 Euroopan p\u00e4\u00e4oma- ja rahoitusmarkkinoiden tulevaisuuteen. Seuraavana p\u00e4iv\u00e4n\u00e4 talous- ja rahoitusasioiden neuvosto keskustelee ehdotetusta EU:n talouden ohjausj\u00e4rjestelm\u00e4n uudistuksesta.<\/p>\n\n\n\n<p>Suuri valiokunta<\/p>\n\n\n\n<p>Suuri valiokunta sai p\u00e4\u00e4ministeri Petteri Orpon selvityksen Eurooppa-neuvoston kokouksesta ja eurohuippukokouksesta, jotka pidettiin torstaina ja perjantaina Brysseliss\u00e4. Eurooppa-neuvoston aiheina ovat Ven\u00e4j\u00e4n hy\u00f6kk\u00e4yssota Ukrainassa, EU:n monivuotisen rahoituskehyksen v\u00e4litarkistus, talous ja kilpailukyky, muuttoliikkeen ulkoinen ulottuvuus sek\u00e4 ulkosuhteet, joiden osalta esill\u00e4 on erityisesti L\u00e4hi-id\u00e4n tilanne. Lis\u00e4ksi Suuri valiokunta p\u00e4\u00e4tti kokouksessaan eduskunnan kannan, pitk\u00e4\u00e4n oleskelleiden kolmansien maiden kansalaisten asemasta.<\/p>\n","protected":false},"excerpt":{"rendered":"<p>T\u00e4ll\u00e4 viikolla Brysseliss\u00e4 pidet\u00e4\u00e4n Euroopan parlamentin t\u00e4ysistunto ja useita valiokuntien kokouksia. Ymp\u00e4rist\u00f6valiokunta hyv\u00e4ksyy tiistaina Dubaissa 30. marraskuuta-12. joulukuuta pidett\u00e4v\u00e4n YK:n ilmastonmuutoskonferenssin (COP28) painopisteet vuodelle 2023. Keskiviikkona pidett\u00e4v\u00e4ss\u00e4 komissaarien kollegiossa esittell\u00e4\u00e4n vuoden 2023 laajentumispaketti. Perjantaina talous- ja rahoitusasioiden neuvosto kokoontuu valmistelemaan sovittelukomitean toista kokousta, jotta Euroopan parlamentin kanssa p\u00e4\u00e4st\u00e4isiin sopimukseen EU:n vuotuisesta talousarviosta vuodeksi 2024. Euroopan [&hellip;]<\/p>\n","protected":false},"author":4,"featured_media":4595,"comment_status":"closed","ping_status":"closed","sticky":false,"template":"","format":"standard","meta":{"_et_pb_use_builder":"off","_et_pb_old_content":"","_et_gb_content_width":""},"categories":[8,9],"tags":[],"yoast_head":"<!-- This site is optimized with the Yoast SEO plugin v19.13 - https:\/\/yoast.com\/wordpress\/plugins\/seo\/ -->\n<title>Laajentumispaketti | Omat varat | Talousarvio - Eurooppalainen Suomi<\/title>\n<meta name=\"robots\" content=\"index, follow, max-snippet:-1, max-image-preview:large, max-video-preview:-1\" \/>\n<link rel=\"canonical\" href=\"https:\/\/www.eurooppalainensuomi.fi\/laajentumispaketti-omat-varat-talousarvio\" \/>\n<meta property=\"og:locale\" content=\"en_US\" \/>\n<meta property=\"og:type\" content=\"article\" \/>\n<meta property=\"og:title\" content=\"Laajentumispaketti | Omat varat | Talousarvio - Eurooppalainen Suomi\" \/>\n<meta property=\"og:description\" content=\"T\u00e4ll\u00e4 viikolla Brysseliss\u00e4 pidet\u00e4\u00e4n Euroopan parlamentin t\u00e4ysistunto ja useita valiokuntien kokouksia. Ymp\u00e4rist\u00f6valiokunta hyv\u00e4ksyy tiistaina Dubaissa 30. marraskuuta-12. joulukuuta pidett\u00e4v\u00e4n YK:n ilmastonmuutoskonferenssin (COP28) painopisteet vuodelle 2023. Keskiviikkona pidett\u00e4v\u00e4ss\u00e4 komissaarien kollegiossa esittell\u00e4\u00e4n vuoden 2023 laajentumispaketti. Perjantaina talous- ja rahoitusasioiden neuvosto kokoontuu valmistelemaan sovittelukomitean toista kokousta, jotta Euroopan parlamentin kanssa p\u00e4\u00e4st\u00e4isiin sopimukseen EU:n vuotuisesta talousarviosta vuodeksi 2024. Euroopan [&hellip;]\" \/>\n<meta property=\"og:url\" content=\"https:\/\/www.eurooppalainensuomi.fi\/laajentumispaketti-omat-varat-talousarvio\" \/>\n<meta property=\"og:site_name\" content=\"Eurooppalainen Suomi\" \/>\n<meta property=\"article:publisher\" content=\"https:\/\/www.facebook.com\/eurooppalainensuomi\" \/>\n<meta property=\"article:published_time\" content=\"2023-11-06T13:46:47+00:00\" \/>\n<meta property=\"article:modified_time\" content=\"2023-11-06T13:46:49+00:00\" \/>\n<meta property=\"og:image\" content=\"https:\/\/www.eurooppalainensuomi.fi\/wp-content\/uploads\/2022\/12\/Sivu1-Kuva-2-scaled.jpg\" \/>\n\t<meta property=\"og:image:width\" content=\"1707\" \/>\n\t<meta property=\"og:image:height\" content=\"2560\" \/>\n\t<meta property=\"og:image:type\" content=\"image\/jpeg\" \/>\n<meta name=\"author\" content=\"Admin\" \/>\n<meta name=\"twitter:card\" content=\"summary_large_image\" \/>\n<meta name=\"twitter:creator\" content=\"@em_finland\" \/>\n<meta name=\"twitter:site\" content=\"@em_finland\" \/>\n<meta name=\"twitter:label1\" content=\"Written by\" \/>\n\t<meta name=\"twitter:data1\" content=\"Admin\" \/>\n\t<meta name=\"twitter:label2\" content=\"Est. reading time\" \/>\n\t<meta name=\"twitter:data2\" content=\"2 minutes\" \/>\n<script type=\"application\/ld+json\" class=\"yoast-schema-graph\">{\"@context\":\"https:\/\/schema.org\",\"@graph\":[{\"@type\":\"Article\",\"@id\":\"https:\/\/www.eurooppalainensuomi.fi\/laajentumispaketti-omat-varat-talousarvio#article\",\"isPartOf\":{\"@id\":\"https:\/\/www.eurooppalainensuomi.fi\/laajentumispaketti-omat-varat-talousarvio\"},\"author\":{\"name\":\"Admin\",\"@id\":\"https:\/\/www.eurooppalainensuomi.fi\/#\/schema\/person\/9635843384121bb89ed49f8d3129daee\"},\"headline\":\"Laajentumispaketti | Omat varat | Talousarvio\",\"datePublished\":\"2023-11-06T13:46:47+00:00\",\"dateModified\":\"2023-11-06T13:46:49+00:00\",\"mainEntityOfPage\":{\"@id\":\"https:\/\/www.eurooppalainensuomi.fi\/laajentumispaketti-omat-varat-talousarvio\"},\"wordCount\":356,\"publisher\":{\"@id\":\"https:\/\/www.eurooppalainensuomi.fi\/#organization\"},\"articleSection\":[\"Ajankohtaista\",\"Uutiset\"],\"inLanguage\":\"en\"},{\"@type\":\"WebPage\",\"@id\":\"https:\/\/www.eurooppalainensuomi.fi\/laajentumispaketti-omat-varat-talousarvio\",\"url\":\"https:\/\/www.eurooppalainensuomi.fi\/laajentumispaketti-omat-varat-talousarvio\",\"name\":\"Laajentumispaketti | Omat varat | Talousarvio - Eurooppalainen Suomi\",\"isPartOf\":{\"@id\":\"https:\/\/www.eurooppalainensuomi.fi\/#website\"},\"datePublished\":\"2023-11-06T13:46:47+00:00\",\"dateModified\":\"2023-11-06T13:46:49+00:00\",\"breadcrumb\":{\"@id\":\"https:\/\/www.eurooppalainensuomi.fi\/laajentumispaketti-omat-varat-talousarvio#breadcrumb\"},\"inLanguage\":\"en\",\"potentialAction\":[{\"@type\":\"ReadAction\",\"target\":[\"https:\/\/www.eurooppalainensuomi.fi\/laajentumispaketti-omat-varat-talousarvio\"]}]},{\"@type\":\"BreadcrumbList\",\"@id\":\"https:\/\/www.eurooppalainensuomi.fi\/laajentumispaketti-omat-varat-talousarvio#breadcrumb\",\"itemListElement\":[{\"@type\":\"ListItem\",\"position\":1,\"name\":\"Etusivu\",\"item\":\"https:\/\/www.eurooppalainensuomi.fi\/\"},{\"@type\":\"ListItem\",\"position\":2,\"name\":\"Laajentumispaketti | Omat varat | Talousarvio\"}]},{\"@type\":\"WebSite\",\"@id\":\"https:\/\/www.eurooppalainensuomi.fi\/#website\",\"url\":\"https:\/\/www.eurooppalainensuomi.fi\/\",\"name\":\"Eurooppalainen Suomi\",\"description\":\"Parempaa Eurooppaa rakentamassa\",\"publisher\":{\"@id\":\"https:\/\/www.eurooppalainensuomi.fi\/#organization\"},\"potentialAction\":[{\"@type\":\"SearchAction\",\"target\":{\"@type\":\"EntryPoint\",\"urlTemplate\":\"https:\/\/www.eurooppalainensuomi.fi\/?s={search_term_string}\"},\"query-input\":\"required name=search_term_string\"}],\"inLanguage\":\"en\"},{\"@type\":\"Organization\",\"@id\":\"https:\/\/www.eurooppalainensuomi.fi\/#organization\",\"name\":\"Eurooppalainen Suomi ry\",\"url\":\"https:\/\/www.eurooppalainensuomi.fi\/\",\"logo\":{\"@type\":\"ImageObject\",\"inLanguage\":\"en\",\"@id\":\"https:\/\/www.eurooppalainensuomi.fi\/#\/schema\/logo\/image\/\",\"url\":\"https:\/\/www.eurooppalainensuomi.fi\/wp-content\/uploads\/2021\/01\/PNG_large.png\",\"contentUrl\":\"https:\/\/www.eurooppalainensuomi.fi\/wp-content\/uploads\/2021\/01\/PNG_large.png\",\"width\":586,\"height\":220,\"caption\":\"Eurooppalainen Suomi ry\"},\"image\":{\"@id\":\"https:\/\/www.eurooppalainensuomi.fi\/#\/schema\/logo\/image\/\"},\"sameAs\":[\"https:\/\/instagram.com\/eurooppalainensuomi\",\"https:\/\/www.youtube.com\/channel\/UCBeqyrm1ze2RinjeAYS_-Jg\",\"https:\/\/fi.wikipedia.org\/wiki\/Eurooppalainen_Suomi\",\"https:\/\/www.facebook.com\/eurooppalainensuomi\",\"https:\/\/twitter.com\/em_finland\"]},{\"@type\":\"Person\",\"@id\":\"https:\/\/www.eurooppalainensuomi.fi\/#\/schema\/person\/9635843384121bb89ed49f8d3129daee\",\"name\":\"Admin\",\"image\":{\"@type\":\"ImageObject\",\"inLanguage\":\"en\",\"@id\":\"https:\/\/www.eurooppalainensuomi.fi\/#\/schema\/person\/image\/\",\"url\":\"https:\/\/secure.gravatar.com\/avatar\/813eb247d5c8e5914db8a949c18b8e26?s=96&d=mm&r=g\",\"contentUrl\":\"https:\/\/secure.gravatar.com\/avatar\/813eb247d5c8e5914db8a949c18b8e26?s=96&d=mm&r=g\",\"caption\":\"Admin\"}}]}<\/script>\n<!-- \/ Yoast SEO plugin. -->","yoast_head_json":{"title":"Laajentumispaketti | Omat varat | Talousarvio - Eurooppalainen Suomi","robots":{"index":"index","follow":"follow","max-snippet":"max-snippet:-1","max-image-preview":"max-image-preview:large","max-video-preview":"max-video-preview:-1"},"canonical":"https:\/\/www.eurooppalainensuomi.fi\/laajentumispaketti-omat-varat-talousarvio","og_locale":"en_US","og_type":"article","og_title":"Laajentumispaketti | Omat varat | Talousarvio - Eurooppalainen Suomi","og_description":"T\u00e4ll\u00e4 viikolla Brysseliss\u00e4 pidet\u00e4\u00e4n Euroopan parlamentin t\u00e4ysistunto ja useita valiokuntien kokouksia. Ymp\u00e4rist\u00f6valiokunta hyv\u00e4ksyy tiistaina Dubaissa 30. marraskuuta-12. joulukuuta pidett\u00e4v\u00e4n YK:n ilmastonmuutoskonferenssin (COP28) painopisteet vuodelle 2023. Keskiviikkona pidett\u00e4v\u00e4ss\u00e4 komissaarien kollegiossa esittell\u00e4\u00e4n vuoden 2023 laajentumispaketti. Perjantaina talous- ja rahoitusasioiden neuvosto kokoontuu valmistelemaan sovittelukomitean toista kokousta, jotta Euroopan parlamentin kanssa p\u00e4\u00e4st\u00e4isiin sopimukseen EU:n vuotuisesta talousarviosta vuodeksi 2024. Euroopan [&hellip;]","og_url":"https:\/\/www.eurooppalainensuomi.fi\/laajentumispaketti-omat-varat-talousarvio","og_site_name":"Eurooppalainen Suomi","article_publisher":"https:\/\/www.facebook.com\/eurooppalainensuomi","article_published_time":"2023-11-06T13:46:47+00:00","article_modified_time":"2023-11-06T13:46:49+00:00","og_image":[{"width":1707,"height":2560,"url":"https:\/\/www.eurooppalainensuomi.fi\/wp-content\/uploads\/2022\/12\/Sivu1-Kuva-2-scaled.jpg","type":"image\/jpeg"}],"author":"Admin","twitter_card":"summary_large_image","twitter_creator":"@em_finland","twitter_site":"@em_finland","twitter_misc":{"Written by":"Admin","Est. reading time":"2 minutes"},"schema":{"@context":"https:\/\/schema.org","@graph":[{"@type":"Article","@id":"https:\/\/www.eurooppalainensuomi.fi\/laajentumispaketti-omat-varat-talousarvio#article","isPartOf":{"@id":"https:\/\/www.eurooppalainensuomi.fi\/laajentumispaketti-omat-varat-talousarvio"},"author":{"name":"Admin","@id":"https:\/\/www.eurooppalainensuomi.fi\/#\/schema\/person\/9635843384121bb89ed49f8d3129daee"},"headline":"Laajentumispaketti | Omat varat | Talousarvio","datePublished":"2023-11-06T13:46:47+00:00","dateModified":"2023-11-06T13:46:49+00:00","mainEntityOfPage":{"@id":"https:\/\/www.eurooppalainensuomi.fi\/laajentumispaketti-omat-varat-talousarvio"},"wordCount":356,"publisher":{"@id":"https:\/\/www.eurooppalainensuomi.fi\/#organization"},"articleSection":["Ajankohtaista","Uutiset"],"inLanguage":"en"},{"@type":"WebPage","@id":"https:\/\/www.eurooppalainensuomi.fi\/laajentumispaketti-omat-varat-talousarvio","url":"https:\/\/www.eurooppalainensuomi.fi\/laajentumispaketti-omat-varat-talousarvio","name":"Laajentumispaketti | Omat varat | Talousarvio - Eurooppalainen Suomi","isPartOf":{"@id":"https:\/\/www.eurooppalainensuomi.fi\/#website"},"datePublished":"2023-11-06T13:46:47+00:00","dateModified":"2023-11-06T13:46:49+00:00","breadcrumb":{"@id":"https:\/\/www.eurooppalainensuomi.fi\/laajentumispaketti-omat-varat-talousarvio#breadcrumb"},"inLanguage":"en","potentialAction":[{"@type":"ReadAction","target":["https:\/\/www.eurooppalainensuomi.fi\/laajentumispaketti-omat-varat-talousarvio"]}]},{"@type":"BreadcrumbList","@id":"https:\/\/www.eurooppalainensuomi.fi\/laajentumispaketti-omat-varat-talousarvio#breadcrumb","itemListElement":[{"@type":"ListItem","position":1,"name":"Etusivu","item":"https:\/\/www.eurooppalainensuomi.fi\/"},{"@type":"ListItem","position":2,"name":"Laajentumispaketti | Omat varat | Talousarvio"}]},{"@type":"WebSite","@id":"https:\/\/www.eurooppalainensuomi.fi\/#website","url":"https:\/\/www.eurooppalainensuomi.fi\/","name":"Eurooppalainen Suomi","description":"Parempaa Eurooppaa rakentamassa","publisher":{"@id":"https:\/\/www.eurooppalainensuomi.fi\/#organization"},"potentialAction":[{"@type":"SearchAction","target":{"@type":"EntryPoint","urlTemplate":"https:\/\/www.eurooppalainensuomi.fi\/?s={search_term_string}"},"query-input":"required name=search_term_string"}],"inLanguage":"en"},{"@type":"Organization","@id":"https:\/\/www.eurooppalainensuomi.fi\/#organization","name":"Eurooppalainen Suomi ry","url":"https:\/\/www.eurooppalainensuomi.fi\/","logo":{"@type":"ImageObject","inLanguage":"en","@id":"https:\/\/www.eurooppalainensuomi.fi\/#\/schema\/logo\/image\/","url":"https:\/\/www.eurooppalainensuomi.fi\/wp-content\/uploads\/2021\/01\/PNG_large.png","contentUrl":"https:\/\/www.eurooppalainensuomi.fi\/wp-content\/uploads\/2021\/01\/PNG_large.png","width":586,"height":220,"caption":"Eurooppalainen Suomi ry"},"image":{"@id":"https:\/\/www.eurooppalainensuomi.fi\/#\/schema\/logo\/image\/"},"sameAs":["https:\/\/instagram.com\/eurooppalainensuomi","https:\/\/www.youtube.com\/channel\/UCBeqyrm1ze2RinjeAYS_-Jg","https:\/\/fi.wikipedia.org\/wiki\/Eurooppalainen_Suomi","https:\/\/www.facebook.com\/eurooppalainensuomi","https:\/\/twitter.com\/em_finland"]},{"@type":"Person","@id":"https:\/\/www.eurooppalainensuomi.fi\/#\/schema\/person\/9635843384121bb89ed49f8d3129daee","name":"Admin","image":{"@type":"ImageObject","inLanguage":"en","@id":"https:\/\/www.eurooppalainensuomi.fi\/#\/schema\/person\/image\/","url":"https:\/\/secure.gravatar.com\/avatar\/813eb247d5c8e5914db8a949c18b8e26?s=96&d=mm&r=g","contentUrl":"https:\/\/secure.gravatar.com\/avatar\/813eb247d5c8e5914db8a949c18b8e26?s=96&d=mm&r=g","caption":"Admin"}}]}},"jetpack_featured_media_url":"https:\/\/www.eurooppalainensuomi.fi\/wp-content\/uploads\/2022\/12\/Sivu1-Kuva-2-scaled-e1741602544664.jpg","_links":{"self":[{"href":"https:\/\/www.eurooppalainensuomi.fi\/index.php?rest_route=\/wp\/v2\/posts\/5034"}],"collection":[{"href":"https:\/\/www.eurooppalainensuomi.fi\/index.php?rest_route=\/wp\/v2\/posts"}],"about":[{"href":"https:\/\/www.eurooppalainensuomi.fi\/index.php?rest_route=\/wp\/v2\/types\/post"}],"author":[{"embeddable":true,"href":"https:\/\/www.eurooppalainensuomi.fi\/index.php?rest_route=\/wp\/v2\/users\/4"}],"replies":[{"embeddable":true,"href":"https:\/\/www.eurooppalainensuomi.fi\/index.php?rest_route=%2Fwp%2Fv2%2Fcomments&post=5034"}],"version-history":[{"count":1,"href":"https:\/\/www.eurooppalainensuomi.fi\/index.php?rest_route=\/wp\/v2\/posts\/5034\/revisions"}],"predecessor-version":[{"id":5035,"href":"https:\/\/www.eurooppalainensuomi.fi\/index.php?rest_route=\/wp\/v2\/posts\/5034\/revisions\/5035"}],"wp:featuredmedia":[{"embeddable":true,"href":"https:\/\/www.eurooppalainensuomi.fi\/index.php?rest_route=\/wp\/v2\/media\/4595"}],"wp:attachment":[{"href":"https:\/\/www.eurooppalainensuomi.fi\/index.php?rest_route=%2Fwp%2Fv2%2Fmedia&parent=5034"}],"wp:term":[{"taxonomy":"category","embeddable":true,"href":"https:\/\/www.eurooppalainensuomi.fi\/index.php?rest_route=%2Fwp%2Fv2%2Fcategories&post=5034"},{"taxonomy":"post_tag","embeddable":true,"href":"https:\/\/www.eurooppalainensuomi.fi\/index.php?rest_route=%2Fwp%2Fv2%2Ftags&post=5034"}],"curies":[{"name":"wp","href":"https:\/\/api.w.org\/{rel}","templated":true}]}}