{"id":5028,"date":"2023-10-16T14:07:40","date_gmt":"2023-10-16T12:07:40","guid":{"rendered":"https:\/\/www.eurooppalainensuomi.fi\/?p=5028"},"modified":"2023-10-16T14:07:41","modified_gmt":"2023-10-16T12:07:41","slug":"ukraina-tyoohjelma-sopimusuudistus","status":"publish","type":"post","link":"https:\/\/www.eurooppalainensuomi.fi\/ukraina-tyoohjelma-sopimusuudistus","title":{"rendered":"Ukraina | Ty\u00f6ohjelma | Sopimusuudistus\u00a0"},"content":{"rendered":"\n<p>Euroopan komissio esittelee t\u00e4m\u00e4n vuoden ty\u00f6ohjelman. Parlamentin j\u00e4senet \u00e4\u00e4nest\u00e4v\u00e4t uudesta Ukrainan elpymisv\u00e4lineest\u00e4, jonka kokonaiskapasiteetti on 50 miljardia euroa vuosina 2024-2027 ja jolla tuetaan maan j\u00e4lleenrakennusta. MEPit vaativat, ett\u00e4 takavarikoituja ven\u00e4l\u00e4isi\u00e4 varoja k\u00e4ytet\u00e4\u00e4n j\u00e4lleenrakentamisessa Ukrainassa. EU:n sis\u00e4- ja oikeusministerit kokoontuvat Schengen-alueen poliittisesta hallinnosta sek\u00e4 turvapaikka- ja maahanmuuttosopimuksesta ja maahanmuuton ulkoisesta ulottuvuudesta EU:hun. Komission puheenjohtaja Ursula von der Leyen osallistuu EU:n ja Yhdysvaltojen huippukokoukseen Washingtonissa, Yhdysvalloissa.&nbsp;<\/p>\n\n\n\n<p>Euroopan parlamentti&nbsp;&nbsp;<\/p>\n\n\n\n<p>Parlamentin j\u00e4senet \u00e4\u00e4nest\u00e4v\u00e4t tiistaina strategisten teknologioiden foorumin (STEP) perustamisesta. Parlamentti, neuvosto ja komissio keskustelevat Hamasin terrori-iskuista Israelia vastaan. P\u00e4\u00e4t\u00f6slauselmasta \u00e4\u00e4nestet\u00e4\u00e4n torstaina, jolloin parlamentin puhemies Roberta Metsola julkistaa Euroopan parlamentin Saharov-palkinnon voittajan. Perussopimus-, ty\u00f6j\u00e4rjestys- ja toimielinasioiden valiokunnan kokouksessa torstaina parlamentin j\u00e4senet keskustelevat parlamentin ehdotuksista EU:n tehdyn sopimuksen ja EU:n toiminnasta tehdyn sopimuksen muuttamiseksi.&nbsp;<\/p>\n\n\n\n<p>Euroopan komissio<\/p>\n\n\n\n<p>Tiistaina komissaarit kokoontuvat Strasbourgissa kollegion kokoukseen, jossa heid\u00e4n odotetaan keskustelevan komission ty\u00f6ohjelmasta vuodelle 2024, huumausainekaupan vastaisesta toimintasuunnitelmasta ja viisumikieltomekanismin muuttamisesta. Keskiviikkona puheenjohtaja Ursula von der Leyen osallistuu Euroopan parlamentin t\u00e4ysistuntoon, joissa k\u00e4sitell\u00e4\u00e4n Hamasin Israeliin kohdistamia terrori-iskuja ja Eurooppa-neuvoston kokouksen valmistelua 26.-27. lokakuuta 2023.&nbsp;<\/p>\n\n\n\n<p>Eurooppa neuvosto&nbsp;&nbsp;<\/p>\n\n\n\n<p>Euroalueen ministerikokouksen listalla ovat painopisteet elvytys- ja sietokykysuunnitelmissa sek\u00e4 digitaalisen euron edist\u00e4minen. Ymp\u00e4rist\u00f6neuvoston kokoustaa k\u00e4sitell\u00e4\u00e4n YK:n ilmastonmuutoskonferenssin (COP28) valmisteluja ja keskustellaan yhdyskuntaj\u00e4tevesien k\u00e4sittely\u00e4 koskevasta direktiivist\u00e4. Energiaministerit keskustelevat liikenne-, televiestint\u00e4- ja energianeuvoston kokouksessa ehdotuksesta, jolla muutetaan EU:n s\u00e4hk\u00f6markkinoiden suunnittelus\u00e4\u00e4nt\u00f6j\u00e4 siten, ett\u00e4 s\u00e4hk\u00f6n hinnat riippuvat v\u00e4hemm\u00e4n ep\u00e4vakaista fossiilisten polttoaineiden hinnoista.<\/p>\n\n\n\n<p>Suuri valiokunta<\/p>\n\n\n\n<p>Suuri valiokunta hyv\u00e4ksyi yksimielisesti eduskunnan kannan neuvotteluihin lapsiin kohdistuvan seksuaaliv\u00e4kivallan ehk\u00e4isy\u00e4 ja torjuntaa koskevasta asetuksesta (nk. CSAM-ehdotus, child sexual abuse material). Asetus olisi uudenlaista EU-s\u00e4\u00e4ntely\u00e4 erityisesti siten, ett\u00e4 palveluntarjoajille voisi synty\u00e4 velvollisuus k\u00e4sitell\u00e4 henkil\u00f6iden v\u00e4list\u00e4 viestint\u00e4\u00e4 rikollisen materiaalin tunnistamiseksi ilman viranomaisen vahvistamaa henkil\u00f6n liitynt\u00e4\u00e4 selvitett\u00e4v\u00e4\u00e4n tai ehk\u00e4ist\u00e4v\u00e4\u00e4n rikollisuuteen.<\/p>\n","protected":false},"excerpt":{"rendered":"<p>Euroopan komissio esittelee t\u00e4m\u00e4n vuoden ty\u00f6ohjelman. Parlamentin j\u00e4senet \u00e4\u00e4nest\u00e4v\u00e4t uudesta Ukrainan elpymisv\u00e4lineest\u00e4, jonka kokonaiskapasiteetti on 50 miljardia euroa vuosina 2024-2027 ja jolla tuetaan maan j\u00e4lleenrakennusta. MEPit vaativat, ett\u00e4 takavarikoituja ven\u00e4l\u00e4isi\u00e4 varoja k\u00e4ytet\u00e4\u00e4n j\u00e4lleenrakentamisessa Ukrainassa. EU:n sis\u00e4- ja oikeusministerit kokoontuvat Schengen-alueen poliittisesta hallinnosta sek\u00e4 turvapaikka- ja maahanmuuttosopimuksesta ja maahanmuuton ulkoisesta ulottuvuudesta EU:hun. Komission puheenjohtaja Ursula von [&hellip;]<\/p>\n","protected":false},"author":4,"featured_media":3858,"comment_status":"closed","ping_status":"closed","sticky":false,"template":"","format":"standard","meta":{"_et_pb_use_builder":"off","_et_pb_old_content":"","_et_gb_content_width":""},"categories":[8,9],"tags":[],"yoast_head":"<!-- This site is optimized with the Yoast SEO plugin v19.13 - https:\/\/yoast.com\/wordpress\/plugins\/seo\/ -->\n<title>Ukraina | Ty\u00f6ohjelma | Sopimusuudistus\u00a0 - Eurooppalainen Suomi<\/title>\n<meta name=\"robots\" content=\"index, follow, max-snippet:-1, max-image-preview:large, max-video-preview:-1\" \/>\n<link rel=\"canonical\" href=\"https:\/\/www.eurooppalainensuomi.fi\/ukraina-tyoohjelma-sopimusuudistus\" \/>\n<meta property=\"og:locale\" content=\"en_US\" \/>\n<meta property=\"og:type\" content=\"article\" \/>\n<meta property=\"og:title\" content=\"Ukraina | Ty\u00f6ohjelma | Sopimusuudistus\u00a0 - Eurooppalainen Suomi\" \/>\n<meta property=\"og:description\" content=\"Euroopan komissio esittelee t\u00e4m\u00e4n vuoden ty\u00f6ohjelman. Parlamentin j\u00e4senet \u00e4\u00e4nest\u00e4v\u00e4t uudesta Ukrainan elpymisv\u00e4lineest\u00e4, jonka kokonaiskapasiteetti on 50 miljardia euroa vuosina 2024-2027 ja jolla tuetaan maan j\u00e4lleenrakennusta. MEPit vaativat, ett\u00e4 takavarikoituja ven\u00e4l\u00e4isi\u00e4 varoja k\u00e4ytet\u00e4\u00e4n j\u00e4lleenrakentamisessa Ukrainassa. EU:n sis\u00e4- ja oikeusministerit kokoontuvat Schengen-alueen poliittisesta hallinnosta sek\u00e4 turvapaikka- ja maahanmuuttosopimuksesta ja maahanmuuton ulkoisesta ulottuvuudesta EU:hun. Komission puheenjohtaja Ursula von [&hellip;]\" \/>\n<meta property=\"og:url\" content=\"https:\/\/www.eurooppalainensuomi.fi\/ukraina-tyoohjelma-sopimusuudistus\" \/>\n<meta property=\"og:site_name\" content=\"Eurooppalainen Suomi\" \/>\n<meta property=\"article:publisher\" content=\"https:\/\/www.facebook.com\/eurooppalainensuomi\" \/>\n<meta property=\"article:published_time\" content=\"2023-10-16T12:07:40+00:00\" \/>\n<meta property=\"article:modified_time\" content=\"2023-10-16T12:07:41+00:00\" \/>\n<meta property=\"og:image\" content=\"https:\/\/www.eurooppalainensuomi.fi\/wp-content\/uploads\/2022\/09\/Sivu-15-Kuva-1-scaled.jpg\" \/>\n\t<meta property=\"og:image:width\" content=\"2560\" \/>\n\t<meta property=\"og:image:height\" content=\"1707\" \/>\n\t<meta property=\"og:image:type\" content=\"image\/jpeg\" \/>\n<meta name=\"author\" content=\"Admin\" \/>\n<meta name=\"twitter:card\" content=\"summary_large_image\" \/>\n<meta name=\"twitter:creator\" content=\"@em_finland\" \/>\n<meta name=\"twitter:site\" content=\"@em_finland\" \/>\n<meta name=\"twitter:label1\" content=\"Written by\" \/>\n\t<meta name=\"twitter:data1\" content=\"Admin\" \/>\n\t<meta name=\"twitter:label2\" content=\"Est. reading time\" \/>\n\t<meta name=\"twitter:data2\" content=\"2 minutes\" \/>\n<script type=\"application\/ld+json\" class=\"yoast-schema-graph\">{\"@context\":\"https:\/\/schema.org\",\"@graph\":[{\"@type\":\"Article\",\"@id\":\"https:\/\/www.eurooppalainensuomi.fi\/ukraina-tyoohjelma-sopimusuudistus#article\",\"isPartOf\":{\"@id\":\"https:\/\/www.eurooppalainensuomi.fi\/ukraina-tyoohjelma-sopimusuudistus\"},\"author\":{\"name\":\"Admin\",\"@id\":\"https:\/\/www.eurooppalainensuomi.fi\/#\/schema\/person\/9635843384121bb89ed49f8d3129daee\"},\"headline\":\"Ukraina | Ty\u00f6ohjelma | Sopimusuudistus\u00a0\",\"datePublished\":\"2023-10-16T12:07:40+00:00\",\"dateModified\":\"2023-10-16T12:07:41+00:00\",\"mainEntityOfPage\":{\"@id\":\"https:\/\/www.eurooppalainensuomi.fi\/ukraina-tyoohjelma-sopimusuudistus\"},\"wordCount\":336,\"publisher\":{\"@id\":\"https:\/\/www.eurooppalainensuomi.fi\/#organization\"},\"articleSection\":[\"Ajankohtaista\",\"Uutiset\"],\"inLanguage\":\"en\"},{\"@type\":\"WebPage\",\"@id\":\"https:\/\/www.eurooppalainensuomi.fi\/ukraina-tyoohjelma-sopimusuudistus\",\"url\":\"https:\/\/www.eurooppalainensuomi.fi\/ukraina-tyoohjelma-sopimusuudistus\",\"name\":\"Ukraina | Ty\u00f6ohjelma | Sopimusuudistus\u00a0 - Eurooppalainen Suomi\",\"isPartOf\":{\"@id\":\"https:\/\/www.eurooppalainensuomi.fi\/#website\"},\"datePublished\":\"2023-10-16T12:07:40+00:00\",\"dateModified\":\"2023-10-16T12:07:41+00:00\",\"breadcrumb\":{\"@id\":\"https:\/\/www.eurooppalainensuomi.fi\/ukraina-tyoohjelma-sopimusuudistus#breadcrumb\"},\"inLanguage\":\"en\",\"potentialAction\":[{\"@type\":\"ReadAction\",\"target\":[\"https:\/\/www.eurooppalainensuomi.fi\/ukraina-tyoohjelma-sopimusuudistus\"]}]},{\"@type\":\"BreadcrumbList\",\"@id\":\"https:\/\/www.eurooppalainensuomi.fi\/ukraina-tyoohjelma-sopimusuudistus#breadcrumb\",\"itemListElement\":[{\"@type\":\"ListItem\",\"position\":1,\"name\":\"Etusivu\",\"item\":\"https:\/\/www.eurooppalainensuomi.fi\/\"},{\"@type\":\"ListItem\",\"position\":2,\"name\":\"Ukraina | Ty\u00f6ohjelma | Sopimusuudistus\u00a0\"}]},{\"@type\":\"WebSite\",\"@id\":\"https:\/\/www.eurooppalainensuomi.fi\/#website\",\"url\":\"https:\/\/www.eurooppalainensuomi.fi\/\",\"name\":\"Eurooppalainen Suomi\",\"description\":\"Parempaa Eurooppaa rakentamassa\",\"publisher\":{\"@id\":\"https:\/\/www.eurooppalainensuomi.fi\/#organization\"},\"potentialAction\":[{\"@type\":\"SearchAction\",\"target\":{\"@type\":\"EntryPoint\",\"urlTemplate\":\"https:\/\/www.eurooppalainensuomi.fi\/?s={search_term_string}\"},\"query-input\":\"required name=search_term_string\"}],\"inLanguage\":\"en\"},{\"@type\":\"Organization\",\"@id\":\"https:\/\/www.eurooppalainensuomi.fi\/#organization\",\"name\":\"Eurooppalainen Suomi ry\",\"url\":\"https:\/\/www.eurooppalainensuomi.fi\/\",\"logo\":{\"@type\":\"ImageObject\",\"inLanguage\":\"en\",\"@id\":\"https:\/\/www.eurooppalainensuomi.fi\/#\/schema\/logo\/image\/\",\"url\":\"https:\/\/www.eurooppalainensuomi.fi\/wp-content\/uploads\/2021\/01\/PNG_large.png\",\"contentUrl\":\"https:\/\/www.eurooppalainensuomi.fi\/wp-content\/uploads\/2021\/01\/PNG_large.png\",\"width\":586,\"height\":220,\"caption\":\"Eurooppalainen Suomi ry\"},\"image\":{\"@id\":\"https:\/\/www.eurooppalainensuomi.fi\/#\/schema\/logo\/image\/\"},\"sameAs\":[\"https:\/\/instagram.com\/eurooppalainensuomi\",\"https:\/\/www.youtube.com\/channel\/UCBeqyrm1ze2RinjeAYS_-Jg\",\"https:\/\/fi.wikipedia.org\/wiki\/Eurooppalainen_Suomi\",\"https:\/\/www.facebook.com\/eurooppalainensuomi\",\"https:\/\/twitter.com\/em_finland\"]},{\"@type\":\"Person\",\"@id\":\"https:\/\/www.eurooppalainensuomi.fi\/#\/schema\/person\/9635843384121bb89ed49f8d3129daee\",\"name\":\"Admin\",\"image\":{\"@type\":\"ImageObject\",\"inLanguage\":\"en\",\"@id\":\"https:\/\/www.eurooppalainensuomi.fi\/#\/schema\/person\/image\/\",\"url\":\"https:\/\/secure.gravatar.com\/avatar\/813eb247d5c8e5914db8a949c18b8e26?s=96&d=mm&r=g\",\"contentUrl\":\"https:\/\/secure.gravatar.com\/avatar\/813eb247d5c8e5914db8a949c18b8e26?s=96&d=mm&r=g\",\"caption\":\"Admin\"}}]}<\/script>\n<!-- \/ Yoast SEO plugin. -->","yoast_head_json":{"title":"Ukraina | Ty\u00f6ohjelma | Sopimusuudistus\u00a0 - Eurooppalainen Suomi","robots":{"index":"index","follow":"follow","max-snippet":"max-snippet:-1","max-image-preview":"max-image-preview:large","max-video-preview":"max-video-preview:-1"},"canonical":"https:\/\/www.eurooppalainensuomi.fi\/ukraina-tyoohjelma-sopimusuudistus","og_locale":"en_US","og_type":"article","og_title":"Ukraina | Ty\u00f6ohjelma | Sopimusuudistus\u00a0 - Eurooppalainen Suomi","og_description":"Euroopan komissio esittelee t\u00e4m\u00e4n vuoden ty\u00f6ohjelman. Parlamentin j\u00e4senet \u00e4\u00e4nest\u00e4v\u00e4t uudesta Ukrainan elpymisv\u00e4lineest\u00e4, jonka kokonaiskapasiteetti on 50 miljardia euroa vuosina 2024-2027 ja jolla tuetaan maan j\u00e4lleenrakennusta. MEPit vaativat, ett\u00e4 takavarikoituja ven\u00e4l\u00e4isi\u00e4 varoja k\u00e4ytet\u00e4\u00e4n j\u00e4lleenrakentamisessa Ukrainassa. EU:n sis\u00e4- ja oikeusministerit kokoontuvat Schengen-alueen poliittisesta hallinnosta sek\u00e4 turvapaikka- ja maahanmuuttosopimuksesta ja maahanmuuton ulkoisesta ulottuvuudesta EU:hun. Komission puheenjohtaja Ursula von [&hellip;]","og_url":"https:\/\/www.eurooppalainensuomi.fi\/ukraina-tyoohjelma-sopimusuudistus","og_site_name":"Eurooppalainen Suomi","article_publisher":"https:\/\/www.facebook.com\/eurooppalainensuomi","article_published_time":"2023-10-16T12:07:40+00:00","article_modified_time":"2023-10-16T12:07:41+00:00","og_image":[{"width":2560,"height":1707,"url":"https:\/\/www.eurooppalainensuomi.fi\/wp-content\/uploads\/2022\/09\/Sivu-15-Kuva-1-scaled.jpg","type":"image\/jpeg"}],"author":"Admin","twitter_card":"summary_large_image","twitter_creator":"@em_finland","twitter_site":"@em_finland","twitter_misc":{"Written by":"Admin","Est. reading time":"2 minutes"},"schema":{"@context":"https:\/\/schema.org","@graph":[{"@type":"Article","@id":"https:\/\/www.eurooppalainensuomi.fi\/ukraina-tyoohjelma-sopimusuudistus#article","isPartOf":{"@id":"https:\/\/www.eurooppalainensuomi.fi\/ukraina-tyoohjelma-sopimusuudistus"},"author":{"name":"Admin","@id":"https:\/\/www.eurooppalainensuomi.fi\/#\/schema\/person\/9635843384121bb89ed49f8d3129daee"},"headline":"Ukraina | Ty\u00f6ohjelma | Sopimusuudistus\u00a0","datePublished":"2023-10-16T12:07:40+00:00","dateModified":"2023-10-16T12:07:41+00:00","mainEntityOfPage":{"@id":"https:\/\/www.eurooppalainensuomi.fi\/ukraina-tyoohjelma-sopimusuudistus"},"wordCount":336,"publisher":{"@id":"https:\/\/www.eurooppalainensuomi.fi\/#organization"},"articleSection":["Ajankohtaista","Uutiset"],"inLanguage":"en"},{"@type":"WebPage","@id":"https:\/\/www.eurooppalainensuomi.fi\/ukraina-tyoohjelma-sopimusuudistus","url":"https:\/\/www.eurooppalainensuomi.fi\/ukraina-tyoohjelma-sopimusuudistus","name":"Ukraina | Ty\u00f6ohjelma | Sopimusuudistus\u00a0 - Eurooppalainen Suomi","isPartOf":{"@id":"https:\/\/www.eurooppalainensuomi.fi\/#website"},"datePublished":"2023-10-16T12:07:40+00:00","dateModified":"2023-10-16T12:07:41+00:00","breadcrumb":{"@id":"https:\/\/www.eurooppalainensuomi.fi\/ukraina-tyoohjelma-sopimusuudistus#breadcrumb"},"inLanguage":"en","potentialAction":[{"@type":"ReadAction","target":["https:\/\/www.eurooppalainensuomi.fi\/ukraina-tyoohjelma-sopimusuudistus"]}]},{"@type":"BreadcrumbList","@id":"https:\/\/www.eurooppalainensuomi.fi\/ukraina-tyoohjelma-sopimusuudistus#breadcrumb","itemListElement":[{"@type":"ListItem","position":1,"name":"Etusivu","item":"https:\/\/www.eurooppalainensuomi.fi\/"},{"@type":"ListItem","position":2,"name":"Ukraina | Ty\u00f6ohjelma | Sopimusuudistus\u00a0"}]},{"@type":"WebSite","@id":"https:\/\/www.eurooppalainensuomi.fi\/#website","url":"https:\/\/www.eurooppalainensuomi.fi\/","name":"Eurooppalainen Suomi","description":"Parempaa Eurooppaa rakentamassa","publisher":{"@id":"https:\/\/www.eurooppalainensuomi.fi\/#organization"},"potentialAction":[{"@type":"SearchAction","target":{"@type":"EntryPoint","urlTemplate":"https:\/\/www.eurooppalainensuomi.fi\/?s={search_term_string}"},"query-input":"required name=search_term_string"}],"inLanguage":"en"},{"@type":"Organization","@id":"https:\/\/www.eurooppalainensuomi.fi\/#organization","name":"Eurooppalainen Suomi ry","url":"https:\/\/www.eurooppalainensuomi.fi\/","logo":{"@type":"ImageObject","inLanguage":"en","@id":"https:\/\/www.eurooppalainensuomi.fi\/#\/schema\/logo\/image\/","url":"https:\/\/www.eurooppalainensuomi.fi\/wp-content\/uploads\/2021\/01\/PNG_large.png","contentUrl":"https:\/\/www.eurooppalainensuomi.fi\/wp-content\/uploads\/2021\/01\/PNG_large.png","width":586,"height":220,"caption":"Eurooppalainen Suomi ry"},"image":{"@id":"https:\/\/www.eurooppalainensuomi.fi\/#\/schema\/logo\/image\/"},"sameAs":["https:\/\/instagram.com\/eurooppalainensuomi","https:\/\/www.youtube.com\/channel\/UCBeqyrm1ze2RinjeAYS_-Jg","https:\/\/fi.wikipedia.org\/wiki\/Eurooppalainen_Suomi","https:\/\/www.facebook.com\/eurooppalainensuomi","https:\/\/twitter.com\/em_finland"]},{"@type":"Person","@id":"https:\/\/www.eurooppalainensuomi.fi\/#\/schema\/person\/9635843384121bb89ed49f8d3129daee","name":"Admin","image":{"@type":"ImageObject","inLanguage":"en","@id":"https:\/\/www.eurooppalainensuomi.fi\/#\/schema\/person\/image\/","url":"https:\/\/secure.gravatar.com\/avatar\/813eb247d5c8e5914db8a949c18b8e26?s=96&d=mm&r=g","contentUrl":"https:\/\/secure.gravatar.com\/avatar\/813eb247d5c8e5914db8a949c18b8e26?s=96&d=mm&r=g","caption":"Admin"}}]}},"jetpack_featured_media_url":"https:\/\/www.eurooppalainensuomi.fi\/wp-content\/uploads\/2022\/09\/Sivu-15-Kuva-1-scaled.jpg","_links":{"self":[{"href":"https:\/\/www.eurooppalainensuomi.fi\/index.php?rest_route=\/wp\/v2\/posts\/5028"}],"collection":[{"href":"https:\/\/www.eurooppalainensuomi.fi\/index.php?rest_route=\/wp\/v2\/posts"}],"about":[{"href":"https:\/\/www.eurooppalainensuomi.fi\/index.php?rest_route=\/wp\/v2\/types\/post"}],"author":[{"embeddable":true,"href":"https:\/\/www.eurooppalainensuomi.fi\/index.php?rest_route=\/wp\/v2\/users\/4"}],"replies":[{"embeddable":true,"href":"https:\/\/www.eurooppalainensuomi.fi\/index.php?rest_route=%2Fwp%2Fv2%2Fcomments&post=5028"}],"version-history":[{"count":1,"href":"https:\/\/www.eurooppalainensuomi.fi\/index.php?rest_route=\/wp\/v2\/posts\/5028\/revisions"}],"predecessor-version":[{"id":5029,"href":"https:\/\/www.eurooppalainensuomi.fi\/index.php?rest_route=\/wp\/v2\/posts\/5028\/revisions\/5029"}],"wp:featuredmedia":[{"embeddable":true,"href":"https:\/\/www.eurooppalainensuomi.fi\/index.php?rest_route=\/wp\/v2\/media\/3858"}],"wp:attachment":[{"href":"https:\/\/www.eurooppalainensuomi.fi\/index.php?rest_route=%2Fwp%2Fv2%2Fmedia&parent=5028"}],"wp:term":[{"taxonomy":"category","embeddable":true,"href":"https:\/\/www.eurooppalainensuomi.fi\/index.php?rest_route=%2Fwp%2Fv2%2Fcategories&post=5028"},{"taxonomy":"post_tag","embeddable":true,"href":"https:\/\/www.eurooppalainensuomi.fi\/index.php?rest_route=%2Fwp%2Fv2%2Ftags&post=5028"}],"curies":[{"name":"wp","href":"https:\/\/api.w.org\/{rel}","templated":true}]}}