{"id":5025,"date":"2023-10-09T10:11:17","date_gmt":"2023-10-09T08:11:17","guid":{"rendered":"https:\/\/www.eurooppalainensuomi.fi\/?p=5025"},"modified":"2023-10-09T10:11:19","modified_gmt":"2023-10-09T08:11:19","slug":"strategiset-teknologiat-tyollisyys-sopimusmuutos","status":"publish","type":"post","link":"https:\/\/www.eurooppalainensuomi.fi\/strategiset-teknologiat-tyollisyys-sopimusmuutos","title":{"rendered":"Strategiset teknologiat | Ty\u00f6llisyys | Sopimusmuutos\u00a0"},"content":{"rendered":"\n<p><\/p>\n\n\n\n<p>Euroopan parlamentin poliittisissa ryhmiss\u00e4 valmistellaan 16.-19. lokakuuta pidett\u00e4v\u00e4\u00e4 t\u00e4ysistuntoa. Maanantaina Eurooppa-neuvoston puheenjohtajavaltio Espanja kutsuu koolle ty\u00f6llisyyskokouksen.Komissaarien kollegion odotetaan julkistavan keskiviikkona demografiaty\u00f6kalupaketin. Torstaina Euroopan parlamentin j\u00e4senet valitsevat kolme finalistia t\u00e4m\u00e4n vuoden Saharov-palkinnon saajaksi.&nbsp;<\/p>\n\n\n\n<p>Euroopan parlamentti&nbsp;<\/p>\n\n\n\n<p>Teollisuus-, tutkimus- ja energiavaliokunta \u00e4\u00e4nest\u00e4\u00e4 maanantaina yhdess\u00e4 budjettivaliokunnan kanssa Euroopan strategisten teknologioiden foorumin (STEP) perustamisesta, jonka tarkoituksena on tukea EU:n hankkeita teko\u00e4lyn, robotiikan, uusiutuvan energian ja l\u00e4\u00e4ketieteellisen teknologian saralla. Perussopimus-, ty\u00f6j\u00e4rjestys- ja toimielinasioiden valiokunta keskustelee perussopimusten muuttamista koskevasta mietint\u00f6luonnoksesta torstaina. Samana p\u00e4iv\u00e4n\u00e4 ymp\u00e4rist\u00f6asioiden, kansanterveyden ja elintarvikkeiden turvallisuuden valiokunta vahvistaa kantansa Euro 7 -standardeista, joiden tarkoituksena on parantaa ilmanlaatua v\u00e4hent\u00e4m\u00e4ll\u00e4 tieliikenteen ilman ep\u00e4puhtausp\u00e4\u00e4st\u00f6j\u00e4.&nbsp;<\/p>\n\n\n\n<p>Euroopan komissio&nbsp;<\/p>\n\n\n\n<p>Varapuheenjohtaja Schinas tapaa maanantaina It\u00e4vallan liittokanslerin ja sis\u00e4ministerin, mink\u00e4 j\u00e4lkeen h\u00e4n pit\u00e4\u00e4 kolmenv\u00e4lisen kokouksen Bulgarian, Kreikan ja Romanian p\u00e4\u00e4ministerien kanssa. Korkea edustaja Josep Borrell saapuu tiistaina Omaniin keskustelemaan muun muassa Persianlahden yhteisty\u00f6maiden kollegojensa kanssa. Perjantaina varapuheenjohtaja Jourov\u00e1 tapaa Radio Free Europe\/Radio Libertyn puheenjohtajan Jeff Gedminin vierailullaan Prahassa.&nbsp;<\/p>\n\n\n\n<p>Euroopan unionin neuvosto&nbsp;<\/p>\n\n\n\n<p>EU:n ty\u00f6llisyys- ja sosiaaliministerit kokoontuvat t\u00e4n\u00e4\u00e4n Luxemburgiin p\u00e4\u00e4st\u00e4kseen yhteisymm\u00e4rrykseen suosituksesta, joka koskee osuus- ja yhteis\u00f6talouden toimintaedellytysten kehitt\u00e4mist\u00e4. Kokouksessa keskustellaan my\u00f6s mielenterveydest\u00e4 ja ep\u00e4varmasta ty\u00f6st\u00e4, itsen\u00e4isten ammatinharjoittajien sosiaaliturvasta, toimenpiteist\u00e4, joilla varmistetaan romanien yht\u00e4l\u00e4iset mahdollisuudet saada asianmukainen asunto, sek\u00e4 direktiiviehdotuksesta eurooppalaisesta vammaiskortista.<\/p>\n\n\n\n<p>Suuri valiokunta<\/p>\n\n\n\n<p>Suuri valiokunta yhtyy valtioneuvoston kantaan EU:n monivuotisen rahoituskehyksen noin 100 miljardin euron lis\u00e4rahoituksesta kehyskauden loppuvuosille 2024\u20132027. Suuri valiokunta katsoo valtioneuvoston tavoin, ett\u00e4 Euroopan komission ehdotukselle Pohjanlahden, It\u00e4meren p\u00e4\u00e4altaan ja Suomenlahden silakan kohdennetun kalastuksen kielt\u00e4miseksi ei ole Kansainv\u00e4lisen merentutkimusneuvosto ICES:n mukaan perusteita.<\/p>\n","protected":false},"excerpt":{"rendered":"<p>Euroopan parlamentin poliittisissa ryhmiss\u00e4 valmistellaan 16.-19. lokakuuta pidett\u00e4v\u00e4\u00e4 t\u00e4ysistuntoa. Maanantaina Eurooppa-neuvoston puheenjohtajavaltio Espanja kutsuu koolle ty\u00f6llisyyskokouksen.Komissaarien kollegion odotetaan julkistavan keskiviikkona demografiaty\u00f6kalupaketin. Torstaina Euroopan parlamentin j\u00e4senet valitsevat kolme finalistia t\u00e4m\u00e4n vuoden Saharov-palkinnon saajaksi.&nbsp; Euroopan parlamentti&nbsp; Teollisuus-, tutkimus- ja energiavaliokunta \u00e4\u00e4nest\u00e4\u00e4 maanantaina yhdess\u00e4 budjettivaliokunnan kanssa Euroopan strategisten teknologioiden foorumin (STEP) perustamisesta, jonka tarkoituksena on tukea EU:n hankkeita [&hellip;]<\/p>\n","protected":false},"author":4,"featured_media":3854,"comment_status":"closed","ping_status":"closed","sticky":false,"template":"","format":"standard","meta":{"_et_pb_use_builder":"off","_et_pb_old_content":"","_et_gb_content_width":""},"categories":[8,9],"tags":[],"yoast_head":"<!-- This site is optimized with the Yoast SEO plugin v19.13 - https:\/\/yoast.com\/wordpress\/plugins\/seo\/ -->\n<title>Strategiset teknologiat | Ty\u00f6llisyys | Sopimusmuutos\u00a0 - Eurooppalainen Suomi<\/title>\n<meta name=\"robots\" content=\"index, follow, max-snippet:-1, max-image-preview:large, max-video-preview:-1\" \/>\n<link rel=\"canonical\" href=\"https:\/\/www.eurooppalainensuomi.fi\/strategiset-teknologiat-tyollisyys-sopimusmuutos\" \/>\n<meta property=\"og:locale\" content=\"en_US\" \/>\n<meta property=\"og:type\" content=\"article\" \/>\n<meta property=\"og:title\" content=\"Strategiset teknologiat | Ty\u00f6llisyys | Sopimusmuutos\u00a0 - Eurooppalainen Suomi\" \/>\n<meta property=\"og:description\" content=\"Euroopan parlamentin poliittisissa ryhmiss\u00e4 valmistellaan 16.-19. lokakuuta pidett\u00e4v\u00e4\u00e4 t\u00e4ysistuntoa. Maanantaina Eurooppa-neuvoston puheenjohtajavaltio Espanja kutsuu koolle ty\u00f6llisyyskokouksen.Komissaarien kollegion odotetaan julkistavan keskiviikkona demografiaty\u00f6kalupaketin. Torstaina Euroopan parlamentin j\u00e4senet valitsevat kolme finalistia t\u00e4m\u00e4n vuoden Saharov-palkinnon saajaksi.&nbsp; Euroopan parlamentti&nbsp; Teollisuus-, tutkimus- ja energiavaliokunta \u00e4\u00e4nest\u00e4\u00e4 maanantaina yhdess\u00e4 budjettivaliokunnan kanssa Euroopan strategisten teknologioiden foorumin (STEP) perustamisesta, jonka tarkoituksena on tukea EU:n hankkeita [&hellip;]\" \/>\n<meta property=\"og:url\" content=\"https:\/\/www.eurooppalainensuomi.fi\/strategiset-teknologiat-tyollisyys-sopimusmuutos\" \/>\n<meta property=\"og:site_name\" content=\"Eurooppalainen Suomi\" \/>\n<meta property=\"article:publisher\" content=\"https:\/\/www.facebook.com\/eurooppalainensuomi\" \/>\n<meta property=\"article:published_time\" content=\"2023-10-09T08:11:17+00:00\" \/>\n<meta property=\"article:modified_time\" content=\"2023-10-09T08:11:19+00:00\" \/>\n<meta property=\"og:image\" content=\"https:\/\/www.eurooppalainensuomi.fi\/wp-content\/uploads\/2022\/09\/Sivu-15-Kuva-5-scaled.jpg\" \/>\n\t<meta property=\"og:image:width\" content=\"2560\" \/>\n\t<meta property=\"og:image:height\" content=\"1707\" \/>\n\t<meta property=\"og:image:type\" content=\"image\/jpeg\" \/>\n<meta name=\"author\" content=\"Admin\" \/>\n<meta name=\"twitter:card\" content=\"summary_large_image\" \/>\n<meta name=\"twitter:creator\" content=\"@em_finland\" \/>\n<meta name=\"twitter:site\" content=\"@em_finland\" \/>\n<meta name=\"twitter:label1\" content=\"Written by\" \/>\n\t<meta name=\"twitter:data1\" content=\"Admin\" \/>\n\t<meta name=\"twitter:label2\" content=\"Est. reading time\" \/>\n\t<meta name=\"twitter:data2\" content=\"2 minutes\" \/>\n<script type=\"application\/ld+json\" class=\"yoast-schema-graph\">{\"@context\":\"https:\/\/schema.org\",\"@graph\":[{\"@type\":\"Article\",\"@id\":\"https:\/\/www.eurooppalainensuomi.fi\/strategiset-teknologiat-tyollisyys-sopimusmuutos#article\",\"isPartOf\":{\"@id\":\"https:\/\/www.eurooppalainensuomi.fi\/strategiset-teknologiat-tyollisyys-sopimusmuutos\"},\"author\":{\"name\":\"Admin\",\"@id\":\"https:\/\/www.eurooppalainensuomi.fi\/#\/schema\/person\/9635843384121bb89ed49f8d3129daee\"},\"headline\":\"Strategiset teknologiat | Ty\u00f6llisyys | Sopimusmuutos\u00a0\",\"datePublished\":\"2023-10-09T08:11:17+00:00\",\"dateModified\":\"2023-10-09T08:11:19+00:00\",\"mainEntityOfPage\":{\"@id\":\"https:\/\/www.eurooppalainensuomi.fi\/strategiset-teknologiat-tyollisyys-sopimusmuutos\"},\"wordCount\":293,\"publisher\":{\"@id\":\"https:\/\/www.eurooppalainensuomi.fi\/#organization\"},\"articleSection\":[\"Ajankohtaista\",\"Uutiset\"],\"inLanguage\":\"en\"},{\"@type\":\"WebPage\",\"@id\":\"https:\/\/www.eurooppalainensuomi.fi\/strategiset-teknologiat-tyollisyys-sopimusmuutos\",\"url\":\"https:\/\/www.eurooppalainensuomi.fi\/strategiset-teknologiat-tyollisyys-sopimusmuutos\",\"name\":\"Strategiset teknologiat | Ty\u00f6llisyys | Sopimusmuutos\u00a0 - Eurooppalainen Suomi\",\"isPartOf\":{\"@id\":\"https:\/\/www.eurooppalainensuomi.fi\/#website\"},\"datePublished\":\"2023-10-09T08:11:17+00:00\",\"dateModified\":\"2023-10-09T08:11:19+00:00\",\"breadcrumb\":{\"@id\":\"https:\/\/www.eurooppalainensuomi.fi\/strategiset-teknologiat-tyollisyys-sopimusmuutos#breadcrumb\"},\"inLanguage\":\"en\",\"potentialAction\":[{\"@type\":\"ReadAction\",\"target\":[\"https:\/\/www.eurooppalainensuomi.fi\/strategiset-teknologiat-tyollisyys-sopimusmuutos\"]}]},{\"@type\":\"BreadcrumbList\",\"@id\":\"https:\/\/www.eurooppalainensuomi.fi\/strategiset-teknologiat-tyollisyys-sopimusmuutos#breadcrumb\",\"itemListElement\":[{\"@type\":\"ListItem\",\"position\":1,\"name\":\"Etusivu\",\"item\":\"https:\/\/www.eurooppalainensuomi.fi\/\"},{\"@type\":\"ListItem\",\"position\":2,\"name\":\"Strategiset teknologiat | Ty\u00f6llisyys | Sopimusmuutos\u00a0\"}]},{\"@type\":\"WebSite\",\"@id\":\"https:\/\/www.eurooppalainensuomi.fi\/#website\",\"url\":\"https:\/\/www.eurooppalainensuomi.fi\/\",\"name\":\"Eurooppalainen Suomi\",\"description\":\"Parempaa Eurooppaa rakentamassa\",\"publisher\":{\"@id\":\"https:\/\/www.eurooppalainensuomi.fi\/#organization\"},\"potentialAction\":[{\"@type\":\"SearchAction\",\"target\":{\"@type\":\"EntryPoint\",\"urlTemplate\":\"https:\/\/www.eurooppalainensuomi.fi\/?s={search_term_string}\"},\"query-input\":\"required name=search_term_string\"}],\"inLanguage\":\"en\"},{\"@type\":\"Organization\",\"@id\":\"https:\/\/www.eurooppalainensuomi.fi\/#organization\",\"name\":\"Eurooppalainen Suomi ry\",\"url\":\"https:\/\/www.eurooppalainensuomi.fi\/\",\"logo\":{\"@type\":\"ImageObject\",\"inLanguage\":\"en\",\"@id\":\"https:\/\/www.eurooppalainensuomi.fi\/#\/schema\/logo\/image\/\",\"url\":\"https:\/\/www.eurooppalainensuomi.fi\/wp-content\/uploads\/2021\/01\/PNG_large.png\",\"contentUrl\":\"https:\/\/www.eurooppalainensuomi.fi\/wp-content\/uploads\/2021\/01\/PNG_large.png\",\"width\":586,\"height\":220,\"caption\":\"Eurooppalainen Suomi ry\"},\"image\":{\"@id\":\"https:\/\/www.eurooppalainensuomi.fi\/#\/schema\/logo\/image\/\"},\"sameAs\":[\"https:\/\/instagram.com\/eurooppalainensuomi\",\"https:\/\/www.youtube.com\/channel\/UCBeqyrm1ze2RinjeAYS_-Jg\",\"https:\/\/fi.wikipedia.org\/wiki\/Eurooppalainen_Suomi\",\"https:\/\/www.facebook.com\/eurooppalainensuomi\",\"https:\/\/twitter.com\/em_finland\"]},{\"@type\":\"Person\",\"@id\":\"https:\/\/www.eurooppalainensuomi.fi\/#\/schema\/person\/9635843384121bb89ed49f8d3129daee\",\"name\":\"Admin\",\"image\":{\"@type\":\"ImageObject\",\"inLanguage\":\"en\",\"@id\":\"https:\/\/www.eurooppalainensuomi.fi\/#\/schema\/person\/image\/\",\"url\":\"https:\/\/secure.gravatar.com\/avatar\/813eb247d5c8e5914db8a949c18b8e26?s=96&d=mm&r=g\",\"contentUrl\":\"https:\/\/secure.gravatar.com\/avatar\/813eb247d5c8e5914db8a949c18b8e26?s=96&d=mm&r=g\",\"caption\":\"Admin\"}}]}<\/script>\n<!-- \/ Yoast SEO plugin. -->","yoast_head_json":{"title":"Strategiset teknologiat | Ty\u00f6llisyys | Sopimusmuutos\u00a0 - Eurooppalainen Suomi","robots":{"index":"index","follow":"follow","max-snippet":"max-snippet:-1","max-image-preview":"max-image-preview:large","max-video-preview":"max-video-preview:-1"},"canonical":"https:\/\/www.eurooppalainensuomi.fi\/strategiset-teknologiat-tyollisyys-sopimusmuutos","og_locale":"en_US","og_type":"article","og_title":"Strategiset teknologiat | Ty\u00f6llisyys | Sopimusmuutos\u00a0 - Eurooppalainen Suomi","og_description":"Euroopan parlamentin poliittisissa ryhmiss\u00e4 valmistellaan 16.-19. lokakuuta pidett\u00e4v\u00e4\u00e4 t\u00e4ysistuntoa. Maanantaina Eurooppa-neuvoston puheenjohtajavaltio Espanja kutsuu koolle ty\u00f6llisyyskokouksen.Komissaarien kollegion odotetaan julkistavan keskiviikkona demografiaty\u00f6kalupaketin. Torstaina Euroopan parlamentin j\u00e4senet valitsevat kolme finalistia t\u00e4m\u00e4n vuoden Saharov-palkinnon saajaksi.&nbsp; Euroopan parlamentti&nbsp; Teollisuus-, tutkimus- ja energiavaliokunta \u00e4\u00e4nest\u00e4\u00e4 maanantaina yhdess\u00e4 budjettivaliokunnan kanssa Euroopan strategisten teknologioiden foorumin (STEP) perustamisesta, jonka tarkoituksena on tukea EU:n hankkeita [&hellip;]","og_url":"https:\/\/www.eurooppalainensuomi.fi\/strategiset-teknologiat-tyollisyys-sopimusmuutos","og_site_name":"Eurooppalainen Suomi","article_publisher":"https:\/\/www.facebook.com\/eurooppalainensuomi","article_published_time":"2023-10-09T08:11:17+00:00","article_modified_time":"2023-10-09T08:11:19+00:00","og_image":[{"width":2560,"height":1707,"url":"https:\/\/www.eurooppalainensuomi.fi\/wp-content\/uploads\/2022\/09\/Sivu-15-Kuva-5-scaled.jpg","type":"image\/jpeg"}],"author":"Admin","twitter_card":"summary_large_image","twitter_creator":"@em_finland","twitter_site":"@em_finland","twitter_misc":{"Written by":"Admin","Est. reading time":"2 minutes"},"schema":{"@context":"https:\/\/schema.org","@graph":[{"@type":"Article","@id":"https:\/\/www.eurooppalainensuomi.fi\/strategiset-teknologiat-tyollisyys-sopimusmuutos#article","isPartOf":{"@id":"https:\/\/www.eurooppalainensuomi.fi\/strategiset-teknologiat-tyollisyys-sopimusmuutos"},"author":{"name":"Admin","@id":"https:\/\/www.eurooppalainensuomi.fi\/#\/schema\/person\/9635843384121bb89ed49f8d3129daee"},"headline":"Strategiset teknologiat | Ty\u00f6llisyys | Sopimusmuutos\u00a0","datePublished":"2023-10-09T08:11:17+00:00","dateModified":"2023-10-09T08:11:19+00:00","mainEntityOfPage":{"@id":"https:\/\/www.eurooppalainensuomi.fi\/strategiset-teknologiat-tyollisyys-sopimusmuutos"},"wordCount":293,"publisher":{"@id":"https:\/\/www.eurooppalainensuomi.fi\/#organization"},"articleSection":["Ajankohtaista","Uutiset"],"inLanguage":"en"},{"@type":"WebPage","@id":"https:\/\/www.eurooppalainensuomi.fi\/strategiset-teknologiat-tyollisyys-sopimusmuutos","url":"https:\/\/www.eurooppalainensuomi.fi\/strategiset-teknologiat-tyollisyys-sopimusmuutos","name":"Strategiset teknologiat | Ty\u00f6llisyys | Sopimusmuutos\u00a0 - Eurooppalainen Suomi","isPartOf":{"@id":"https:\/\/www.eurooppalainensuomi.fi\/#website"},"datePublished":"2023-10-09T08:11:17+00:00","dateModified":"2023-10-09T08:11:19+00:00","breadcrumb":{"@id":"https:\/\/www.eurooppalainensuomi.fi\/strategiset-teknologiat-tyollisyys-sopimusmuutos#breadcrumb"},"inLanguage":"en","potentialAction":[{"@type":"ReadAction","target":["https:\/\/www.eurooppalainensuomi.fi\/strategiset-teknologiat-tyollisyys-sopimusmuutos"]}]},{"@type":"BreadcrumbList","@id":"https:\/\/www.eurooppalainensuomi.fi\/strategiset-teknologiat-tyollisyys-sopimusmuutos#breadcrumb","itemListElement":[{"@type":"ListItem","position":1,"name":"Etusivu","item":"https:\/\/www.eurooppalainensuomi.fi\/"},{"@type":"ListItem","position":2,"name":"Strategiset teknologiat | Ty\u00f6llisyys | Sopimusmuutos\u00a0"}]},{"@type":"WebSite","@id":"https:\/\/www.eurooppalainensuomi.fi\/#website","url":"https:\/\/www.eurooppalainensuomi.fi\/","name":"Eurooppalainen Suomi","description":"Parempaa Eurooppaa rakentamassa","publisher":{"@id":"https:\/\/www.eurooppalainensuomi.fi\/#organization"},"potentialAction":[{"@type":"SearchAction","target":{"@type":"EntryPoint","urlTemplate":"https:\/\/www.eurooppalainensuomi.fi\/?s={search_term_string}"},"query-input":"required name=search_term_string"}],"inLanguage":"en"},{"@type":"Organization","@id":"https:\/\/www.eurooppalainensuomi.fi\/#organization","name":"Eurooppalainen Suomi ry","url":"https:\/\/www.eurooppalainensuomi.fi\/","logo":{"@type":"ImageObject","inLanguage":"en","@id":"https:\/\/www.eurooppalainensuomi.fi\/#\/schema\/logo\/image\/","url":"https:\/\/www.eurooppalainensuomi.fi\/wp-content\/uploads\/2021\/01\/PNG_large.png","contentUrl":"https:\/\/www.eurooppalainensuomi.fi\/wp-content\/uploads\/2021\/01\/PNG_large.png","width":586,"height":220,"caption":"Eurooppalainen Suomi ry"},"image":{"@id":"https:\/\/www.eurooppalainensuomi.fi\/#\/schema\/logo\/image\/"},"sameAs":["https:\/\/instagram.com\/eurooppalainensuomi","https:\/\/www.youtube.com\/channel\/UCBeqyrm1ze2RinjeAYS_-Jg","https:\/\/fi.wikipedia.org\/wiki\/Eurooppalainen_Suomi","https:\/\/www.facebook.com\/eurooppalainensuomi","https:\/\/twitter.com\/em_finland"]},{"@type":"Person","@id":"https:\/\/www.eurooppalainensuomi.fi\/#\/schema\/person\/9635843384121bb89ed49f8d3129daee","name":"Admin","image":{"@type":"ImageObject","inLanguage":"en","@id":"https:\/\/www.eurooppalainensuomi.fi\/#\/schema\/person\/image\/","url":"https:\/\/secure.gravatar.com\/avatar\/813eb247d5c8e5914db8a949c18b8e26?s=96&d=mm&r=g","contentUrl":"https:\/\/secure.gravatar.com\/avatar\/813eb247d5c8e5914db8a949c18b8e26?s=96&d=mm&r=g","caption":"Admin"}}]}},"jetpack_featured_media_url":"https:\/\/www.eurooppalainensuomi.fi\/wp-content\/uploads\/2022\/09\/Sivu-15-Kuva-5-scaled.jpg","_links":{"self":[{"href":"https:\/\/www.eurooppalainensuomi.fi\/index.php?rest_route=\/wp\/v2\/posts\/5025"}],"collection":[{"href":"https:\/\/www.eurooppalainensuomi.fi\/index.php?rest_route=\/wp\/v2\/posts"}],"about":[{"href":"https:\/\/www.eurooppalainensuomi.fi\/index.php?rest_route=\/wp\/v2\/types\/post"}],"author":[{"embeddable":true,"href":"https:\/\/www.eurooppalainensuomi.fi\/index.php?rest_route=\/wp\/v2\/users\/4"}],"replies":[{"embeddable":true,"href":"https:\/\/www.eurooppalainensuomi.fi\/index.php?rest_route=%2Fwp%2Fv2%2Fcomments&post=5025"}],"version-history":[{"count":1,"href":"https:\/\/www.eurooppalainensuomi.fi\/index.php?rest_route=\/wp\/v2\/posts\/5025\/revisions"}],"predecessor-version":[{"id":5026,"href":"https:\/\/www.eurooppalainensuomi.fi\/index.php?rest_route=\/wp\/v2\/posts\/5025\/revisions\/5026"}],"wp:featuredmedia":[{"embeddable":true,"href":"https:\/\/www.eurooppalainensuomi.fi\/index.php?rest_route=\/wp\/v2\/media\/3854"}],"wp:attachment":[{"href":"https:\/\/www.eurooppalainensuomi.fi\/index.php?rest_route=%2Fwp%2Fv2%2Fmedia&parent=5025"}],"wp:term":[{"taxonomy":"category","embeddable":true,"href":"https:\/\/www.eurooppalainensuomi.fi\/index.php?rest_route=%2Fwp%2Fv2%2Fcategories&post=5025"},{"taxonomy":"post_tag","embeddable":true,"href":"https:\/\/www.eurooppalainensuomi.fi\/index.php?rest_route=%2Fwp%2Fv2%2Ftags&post=5025"}],"curies":[{"name":"wp","href":"https:\/\/api.w.org\/{rel}","templated":true}]}}