{"id":2981,"date":"2021-08-30T10:05:41","date_gmt":"2021-08-30T08:05:41","guid":{"rendered":"https:\/\/www.eurooppalainensuomi.fi\/?p=2981"},"modified":"2021-08-30T10:05:45","modified_gmt":"2021-08-30T08:05:45","slug":"afganistan-bledin-strateginen-foorumi-oikeusvaltioperiaate","status":"publish","type":"post","link":"https:\/\/www.eurooppalainensuomi.fi\/afganistan-bledin-strateginen-foorumi-oikeusvaltioperiaate","title":{"rendered":"Afganistan | Bledin Strateginen Foorumi | Oikeusvaltioperiaate"},"content":{"rendered":"\n<p>EU:n instituutiot palaavat hiljattain kes\u00e4lomalta takaisin ty\u00f6n pariin. Euroopan neuvosto aloittaa viikon tapaamalla EU:n sis\u00e4ministereit\u00e4 tiistaina, agendalla Afganistanin kriisi. Euroopan parlamentin valiokunnat my\u00f6skin keskustelevat Afganistanin tilanteesta sek\u00e4 my\u00f6s monista muista ajankohtaisista aiheista, kuten EU:n budjetista, maahanmuutosta ja oikeusvaltioperiaatteesta. Slovenia is\u00e4nn\u00f6i EU-johtajia Bledin Strategisella Foorumilla keskiviikkona ja torstaina.<\/p>\n\n\n\n<p><strong>Euroopan parlamentti<\/strong><br>Mepit osallistuvat valiokuntatapaamisiin t\u00e4ll\u00e4 viikolla, kun useat valiokunnat \u00e4\u00e4nest\u00e4v\u00e4t EU:n 2022 yleisest\u00e4 talousarviosta. Talous ja raha-asioiden valiokunta pit\u00e4\u00e4 keskiviikkona taloudellisen dialogin ja n\u00e4kemystenvaihdon Kreikan valtiovarainministeri Christos Staikouraksen kanssa. Budjettivaliokunta keskustelee EU:n omien varojen etenemissuunnitelmasta sek\u00e4 EU:n budjetin roolista Fit for 55 -paketissa. Kulttuuri- ja koulutusvaliokunta \u00e4\u00e4nest\u00e4\u00e4 \u201cStrenghtening Democracy an Media Freedom and Pluralism in the EU\u201d raportista tiistaina, kun taas kansalaisvapauksien sek\u00e4 oikeus- ja sis\u00e4asioiden valiokunta keskustelee maahanmuutosta ja oikeusvaltioperiaatteesta keskiviikkona.<\/p>\n\n\n\n<p><strong>Euroopan komissio<\/strong><br>Euroopan komission edustajat ottavat osaa Euroopan neuvoston ja parlamentin tapaamisiin sek\u00e4 Bledin Strategiseen Foorumiin t\u00e4ll\u00e4 viikolla. Viikottaiset komission kollegion tapaamiset alkavat uudestaan ensi viikolla.<\/p>\n\n\n\n<p><strong>Euroopan neuvosto<\/strong><br>Sis\u00e4ministerit tapaavat tiistaina k\u00e4yd\u00e4kseen l\u00e4pi Afganistanin tilannetta. Keskiviikkona ja torstaina EU:n puolustusministerit taas keskustelevat Strategisesta Kompassista, joka muotoillaan Slovenian Euroopan neuvoston puheenjohtajuuden aikana. Kyseinen dokumentti tulee sis\u00e4lt\u00e4m\u00e4\u00e4n suosituksia kriisinhallintaan, kumppanuuksiin, kapasiteetin kehitt\u00e4miseen sek\u00e4 joustavuuuteen. Ministerit my\u00f6s arvioivat EU:n operatiivista toimintaa Sahelin alueella, Libyassa, Mosambikissa sek\u00e4 L\u00e4nsi-Balkanilla. Ulkoasiainministerit kokoontuvat viikon loppua kohden, kun taas EU-johtajat tapaavat keskiviikkona ja torstaina Bledin Strategisella Foorumilla. Agendalla on Euroopan tulevaisuus sek\u00e4 suurimmat strategiset haasteet EU:lle ja sen naapurustolle.<\/p>\n\n\n\n<p><strong>Eurooppa-foorumi<\/strong><br>Eurooppalainen Suomi oli tuttuun tapaan mukana Eurooppa-foorumin tapahtuman toteutuksessa viime viikolla 25.8-27.8.2021 j\u00e4rjest\u00e4m\u00e4ll\u00e4 yhdess\u00e4 ty\u00f6markkinakeskusj\u00e4rjest\u00f6jen (SAK, STTK, Akava ja EK) kanssa kaksi tilaisuutta, mink\u00e4 lis\u00e4ksi toiminnanjohtaja Aku Aarva oli moderoimassa meppien keskustelua EU:n tuplasiirtym\u00e4st\u00e4.<\/p>\n\n\n\n<p>Jos et ehtinyt katsoa tapahtumaa, voit katsoa l\u00e4hetykset j\u00e4lkeenp\u00e4in t\u00e4\u00e4lt\u00e4:<br><a href=\"https:\/\/event.prospectumlive.com\/europeforum\/lobby\">https:\/\/event.prospectumlive.com\/europeforum\/lobby<\/a><\/p>\n\n\n\n<p>#EUViikossa<br>Sis\u00e4lt\u00f6: European Movement International<br>Kuva: Arnaud Steckle<\/p>\n","protected":false},"excerpt":{"rendered":"<p>EU:n instituutiot palaavat hiljattain kes\u00e4lomalta takaisin ty\u00f6n pariin. Euroopan neuvosto aloittaa viikon tapaamalla EU:n sis\u00e4ministereit\u00e4 tiistaina, agendalla Afganistanin kriisi. Euroopan parlamentin valiokunnat my\u00f6skin keskustelevat Afganistanin tilanteesta sek\u00e4 my\u00f6s monista muista ajankohtaisista aiheista, kuten EU:n budjetista, maahanmuutosta ja oikeusvaltioperiaatteesta. Slovenia is\u00e4nn\u00f6i EU-johtajia Bledin Strategisella Foorumilla keskiviikkona ja torstaina. Euroopan parlamenttiMepit osallistuvat valiokuntatapaamisiin t\u00e4ll\u00e4 viikolla, kun useat [&hellip;]<\/p>\n","protected":false},"author":4,"featured_media":0,"comment_status":"closed","ping_status":"closed","sticky":false,"template":"","format":"standard","meta":{"_et_pb_use_builder":"","_et_pb_old_content":"","_et_gb_content_width":""},"categories":[8,14,9],"tags":[],"yoast_head":"<!-- This site is optimized with the Yoast SEO plugin v19.13 - https:\/\/yoast.com\/wordpress\/plugins\/seo\/ -->\n<title>Afganistan | Bledin Strateginen Foorumi | Oikeusvaltioperiaate - Eurooppalainen Suomi<\/title>\n<meta name=\"robots\" content=\"index, follow, max-snippet:-1, max-image-preview:large, max-video-preview:-1\" \/>\n<link rel=\"canonical\" href=\"https:\/\/www.eurooppalainensuomi.fi\/afganistan-bledin-strateginen-foorumi-oikeusvaltioperiaate\" \/>\n<meta property=\"og:locale\" content=\"en_US\" \/>\n<meta property=\"og:type\" content=\"article\" \/>\n<meta property=\"og:title\" content=\"Afganistan | Bledin Strateginen Foorumi | Oikeusvaltioperiaate - Eurooppalainen Suomi\" \/>\n<meta property=\"og:description\" content=\"EU:n instituutiot palaavat hiljattain kes\u00e4lomalta takaisin ty\u00f6n pariin. Euroopan neuvosto aloittaa viikon tapaamalla EU:n sis\u00e4ministereit\u00e4 tiistaina, agendalla Afganistanin kriisi. Euroopan parlamentin valiokunnat my\u00f6skin keskustelevat Afganistanin tilanteesta sek\u00e4 my\u00f6s monista muista ajankohtaisista aiheista, kuten EU:n budjetista, maahanmuutosta ja oikeusvaltioperiaatteesta. Slovenia is\u00e4nn\u00f6i EU-johtajia Bledin Strategisella Foorumilla keskiviikkona ja torstaina. Euroopan parlamenttiMepit osallistuvat valiokuntatapaamisiin t\u00e4ll\u00e4 viikolla, kun useat [&hellip;]\" \/>\n<meta property=\"og:url\" content=\"https:\/\/www.eurooppalainensuomi.fi\/afganistan-bledin-strateginen-foorumi-oikeusvaltioperiaate\" \/>\n<meta property=\"og:site_name\" content=\"Eurooppalainen Suomi\" \/>\n<meta property=\"article:publisher\" content=\"https:\/\/www.facebook.com\/eurooppalainensuomi\" \/>\n<meta property=\"article:published_time\" content=\"2021-08-30T08:05:41+00:00\" \/>\n<meta property=\"article:modified_time\" content=\"2021-08-30T08:05:45+00:00\" \/>\n<meta property=\"og:image\" content=\"https:\/\/www.eurooppalainensuomi.fi\/wp-content\/uploads\/2021\/08\/arnaud-steckle-34RmaD-jVbY-unsplash-scaled.jpg\" \/>\n\t<meta property=\"og:image:width\" content=\"2560\" \/>\n\t<meta property=\"og:image:height\" content=\"1706\" \/>\n\t<meta property=\"og:image:type\" content=\"image\/jpeg\" \/>\n<meta name=\"author\" content=\"Admin\" \/>\n<meta name=\"twitter:card\" content=\"summary_large_image\" \/>\n<meta name=\"twitter:creator\" content=\"@em_finland\" \/>\n<meta name=\"twitter:site\" content=\"@em_finland\" \/>\n<meta name=\"twitter:label1\" content=\"Written by\" \/>\n\t<meta name=\"twitter:data1\" content=\"Admin\" \/>\n\t<meta name=\"twitter:label2\" content=\"Est. reading time\" \/>\n\t<meta name=\"twitter:data2\" content=\"2 minutes\" \/>\n<script type=\"application\/ld+json\" class=\"yoast-schema-graph\">{\"@context\":\"https:\/\/schema.org\",\"@graph\":[{\"@type\":\"Article\",\"@id\":\"https:\/\/www.eurooppalainensuomi.fi\/afganistan-bledin-strateginen-foorumi-oikeusvaltioperiaate#article\",\"isPartOf\":{\"@id\":\"https:\/\/www.eurooppalainensuomi.fi\/afganistan-bledin-strateginen-foorumi-oikeusvaltioperiaate\"},\"author\":{\"name\":\"Admin\",\"@id\":\"https:\/\/www.eurooppalainensuomi.fi\/#\/schema\/person\/9635843384121bb89ed49f8d3129daee\"},\"headline\":\"Afganistan | Bledin Strateginen Foorumi | Oikeusvaltioperiaate\",\"datePublished\":\"2021-08-30T08:05:41+00:00\",\"dateModified\":\"2021-08-30T08:05:45+00:00\",\"mainEntityOfPage\":{\"@id\":\"https:\/\/www.eurooppalainensuomi.fi\/afganistan-bledin-strateginen-foorumi-oikeusvaltioperiaate\"},\"wordCount\":327,\"publisher\":{\"@id\":\"https:\/\/www.eurooppalainensuomi.fi\/#organization\"},\"articleSection\":[\"Ajankohtaista\",\"Tiedotteet\",\"Uutiset\"],\"inLanguage\":\"en\"},{\"@type\":\"WebPage\",\"@id\":\"https:\/\/www.eurooppalainensuomi.fi\/afganistan-bledin-strateginen-foorumi-oikeusvaltioperiaate\",\"url\":\"https:\/\/www.eurooppalainensuomi.fi\/afganistan-bledin-strateginen-foorumi-oikeusvaltioperiaate\",\"name\":\"Afganistan | Bledin Strateginen Foorumi | Oikeusvaltioperiaate - Eurooppalainen Suomi\",\"isPartOf\":{\"@id\":\"https:\/\/www.eurooppalainensuomi.fi\/#website\"},\"datePublished\":\"2021-08-30T08:05:41+00:00\",\"dateModified\":\"2021-08-30T08:05:45+00:00\",\"breadcrumb\":{\"@id\":\"https:\/\/www.eurooppalainensuomi.fi\/afganistan-bledin-strateginen-foorumi-oikeusvaltioperiaate#breadcrumb\"},\"inLanguage\":\"en\",\"potentialAction\":[{\"@type\":\"ReadAction\",\"target\":[\"https:\/\/www.eurooppalainensuomi.fi\/afganistan-bledin-strateginen-foorumi-oikeusvaltioperiaate\"]}]},{\"@type\":\"BreadcrumbList\",\"@id\":\"https:\/\/www.eurooppalainensuomi.fi\/afganistan-bledin-strateginen-foorumi-oikeusvaltioperiaate#breadcrumb\",\"itemListElement\":[{\"@type\":\"ListItem\",\"position\":1,\"name\":\"Etusivu\",\"item\":\"https:\/\/www.eurooppalainensuomi.fi\/\"},{\"@type\":\"ListItem\",\"position\":2,\"name\":\"Afganistan | Bledin Strateginen Foorumi | Oikeusvaltioperiaate\"}]},{\"@type\":\"WebSite\",\"@id\":\"https:\/\/www.eurooppalainensuomi.fi\/#website\",\"url\":\"https:\/\/www.eurooppalainensuomi.fi\/\",\"name\":\"Eurooppalainen Suomi\",\"description\":\"Parempaa Eurooppaa rakentamassa\",\"publisher\":{\"@id\":\"https:\/\/www.eurooppalainensuomi.fi\/#organization\"},\"potentialAction\":[{\"@type\":\"SearchAction\",\"target\":{\"@type\":\"EntryPoint\",\"urlTemplate\":\"https:\/\/www.eurooppalainensuomi.fi\/?s={search_term_string}\"},\"query-input\":\"required name=search_term_string\"}],\"inLanguage\":\"en\"},{\"@type\":\"Organization\",\"@id\":\"https:\/\/www.eurooppalainensuomi.fi\/#organization\",\"name\":\"Eurooppalainen Suomi ry\",\"url\":\"https:\/\/www.eurooppalainensuomi.fi\/\",\"logo\":{\"@type\":\"ImageObject\",\"inLanguage\":\"en\",\"@id\":\"https:\/\/www.eurooppalainensuomi.fi\/#\/schema\/logo\/image\/\",\"url\":\"https:\/\/www.eurooppalainensuomi.fi\/wp-content\/uploads\/2021\/01\/PNG_large.png\",\"contentUrl\":\"https:\/\/www.eurooppalainensuomi.fi\/wp-content\/uploads\/2021\/01\/PNG_large.png\",\"width\":586,\"height\":220,\"caption\":\"Eurooppalainen Suomi ry\"},\"image\":{\"@id\":\"https:\/\/www.eurooppalainensuomi.fi\/#\/schema\/logo\/image\/\"},\"sameAs\":[\"https:\/\/instagram.com\/eurooppalainensuomi\",\"https:\/\/www.youtube.com\/channel\/UCBeqyrm1ze2RinjeAYS_-Jg\",\"https:\/\/fi.wikipedia.org\/wiki\/Eurooppalainen_Suomi\",\"https:\/\/www.facebook.com\/eurooppalainensuomi\",\"https:\/\/twitter.com\/em_finland\"]},{\"@type\":\"Person\",\"@id\":\"https:\/\/www.eurooppalainensuomi.fi\/#\/schema\/person\/9635843384121bb89ed49f8d3129daee\",\"name\":\"Admin\",\"image\":{\"@type\":\"ImageObject\",\"inLanguage\":\"en\",\"@id\":\"https:\/\/www.eurooppalainensuomi.fi\/#\/schema\/person\/image\/\",\"url\":\"https:\/\/secure.gravatar.com\/avatar\/813eb247d5c8e5914db8a949c18b8e26?s=96&d=mm&r=g\",\"contentUrl\":\"https:\/\/secure.gravatar.com\/avatar\/813eb247d5c8e5914db8a949c18b8e26?s=96&d=mm&r=g\",\"caption\":\"Admin\"}}]}<\/script>\n<!-- \/ Yoast SEO plugin. -->","yoast_head_json":{"title":"Afganistan | Bledin Strateginen Foorumi | Oikeusvaltioperiaate - Eurooppalainen Suomi","robots":{"index":"index","follow":"follow","max-snippet":"max-snippet:-1","max-image-preview":"max-image-preview:large","max-video-preview":"max-video-preview:-1"},"canonical":"https:\/\/www.eurooppalainensuomi.fi\/afganistan-bledin-strateginen-foorumi-oikeusvaltioperiaate","og_locale":"en_US","og_type":"article","og_title":"Afganistan | Bledin Strateginen Foorumi | Oikeusvaltioperiaate - Eurooppalainen Suomi","og_description":"EU:n instituutiot palaavat hiljattain kes\u00e4lomalta takaisin ty\u00f6n pariin. Euroopan neuvosto aloittaa viikon tapaamalla EU:n sis\u00e4ministereit\u00e4 tiistaina, agendalla Afganistanin kriisi. Euroopan parlamentin valiokunnat my\u00f6skin keskustelevat Afganistanin tilanteesta sek\u00e4 my\u00f6s monista muista ajankohtaisista aiheista, kuten EU:n budjetista, maahanmuutosta ja oikeusvaltioperiaatteesta. Slovenia is\u00e4nn\u00f6i EU-johtajia Bledin Strategisella Foorumilla keskiviikkona ja torstaina. Euroopan parlamenttiMepit osallistuvat valiokuntatapaamisiin t\u00e4ll\u00e4 viikolla, kun useat [&hellip;]","og_url":"https:\/\/www.eurooppalainensuomi.fi\/afganistan-bledin-strateginen-foorumi-oikeusvaltioperiaate","og_site_name":"Eurooppalainen Suomi","article_publisher":"https:\/\/www.facebook.com\/eurooppalainensuomi","article_published_time":"2021-08-30T08:05:41+00:00","article_modified_time":"2021-08-30T08:05:45+00:00","og_image":[{"width":2560,"height":1706,"url":"https:\/\/www.eurooppalainensuomi.fi\/wp-content\/uploads\/2021\/08\/arnaud-steckle-34RmaD-jVbY-unsplash-scaled.jpg","type":"image\/jpeg"}],"author":"Admin","twitter_card":"summary_large_image","twitter_creator":"@em_finland","twitter_site":"@em_finland","twitter_misc":{"Written by":"Admin","Est. reading time":"2 minutes"},"schema":{"@context":"https:\/\/schema.org","@graph":[{"@type":"Article","@id":"https:\/\/www.eurooppalainensuomi.fi\/afganistan-bledin-strateginen-foorumi-oikeusvaltioperiaate#article","isPartOf":{"@id":"https:\/\/www.eurooppalainensuomi.fi\/afganistan-bledin-strateginen-foorumi-oikeusvaltioperiaate"},"author":{"name":"Admin","@id":"https:\/\/www.eurooppalainensuomi.fi\/#\/schema\/person\/9635843384121bb89ed49f8d3129daee"},"headline":"Afganistan | Bledin Strateginen Foorumi | Oikeusvaltioperiaate","datePublished":"2021-08-30T08:05:41+00:00","dateModified":"2021-08-30T08:05:45+00:00","mainEntityOfPage":{"@id":"https:\/\/www.eurooppalainensuomi.fi\/afganistan-bledin-strateginen-foorumi-oikeusvaltioperiaate"},"wordCount":327,"publisher":{"@id":"https:\/\/www.eurooppalainensuomi.fi\/#organization"},"articleSection":["Ajankohtaista","Tiedotteet","Uutiset"],"inLanguage":"en"},{"@type":"WebPage","@id":"https:\/\/www.eurooppalainensuomi.fi\/afganistan-bledin-strateginen-foorumi-oikeusvaltioperiaate","url":"https:\/\/www.eurooppalainensuomi.fi\/afganistan-bledin-strateginen-foorumi-oikeusvaltioperiaate","name":"Afganistan | Bledin Strateginen Foorumi | Oikeusvaltioperiaate - Eurooppalainen Suomi","isPartOf":{"@id":"https:\/\/www.eurooppalainensuomi.fi\/#website"},"datePublished":"2021-08-30T08:05:41+00:00","dateModified":"2021-08-30T08:05:45+00:00","breadcrumb":{"@id":"https:\/\/www.eurooppalainensuomi.fi\/afganistan-bledin-strateginen-foorumi-oikeusvaltioperiaate#breadcrumb"},"inLanguage":"en","potentialAction":[{"@type":"ReadAction","target":["https:\/\/www.eurooppalainensuomi.fi\/afganistan-bledin-strateginen-foorumi-oikeusvaltioperiaate"]}]},{"@type":"BreadcrumbList","@id":"https:\/\/www.eurooppalainensuomi.fi\/afganistan-bledin-strateginen-foorumi-oikeusvaltioperiaate#breadcrumb","itemListElement":[{"@type":"ListItem","position":1,"name":"Etusivu","item":"https:\/\/www.eurooppalainensuomi.fi\/"},{"@type":"ListItem","position":2,"name":"Afganistan | Bledin Strateginen Foorumi | Oikeusvaltioperiaate"}]},{"@type":"WebSite","@id":"https:\/\/www.eurooppalainensuomi.fi\/#website","url":"https:\/\/www.eurooppalainensuomi.fi\/","name":"Eurooppalainen Suomi","description":"Parempaa Eurooppaa rakentamassa","publisher":{"@id":"https:\/\/www.eurooppalainensuomi.fi\/#organization"},"potentialAction":[{"@type":"SearchAction","target":{"@type":"EntryPoint","urlTemplate":"https:\/\/www.eurooppalainensuomi.fi\/?s={search_term_string}"},"query-input":"required name=search_term_string"}],"inLanguage":"en"},{"@type":"Organization","@id":"https:\/\/www.eurooppalainensuomi.fi\/#organization","name":"Eurooppalainen Suomi ry","url":"https:\/\/www.eurooppalainensuomi.fi\/","logo":{"@type":"ImageObject","inLanguage":"en","@id":"https:\/\/www.eurooppalainensuomi.fi\/#\/schema\/logo\/image\/","url":"https:\/\/www.eurooppalainensuomi.fi\/wp-content\/uploads\/2021\/01\/PNG_large.png","contentUrl":"https:\/\/www.eurooppalainensuomi.fi\/wp-content\/uploads\/2021\/01\/PNG_large.png","width":586,"height":220,"caption":"Eurooppalainen Suomi ry"},"image":{"@id":"https:\/\/www.eurooppalainensuomi.fi\/#\/schema\/logo\/image\/"},"sameAs":["https:\/\/instagram.com\/eurooppalainensuomi","https:\/\/www.youtube.com\/channel\/UCBeqyrm1ze2RinjeAYS_-Jg","https:\/\/fi.wikipedia.org\/wiki\/Eurooppalainen_Suomi","https:\/\/www.facebook.com\/eurooppalainensuomi","https:\/\/twitter.com\/em_finland"]},{"@type":"Person","@id":"https:\/\/www.eurooppalainensuomi.fi\/#\/schema\/person\/9635843384121bb89ed49f8d3129daee","name":"Admin","image":{"@type":"ImageObject","inLanguage":"en","@id":"https:\/\/www.eurooppalainensuomi.fi\/#\/schema\/person\/image\/","url":"https:\/\/secure.gravatar.com\/avatar\/813eb247d5c8e5914db8a949c18b8e26?s=96&d=mm&r=g","contentUrl":"https:\/\/secure.gravatar.com\/avatar\/813eb247d5c8e5914db8a949c18b8e26?s=96&d=mm&r=g","caption":"Admin"}}]}},"jetpack_featured_media_url":"","_links":{"self":[{"href":"https:\/\/www.eurooppalainensuomi.fi\/index.php?rest_route=\/wp\/v2\/posts\/2981"}],"collection":[{"href":"https:\/\/www.eurooppalainensuomi.fi\/index.php?rest_route=\/wp\/v2\/posts"}],"about":[{"href":"https:\/\/www.eurooppalainensuomi.fi\/index.php?rest_route=\/wp\/v2\/types\/post"}],"author":[{"embeddable":true,"href":"https:\/\/www.eurooppalainensuomi.fi\/index.php?rest_route=\/wp\/v2\/users\/4"}],"replies":[{"embeddable":true,"href":"https:\/\/www.eurooppalainensuomi.fi\/index.php?rest_route=%2Fwp%2Fv2%2Fcomments&post=2981"}],"version-history":[{"count":1,"href":"https:\/\/www.eurooppalainensuomi.fi\/index.php?rest_route=\/wp\/v2\/posts\/2981\/revisions"}],"predecessor-version":[{"id":2983,"href":"https:\/\/www.eurooppalainensuomi.fi\/index.php?rest_route=\/wp\/v2\/posts\/2981\/revisions\/2983"}],"wp:attachment":[{"href":"https:\/\/www.eurooppalainensuomi.fi\/index.php?rest_route=%2Fwp%2Fv2%2Fmedia&parent=2981"}],"wp:term":[{"taxonomy":"category","embeddable":true,"href":"https:\/\/www.eurooppalainensuomi.fi\/index.php?rest_route=%2Fwp%2Fv2%2Fcategories&post=2981"},{"taxonomy":"post_tag","embeddable":true,"href":"https:\/\/www.eurooppalainensuomi.fi\/index.php?rest_route=%2Fwp%2Fv2%2Ftags&post=2981"}],"curies":[{"name":"wp","href":"https:\/\/api.w.org\/{rel}","templated":true}]}}