{"id":2874,"date":"2021-05-31T11:22:35","date_gmt":"2021-05-31T09:22:35","guid":{"rendered":"https:\/\/www.eurooppalainensuomi.fi\/?p=2874"},"modified":"2021-05-31T11:22:41","modified_gmt":"2021-05-31T09:22:41","slug":"vihrea-viikko-schengen-oikeusvaltioperiaate","status":"publish","type":"post","link":"https:\/\/www.eurooppalainensuomi.fi\/vihrea-viikko-schengen-oikeusvaltioperiaate","title":{"rendered":"Vihre\u00e4 viikko | Schengen | Oikeusvaltioperiaate"},"content":{"rendered":"\n<p>T\u00e4ll\u00e4 viikolla vietet\u00e4\u00e4n Euroopan vihre\u00e4\u00e4 viikkoa ja lauantaina Maailman ymp\u00e4rist\u00f6p\u00e4iv\u00e4\u00e4. T\u00e4m\u00e4n vuoden Euroopan vihre\u00e4 viikko on omistettu nollap\u00e4\u00e4st\u00f6ille. Tiistaina taas juhlan aiheena on eurooppalaisen yleisen syytt\u00e4j\u00e4nviraston virallinen avaaminen, kun taas komission kollegio kokoontuu keskiviikkona keskustelemaan uudesta strategiasta Schengen-alueen tulevaisuutta koskien. Mepeille taas t\u00e4ll\u00e4 viikolla luvassa on valiokuntatapaamisia.\u00a0<\/p>\n\n\n\n<p><strong>Euroopan parlamentti<\/strong><br>Kun poliittiset ryhm\u00e4t valmistautuvat t\u00e4ll\u00e4 viikolla ensi viikon t\u00e4ysistuntoon, parlamentin, komission sek\u00e4 neuvoston neuvottelijat pyrkiv\u00e4t l\u00f6yt\u00e4m\u00e4\u00e4n yhteisymm\u00e4rryksen EU:n s\u00e4\u00e4ntelyst\u00e4 monikansallisten yritysten veronmaksua koskien. Torstaina kansalaisvapauksien sek\u00e4 oikeus- ja sis\u00e4asioiden valiokunta (LIBE) sek\u00e4 oikeudellisten asioiden valiokunta pit\u00e4v\u00e4t yhteisen kuulemistilaisuuden demokratian, medianvapauden sek\u00e4 pluralismin vahvistamisesta EU:ssa. LIBE-valiokunta my\u00f6s \u00e4\u00e4nest\u00e4\u00e4 Euroopan komission oikeusvaltioperiaatetta koskevasta raportista.<\/p>\n\n\n\n<p><strong>Euroopan komissio<\/strong><br>T\u00e4ll\u00e4 viikolla komission kollegio keskustelee kommunikaatiosta koskien Schengen-alueen tulevaisuuden strategiaa, EU-ohjausjakson kev\u00e4tpakettia sek\u00e4 ehdotusta eurooppalaisesta elektronisesta henkil\u00f6llisyystodistuksesta. Komissio is\u00e4nn\u00f6i erin\u00e4isi\u00e4 verkkotapahtumia EU:n vihre\u00e4n viikon kunniaksi. Puheenjohtaja von der Leyen taas ottaa t\u00e4ll\u00e4 viikolla osaa Partnering for Green Growth and Global Goals 2020 -Soulin huippukokoukseen.<\/p>\n\n\n\n<p><strong>Euroopan neuvosto<\/strong><br>Torstaina EU:n liikenneministereiden odotetaan saapuvan p\u00e4\u00e4t\u00f6kseen komission strategiasta \u00e4lykk\u00e4\u00e4seen ja kest\u00e4v\u00e4\u00e4n liikkumiseen, jonka p\u00e4\u00e4m\u00e4\u00e4r\u00e4n\u00e4 on saavuttaa vihre\u00e4 ja digitaalinen EU:n liikennej\u00e4rjestelm\u00e4. Perjantaina EU:n telekommunikaatioministerit keskustelevat eurooppalaisesta datahallintas\u00e4\u00e4d\u00f6ksest\u00e4, 2030 digitaalisesta kompassista sek\u00e4 kyberturvallisuudesta. Slovenian delegaatio taas esitt\u00e4\u00e4 suunnitelmansa sen tulevalle neuvoston puheenjohtajuuskaudelle. EU-Kirgisian yhteisty\u00f6neuvosto kokoontuu t\u00e4n\u00e4 perjantaina.<\/p>\n\n\n\n<p><strong>Eduskunta\u00a0<\/strong><br>Suuri valiokunta keskusteli viime perjantaina liikenteen p\u00e4\u00e4st\u00f6v\u00e4hennyksist\u00e4. Liikenne- ja viestint\u00e4ministeri Timo Harakka (sd.) antoi valiokunnalle selvityksens\u00e4 EU:n liikenne- ja teleneuvoston kokouksesta sek\u00e4 kommentoi EU-selontekoa oman hallinnonalansa osalta.<\/p>\n\n\n\n<p><strong>Tapahtuma<\/strong><br>Eurooppalaisen Suomen Euroopan Suunta -kampanja jatkuu torstaina 3.6 Tampereen pormestaritentill\u00e4. Tentti k\u00e4ynnistyy 3.6. klo 16:00 Uuden Suomen verkkoalustalla.<\/p>\n\n\n\n<p>Lauteille nousevat Tampereen pormestariehdokkaat Lauri Lyly (SDP), Jouni Ovaska (Kesk.), Jaakko Stenh\u00e4ll (Vihr.), Minna Minkkinen (Vas.), Anna-Kaisa Ikonen (Kok.) Sari Tanus (Kd.) ja Veikko Vallin (Ps.).<\/p>\n\n\n\n<p>Osallistu tapahtumaan t\u00e4\u00e4lt\u00e4: <\/p>\n\n\n\n<p>#EUViikossa<br>Sis\u00e4lt\u00f6: European Movement International ja Eduskunta<br>Kuva: John O\u2019Nolan<\/p>\n","protected":false},"excerpt":{"rendered":"<p>T\u00e4ll\u00e4 viikolla vietet\u00e4\u00e4n Euroopan vihre\u00e4\u00e4 viikkoa ja lauantaina Maailman ymp\u00e4rist\u00f6p\u00e4iv\u00e4\u00e4. T\u00e4m\u00e4n vuoden Euroopan vihre\u00e4 viikko on omistettu nollap\u00e4\u00e4st\u00f6ille. Tiistaina taas juhlan aiheena on eurooppalaisen yleisen syytt\u00e4j\u00e4nviraston virallinen avaaminen, kun taas komission kollegio kokoontuu keskiviikkona keskustelemaan uudesta strategiasta Schengen-alueen tulevaisuutta koskien. Mepeille taas t\u00e4ll\u00e4 viikolla luvassa on valiokuntatapaamisia.\u00a0 Euroopan parlamenttiKun poliittiset ryhm\u00e4t valmistautuvat t\u00e4ll\u00e4 viikolla ensi [&hellip;]<\/p>\n","protected":false},"author":4,"featured_media":0,"comment_status":"closed","ping_status":"closed","sticky":false,"template":"","format":"standard","meta":{"_et_pb_use_builder":"","_et_pb_old_content":"","_et_gb_content_width":""},"categories":[8,14,9],"tags":[],"yoast_head":"<!-- This site is optimized with the Yoast SEO plugin v19.13 - https:\/\/yoast.com\/wordpress\/plugins\/seo\/ -->\n<title>Vihre\u00e4 viikko | Schengen | Oikeusvaltioperiaate - Eurooppalainen Suomi<\/title>\n<meta name=\"robots\" content=\"index, follow, max-snippet:-1, max-image-preview:large, max-video-preview:-1\" \/>\n<link rel=\"canonical\" href=\"https:\/\/www.eurooppalainensuomi.fi\/vihrea-viikko-schengen-oikeusvaltioperiaate\" \/>\n<meta property=\"og:locale\" content=\"en_US\" \/>\n<meta property=\"og:type\" content=\"article\" \/>\n<meta property=\"og:title\" content=\"Vihre\u00e4 viikko | Schengen | Oikeusvaltioperiaate - Eurooppalainen Suomi\" \/>\n<meta property=\"og:description\" content=\"T\u00e4ll\u00e4 viikolla vietet\u00e4\u00e4n Euroopan vihre\u00e4\u00e4 viikkoa ja lauantaina Maailman ymp\u00e4rist\u00f6p\u00e4iv\u00e4\u00e4. T\u00e4m\u00e4n vuoden Euroopan vihre\u00e4 viikko on omistettu nollap\u00e4\u00e4st\u00f6ille. Tiistaina taas juhlan aiheena on eurooppalaisen yleisen syytt\u00e4j\u00e4nviraston virallinen avaaminen, kun taas komission kollegio kokoontuu keskiviikkona keskustelemaan uudesta strategiasta Schengen-alueen tulevaisuutta koskien. Mepeille taas t\u00e4ll\u00e4 viikolla luvassa on valiokuntatapaamisia.\u00a0 Euroopan parlamenttiKun poliittiset ryhm\u00e4t valmistautuvat t\u00e4ll\u00e4 viikolla ensi [&hellip;]\" \/>\n<meta property=\"og:url\" content=\"https:\/\/www.eurooppalainensuomi.fi\/vihrea-viikko-schengen-oikeusvaltioperiaate\" \/>\n<meta property=\"og:site_name\" content=\"Eurooppalainen Suomi\" \/>\n<meta property=\"article:publisher\" content=\"https:\/\/www.facebook.com\/eurooppalainensuomi\" \/>\n<meta property=\"article:published_time\" content=\"2021-05-31T09:22:35+00:00\" \/>\n<meta property=\"article:modified_time\" content=\"2021-05-31T09:22:41+00:00\" \/>\n<meta property=\"og:image\" content=\"https:\/\/www.eurooppalainensuomi.fi\/wp-content\/uploads\/2021\/05\/john-o-nolan-uMWPrcRsrto-unsplash-scaled.jpg\" \/>\n\t<meta property=\"og:image:width\" content=\"2560\" \/>\n\t<meta property=\"og:image:height\" content=\"1919\" \/>\n\t<meta property=\"og:image:type\" content=\"image\/jpeg\" \/>\n<meta name=\"author\" content=\"Admin\" \/>\n<meta name=\"twitter:card\" content=\"summary_large_image\" \/>\n<meta name=\"twitter:creator\" content=\"@em_finland\" \/>\n<meta name=\"twitter:site\" content=\"@em_finland\" \/>\n<meta name=\"twitter:label1\" content=\"Written by\" \/>\n\t<meta name=\"twitter:data1\" content=\"Admin\" \/>\n\t<meta name=\"twitter:label2\" content=\"Est. reading time\" \/>\n\t<meta name=\"twitter:data2\" content=\"2 minutes\" \/>\n<script type=\"application\/ld+json\" class=\"yoast-schema-graph\">{\"@context\":\"https:\/\/schema.org\",\"@graph\":[{\"@type\":\"Article\",\"@id\":\"https:\/\/www.eurooppalainensuomi.fi\/vihrea-viikko-schengen-oikeusvaltioperiaate#article\",\"isPartOf\":{\"@id\":\"https:\/\/www.eurooppalainensuomi.fi\/vihrea-viikko-schengen-oikeusvaltioperiaate\"},\"author\":{\"name\":\"Admin\",\"@id\":\"https:\/\/www.eurooppalainensuomi.fi\/#\/schema\/person\/9635843384121bb89ed49f8d3129daee\"},\"headline\":\"Vihre\u00e4 viikko | Schengen | Oikeusvaltioperiaate\",\"datePublished\":\"2021-05-31T09:22:35+00:00\",\"dateModified\":\"2021-05-31T09:22:41+00:00\",\"mainEntityOfPage\":{\"@id\":\"https:\/\/www.eurooppalainensuomi.fi\/vihrea-viikko-schengen-oikeusvaltioperiaate\"},\"wordCount\":340,\"publisher\":{\"@id\":\"https:\/\/www.eurooppalainensuomi.fi\/#organization\"},\"articleSection\":[\"Ajankohtaista\",\"Tiedotteet\",\"Uutiset\"],\"inLanguage\":\"en\"},{\"@type\":\"WebPage\",\"@id\":\"https:\/\/www.eurooppalainensuomi.fi\/vihrea-viikko-schengen-oikeusvaltioperiaate\",\"url\":\"https:\/\/www.eurooppalainensuomi.fi\/vihrea-viikko-schengen-oikeusvaltioperiaate\",\"name\":\"Vihre\u00e4 viikko | Schengen | Oikeusvaltioperiaate - Eurooppalainen Suomi\",\"isPartOf\":{\"@id\":\"https:\/\/www.eurooppalainensuomi.fi\/#website\"},\"datePublished\":\"2021-05-31T09:22:35+00:00\",\"dateModified\":\"2021-05-31T09:22:41+00:00\",\"breadcrumb\":{\"@id\":\"https:\/\/www.eurooppalainensuomi.fi\/vihrea-viikko-schengen-oikeusvaltioperiaate#breadcrumb\"},\"inLanguage\":\"en\",\"potentialAction\":[{\"@type\":\"ReadAction\",\"target\":[\"https:\/\/www.eurooppalainensuomi.fi\/vihrea-viikko-schengen-oikeusvaltioperiaate\"]}]},{\"@type\":\"BreadcrumbList\",\"@id\":\"https:\/\/www.eurooppalainensuomi.fi\/vihrea-viikko-schengen-oikeusvaltioperiaate#breadcrumb\",\"itemListElement\":[{\"@type\":\"ListItem\",\"position\":1,\"name\":\"Etusivu\",\"item\":\"https:\/\/www.eurooppalainensuomi.fi\/\"},{\"@type\":\"ListItem\",\"position\":2,\"name\":\"Vihre\u00e4 viikko | Schengen | Oikeusvaltioperiaate\"}]},{\"@type\":\"WebSite\",\"@id\":\"https:\/\/www.eurooppalainensuomi.fi\/#website\",\"url\":\"https:\/\/www.eurooppalainensuomi.fi\/\",\"name\":\"Eurooppalainen Suomi\",\"description\":\"Parempaa Eurooppaa rakentamassa\",\"publisher\":{\"@id\":\"https:\/\/www.eurooppalainensuomi.fi\/#organization\"},\"potentialAction\":[{\"@type\":\"SearchAction\",\"target\":{\"@type\":\"EntryPoint\",\"urlTemplate\":\"https:\/\/www.eurooppalainensuomi.fi\/?s={search_term_string}\"},\"query-input\":\"required name=search_term_string\"}],\"inLanguage\":\"en\"},{\"@type\":\"Organization\",\"@id\":\"https:\/\/www.eurooppalainensuomi.fi\/#organization\",\"name\":\"Eurooppalainen Suomi ry\",\"url\":\"https:\/\/www.eurooppalainensuomi.fi\/\",\"logo\":{\"@type\":\"ImageObject\",\"inLanguage\":\"en\",\"@id\":\"https:\/\/www.eurooppalainensuomi.fi\/#\/schema\/logo\/image\/\",\"url\":\"https:\/\/www.eurooppalainensuomi.fi\/wp-content\/uploads\/2021\/01\/PNG_large.png\",\"contentUrl\":\"https:\/\/www.eurooppalainensuomi.fi\/wp-content\/uploads\/2021\/01\/PNG_large.png\",\"width\":586,\"height\":220,\"caption\":\"Eurooppalainen Suomi ry\"},\"image\":{\"@id\":\"https:\/\/www.eurooppalainensuomi.fi\/#\/schema\/logo\/image\/\"},\"sameAs\":[\"https:\/\/instagram.com\/eurooppalainensuomi\",\"https:\/\/www.youtube.com\/channel\/UCBeqyrm1ze2RinjeAYS_-Jg\",\"https:\/\/fi.wikipedia.org\/wiki\/Eurooppalainen_Suomi\",\"https:\/\/www.facebook.com\/eurooppalainensuomi\",\"https:\/\/twitter.com\/em_finland\"]},{\"@type\":\"Person\",\"@id\":\"https:\/\/www.eurooppalainensuomi.fi\/#\/schema\/person\/9635843384121bb89ed49f8d3129daee\",\"name\":\"Admin\",\"image\":{\"@type\":\"ImageObject\",\"inLanguage\":\"en\",\"@id\":\"https:\/\/www.eurooppalainensuomi.fi\/#\/schema\/person\/image\/\",\"url\":\"https:\/\/secure.gravatar.com\/avatar\/813eb247d5c8e5914db8a949c18b8e26?s=96&d=mm&r=g\",\"contentUrl\":\"https:\/\/secure.gravatar.com\/avatar\/813eb247d5c8e5914db8a949c18b8e26?s=96&d=mm&r=g\",\"caption\":\"Admin\"}}]}<\/script>\n<!-- \/ Yoast SEO plugin. -->","yoast_head_json":{"title":"Vihre\u00e4 viikko | Schengen | Oikeusvaltioperiaate - Eurooppalainen Suomi","robots":{"index":"index","follow":"follow","max-snippet":"max-snippet:-1","max-image-preview":"max-image-preview:large","max-video-preview":"max-video-preview:-1"},"canonical":"https:\/\/www.eurooppalainensuomi.fi\/vihrea-viikko-schengen-oikeusvaltioperiaate","og_locale":"en_US","og_type":"article","og_title":"Vihre\u00e4 viikko | Schengen | Oikeusvaltioperiaate - Eurooppalainen Suomi","og_description":"T\u00e4ll\u00e4 viikolla vietet\u00e4\u00e4n Euroopan vihre\u00e4\u00e4 viikkoa ja lauantaina Maailman ymp\u00e4rist\u00f6p\u00e4iv\u00e4\u00e4. T\u00e4m\u00e4n vuoden Euroopan vihre\u00e4 viikko on omistettu nollap\u00e4\u00e4st\u00f6ille. Tiistaina taas juhlan aiheena on eurooppalaisen yleisen syytt\u00e4j\u00e4nviraston virallinen avaaminen, kun taas komission kollegio kokoontuu keskiviikkona keskustelemaan uudesta strategiasta Schengen-alueen tulevaisuutta koskien. Mepeille taas t\u00e4ll\u00e4 viikolla luvassa on valiokuntatapaamisia.\u00a0 Euroopan parlamenttiKun poliittiset ryhm\u00e4t valmistautuvat t\u00e4ll\u00e4 viikolla ensi [&hellip;]","og_url":"https:\/\/www.eurooppalainensuomi.fi\/vihrea-viikko-schengen-oikeusvaltioperiaate","og_site_name":"Eurooppalainen Suomi","article_publisher":"https:\/\/www.facebook.com\/eurooppalainensuomi","article_published_time":"2021-05-31T09:22:35+00:00","article_modified_time":"2021-05-31T09:22:41+00:00","og_image":[{"width":2560,"height":1919,"url":"https:\/\/www.eurooppalainensuomi.fi\/wp-content\/uploads\/2021\/05\/john-o-nolan-uMWPrcRsrto-unsplash-scaled.jpg","type":"image\/jpeg"}],"author":"Admin","twitter_card":"summary_large_image","twitter_creator":"@em_finland","twitter_site":"@em_finland","twitter_misc":{"Written by":"Admin","Est. reading time":"2 minutes"},"schema":{"@context":"https:\/\/schema.org","@graph":[{"@type":"Article","@id":"https:\/\/www.eurooppalainensuomi.fi\/vihrea-viikko-schengen-oikeusvaltioperiaate#article","isPartOf":{"@id":"https:\/\/www.eurooppalainensuomi.fi\/vihrea-viikko-schengen-oikeusvaltioperiaate"},"author":{"name":"Admin","@id":"https:\/\/www.eurooppalainensuomi.fi\/#\/schema\/person\/9635843384121bb89ed49f8d3129daee"},"headline":"Vihre\u00e4 viikko | Schengen | Oikeusvaltioperiaate","datePublished":"2021-05-31T09:22:35+00:00","dateModified":"2021-05-31T09:22:41+00:00","mainEntityOfPage":{"@id":"https:\/\/www.eurooppalainensuomi.fi\/vihrea-viikko-schengen-oikeusvaltioperiaate"},"wordCount":340,"publisher":{"@id":"https:\/\/www.eurooppalainensuomi.fi\/#organization"},"articleSection":["Ajankohtaista","Tiedotteet","Uutiset"],"inLanguage":"en"},{"@type":"WebPage","@id":"https:\/\/www.eurooppalainensuomi.fi\/vihrea-viikko-schengen-oikeusvaltioperiaate","url":"https:\/\/www.eurooppalainensuomi.fi\/vihrea-viikko-schengen-oikeusvaltioperiaate","name":"Vihre\u00e4 viikko | Schengen | Oikeusvaltioperiaate - Eurooppalainen Suomi","isPartOf":{"@id":"https:\/\/www.eurooppalainensuomi.fi\/#website"},"datePublished":"2021-05-31T09:22:35+00:00","dateModified":"2021-05-31T09:22:41+00:00","breadcrumb":{"@id":"https:\/\/www.eurooppalainensuomi.fi\/vihrea-viikko-schengen-oikeusvaltioperiaate#breadcrumb"},"inLanguage":"en","potentialAction":[{"@type":"ReadAction","target":["https:\/\/www.eurooppalainensuomi.fi\/vihrea-viikko-schengen-oikeusvaltioperiaate"]}]},{"@type":"BreadcrumbList","@id":"https:\/\/www.eurooppalainensuomi.fi\/vihrea-viikko-schengen-oikeusvaltioperiaate#breadcrumb","itemListElement":[{"@type":"ListItem","position":1,"name":"Etusivu","item":"https:\/\/www.eurooppalainensuomi.fi\/"},{"@type":"ListItem","position":2,"name":"Vihre\u00e4 viikko | Schengen | Oikeusvaltioperiaate"}]},{"@type":"WebSite","@id":"https:\/\/www.eurooppalainensuomi.fi\/#website","url":"https:\/\/www.eurooppalainensuomi.fi\/","name":"Eurooppalainen Suomi","description":"Parempaa Eurooppaa rakentamassa","publisher":{"@id":"https:\/\/www.eurooppalainensuomi.fi\/#organization"},"potentialAction":[{"@type":"SearchAction","target":{"@type":"EntryPoint","urlTemplate":"https:\/\/www.eurooppalainensuomi.fi\/?s={search_term_string}"},"query-input":"required name=search_term_string"}],"inLanguage":"en"},{"@type":"Organization","@id":"https:\/\/www.eurooppalainensuomi.fi\/#organization","name":"Eurooppalainen Suomi ry","url":"https:\/\/www.eurooppalainensuomi.fi\/","logo":{"@type":"ImageObject","inLanguage":"en","@id":"https:\/\/www.eurooppalainensuomi.fi\/#\/schema\/logo\/image\/","url":"https:\/\/www.eurooppalainensuomi.fi\/wp-content\/uploads\/2021\/01\/PNG_large.png","contentUrl":"https:\/\/www.eurooppalainensuomi.fi\/wp-content\/uploads\/2021\/01\/PNG_large.png","width":586,"height":220,"caption":"Eurooppalainen Suomi ry"},"image":{"@id":"https:\/\/www.eurooppalainensuomi.fi\/#\/schema\/logo\/image\/"},"sameAs":["https:\/\/instagram.com\/eurooppalainensuomi","https:\/\/www.youtube.com\/channel\/UCBeqyrm1ze2RinjeAYS_-Jg","https:\/\/fi.wikipedia.org\/wiki\/Eurooppalainen_Suomi","https:\/\/www.facebook.com\/eurooppalainensuomi","https:\/\/twitter.com\/em_finland"]},{"@type":"Person","@id":"https:\/\/www.eurooppalainensuomi.fi\/#\/schema\/person\/9635843384121bb89ed49f8d3129daee","name":"Admin","image":{"@type":"ImageObject","inLanguage":"en","@id":"https:\/\/www.eurooppalainensuomi.fi\/#\/schema\/person\/image\/","url":"https:\/\/secure.gravatar.com\/avatar\/813eb247d5c8e5914db8a949c18b8e26?s=96&d=mm&r=g","contentUrl":"https:\/\/secure.gravatar.com\/avatar\/813eb247d5c8e5914db8a949c18b8e26?s=96&d=mm&r=g","caption":"Admin"}}]}},"jetpack_featured_media_url":"","_links":{"self":[{"href":"https:\/\/www.eurooppalainensuomi.fi\/index.php?rest_route=\/wp\/v2\/posts\/2874"}],"collection":[{"href":"https:\/\/www.eurooppalainensuomi.fi\/index.php?rest_route=\/wp\/v2\/posts"}],"about":[{"href":"https:\/\/www.eurooppalainensuomi.fi\/index.php?rest_route=\/wp\/v2\/types\/post"}],"author":[{"embeddable":true,"href":"https:\/\/www.eurooppalainensuomi.fi\/index.php?rest_route=\/wp\/v2\/users\/4"}],"replies":[{"embeddable":true,"href":"https:\/\/www.eurooppalainensuomi.fi\/index.php?rest_route=%2Fwp%2Fv2%2Fcomments&post=2874"}],"version-history":[{"count":1,"href":"https:\/\/www.eurooppalainensuomi.fi\/index.php?rest_route=\/wp\/v2\/posts\/2874\/revisions"}],"predecessor-version":[{"id":2876,"href":"https:\/\/www.eurooppalainensuomi.fi\/index.php?rest_route=\/wp\/v2\/posts\/2874\/revisions\/2876"}],"wp:attachment":[{"href":"https:\/\/www.eurooppalainensuomi.fi\/index.php?rest_route=%2Fwp%2Fv2%2Fmedia&parent=2874"}],"wp:term":[{"taxonomy":"category","embeddable":true,"href":"https:\/\/www.eurooppalainensuomi.fi\/index.php?rest_route=%2Fwp%2Fv2%2Fcategories&post=2874"},{"taxonomy":"post_tag","embeddable":true,"href":"https:\/\/www.eurooppalainensuomi.fi\/index.php?rest_route=%2Fwp%2Fv2%2Ftags&post=2874"}],"curies":[{"name":"wp","href":"https:\/\/api.w.org\/{rel}","templated":true}]}}