{"id":2855,"date":"2021-05-25T12:05:27","date_gmt":"2021-05-25T10:05:27","guid":{"rendered":"https:\/\/www.eurooppalainensuomi.fi\/?p=2855"},"modified":"2021-09-23T09:10:07","modified_gmt":"2021-09-23T07:10:07","slug":"euroopan-neuvosto-disinformaatio-japani","status":"publish","type":"post","link":"https:\/\/www.eurooppalainensuomi.fi\/euroopan-neuvosto-disinformaatio-japani","title":{"rendered":"Eurooppa-neuvosto | Disinformaatio | Japani"},"content":{"rendered":"\n<p>Eurooppa-neuvosto aloitti eilen kaksi p\u00e4iv\u00e4\u00e4 kest\u00e4v\u00e4n kokouksensa, jossa k\u00e4sitell\u00e4\u00e4n koronapandemiaa, Ven\u00e4j\u00e4\u00e4, ilmastoa sek\u00e4 EU:n ja Iso-Britannian v\u00e4lisi\u00e4 suhteita. Euroopan parlamentti pit\u00e4\u00e4 valiokuntatapaamisia t\u00e4ll\u00e4 viikolla, miss\u00e4 k\u00e4sitell\u00e4\u00e4n koronarokotteiden immateriaalioikeuksia, kyberturvallisuutta, median vapautta Unkarissa ja Puolassa sek\u00e4 uutta sopimusta Digitaalisesta vihre\u00e4st\u00e4 passista. EU:n komissaarit taas keskustelevat uudesta ohjeistuksesta disinformaation vastaisen ty\u00f6n vahvistamiseksi.<\/p>\n\n\n\n<p><strong>Euroopan parlamentti<\/strong><br>Tiistaina kansainv\u00e4lisen kaupan valiokunta keskustelee ehdotuksesta koronarokotteiden immateriaalioikeuksista luopumiseksi. Teollisuus-, tutkimus- ja energiavaliokunta \u00e4\u00e4nest\u00e4\u00e4 resoluutiosta EU:n kybeturvallisuusstrategiasta digitaaliselle vuosikymmenelle. Keskiviikkona kansalaisvapauksien sek\u00e4 oikeus- ja sis\u00e4asioiden valiokunta keskustelee uusimmista k\u00e4\u00e4nteist\u00e4 Unkarissa ja Puolassa koskien median vapautta. Valiokunta my\u00f6s jatkaa tutkimista mahdollisesta rikkeest\u00e4 n\u00e4iss\u00e4 maissa kes\u00e4kuun loppuun asti. T\u00e4m\u00e4n lis\u00e4ksi valiokunnassa on \u00e4\u00e4nestys EU:n Digitaalisesta vihre\u00e4st\u00e4 passista.<\/p>\n\n\n\n<p><strong>Euroopan komissio<\/strong><br>T\u00e4ll\u00e4 viikolla komission kollegio keskustelee uudesta ohjeistuksesta disinformaation vastaisen ty\u00f6n vahvistamiseksi. Keskiviikkona komissio is\u00e4nn\u00f6i Euroopan sosiaalisen talouden huippukokousta, tavoitteenaan vahvistaa sosiaalista taloutta Euroopassa sek\u00e4 k\u00e4ytt\u00e4\u00e4 sen panoksia taloudelliseen kehitykseen. Komissio pit\u00e4\u00e4 my\u00f6s konferenssin verkossa Euroopan finanssi-integraatiosta ja vakaudesta Euroopan keskuspankin kanssa keskustellaakseen koronapandemian vaikutuksista Euroopan finanssisysteemiin. Komissaareja my\u00f6s puhuu 2021 Global Solutions huippukokouksessa t\u00e4ll\u00e4 viikolla.<\/p>\n\n\n\n<p><strong>Euroopan neuvosto<\/strong><br>Euroopan neuvoston kaksi p\u00e4iv\u00e4\u00e4 kest\u00e4v\u00e4 kokous alkoi eilen. Johtajat k\u00e4sittelev\u00e4t koronapandemian vastauksen koordinaatiota, EU:n toimi ilmastonmuutosta vastaan, ulkosuhteista Ven\u00e4j\u00e4\u00e4n sek\u00e4 EU:n suhteista Iso-Britanniaan. Torstaina EU:n ja Japanin johtajat tapaavat virtuaalikokouksessa, jossa keskityt\u00e4\u00e4n kolmeen aiheeseen: globaaleihin ongelmiin, kahdenv\u00e4lisiin suhteisiin sek\u00e4 ulko- ja turvallisuuspolitiikkaan.<\/p>\n\n\n\n<p><strong>Eduskunta<\/strong><br>Eduskunta hyv\u00e4ksyi viime viikon tiistaina 18.5 EU:n omien varojen p\u00e4\u00e4t\u00f6ksen \u00e4\u00e4nin 134-57. N\u00e4in eduskunta hyv\u00e4ksyi EU:n monivuotisen rahoituskehyksen ja elpymisv\u00e4lineen.<\/p>\n\n\n\n<p><strong>Tapahtumat<\/strong><br>Eurooppalainen Suomi piti viime viikon tiistaina ensimm\u00e4isen L\u00e4nsi-Balkan webinaarinsa.<br>Jos et ehtinyt katsoa tapahtumaa suorana, voit katsoa sen t\u00e4\u00e4lt\u00e4:<\/p>\n\n\n\n<p><a href=\"https:\/\/www.facebook.com\/eurooppalainensuomi\/videos\/178184124196246\">https:\/\/www.facebook.com\/eurooppalainensuomi\/videos\/178184124196246<\/a><\/p>\n\n\n\n<p>#EUViikossa<br>Sis\u00e4lt\u00f6: European Movement International ja Eduskunta<br>Kuva: Christian Lue<\/p>\n","protected":false},"excerpt":{"rendered":"<p>Eurooppa-neuvosto aloitti eilen kaksi p\u00e4iv\u00e4\u00e4 kest\u00e4v\u00e4n kokouksensa, jossa k\u00e4sitell\u00e4\u00e4n koronapandemiaa, Ven\u00e4j\u00e4\u00e4, ilmastoa sek\u00e4 EU:n ja Iso-Britannian v\u00e4lisi\u00e4 suhteita. Euroopan parlamentti pit\u00e4\u00e4 valiokuntatapaamisia t\u00e4ll\u00e4 viikolla, miss\u00e4 k\u00e4sitell\u00e4\u00e4n koronarokotteiden immateriaalioikeuksia, kyberturvallisuutta, median vapautta Unkarissa ja Puolassa sek\u00e4 uutta sopimusta Digitaalisesta vihre\u00e4st\u00e4 passista. EU:n komissaarit taas keskustelevat uudesta ohjeistuksesta disinformaation vastaisen ty\u00f6n vahvistamiseksi. Euroopan parlamenttiTiistaina kansainv\u00e4lisen kaupan valiokunta [&hellip;]<\/p>\n","protected":false},"author":4,"featured_media":0,"comment_status":"closed","ping_status":"closed","sticky":false,"template":"","format":"standard","meta":{"_et_pb_use_builder":"","_et_pb_old_content":"","_et_gb_content_width":""},"categories":[8,10,14,9],"tags":[],"yoast_head":"<!-- This site is optimized with the Yoast SEO plugin v19.13 - https:\/\/yoast.com\/wordpress\/plugins\/seo\/ -->\n<title>Eurooppa-neuvosto | Disinformaatio | Japani - Eurooppalainen Suomi<\/title>\n<meta name=\"robots\" content=\"index, follow, max-snippet:-1, max-image-preview:large, max-video-preview:-1\" \/>\n<link rel=\"canonical\" href=\"https:\/\/www.eurooppalainensuomi.fi\/euroopan-neuvosto-disinformaatio-japani\" \/>\n<meta property=\"og:locale\" content=\"en_US\" \/>\n<meta property=\"og:type\" content=\"article\" \/>\n<meta property=\"og:title\" content=\"Eurooppa-neuvosto | Disinformaatio | Japani - Eurooppalainen Suomi\" \/>\n<meta property=\"og:description\" content=\"Eurooppa-neuvosto aloitti eilen kaksi p\u00e4iv\u00e4\u00e4 kest\u00e4v\u00e4n kokouksensa, jossa k\u00e4sitell\u00e4\u00e4n koronapandemiaa, Ven\u00e4j\u00e4\u00e4, ilmastoa sek\u00e4 EU:n ja Iso-Britannian v\u00e4lisi\u00e4 suhteita. Euroopan parlamentti pit\u00e4\u00e4 valiokuntatapaamisia t\u00e4ll\u00e4 viikolla, miss\u00e4 k\u00e4sitell\u00e4\u00e4n koronarokotteiden immateriaalioikeuksia, kyberturvallisuutta, median vapautta Unkarissa ja Puolassa sek\u00e4 uutta sopimusta Digitaalisesta vihre\u00e4st\u00e4 passista. EU:n komissaarit taas keskustelevat uudesta ohjeistuksesta disinformaation vastaisen ty\u00f6n vahvistamiseksi. Euroopan parlamenttiTiistaina kansainv\u00e4lisen kaupan valiokunta [&hellip;]\" \/>\n<meta property=\"og:url\" content=\"https:\/\/www.eurooppalainensuomi.fi\/euroopan-neuvosto-disinformaatio-japani\" \/>\n<meta property=\"og:site_name\" content=\"Eurooppalainen Suomi\" \/>\n<meta property=\"article:publisher\" content=\"https:\/\/www.facebook.com\/eurooppalainensuomi\" \/>\n<meta property=\"article:published_time\" content=\"2021-05-25T10:05:27+00:00\" \/>\n<meta property=\"article:modified_time\" content=\"2021-09-23T07:10:07+00:00\" \/>\n<meta property=\"og:image\" content=\"https:\/\/www.eurooppalainensuomi.fi\/wp-content\/uploads\/2021\/05\/christian-lue-8Yw6tsB8tnc-unsplash-scaled.jpg\" \/>\n\t<meta property=\"og:image:width\" content=\"2560\" \/>\n\t<meta property=\"og:image:height\" content=\"1498\" \/>\n\t<meta property=\"og:image:type\" content=\"image\/jpeg\" \/>\n<meta name=\"author\" content=\"Admin\" \/>\n<meta name=\"twitter:card\" content=\"summary_large_image\" \/>\n<meta name=\"twitter:creator\" content=\"@em_finland\" \/>\n<meta name=\"twitter:site\" content=\"@em_finland\" \/>\n<meta name=\"twitter:label1\" content=\"Written by\" \/>\n\t<meta name=\"twitter:data1\" content=\"Admin\" \/>\n\t<meta name=\"twitter:label2\" content=\"Est. reading time\" \/>\n\t<meta name=\"twitter:data2\" content=\"2 minutes\" \/>\n<script type=\"application\/ld+json\" class=\"yoast-schema-graph\">{\"@context\":\"https:\/\/schema.org\",\"@graph\":[{\"@type\":\"Article\",\"@id\":\"https:\/\/www.eurooppalainensuomi.fi\/euroopan-neuvosto-disinformaatio-japani#article\",\"isPartOf\":{\"@id\":\"https:\/\/www.eurooppalainensuomi.fi\/euroopan-neuvosto-disinformaatio-japani\"},\"author\":{\"name\":\"Admin\",\"@id\":\"https:\/\/www.eurooppalainensuomi.fi\/#\/schema\/person\/9635843384121bb89ed49f8d3129daee\"},\"headline\":\"Eurooppa-neuvosto | Disinformaatio | Japani\",\"datePublished\":\"2021-05-25T10:05:27+00:00\",\"dateModified\":\"2021-09-23T07:10:07+00:00\",\"mainEntityOfPage\":{\"@id\":\"https:\/\/www.eurooppalainensuomi.fi\/euroopan-neuvosto-disinformaatio-japani\"},\"wordCount\":321,\"publisher\":{\"@id\":\"https:\/\/www.eurooppalainensuomi.fi\/#organization\"},\"articleSection\":[\"Ajankohtaista\",\"Julkaisut\",\"Tiedotteet\",\"Uutiset\"],\"inLanguage\":\"en\"},{\"@type\":\"WebPage\",\"@id\":\"https:\/\/www.eurooppalainensuomi.fi\/euroopan-neuvosto-disinformaatio-japani\",\"url\":\"https:\/\/www.eurooppalainensuomi.fi\/euroopan-neuvosto-disinformaatio-japani\",\"name\":\"Eurooppa-neuvosto | Disinformaatio | Japani - Eurooppalainen Suomi\",\"isPartOf\":{\"@id\":\"https:\/\/www.eurooppalainensuomi.fi\/#website\"},\"datePublished\":\"2021-05-25T10:05:27+00:00\",\"dateModified\":\"2021-09-23T07:10:07+00:00\",\"breadcrumb\":{\"@id\":\"https:\/\/www.eurooppalainensuomi.fi\/euroopan-neuvosto-disinformaatio-japani#breadcrumb\"},\"inLanguage\":\"en\",\"potentialAction\":[{\"@type\":\"ReadAction\",\"target\":[\"https:\/\/www.eurooppalainensuomi.fi\/euroopan-neuvosto-disinformaatio-japani\"]}]},{\"@type\":\"BreadcrumbList\",\"@id\":\"https:\/\/www.eurooppalainensuomi.fi\/euroopan-neuvosto-disinformaatio-japani#breadcrumb\",\"itemListElement\":[{\"@type\":\"ListItem\",\"position\":1,\"name\":\"Etusivu\",\"item\":\"https:\/\/www.eurooppalainensuomi.fi\/\"},{\"@type\":\"ListItem\",\"position\":2,\"name\":\"Eurooppa-neuvosto | Disinformaatio | Japani\"}]},{\"@type\":\"WebSite\",\"@id\":\"https:\/\/www.eurooppalainensuomi.fi\/#website\",\"url\":\"https:\/\/www.eurooppalainensuomi.fi\/\",\"name\":\"Eurooppalainen Suomi\",\"description\":\"Parempaa Eurooppaa rakentamassa\",\"publisher\":{\"@id\":\"https:\/\/www.eurooppalainensuomi.fi\/#organization\"},\"potentialAction\":[{\"@type\":\"SearchAction\",\"target\":{\"@type\":\"EntryPoint\",\"urlTemplate\":\"https:\/\/www.eurooppalainensuomi.fi\/?s={search_term_string}\"},\"query-input\":\"required name=search_term_string\"}],\"inLanguage\":\"en\"},{\"@type\":\"Organization\",\"@id\":\"https:\/\/www.eurooppalainensuomi.fi\/#organization\",\"name\":\"Eurooppalainen Suomi ry\",\"url\":\"https:\/\/www.eurooppalainensuomi.fi\/\",\"logo\":{\"@type\":\"ImageObject\",\"inLanguage\":\"en\",\"@id\":\"https:\/\/www.eurooppalainensuomi.fi\/#\/schema\/logo\/image\/\",\"url\":\"https:\/\/www.eurooppalainensuomi.fi\/wp-content\/uploads\/2021\/01\/PNG_large.png\",\"contentUrl\":\"https:\/\/www.eurooppalainensuomi.fi\/wp-content\/uploads\/2021\/01\/PNG_large.png\",\"width\":586,\"height\":220,\"caption\":\"Eurooppalainen Suomi ry\"},\"image\":{\"@id\":\"https:\/\/www.eurooppalainensuomi.fi\/#\/schema\/logo\/image\/\"},\"sameAs\":[\"https:\/\/instagram.com\/eurooppalainensuomi\",\"https:\/\/www.youtube.com\/channel\/UCBeqyrm1ze2RinjeAYS_-Jg\",\"https:\/\/fi.wikipedia.org\/wiki\/Eurooppalainen_Suomi\",\"https:\/\/www.facebook.com\/eurooppalainensuomi\",\"https:\/\/twitter.com\/em_finland\"]},{\"@type\":\"Person\",\"@id\":\"https:\/\/www.eurooppalainensuomi.fi\/#\/schema\/person\/9635843384121bb89ed49f8d3129daee\",\"name\":\"Admin\",\"image\":{\"@type\":\"ImageObject\",\"inLanguage\":\"en\",\"@id\":\"https:\/\/www.eurooppalainensuomi.fi\/#\/schema\/person\/image\/\",\"url\":\"https:\/\/secure.gravatar.com\/avatar\/813eb247d5c8e5914db8a949c18b8e26?s=96&d=mm&r=g\",\"contentUrl\":\"https:\/\/secure.gravatar.com\/avatar\/813eb247d5c8e5914db8a949c18b8e26?s=96&d=mm&r=g\",\"caption\":\"Admin\"}}]}<\/script>\n<!-- \/ Yoast SEO plugin. -->","yoast_head_json":{"title":"Eurooppa-neuvosto | Disinformaatio | Japani - Eurooppalainen Suomi","robots":{"index":"index","follow":"follow","max-snippet":"max-snippet:-1","max-image-preview":"max-image-preview:large","max-video-preview":"max-video-preview:-1"},"canonical":"https:\/\/www.eurooppalainensuomi.fi\/euroopan-neuvosto-disinformaatio-japani","og_locale":"en_US","og_type":"article","og_title":"Eurooppa-neuvosto | Disinformaatio | Japani - Eurooppalainen Suomi","og_description":"Eurooppa-neuvosto aloitti eilen kaksi p\u00e4iv\u00e4\u00e4 kest\u00e4v\u00e4n kokouksensa, jossa k\u00e4sitell\u00e4\u00e4n koronapandemiaa, Ven\u00e4j\u00e4\u00e4, ilmastoa sek\u00e4 EU:n ja Iso-Britannian v\u00e4lisi\u00e4 suhteita. Euroopan parlamentti pit\u00e4\u00e4 valiokuntatapaamisia t\u00e4ll\u00e4 viikolla, miss\u00e4 k\u00e4sitell\u00e4\u00e4n koronarokotteiden immateriaalioikeuksia, kyberturvallisuutta, median vapautta Unkarissa ja Puolassa sek\u00e4 uutta sopimusta Digitaalisesta vihre\u00e4st\u00e4 passista. EU:n komissaarit taas keskustelevat uudesta ohjeistuksesta disinformaation vastaisen ty\u00f6n vahvistamiseksi. Euroopan parlamenttiTiistaina kansainv\u00e4lisen kaupan valiokunta [&hellip;]","og_url":"https:\/\/www.eurooppalainensuomi.fi\/euroopan-neuvosto-disinformaatio-japani","og_site_name":"Eurooppalainen Suomi","article_publisher":"https:\/\/www.facebook.com\/eurooppalainensuomi","article_published_time":"2021-05-25T10:05:27+00:00","article_modified_time":"2021-09-23T07:10:07+00:00","og_image":[{"width":2560,"height":1498,"url":"https:\/\/www.eurooppalainensuomi.fi\/wp-content\/uploads\/2021\/05\/christian-lue-8Yw6tsB8tnc-unsplash-scaled.jpg","type":"image\/jpeg"}],"author":"Admin","twitter_card":"summary_large_image","twitter_creator":"@em_finland","twitter_site":"@em_finland","twitter_misc":{"Written by":"Admin","Est. reading time":"2 minutes"},"schema":{"@context":"https:\/\/schema.org","@graph":[{"@type":"Article","@id":"https:\/\/www.eurooppalainensuomi.fi\/euroopan-neuvosto-disinformaatio-japani#article","isPartOf":{"@id":"https:\/\/www.eurooppalainensuomi.fi\/euroopan-neuvosto-disinformaatio-japani"},"author":{"name":"Admin","@id":"https:\/\/www.eurooppalainensuomi.fi\/#\/schema\/person\/9635843384121bb89ed49f8d3129daee"},"headline":"Eurooppa-neuvosto | Disinformaatio | Japani","datePublished":"2021-05-25T10:05:27+00:00","dateModified":"2021-09-23T07:10:07+00:00","mainEntityOfPage":{"@id":"https:\/\/www.eurooppalainensuomi.fi\/euroopan-neuvosto-disinformaatio-japani"},"wordCount":321,"publisher":{"@id":"https:\/\/www.eurooppalainensuomi.fi\/#organization"},"articleSection":["Ajankohtaista","Julkaisut","Tiedotteet","Uutiset"],"inLanguage":"en"},{"@type":"WebPage","@id":"https:\/\/www.eurooppalainensuomi.fi\/euroopan-neuvosto-disinformaatio-japani","url":"https:\/\/www.eurooppalainensuomi.fi\/euroopan-neuvosto-disinformaatio-japani","name":"Eurooppa-neuvosto | Disinformaatio | Japani - Eurooppalainen Suomi","isPartOf":{"@id":"https:\/\/www.eurooppalainensuomi.fi\/#website"},"datePublished":"2021-05-25T10:05:27+00:00","dateModified":"2021-09-23T07:10:07+00:00","breadcrumb":{"@id":"https:\/\/www.eurooppalainensuomi.fi\/euroopan-neuvosto-disinformaatio-japani#breadcrumb"},"inLanguage":"en","potentialAction":[{"@type":"ReadAction","target":["https:\/\/www.eurooppalainensuomi.fi\/euroopan-neuvosto-disinformaatio-japani"]}]},{"@type":"BreadcrumbList","@id":"https:\/\/www.eurooppalainensuomi.fi\/euroopan-neuvosto-disinformaatio-japani#breadcrumb","itemListElement":[{"@type":"ListItem","position":1,"name":"Etusivu","item":"https:\/\/www.eurooppalainensuomi.fi\/"},{"@type":"ListItem","position":2,"name":"Eurooppa-neuvosto | Disinformaatio | Japani"}]},{"@type":"WebSite","@id":"https:\/\/www.eurooppalainensuomi.fi\/#website","url":"https:\/\/www.eurooppalainensuomi.fi\/","name":"Eurooppalainen Suomi","description":"Parempaa Eurooppaa rakentamassa","publisher":{"@id":"https:\/\/www.eurooppalainensuomi.fi\/#organization"},"potentialAction":[{"@type":"SearchAction","target":{"@type":"EntryPoint","urlTemplate":"https:\/\/www.eurooppalainensuomi.fi\/?s={search_term_string}"},"query-input":"required name=search_term_string"}],"inLanguage":"en"},{"@type":"Organization","@id":"https:\/\/www.eurooppalainensuomi.fi\/#organization","name":"Eurooppalainen Suomi ry","url":"https:\/\/www.eurooppalainensuomi.fi\/","logo":{"@type":"ImageObject","inLanguage":"en","@id":"https:\/\/www.eurooppalainensuomi.fi\/#\/schema\/logo\/image\/","url":"https:\/\/www.eurooppalainensuomi.fi\/wp-content\/uploads\/2021\/01\/PNG_large.png","contentUrl":"https:\/\/www.eurooppalainensuomi.fi\/wp-content\/uploads\/2021\/01\/PNG_large.png","width":586,"height":220,"caption":"Eurooppalainen Suomi ry"},"image":{"@id":"https:\/\/www.eurooppalainensuomi.fi\/#\/schema\/logo\/image\/"},"sameAs":["https:\/\/instagram.com\/eurooppalainensuomi","https:\/\/www.youtube.com\/channel\/UCBeqyrm1ze2RinjeAYS_-Jg","https:\/\/fi.wikipedia.org\/wiki\/Eurooppalainen_Suomi","https:\/\/www.facebook.com\/eurooppalainensuomi","https:\/\/twitter.com\/em_finland"]},{"@type":"Person","@id":"https:\/\/www.eurooppalainensuomi.fi\/#\/schema\/person\/9635843384121bb89ed49f8d3129daee","name":"Admin","image":{"@type":"ImageObject","inLanguage":"en","@id":"https:\/\/www.eurooppalainensuomi.fi\/#\/schema\/person\/image\/","url":"https:\/\/secure.gravatar.com\/avatar\/813eb247d5c8e5914db8a949c18b8e26?s=96&d=mm&r=g","contentUrl":"https:\/\/secure.gravatar.com\/avatar\/813eb247d5c8e5914db8a949c18b8e26?s=96&d=mm&r=g","caption":"Admin"}}]}},"jetpack_featured_media_url":"","_links":{"self":[{"href":"https:\/\/www.eurooppalainensuomi.fi\/index.php?rest_route=\/wp\/v2\/posts\/2855"}],"collection":[{"href":"https:\/\/www.eurooppalainensuomi.fi\/index.php?rest_route=\/wp\/v2\/posts"}],"about":[{"href":"https:\/\/www.eurooppalainensuomi.fi\/index.php?rest_route=\/wp\/v2\/types\/post"}],"author":[{"embeddable":true,"href":"https:\/\/www.eurooppalainensuomi.fi\/index.php?rest_route=\/wp\/v2\/users\/4"}],"replies":[{"embeddable":true,"href":"https:\/\/www.eurooppalainensuomi.fi\/index.php?rest_route=%2Fwp%2Fv2%2Fcomments&post=2855"}],"version-history":[{"count":5,"href":"https:\/\/www.eurooppalainensuomi.fi\/index.php?rest_route=\/wp\/v2\/posts\/2855\/revisions"}],"predecessor-version":[{"id":3027,"href":"https:\/\/www.eurooppalainensuomi.fi\/index.php?rest_route=\/wp\/v2\/posts\/2855\/revisions\/3027"}],"wp:attachment":[{"href":"https:\/\/www.eurooppalainensuomi.fi\/index.php?rest_route=%2Fwp%2Fv2%2Fmedia&parent=2855"}],"wp:term":[{"taxonomy":"category","embeddable":true,"href":"https:\/\/www.eurooppalainensuomi.fi\/index.php?rest_route=%2Fwp%2Fv2%2Fcategories&post=2855"},{"taxonomy":"post_tag","embeddable":true,"href":"https:\/\/www.eurooppalainensuomi.fi\/index.php?rest_route=%2Fwp%2Fv2%2Ftags&post=2855"}],"curies":[{"name":"wp","href":"https:\/\/api.w.org\/{rel}","templated":true}]}}