{"id":2840,"date":"2021-05-17T11:04:32","date_gmt":"2021-05-17T09:04:32","guid":{"rendered":"https:\/\/www.eurooppalainensuomi.fi\/?p=2840"},"modified":"2021-05-17T11:04:38","modified_gmt":"2021-05-17T09:04:38","slug":"schengen-forum-oikeudenmukainen-siirtyma-koulutus","status":"publish","type":"post","link":"https:\/\/www.eurooppalainensuomi.fi\/schengen-forum-oikeudenmukainen-siirtyma-koulutus","title":{"rendered":"Schengen Forum | Oikeudenmukainen siirtym\u00e4 | Koulutus"},"content":{"rendered":"\n<p>T\u00e4ll\u00e4 viikolla mepit osallistuvat t\u00e4ysistuntoon, jossa k\u00e4sittelyss\u00e4 ovat Oikeudenmukaisen siirtym\u00e4n mekanismi sek\u00e4 keskustelua rokotepatenteista ja EU:n strategiasta koskien Israelia ja Palestiinaa. Euroopan parlamentti, neuvosto ja komissio sen sijaan pyrkiv\u00e4t t\u00e4ll\u00e4 viikolla p\u00e4\u00e4sem\u00e4\u00e4n sopimukseen Covid-19 -sertifikaateista.<\/p>\n\n\n\n<p>Nuoriso-, kulttuuri- sek\u00e4 koulutusministerit tapaavat t\u00e4n\u00e4\u00e4n ja huomenna keskustellakseen oikeudenmukaisuudesta sek\u00e4 inklusiivisuudesta koulutuksessa. Komissio taas pit\u00e4\u00e4 toisen Schengen Foruminsa t\u00e4n\u00e4\u00e4n yhdess\u00e4 Euroopan parlamentin ja j\u00e4senvaltioiden kanssa.<\/p>\n\n\n\n<p><strong>Euroopan parlamentti<\/strong><br>T\u00e4m\u00e4n viikon t\u00e4yisistunnossa mepit \u00e4\u00e4nest\u00e4v\u00e4t kolmesta 2021-2027 EU-ohjelmasta. \u00c4\u00e4nestyksess\u00e4 ovat Erasmus+, Luova Eurooppa sek\u00e4 Euroopan solidaarisuusjoukot. Tiistaina mepit keskustelevat Montenegron ja Turkin EU:n liittymisen etenemisest\u00e4, kun taas torstaina he \u00e4\u00e4nest\u00e4v\u00e4t raportista uusille vaihtoehdoille lailliseen ty\u00f6per\u00e4iseen muuttoon. Mepit my\u00f6s keskustelevat EU:n strategiasta Israeliin ja Palestiinaan sek\u00e4 Maailman kauppaj\u00e4rjest\u00f6n ehdotuksesta luopua koronarokotteiden immateriaalioikeuksista.<\/p>\n\n\n\n<p><strong>Euroopan komissio<\/strong><br>Komissio kokoontuu sen toiseen Schengen Foruminsa t\u00e4n\u00e4\u00e4n, keskittyen rajatoimenpiteiden koordinaation parantamiseen kriisiaikoina sek\u00e4 keskustellen vaihtoehdoista rajakontrollien uudelleen k\u00e4ytt\u00f6\u00f6nottamisesta. Kollegio kokoontuu tiistaina keskustelemaan kommunikaatiosta yritysten verottamisesta sek\u00e4 kommunikaatiosta maailmanlaajuiseen l\u00e4hestymistapaan tutkimusta ja innovaatiota koskien. Torstaina taas varapuheenjohtaja Timmermans osallistuu G7-maiden ilmastotapaamiseen.<\/p>\n\n\n\n<p><strong>Euroopan neuvosto<\/strong><br>T\u00e4n\u00e4\u00e4n Eurooppaministerit keskustelevat mm. kest\u00e4vyydest\u00e4, digitaalisesta loikasta sek\u00e4 nuorisosta EU:n syrj\u00e4isill\u00e4 alueilla. T\u00e4m\u00e4n lis\u00e4ksi he vaihtavat n\u00e4kemyksi\u00e4\u00e4n EU:n sietokyvyst\u00e4 sek\u00e4 strategisesta autonomiasta. Ulkoministerit sen sijaan tapaavat torstaina keskustellakseen Maailman kauppaj\u00e4rjest\u00f6n uudistamisen nykytilanteesta sek\u00e4 EU:n ja Yhdysvaltojen kauppasuhteista. Euroryhm\u00e4 tapaa perjantaina keskustellakseen mm. makrotaloudellisesta sek\u00e4 fiskaalisesta kehityksest\u00e4 euroalueella.<\/p>\n\n\n\n<p><strong>Eduskunta<\/strong><br>Keskustelu EU:n omien varojen p\u00e4\u00e4t\u00f6ksen hyv\u00e4ksymisest\u00e4 alkoi t\u00e4ysistunnossa tiistaina 11.5 ja p\u00e4\u00e4ttyi varhain aamulla 15.5. Eduskunta \u00e4\u00e4nest\u00e4\u00e4 omien varojen p\u00e4\u00e4t\u00f6ksen hyv\u00e4ksymisest\u00e4 tiistaina 18.5 kello 14.00 alkavassa istunnossa.<\/p>\n\n\n\n<p><strong>Tapahtumat<\/strong><br>Eurooppalainen Suomi pit\u00e4\u00e4 tiistaina 18.5 klo 15.00 ensimm\u00e4isen L\u00e4nsi-Balkan webinaarinsa.<\/p>\n\n\n\n<p>Keskustelussa ovat Albania, Pohjois-Makedonia sek\u00e4 Serbia, ja vieraina aihetta avaamassa ovat Suomen EU-edustuston L\u00e4nsi-Balkanin, EU:n laajentumisen sek\u00e4 Turkin vastuuvirkamies P\u00e4ivi Alatalo, Suomen Ateenan-suurl\u00e4hetyst\u00f6n edustuston p\u00e4\u00e4llik\u00f6n sijainen Sampo Saarinen sek\u00e4 vanhempi tutkija Emma Hakala Ulkopoliittisesta instituutista.&nbsp;<\/p>\n\n\n\n<p>Webinaari on katsottavissa suorana Facebookissa. Ilmoittaudu webinaariin t\u00e4\u00e4lt\u00e4: &nbsp;<\/p>\n\n\n\n<p>#EUViikossa<br>Sis\u00e4lt\u00f6: European Movement International ja Eduskunta<br>Kuva: Daniel Schludi<\/p>\n","protected":false},"excerpt":{"rendered":"<p>T\u00e4ll\u00e4 viikolla mepit osallistuvat t\u00e4ysistuntoon, jossa k\u00e4sittelyss\u00e4 ovat Oikeudenmukaisen siirtym\u00e4n mekanismi sek\u00e4 keskustelua rokotepatenteista ja EU:n strategiasta koskien Israelia ja Palestiinaa. Euroopan parlamentti, neuvosto ja komissio sen sijaan pyrkiv\u00e4t t\u00e4ll\u00e4 viikolla p\u00e4\u00e4sem\u00e4\u00e4n sopimukseen Covid-19 -sertifikaateista. Nuoriso-, kulttuuri- sek\u00e4 koulutusministerit tapaavat t\u00e4n\u00e4\u00e4n ja huomenna keskustellakseen oikeudenmukaisuudesta sek\u00e4 inklusiivisuudesta koulutuksessa. Komissio taas pit\u00e4\u00e4 toisen Schengen Foruminsa t\u00e4n\u00e4\u00e4n [&hellip;]<\/p>\n","protected":false},"author":4,"featured_media":0,"comment_status":"closed","ping_status":"closed","sticky":false,"template":"","format":"standard","meta":{"_et_pb_use_builder":"","_et_pb_old_content":"","_et_gb_content_width":""},"categories":[8,10,14,9],"tags":[],"yoast_head":"<!-- This site is optimized with the Yoast SEO plugin v19.13 - https:\/\/yoast.com\/wordpress\/plugins\/seo\/ -->\n<title>Schengen Forum | Oikeudenmukainen siirtym\u00e4 | Koulutus - Eurooppalainen Suomi<\/title>\n<meta name=\"robots\" content=\"index, follow, max-snippet:-1, max-image-preview:large, max-video-preview:-1\" \/>\n<link rel=\"canonical\" href=\"https:\/\/www.eurooppalainensuomi.fi\/schengen-forum-oikeudenmukainen-siirtyma-koulutus\" \/>\n<meta property=\"og:locale\" content=\"en_US\" \/>\n<meta property=\"og:type\" content=\"article\" \/>\n<meta property=\"og:title\" content=\"Schengen Forum | Oikeudenmukainen siirtym\u00e4 | Koulutus - Eurooppalainen Suomi\" \/>\n<meta property=\"og:description\" content=\"T\u00e4ll\u00e4 viikolla mepit osallistuvat t\u00e4ysistuntoon, jossa k\u00e4sittelyss\u00e4 ovat Oikeudenmukaisen siirtym\u00e4n mekanismi sek\u00e4 keskustelua rokotepatenteista ja EU:n strategiasta koskien Israelia ja Palestiinaa. Euroopan parlamentti, neuvosto ja komissio sen sijaan pyrkiv\u00e4t t\u00e4ll\u00e4 viikolla p\u00e4\u00e4sem\u00e4\u00e4n sopimukseen Covid-19 -sertifikaateista. Nuoriso-, kulttuuri- sek\u00e4 koulutusministerit tapaavat t\u00e4n\u00e4\u00e4n ja huomenna keskustellakseen oikeudenmukaisuudesta sek\u00e4 inklusiivisuudesta koulutuksessa. Komissio taas pit\u00e4\u00e4 toisen Schengen Foruminsa t\u00e4n\u00e4\u00e4n [&hellip;]\" \/>\n<meta property=\"og:url\" content=\"https:\/\/www.eurooppalainensuomi.fi\/schengen-forum-oikeudenmukainen-siirtyma-koulutus\" \/>\n<meta property=\"og:site_name\" content=\"Eurooppalainen Suomi\" \/>\n<meta property=\"article:publisher\" content=\"https:\/\/www.facebook.com\/eurooppalainensuomi\" \/>\n<meta property=\"article:published_time\" content=\"2021-05-17T09:04:32+00:00\" \/>\n<meta property=\"article:modified_time\" content=\"2021-05-17T09:04:38+00:00\" \/>\n<meta property=\"og:image\" content=\"https:\/\/www.eurooppalainensuomi.fi\/wp-content\/uploads\/2021\/05\/daniel-schludi-e1RI3wRelqM-unsplash-scaled.jpg\" \/>\n\t<meta property=\"og:image:width\" content=\"2560\" \/>\n\t<meta property=\"og:image:height\" content=\"1707\" \/>\n\t<meta property=\"og:image:type\" content=\"image\/jpeg\" \/>\n<meta name=\"author\" content=\"Admin\" \/>\n<meta name=\"twitter:card\" content=\"summary_large_image\" \/>\n<meta name=\"twitter:creator\" content=\"@em_finland\" \/>\n<meta name=\"twitter:site\" content=\"@em_finland\" \/>\n<meta name=\"twitter:label1\" content=\"Written by\" \/>\n\t<meta name=\"twitter:data1\" content=\"Admin\" \/>\n\t<meta name=\"twitter:label2\" content=\"Est. reading time\" \/>\n\t<meta name=\"twitter:data2\" content=\"2 minutes\" \/>\n<script type=\"application\/ld+json\" class=\"yoast-schema-graph\">{\"@context\":\"https:\/\/schema.org\",\"@graph\":[{\"@type\":\"Article\",\"@id\":\"https:\/\/www.eurooppalainensuomi.fi\/schengen-forum-oikeudenmukainen-siirtyma-koulutus#article\",\"isPartOf\":{\"@id\":\"https:\/\/www.eurooppalainensuomi.fi\/schengen-forum-oikeudenmukainen-siirtyma-koulutus\"},\"author\":{\"name\":\"Admin\",\"@id\":\"https:\/\/www.eurooppalainensuomi.fi\/#\/schema\/person\/9635843384121bb89ed49f8d3129daee\"},\"headline\":\"Schengen Forum | Oikeudenmukainen siirtym\u00e4 | Koulutus\",\"datePublished\":\"2021-05-17T09:04:32+00:00\",\"dateModified\":\"2021-05-17T09:04:38+00:00\",\"mainEntityOfPage\":{\"@id\":\"https:\/\/www.eurooppalainensuomi.fi\/schengen-forum-oikeudenmukainen-siirtyma-koulutus\"},\"wordCount\":364,\"publisher\":{\"@id\":\"https:\/\/www.eurooppalainensuomi.fi\/#organization\"},\"articleSection\":[\"Ajankohtaista\",\"Julkaisut\",\"Tiedotteet\",\"Uutiset\"],\"inLanguage\":\"en\"},{\"@type\":\"WebPage\",\"@id\":\"https:\/\/www.eurooppalainensuomi.fi\/schengen-forum-oikeudenmukainen-siirtyma-koulutus\",\"url\":\"https:\/\/www.eurooppalainensuomi.fi\/schengen-forum-oikeudenmukainen-siirtyma-koulutus\",\"name\":\"Schengen Forum | Oikeudenmukainen siirtym\u00e4 | Koulutus - Eurooppalainen Suomi\",\"isPartOf\":{\"@id\":\"https:\/\/www.eurooppalainensuomi.fi\/#website\"},\"datePublished\":\"2021-05-17T09:04:32+00:00\",\"dateModified\":\"2021-05-17T09:04:38+00:00\",\"breadcrumb\":{\"@id\":\"https:\/\/www.eurooppalainensuomi.fi\/schengen-forum-oikeudenmukainen-siirtyma-koulutus#breadcrumb\"},\"inLanguage\":\"en\",\"potentialAction\":[{\"@type\":\"ReadAction\",\"target\":[\"https:\/\/www.eurooppalainensuomi.fi\/schengen-forum-oikeudenmukainen-siirtyma-koulutus\"]}]},{\"@type\":\"BreadcrumbList\",\"@id\":\"https:\/\/www.eurooppalainensuomi.fi\/schengen-forum-oikeudenmukainen-siirtyma-koulutus#breadcrumb\",\"itemListElement\":[{\"@type\":\"ListItem\",\"position\":1,\"name\":\"Etusivu\",\"item\":\"https:\/\/www.eurooppalainensuomi.fi\/\"},{\"@type\":\"ListItem\",\"position\":2,\"name\":\"Schengen Forum | Oikeudenmukainen siirtym\u00e4 | Koulutus\"}]},{\"@type\":\"WebSite\",\"@id\":\"https:\/\/www.eurooppalainensuomi.fi\/#website\",\"url\":\"https:\/\/www.eurooppalainensuomi.fi\/\",\"name\":\"Eurooppalainen Suomi\",\"description\":\"Parempaa Eurooppaa rakentamassa\",\"publisher\":{\"@id\":\"https:\/\/www.eurooppalainensuomi.fi\/#organization\"},\"potentialAction\":[{\"@type\":\"SearchAction\",\"target\":{\"@type\":\"EntryPoint\",\"urlTemplate\":\"https:\/\/www.eurooppalainensuomi.fi\/?s={search_term_string}\"},\"query-input\":\"required name=search_term_string\"}],\"inLanguage\":\"en\"},{\"@type\":\"Organization\",\"@id\":\"https:\/\/www.eurooppalainensuomi.fi\/#organization\",\"name\":\"Eurooppalainen Suomi ry\",\"url\":\"https:\/\/www.eurooppalainensuomi.fi\/\",\"logo\":{\"@type\":\"ImageObject\",\"inLanguage\":\"en\",\"@id\":\"https:\/\/www.eurooppalainensuomi.fi\/#\/schema\/logo\/image\/\",\"url\":\"https:\/\/www.eurooppalainensuomi.fi\/wp-content\/uploads\/2021\/01\/PNG_large.png\",\"contentUrl\":\"https:\/\/www.eurooppalainensuomi.fi\/wp-content\/uploads\/2021\/01\/PNG_large.png\",\"width\":586,\"height\":220,\"caption\":\"Eurooppalainen Suomi ry\"},\"image\":{\"@id\":\"https:\/\/www.eurooppalainensuomi.fi\/#\/schema\/logo\/image\/\"},\"sameAs\":[\"https:\/\/instagram.com\/eurooppalainensuomi\",\"https:\/\/www.youtube.com\/channel\/UCBeqyrm1ze2RinjeAYS_-Jg\",\"https:\/\/fi.wikipedia.org\/wiki\/Eurooppalainen_Suomi\",\"https:\/\/www.facebook.com\/eurooppalainensuomi\",\"https:\/\/twitter.com\/em_finland\"]},{\"@type\":\"Person\",\"@id\":\"https:\/\/www.eurooppalainensuomi.fi\/#\/schema\/person\/9635843384121bb89ed49f8d3129daee\",\"name\":\"Admin\",\"image\":{\"@type\":\"ImageObject\",\"inLanguage\":\"en\",\"@id\":\"https:\/\/www.eurooppalainensuomi.fi\/#\/schema\/person\/image\/\",\"url\":\"https:\/\/secure.gravatar.com\/avatar\/813eb247d5c8e5914db8a949c18b8e26?s=96&d=mm&r=g\",\"contentUrl\":\"https:\/\/secure.gravatar.com\/avatar\/813eb247d5c8e5914db8a949c18b8e26?s=96&d=mm&r=g\",\"caption\":\"Admin\"}}]}<\/script>\n<!-- \/ Yoast SEO plugin. -->","yoast_head_json":{"title":"Schengen Forum | Oikeudenmukainen siirtym\u00e4 | Koulutus - Eurooppalainen Suomi","robots":{"index":"index","follow":"follow","max-snippet":"max-snippet:-1","max-image-preview":"max-image-preview:large","max-video-preview":"max-video-preview:-1"},"canonical":"https:\/\/www.eurooppalainensuomi.fi\/schengen-forum-oikeudenmukainen-siirtyma-koulutus","og_locale":"en_US","og_type":"article","og_title":"Schengen Forum | Oikeudenmukainen siirtym\u00e4 | Koulutus - Eurooppalainen Suomi","og_description":"T\u00e4ll\u00e4 viikolla mepit osallistuvat t\u00e4ysistuntoon, jossa k\u00e4sittelyss\u00e4 ovat Oikeudenmukaisen siirtym\u00e4n mekanismi sek\u00e4 keskustelua rokotepatenteista ja EU:n strategiasta koskien Israelia ja Palestiinaa. Euroopan parlamentti, neuvosto ja komissio sen sijaan pyrkiv\u00e4t t\u00e4ll\u00e4 viikolla p\u00e4\u00e4sem\u00e4\u00e4n sopimukseen Covid-19 -sertifikaateista. Nuoriso-, kulttuuri- sek\u00e4 koulutusministerit tapaavat t\u00e4n\u00e4\u00e4n ja huomenna keskustellakseen oikeudenmukaisuudesta sek\u00e4 inklusiivisuudesta koulutuksessa. Komissio taas pit\u00e4\u00e4 toisen Schengen Foruminsa t\u00e4n\u00e4\u00e4n [&hellip;]","og_url":"https:\/\/www.eurooppalainensuomi.fi\/schengen-forum-oikeudenmukainen-siirtyma-koulutus","og_site_name":"Eurooppalainen Suomi","article_publisher":"https:\/\/www.facebook.com\/eurooppalainensuomi","article_published_time":"2021-05-17T09:04:32+00:00","article_modified_time":"2021-05-17T09:04:38+00:00","og_image":[{"width":2560,"height":1707,"url":"https:\/\/www.eurooppalainensuomi.fi\/wp-content\/uploads\/2021\/05\/daniel-schludi-e1RI3wRelqM-unsplash-scaled.jpg","type":"image\/jpeg"}],"author":"Admin","twitter_card":"summary_large_image","twitter_creator":"@em_finland","twitter_site":"@em_finland","twitter_misc":{"Written by":"Admin","Est. reading time":"2 minutes"},"schema":{"@context":"https:\/\/schema.org","@graph":[{"@type":"Article","@id":"https:\/\/www.eurooppalainensuomi.fi\/schengen-forum-oikeudenmukainen-siirtyma-koulutus#article","isPartOf":{"@id":"https:\/\/www.eurooppalainensuomi.fi\/schengen-forum-oikeudenmukainen-siirtyma-koulutus"},"author":{"name":"Admin","@id":"https:\/\/www.eurooppalainensuomi.fi\/#\/schema\/person\/9635843384121bb89ed49f8d3129daee"},"headline":"Schengen Forum | Oikeudenmukainen siirtym\u00e4 | Koulutus","datePublished":"2021-05-17T09:04:32+00:00","dateModified":"2021-05-17T09:04:38+00:00","mainEntityOfPage":{"@id":"https:\/\/www.eurooppalainensuomi.fi\/schengen-forum-oikeudenmukainen-siirtyma-koulutus"},"wordCount":364,"publisher":{"@id":"https:\/\/www.eurooppalainensuomi.fi\/#organization"},"articleSection":["Ajankohtaista","Julkaisut","Tiedotteet","Uutiset"],"inLanguage":"en"},{"@type":"WebPage","@id":"https:\/\/www.eurooppalainensuomi.fi\/schengen-forum-oikeudenmukainen-siirtyma-koulutus","url":"https:\/\/www.eurooppalainensuomi.fi\/schengen-forum-oikeudenmukainen-siirtyma-koulutus","name":"Schengen Forum | Oikeudenmukainen siirtym\u00e4 | Koulutus - Eurooppalainen Suomi","isPartOf":{"@id":"https:\/\/www.eurooppalainensuomi.fi\/#website"},"datePublished":"2021-05-17T09:04:32+00:00","dateModified":"2021-05-17T09:04:38+00:00","breadcrumb":{"@id":"https:\/\/www.eurooppalainensuomi.fi\/schengen-forum-oikeudenmukainen-siirtyma-koulutus#breadcrumb"},"inLanguage":"en","potentialAction":[{"@type":"ReadAction","target":["https:\/\/www.eurooppalainensuomi.fi\/schengen-forum-oikeudenmukainen-siirtyma-koulutus"]}]},{"@type":"BreadcrumbList","@id":"https:\/\/www.eurooppalainensuomi.fi\/schengen-forum-oikeudenmukainen-siirtyma-koulutus#breadcrumb","itemListElement":[{"@type":"ListItem","position":1,"name":"Etusivu","item":"https:\/\/www.eurooppalainensuomi.fi\/"},{"@type":"ListItem","position":2,"name":"Schengen Forum | Oikeudenmukainen siirtym\u00e4 | Koulutus"}]},{"@type":"WebSite","@id":"https:\/\/www.eurooppalainensuomi.fi\/#website","url":"https:\/\/www.eurooppalainensuomi.fi\/","name":"Eurooppalainen Suomi","description":"Parempaa Eurooppaa rakentamassa","publisher":{"@id":"https:\/\/www.eurooppalainensuomi.fi\/#organization"},"potentialAction":[{"@type":"SearchAction","target":{"@type":"EntryPoint","urlTemplate":"https:\/\/www.eurooppalainensuomi.fi\/?s={search_term_string}"},"query-input":"required name=search_term_string"}],"inLanguage":"en"},{"@type":"Organization","@id":"https:\/\/www.eurooppalainensuomi.fi\/#organization","name":"Eurooppalainen Suomi ry","url":"https:\/\/www.eurooppalainensuomi.fi\/","logo":{"@type":"ImageObject","inLanguage":"en","@id":"https:\/\/www.eurooppalainensuomi.fi\/#\/schema\/logo\/image\/","url":"https:\/\/www.eurooppalainensuomi.fi\/wp-content\/uploads\/2021\/01\/PNG_large.png","contentUrl":"https:\/\/www.eurooppalainensuomi.fi\/wp-content\/uploads\/2021\/01\/PNG_large.png","width":586,"height":220,"caption":"Eurooppalainen Suomi ry"},"image":{"@id":"https:\/\/www.eurooppalainensuomi.fi\/#\/schema\/logo\/image\/"},"sameAs":["https:\/\/instagram.com\/eurooppalainensuomi","https:\/\/www.youtube.com\/channel\/UCBeqyrm1ze2RinjeAYS_-Jg","https:\/\/fi.wikipedia.org\/wiki\/Eurooppalainen_Suomi","https:\/\/www.facebook.com\/eurooppalainensuomi","https:\/\/twitter.com\/em_finland"]},{"@type":"Person","@id":"https:\/\/www.eurooppalainensuomi.fi\/#\/schema\/person\/9635843384121bb89ed49f8d3129daee","name":"Admin","image":{"@type":"ImageObject","inLanguage":"en","@id":"https:\/\/www.eurooppalainensuomi.fi\/#\/schema\/person\/image\/","url":"https:\/\/secure.gravatar.com\/avatar\/813eb247d5c8e5914db8a949c18b8e26?s=96&d=mm&r=g","contentUrl":"https:\/\/secure.gravatar.com\/avatar\/813eb247d5c8e5914db8a949c18b8e26?s=96&d=mm&r=g","caption":"Admin"}}]}},"jetpack_featured_media_url":"","_links":{"self":[{"href":"https:\/\/www.eurooppalainensuomi.fi\/index.php?rest_route=\/wp\/v2\/posts\/2840"}],"collection":[{"href":"https:\/\/www.eurooppalainensuomi.fi\/index.php?rest_route=\/wp\/v2\/posts"}],"about":[{"href":"https:\/\/www.eurooppalainensuomi.fi\/index.php?rest_route=\/wp\/v2\/types\/post"}],"author":[{"embeddable":true,"href":"https:\/\/www.eurooppalainensuomi.fi\/index.php?rest_route=\/wp\/v2\/users\/4"}],"replies":[{"embeddable":true,"href":"https:\/\/www.eurooppalainensuomi.fi\/index.php?rest_route=%2Fwp%2Fv2%2Fcomments&post=2840"}],"version-history":[{"count":1,"href":"https:\/\/www.eurooppalainensuomi.fi\/index.php?rest_route=\/wp\/v2\/posts\/2840\/revisions"}],"predecessor-version":[{"id":2842,"href":"https:\/\/www.eurooppalainensuomi.fi\/index.php?rest_route=\/wp\/v2\/posts\/2840\/revisions\/2842"}],"wp:attachment":[{"href":"https:\/\/www.eurooppalainensuomi.fi\/index.php?rest_route=%2Fwp%2Fv2%2Fmedia&parent=2840"}],"wp:term":[{"taxonomy":"category","embeddable":true,"href":"https:\/\/www.eurooppalainensuomi.fi\/index.php?rest_route=%2Fwp%2Fv2%2Fcategories&post=2840"},{"taxonomy":"post_tag","embeddable":true,"href":"https:\/\/www.eurooppalainensuomi.fi\/index.php?rest_route=%2Fwp%2Fv2%2Ftags&post=2840"}],"curies":[{"name":"wp","href":"https:\/\/api.w.org\/{rel}","templated":true}]}}