{"id":2678,"date":"2021-04-26T15:17:05","date_gmt":"2021-04-26T13:17:05","guid":{"rendered":"https:\/\/www.eurooppalainensuomi.fi\/?p=2678"},"modified":"2021-04-26T15:17:12","modified_gmt":"2021-04-26T13:17:12","slug":"digitaalinen-vihrea-todistus-eu-uk-sopimus-lehdistonvapaus","status":"publish","type":"post","link":"https:\/\/www.eurooppalainensuomi.fi\/digitaalinen-vihrea-todistus-eu-uk-sopimus-lehdistonvapaus","title":{"rendered":"Digitaalinen vihre\u00e4 todistus | EU-UK sopimus | Lehdist\u00f6nvapaus"},"content":{"rendered":"\n<p>T\u00e4ll\u00e4 viikolla mepit osallistuvat t\u00e4ysistuntoon, jossa k\u00e4sitell\u00e4\u00e4n mm. komission ehdotusta digitaaliselle vihre\u00e4lle todistukselle sek\u00e4 EU:n ja Yhdistyneen kuningaskunnan kauppa- ja yhteisty\u00f6sopimusta.<\/p>\n\n\n\n<p>Maatalousministerit sen sijaan kokoustavat t\u00e4n\u00e4\u00e4n keskustellakseen markkinoista ja kauppa-asioista sek\u00e4 yhteisen maatalouspolitiikan uudistuksen nykytilasta.<\/p>\n\n\n\n<p><strong>Euroopan parlamentti<\/strong><br>T\u00e4m\u00e4n viikon t\u00e4ysistuntoviikolla mepit \u00e4\u00e4nest\u00e4v\u00e4t lukuisista aiheista, mm. komission ehdotuksesta digitaaliselle vihre\u00e4lle todistukselle, EU:n ja Yhdistyneen kuningaskunnan kauppa- ja yhteisty\u00f6sopimuksesta, terroristisen sis\u00e4ll\u00f6n kitkemisest\u00e4 verkosta, rautatieliikenteen matkustajien oikeuksista sek\u00e4 EU:n petostentorjunnan ja puolustusyhteisty\u00f6n ohjelmista. Mepit my\u00f6s kommentoivat viimeisimm\u00e4n Euroopan neuvoston huippukokouksen lopputulemia sek\u00e4 keskustelevat aikaisemmin huhtikuussa j\u00e4rjestetyst\u00e4 EU:n ja Turkin johdon v\u00e4lisest\u00e4 kokouksesta.\u00a0<\/p>\n\n\n\n<p><strong>Euroopan komissio<\/strong><br>Tiistaina komission kollegio keskustelee Euroopan teollisuusstrategian p\u00e4ivitt\u00e4misest\u00e4, ehdotuksesta kest\u00e4v\u00e4\u00e4n vapaaehtoiseen paluuseen sek\u00e4 sopeutuksen strategiasta, mutta my\u00f6s tiedonannosta parempaan s\u00e4\u00e4ntelyyn. Torstaina Euroopan kaasualan s\u00e4\u00e4ntelyfoorumi kokoontuu virtuaalisesti. Perjantaina komissaari Jourov\u00e1 puhuu Eurooppalaisella foorumilla maailman lehdist\u00f6nvapauden p\u00e4iv\u00e4n kunniaksi.<\/p>\n\n\n\n<p><strong>Euroopan neuvosto<\/strong><br>EU:n maatalousministerit kokoontuvat t\u00e4n\u00e4\u00e4n keskustellakseen maatalousmarkkinoiden nykytilasta, kaupank\u00e4ynnin ongelmista, sek\u00e4 strategiasta el\u00e4inten hyvinvoinnille sek\u00e4 ruokatuotteiden etiketeist\u00e4. He my\u00f6s vaihtavat n\u00e4kemyksi\u00e4\u00e4n EU:n yhteisen maatalouspolitiikan uudistamisen nykytilasta. Torstaina EU:n kehitysministerit pit\u00e4v\u00e4t tilaisuuden Euroopan finanssirakenteen tulevaisuudesta.\u00a0<\/p>\n\n\n\n<p><strong>Eduskunta<\/strong><br>Suuri valiokunta ja suomalaismepit keskustelivat EU-selonteosta sek\u00e4 tulevaisuuskonferenssista viime viikon perjantaina.\u00a0<\/p>\n\n\n\n<p>Avauspuheenvuoroissaan mepit nostivat esille mielest\u00e4\u00e4n keskeisimpi\u00e4 n\u00e4k\u00f6kulmia EU-selontekoon sek\u00e4 tulevaisuuskonferenssiin. Suuren valiokunnan j\u00e4senten puheenvuorojen j\u00e4lkeen keskustelua k\u00e4ytiin mm. EU:n ja Suomen talouden ja kilpailukyvyn parantamisesta, kansainv\u00e4lisest\u00e4 verokilpailusta, ilmastopolitiikasta sek\u00e4 maa- ja mets\u00e4talouspolitiikasta, EU:n yhteisest\u00e4 arvopohjasta, suhteesta Yhdysvaltoihin sek\u00e4 tulevaisuuskonferenssin rakenteesta ja odotuksista.<\/p>\n\n\n\n<p><strong>Tapahtumat<\/strong><br>Alla on Eurooppa-p\u00e4iv\u00e4n kolme p\u00e4iv\u00e4\u00e4 kest\u00e4v\u00e4n tapahtuman aikataulu 7-9.5 (p\u00e4ivittyy viel\u00e4 osittain).<\/p>\n\n\n\n<p><strong>Perjantai 7.5<\/strong><br>09:00-10:00 &#8211; Euroopan Suunta: Unionin kansainv\u00e4liset suhteet<br>10:00-11:00 &#8211; Euroopan tulevaisuus p\u00f6yd\u00e4ll\u00e4<br>11:15-11:45 &#8211; Eurooppa-foorumi 2021: Ohjelmajulkistus<br>12:00-13:00 &#8211; Raideliikenne mukana vihert\u00e4mistalkoissa (Euroopan komission Suomen-edustusto)<br>13:00-14:00 &#8211; Ura EU:ssa &#8211; miten ja miksi? (Eurooppanuoret ja Ulkoministeri\u00f6n Eurooppatiedotus)<br>14:00-14:30 &#8211; ibe | Live-keikka<\/p>\n\n\n\n<p><strong>Lauantai 8.5<\/strong><br>10:00-11:00 &#8211; Lahti: Euroopan ymp\u00e4rist\u00f6p\u00e4\u00e4kaupunki<br>11:00-12:00 &#8211; Katoaako Suomi EU:n ytimist\u00e4?<br>12:00-13:00 &#8211; Uusi eurooppalainen Bauhaus (Euroopan komission Suomen-edustusto)<br>13:00-13:30 &#8211; Stand-up: James L\u00f3rien MacDonald<br>13:30-14:00 &#8211; Stand-up: Fathi Ahmed<\/p>\n\n\n\n<p><strong>Sunnuntai 9.5<\/strong><br>10:00-10:30 &#8211; Euroopan Suunta -kampanjan k\u00e4ynnistys<\/p>\n\n\n\n<p>#EUviikossa<br>European Movement International ja Eduskunta: Sis\u00e4lt\u00f6<br>Kuva: Christian Lue<\/p>\n","protected":false},"excerpt":{"rendered":"<p>T\u00e4ll\u00e4 viikolla mepit osallistuvat t\u00e4ysistuntoon, jossa k\u00e4sitell\u00e4\u00e4n mm. komission ehdotusta digitaaliselle vihre\u00e4lle todistukselle sek\u00e4 EU:n ja Yhdistyneen kuningaskunnan kauppa- ja yhteisty\u00f6sopimusta. Maatalousministerit sen sijaan kokoustavat t\u00e4n\u00e4\u00e4n keskustellakseen markkinoista ja kauppa-asioista sek\u00e4 yhteisen maatalouspolitiikan uudistuksen nykytilasta. Euroopan parlamenttiT\u00e4m\u00e4n viikon t\u00e4ysistuntoviikolla mepit \u00e4\u00e4nest\u00e4v\u00e4t lukuisista aiheista, mm. komission ehdotuksesta digitaaliselle vihre\u00e4lle todistukselle, EU:n ja Yhdistyneen kuningaskunnan kauppa- ja [&hellip;]<\/p>\n","protected":false},"author":4,"featured_media":0,"comment_status":"closed","ping_status":"closed","sticky":false,"template":"","format":"standard","meta":{"_et_pb_use_builder":"","_et_pb_old_content":"","_et_gb_content_width":""},"categories":[8,14,9],"tags":[],"yoast_head":"<!-- This site is optimized with the Yoast SEO plugin v19.13 - https:\/\/yoast.com\/wordpress\/plugins\/seo\/ -->\n<title>Digitaalinen vihre\u00e4 todistus | EU-UK sopimus | Lehdist\u00f6nvapaus - Eurooppalainen Suomi<\/title>\n<meta name=\"robots\" content=\"index, follow, max-snippet:-1, max-image-preview:large, max-video-preview:-1\" \/>\n<link rel=\"canonical\" href=\"https:\/\/www.eurooppalainensuomi.fi\/digitaalinen-vihrea-todistus-eu-uk-sopimus-lehdistonvapaus\" \/>\n<meta property=\"og:locale\" content=\"en_US\" \/>\n<meta property=\"og:type\" content=\"article\" \/>\n<meta property=\"og:title\" content=\"Digitaalinen vihre\u00e4 todistus | EU-UK sopimus | Lehdist\u00f6nvapaus - Eurooppalainen Suomi\" \/>\n<meta property=\"og:description\" content=\"T\u00e4ll\u00e4 viikolla mepit osallistuvat t\u00e4ysistuntoon, jossa k\u00e4sitell\u00e4\u00e4n mm. komission ehdotusta digitaaliselle vihre\u00e4lle todistukselle sek\u00e4 EU:n ja Yhdistyneen kuningaskunnan kauppa- ja yhteisty\u00f6sopimusta. Maatalousministerit sen sijaan kokoustavat t\u00e4n\u00e4\u00e4n keskustellakseen markkinoista ja kauppa-asioista sek\u00e4 yhteisen maatalouspolitiikan uudistuksen nykytilasta. Euroopan parlamenttiT\u00e4m\u00e4n viikon t\u00e4ysistuntoviikolla mepit \u00e4\u00e4nest\u00e4v\u00e4t lukuisista aiheista, mm. komission ehdotuksesta digitaaliselle vihre\u00e4lle todistukselle, EU:n ja Yhdistyneen kuningaskunnan kauppa- ja [&hellip;]\" \/>\n<meta property=\"og:url\" content=\"https:\/\/www.eurooppalainensuomi.fi\/digitaalinen-vihrea-todistus-eu-uk-sopimus-lehdistonvapaus\" \/>\n<meta property=\"og:site_name\" content=\"Eurooppalainen Suomi\" \/>\n<meta property=\"article:publisher\" content=\"https:\/\/www.facebook.com\/eurooppalainensuomi\" \/>\n<meta property=\"article:published_time\" content=\"2021-04-26T13:17:05+00:00\" \/>\n<meta property=\"article:modified_time\" content=\"2021-04-26T13:17:12+00:00\" \/>\n<meta property=\"og:image\" content=\"https:\/\/www.eurooppalainensuomi.fi\/wp-content\/uploads\/2021\/04\/christian-lue-MZWBMNP7Nro-unsplash-scaled.jpg\" \/>\n\t<meta property=\"og:image:width\" content=\"2560\" \/>\n\t<meta property=\"og:image:height\" content=\"1707\" \/>\n\t<meta property=\"og:image:type\" content=\"image\/jpeg\" \/>\n<meta name=\"author\" content=\"Admin\" \/>\n<meta name=\"twitter:card\" content=\"summary_large_image\" \/>\n<meta name=\"twitter:creator\" content=\"@em_finland\" \/>\n<meta name=\"twitter:site\" content=\"@em_finland\" \/>\n<meta name=\"twitter:label1\" content=\"Written by\" \/>\n\t<meta name=\"twitter:data1\" content=\"Admin\" \/>\n\t<meta name=\"twitter:label2\" content=\"Est. reading time\" \/>\n\t<meta name=\"twitter:data2\" content=\"2 minutes\" \/>\n<script type=\"application\/ld+json\" class=\"yoast-schema-graph\">{\"@context\":\"https:\/\/schema.org\",\"@graph\":[{\"@type\":\"Article\",\"@id\":\"https:\/\/www.eurooppalainensuomi.fi\/digitaalinen-vihrea-todistus-eu-uk-sopimus-lehdistonvapaus#article\",\"isPartOf\":{\"@id\":\"https:\/\/www.eurooppalainensuomi.fi\/digitaalinen-vihrea-todistus-eu-uk-sopimus-lehdistonvapaus\"},\"author\":{\"name\":\"Admin\",\"@id\":\"https:\/\/www.eurooppalainensuomi.fi\/#\/schema\/person\/9635843384121bb89ed49f8d3129daee\"},\"headline\":\"Digitaalinen vihre\u00e4 todistus | EU-UK sopimus | Lehdist\u00f6nvapaus\",\"datePublished\":\"2021-04-26T13:17:05+00:00\",\"dateModified\":\"2021-04-26T13:17:12+00:00\",\"mainEntityOfPage\":{\"@id\":\"https:\/\/www.eurooppalainensuomi.fi\/digitaalinen-vihrea-todistus-eu-uk-sopimus-lehdistonvapaus\"},\"wordCount\":400,\"publisher\":{\"@id\":\"https:\/\/www.eurooppalainensuomi.fi\/#organization\"},\"articleSection\":[\"Ajankohtaista\",\"Tiedotteet\",\"Uutiset\"],\"inLanguage\":\"en\"},{\"@type\":\"WebPage\",\"@id\":\"https:\/\/www.eurooppalainensuomi.fi\/digitaalinen-vihrea-todistus-eu-uk-sopimus-lehdistonvapaus\",\"url\":\"https:\/\/www.eurooppalainensuomi.fi\/digitaalinen-vihrea-todistus-eu-uk-sopimus-lehdistonvapaus\",\"name\":\"Digitaalinen vihre\u00e4 todistus | EU-UK sopimus | Lehdist\u00f6nvapaus - Eurooppalainen Suomi\",\"isPartOf\":{\"@id\":\"https:\/\/www.eurooppalainensuomi.fi\/#website\"},\"datePublished\":\"2021-04-26T13:17:05+00:00\",\"dateModified\":\"2021-04-26T13:17:12+00:00\",\"breadcrumb\":{\"@id\":\"https:\/\/www.eurooppalainensuomi.fi\/digitaalinen-vihrea-todistus-eu-uk-sopimus-lehdistonvapaus#breadcrumb\"},\"inLanguage\":\"en\",\"potentialAction\":[{\"@type\":\"ReadAction\",\"target\":[\"https:\/\/www.eurooppalainensuomi.fi\/digitaalinen-vihrea-todistus-eu-uk-sopimus-lehdistonvapaus\"]}]},{\"@type\":\"BreadcrumbList\",\"@id\":\"https:\/\/www.eurooppalainensuomi.fi\/digitaalinen-vihrea-todistus-eu-uk-sopimus-lehdistonvapaus#breadcrumb\",\"itemListElement\":[{\"@type\":\"ListItem\",\"position\":1,\"name\":\"Etusivu\",\"item\":\"https:\/\/www.eurooppalainensuomi.fi\/\"},{\"@type\":\"ListItem\",\"position\":2,\"name\":\"Digitaalinen vihre\u00e4 todistus | EU-UK sopimus | Lehdist\u00f6nvapaus\"}]},{\"@type\":\"WebSite\",\"@id\":\"https:\/\/www.eurooppalainensuomi.fi\/#website\",\"url\":\"https:\/\/www.eurooppalainensuomi.fi\/\",\"name\":\"Eurooppalainen Suomi\",\"description\":\"Parempaa Eurooppaa rakentamassa\",\"publisher\":{\"@id\":\"https:\/\/www.eurooppalainensuomi.fi\/#organization\"},\"potentialAction\":[{\"@type\":\"SearchAction\",\"target\":{\"@type\":\"EntryPoint\",\"urlTemplate\":\"https:\/\/www.eurooppalainensuomi.fi\/?s={search_term_string}\"},\"query-input\":\"required name=search_term_string\"}],\"inLanguage\":\"en\"},{\"@type\":\"Organization\",\"@id\":\"https:\/\/www.eurooppalainensuomi.fi\/#organization\",\"name\":\"Eurooppalainen Suomi ry\",\"url\":\"https:\/\/www.eurooppalainensuomi.fi\/\",\"logo\":{\"@type\":\"ImageObject\",\"inLanguage\":\"en\",\"@id\":\"https:\/\/www.eurooppalainensuomi.fi\/#\/schema\/logo\/image\/\",\"url\":\"https:\/\/www.eurooppalainensuomi.fi\/wp-content\/uploads\/2021\/01\/PNG_large.png\",\"contentUrl\":\"https:\/\/www.eurooppalainensuomi.fi\/wp-content\/uploads\/2021\/01\/PNG_large.png\",\"width\":586,\"height\":220,\"caption\":\"Eurooppalainen Suomi ry\"},\"image\":{\"@id\":\"https:\/\/www.eurooppalainensuomi.fi\/#\/schema\/logo\/image\/\"},\"sameAs\":[\"https:\/\/instagram.com\/eurooppalainensuomi\",\"https:\/\/www.youtube.com\/channel\/UCBeqyrm1ze2RinjeAYS_-Jg\",\"https:\/\/fi.wikipedia.org\/wiki\/Eurooppalainen_Suomi\",\"https:\/\/www.facebook.com\/eurooppalainensuomi\",\"https:\/\/twitter.com\/em_finland\"]},{\"@type\":\"Person\",\"@id\":\"https:\/\/www.eurooppalainensuomi.fi\/#\/schema\/person\/9635843384121bb89ed49f8d3129daee\",\"name\":\"Admin\",\"image\":{\"@type\":\"ImageObject\",\"inLanguage\":\"en\",\"@id\":\"https:\/\/www.eurooppalainensuomi.fi\/#\/schema\/person\/image\/\",\"url\":\"https:\/\/secure.gravatar.com\/avatar\/813eb247d5c8e5914db8a949c18b8e26?s=96&d=mm&r=g\",\"contentUrl\":\"https:\/\/secure.gravatar.com\/avatar\/813eb247d5c8e5914db8a949c18b8e26?s=96&d=mm&r=g\",\"caption\":\"Admin\"}}]}<\/script>\n<!-- \/ Yoast SEO plugin. -->","yoast_head_json":{"title":"Digitaalinen vihre\u00e4 todistus | EU-UK sopimus | Lehdist\u00f6nvapaus - Eurooppalainen Suomi","robots":{"index":"index","follow":"follow","max-snippet":"max-snippet:-1","max-image-preview":"max-image-preview:large","max-video-preview":"max-video-preview:-1"},"canonical":"https:\/\/www.eurooppalainensuomi.fi\/digitaalinen-vihrea-todistus-eu-uk-sopimus-lehdistonvapaus","og_locale":"en_US","og_type":"article","og_title":"Digitaalinen vihre\u00e4 todistus | EU-UK sopimus | Lehdist\u00f6nvapaus - Eurooppalainen Suomi","og_description":"T\u00e4ll\u00e4 viikolla mepit osallistuvat t\u00e4ysistuntoon, jossa k\u00e4sitell\u00e4\u00e4n mm. komission ehdotusta digitaaliselle vihre\u00e4lle todistukselle sek\u00e4 EU:n ja Yhdistyneen kuningaskunnan kauppa- ja yhteisty\u00f6sopimusta. Maatalousministerit sen sijaan kokoustavat t\u00e4n\u00e4\u00e4n keskustellakseen markkinoista ja kauppa-asioista sek\u00e4 yhteisen maatalouspolitiikan uudistuksen nykytilasta. Euroopan parlamenttiT\u00e4m\u00e4n viikon t\u00e4ysistuntoviikolla mepit \u00e4\u00e4nest\u00e4v\u00e4t lukuisista aiheista, mm. komission ehdotuksesta digitaaliselle vihre\u00e4lle todistukselle, EU:n ja Yhdistyneen kuningaskunnan kauppa- ja [&hellip;]","og_url":"https:\/\/www.eurooppalainensuomi.fi\/digitaalinen-vihrea-todistus-eu-uk-sopimus-lehdistonvapaus","og_site_name":"Eurooppalainen Suomi","article_publisher":"https:\/\/www.facebook.com\/eurooppalainensuomi","article_published_time":"2021-04-26T13:17:05+00:00","article_modified_time":"2021-04-26T13:17:12+00:00","og_image":[{"width":2560,"height":1707,"url":"https:\/\/www.eurooppalainensuomi.fi\/wp-content\/uploads\/2021\/04\/christian-lue-MZWBMNP7Nro-unsplash-scaled.jpg","type":"image\/jpeg"}],"author":"Admin","twitter_card":"summary_large_image","twitter_creator":"@em_finland","twitter_site":"@em_finland","twitter_misc":{"Written by":"Admin","Est. reading time":"2 minutes"},"schema":{"@context":"https:\/\/schema.org","@graph":[{"@type":"Article","@id":"https:\/\/www.eurooppalainensuomi.fi\/digitaalinen-vihrea-todistus-eu-uk-sopimus-lehdistonvapaus#article","isPartOf":{"@id":"https:\/\/www.eurooppalainensuomi.fi\/digitaalinen-vihrea-todistus-eu-uk-sopimus-lehdistonvapaus"},"author":{"name":"Admin","@id":"https:\/\/www.eurooppalainensuomi.fi\/#\/schema\/person\/9635843384121bb89ed49f8d3129daee"},"headline":"Digitaalinen vihre\u00e4 todistus | EU-UK sopimus | Lehdist\u00f6nvapaus","datePublished":"2021-04-26T13:17:05+00:00","dateModified":"2021-04-26T13:17:12+00:00","mainEntityOfPage":{"@id":"https:\/\/www.eurooppalainensuomi.fi\/digitaalinen-vihrea-todistus-eu-uk-sopimus-lehdistonvapaus"},"wordCount":400,"publisher":{"@id":"https:\/\/www.eurooppalainensuomi.fi\/#organization"},"articleSection":["Ajankohtaista","Tiedotteet","Uutiset"],"inLanguage":"en"},{"@type":"WebPage","@id":"https:\/\/www.eurooppalainensuomi.fi\/digitaalinen-vihrea-todistus-eu-uk-sopimus-lehdistonvapaus","url":"https:\/\/www.eurooppalainensuomi.fi\/digitaalinen-vihrea-todistus-eu-uk-sopimus-lehdistonvapaus","name":"Digitaalinen vihre\u00e4 todistus | EU-UK sopimus | Lehdist\u00f6nvapaus - Eurooppalainen Suomi","isPartOf":{"@id":"https:\/\/www.eurooppalainensuomi.fi\/#website"},"datePublished":"2021-04-26T13:17:05+00:00","dateModified":"2021-04-26T13:17:12+00:00","breadcrumb":{"@id":"https:\/\/www.eurooppalainensuomi.fi\/digitaalinen-vihrea-todistus-eu-uk-sopimus-lehdistonvapaus#breadcrumb"},"inLanguage":"en","potentialAction":[{"@type":"ReadAction","target":["https:\/\/www.eurooppalainensuomi.fi\/digitaalinen-vihrea-todistus-eu-uk-sopimus-lehdistonvapaus"]}]},{"@type":"BreadcrumbList","@id":"https:\/\/www.eurooppalainensuomi.fi\/digitaalinen-vihrea-todistus-eu-uk-sopimus-lehdistonvapaus#breadcrumb","itemListElement":[{"@type":"ListItem","position":1,"name":"Etusivu","item":"https:\/\/www.eurooppalainensuomi.fi\/"},{"@type":"ListItem","position":2,"name":"Digitaalinen vihre\u00e4 todistus | EU-UK sopimus | Lehdist\u00f6nvapaus"}]},{"@type":"WebSite","@id":"https:\/\/www.eurooppalainensuomi.fi\/#website","url":"https:\/\/www.eurooppalainensuomi.fi\/","name":"Eurooppalainen Suomi","description":"Parempaa Eurooppaa rakentamassa","publisher":{"@id":"https:\/\/www.eurooppalainensuomi.fi\/#organization"},"potentialAction":[{"@type":"SearchAction","target":{"@type":"EntryPoint","urlTemplate":"https:\/\/www.eurooppalainensuomi.fi\/?s={search_term_string}"},"query-input":"required name=search_term_string"}],"inLanguage":"en"},{"@type":"Organization","@id":"https:\/\/www.eurooppalainensuomi.fi\/#organization","name":"Eurooppalainen Suomi ry","url":"https:\/\/www.eurooppalainensuomi.fi\/","logo":{"@type":"ImageObject","inLanguage":"en","@id":"https:\/\/www.eurooppalainensuomi.fi\/#\/schema\/logo\/image\/","url":"https:\/\/www.eurooppalainensuomi.fi\/wp-content\/uploads\/2021\/01\/PNG_large.png","contentUrl":"https:\/\/www.eurooppalainensuomi.fi\/wp-content\/uploads\/2021\/01\/PNG_large.png","width":586,"height":220,"caption":"Eurooppalainen Suomi ry"},"image":{"@id":"https:\/\/www.eurooppalainensuomi.fi\/#\/schema\/logo\/image\/"},"sameAs":["https:\/\/instagram.com\/eurooppalainensuomi","https:\/\/www.youtube.com\/channel\/UCBeqyrm1ze2RinjeAYS_-Jg","https:\/\/fi.wikipedia.org\/wiki\/Eurooppalainen_Suomi","https:\/\/www.facebook.com\/eurooppalainensuomi","https:\/\/twitter.com\/em_finland"]},{"@type":"Person","@id":"https:\/\/www.eurooppalainensuomi.fi\/#\/schema\/person\/9635843384121bb89ed49f8d3129daee","name":"Admin","image":{"@type":"ImageObject","inLanguage":"en","@id":"https:\/\/www.eurooppalainensuomi.fi\/#\/schema\/person\/image\/","url":"https:\/\/secure.gravatar.com\/avatar\/813eb247d5c8e5914db8a949c18b8e26?s=96&d=mm&r=g","contentUrl":"https:\/\/secure.gravatar.com\/avatar\/813eb247d5c8e5914db8a949c18b8e26?s=96&d=mm&r=g","caption":"Admin"}}]}},"jetpack_featured_media_url":"","_links":{"self":[{"href":"https:\/\/www.eurooppalainensuomi.fi\/index.php?rest_route=\/wp\/v2\/posts\/2678"}],"collection":[{"href":"https:\/\/www.eurooppalainensuomi.fi\/index.php?rest_route=\/wp\/v2\/posts"}],"about":[{"href":"https:\/\/www.eurooppalainensuomi.fi\/index.php?rest_route=\/wp\/v2\/types\/post"}],"author":[{"embeddable":true,"href":"https:\/\/www.eurooppalainensuomi.fi\/index.php?rest_route=\/wp\/v2\/users\/4"}],"replies":[{"embeddable":true,"href":"https:\/\/www.eurooppalainensuomi.fi\/index.php?rest_route=%2Fwp%2Fv2%2Fcomments&post=2678"}],"version-history":[{"count":1,"href":"https:\/\/www.eurooppalainensuomi.fi\/index.php?rest_route=\/wp\/v2\/posts\/2678\/revisions"}],"predecessor-version":[{"id":2680,"href":"https:\/\/www.eurooppalainensuomi.fi\/index.php?rest_route=\/wp\/v2\/posts\/2678\/revisions\/2680"}],"wp:attachment":[{"href":"https:\/\/www.eurooppalainensuomi.fi\/index.php?rest_route=%2Fwp%2Fv2%2Fmedia&parent=2678"}],"wp:term":[{"taxonomy":"category","embeddable":true,"href":"https:\/\/www.eurooppalainensuomi.fi\/index.php?rest_route=%2Fwp%2Fv2%2Fcategories&post=2678"},{"taxonomy":"post_tag","embeddable":true,"href":"https:\/\/www.eurooppalainensuomi.fi\/index.php?rest_route=%2Fwp%2Fv2%2Ftags&post=2678"}],"curies":[{"name":"wp","href":"https:\/\/api.w.org\/{rel}","templated":true}]}}