{"id":2582,"date":"2021-04-12T10:47:44","date_gmt":"2021-04-12T08:47:44","guid":{"rendered":"https:\/\/www.eurooppalainensuomi.fi\/?p=2582"},"modified":"2021-04-12T10:47:51","modified_gmt":"2021-04-12T08:47:51","slug":"vaaliuudistus-digitaalinen-vihrea-todistus-euroryhma","status":"publish","type":"post","link":"https:\/\/www.eurooppalainensuomi.fi\/vaaliuudistus-digitaaliset-vihreat-todistukset-euroryhma","title":{"rendered":"Vaaliuudistus | Digitaalinen vihre\u00e4 todistus | Euroryhm\u00e4"},"content":{"rendered":"\n<p>Euroopan parlamentti pit\u00e4\u00e4 t\u00e4ll\u00e4 viikolla valiokuntatapaamisia mm. vaaliuudistuksesta ja digitaalisista vihreist\u00e4 todistuksista.<\/p>\n\n\n\n<p>Keskiviikkona komission kollegio kokoontuu keskustelemaan j\u00e4rjest\u00e4ytyneest\u00e4 rikollisuudesta sek\u00e4 ihmiskaupasta, kun taas euroryhm\u00e4 kokoontuu viikon lopusta keskustelemaan mm. pankkiunionin loppuun viemisest\u00e4.<\/p>\n\n\n\n<p><strong>Euroopan parlamentti<\/strong><br>Kansalaisvapauksien sek\u00e4 oikeus- ja sis\u00e4asioiden valiokunnan mepit\u00a0 keskustelevat komission kanssa ehdotuksesta digitaalisesta vihre\u00e4st\u00e4 todistuksesta, mik\u00e4 helpottaisi matkustamista j\u00e4senvaltioiden v\u00e4lill\u00e4 koronapandemian aikana. Perussopimus- ty\u00f6j\u00e4rjestys- ja toimielinasioiden valiokunta taas keskustelevat EU:n vaaliuudistuksesta asiantuntijoiden kanssa tiistaina. Tiistaina my\u00f6s komissaari \u0160uica esitt\u00e4\u00e4 n\u00e4kemyksi\u00e4\u00e4n Euroopan tulevaisuuskonferenssista sek\u00e4 Euroopan parlamentin roolista konferenssissa. Torstaina taas parlamentin kansalaisvapauksien sek\u00e4 oikeus- ja sis\u00e4asioiden valiokunta keskustelee Puolan hallituksen jatkuvista hy\u00f6kk\u00e4yksist\u00e4 Puolan oikeusj\u00e4rjestelm\u00e4n itsen\u00e4isyytt\u00e4 vastaan.<\/p>\n\n\n\n<p><strong>Euroopan komissio<\/strong><br>Keskiviikkona komission kollegio kokoontuu keskustelemaan EU:n agendasta j\u00e4rjest\u00e4ytynytt\u00e4 rikollisuutta vastaan sek\u00e4 EU:n strategiasta ihmiskaupan lopettamiseksi. Komissaarit Schinas sek\u00e4 Schmit pit\u00e4v\u00e4n t\u00e4n\u00e4\u00e4n puhelun Euroopan ammatillisen yhteisj\u00e4rjest\u00f6n sek\u00e4 Business Europen edustajien kanssa, kun taas komissaari Timmermans antaa puheen verkossa World Circular Economy Forumilla torstaina.<\/p>\n\n\n\n<p><strong>Euroopan neuvosto<\/strong><br>Euroryhm\u00e4 kokoontuu perjantaina keskustelemaan mm. pankkiunionin loppuun viemisest\u00e4, maksukyvytt\u00f6myysj\u00e4rjestelmist\u00e4, eurosta digitaalisena valuuttana sek\u00e4 selvityksist\u00e4 viime aikaisista kansainv\u00e4lisist\u00e4 tapaamisista. Talous- ja finanssiministerit tapaavat perjantaina keskustellakseen Euroopan talouden elvytyksest\u00e4 ja elpymis- ja palautumistukiv\u00e4lineen implementaatiosta sek\u00e4 Next Generation EU:n rahoittamisesta.\u00a0<\/p>\n\n\n\n<p><strong>Eduskunta<\/strong><br>Suuri valiokunta keskusteli viime keskiviikkona p\u00e4\u00e4ministeri Marinin kanssa rokotteista sek\u00e4 Yhdysvaltain-suhteesta. Valiokunnan kokouksessa keskusteltiin mm. rokotesolidaarisuudesta sek\u00e4 EU:n ja Yhdysvaltain suhteesta. P\u00e4\u00e4ministeri kertoi valiokunnalle, ett\u00e4 EU-johtajat vahvistivat kokouksessa rokotteiden jaon jatkamisen v\u00e4kilukuun perustuvan suhteellisuuden mukaan. T\u00e4m\u00e4n lis\u00e4ksi keskustelussa Presidentti Bidenin kanssa korostettiin vahvaa sitoutumista transatlanttiseen yhteisty\u00f6h\u00f6n sek\u00e4 EU:n ja Yhdysvaltojen yhteisiin arvoihin.<\/p>\n\n\n\n<p><strong>Tapahtumat<\/strong><br>Alta l\u00f6yd\u00e4t Eurooppalaisen SUomen yhteis\u00f6j\u00e4senten tapahtumia t\u00e4lle viikolle.<\/p>\n\n\n\n<p><strong>Keskiviikko 14.4<\/strong><br>Fingo ry &#8211; Systeeminen l\u00e4hestymistapa kest\u00e4v\u00e4\u00e4n kehitykseen<br>Kello 09:30-11:00 <a href=\"https:\/\/www.fingo.fi\/tapahtumat\/2021-04-taynna-systeeminen-lahestymistapa-kestavaan-kehitykseen\">https:\/\/www.fingo.fi\/tapahtumat\/2021-04-taynna-systeeminen-lahestymistapa-kestavaan-kehitykseen<\/a>\u00a0<\/p>\n\n\n\n<p><strong>Torstai 15.4<\/strong><br>Fingo ry &#8211; NGO-Private Sector Collaboration in Kenya<br>Kello 15:00-16:30 <a href=\"https:\/\/www.fingo.fi\/tapahtumat\/whatsgood-ngo-private-sector-collaboration-kenya\">https:\/\/www.fingo.fi\/tapahtumat\/whatsgood-ngo-private-sector-collaboration-kenya<\/a>\u00a0<\/p>\n\n\n\n<p>#EUviikossa<br>European Movement International ja Eduskunta: Sis\u00e4lt\u00f6<br>Kuva: Element 5 Digital<\/p>\n","protected":false},"excerpt":{"rendered":"<p>Euroopan parlamentti pit\u00e4\u00e4 t\u00e4ll\u00e4 viikolla valiokuntatapaamisia mm. vaaliuudistuksesta ja digitaalisista vihreist\u00e4 todistuksista. Keskiviikkona komission kollegio kokoontuu keskustelemaan j\u00e4rjest\u00e4ytyneest\u00e4 rikollisuudesta sek\u00e4 ihmiskaupasta, kun taas euroryhm\u00e4 kokoontuu viikon lopusta keskustelemaan mm. pankkiunionin loppuun viemisest\u00e4. Euroopan parlamenttiKansalaisvapauksien sek\u00e4 oikeus- ja sis\u00e4asioiden valiokunnan mepit\u00a0 keskustelevat komission kanssa ehdotuksesta digitaalisesta vihre\u00e4st\u00e4 todistuksesta, mik\u00e4 helpottaisi matkustamista j\u00e4senvaltioiden v\u00e4lill\u00e4 koronapandemian aikana. Perussopimus- [&hellip;]<\/p>\n","protected":false},"author":4,"featured_media":0,"comment_status":"closed","ping_status":"closed","sticky":false,"template":"","format":"standard","meta":{"_et_pb_use_builder":"","_et_pb_old_content":"","_et_gb_content_width":""},"categories":[8,14,9],"tags":[],"yoast_head":"<!-- This site is optimized with the Yoast SEO plugin v19.13 - https:\/\/yoast.com\/wordpress\/plugins\/seo\/ -->\n<title>Vaaliuudistus | Digitaalinen vihre\u00e4 todistus | Euroryhm\u00e4 - Eurooppalainen Suomi<\/title>\n<meta name=\"robots\" content=\"index, follow, max-snippet:-1, max-image-preview:large, max-video-preview:-1\" \/>\n<link rel=\"canonical\" href=\"https:\/\/www.eurooppalainensuomi.fi\/vaaliuudistus-digitaaliset-vihreat-todistukset-euroryhma\" \/>\n<meta property=\"og:locale\" content=\"en_US\" \/>\n<meta property=\"og:type\" content=\"article\" \/>\n<meta property=\"og:title\" content=\"Vaaliuudistus | Digitaalinen vihre\u00e4 todistus | Euroryhm\u00e4 - Eurooppalainen Suomi\" \/>\n<meta property=\"og:description\" content=\"Euroopan parlamentti pit\u00e4\u00e4 t\u00e4ll\u00e4 viikolla valiokuntatapaamisia mm. vaaliuudistuksesta ja digitaalisista vihreist\u00e4 todistuksista. Keskiviikkona komission kollegio kokoontuu keskustelemaan j\u00e4rjest\u00e4ytyneest\u00e4 rikollisuudesta sek\u00e4 ihmiskaupasta, kun taas euroryhm\u00e4 kokoontuu viikon lopusta keskustelemaan mm. pankkiunionin loppuun viemisest\u00e4. Euroopan parlamenttiKansalaisvapauksien sek\u00e4 oikeus- ja sis\u00e4asioiden valiokunnan mepit\u00a0 keskustelevat komission kanssa ehdotuksesta digitaalisesta vihre\u00e4st\u00e4 todistuksesta, mik\u00e4 helpottaisi matkustamista j\u00e4senvaltioiden v\u00e4lill\u00e4 koronapandemian aikana. Perussopimus- [&hellip;]\" \/>\n<meta property=\"og:url\" content=\"https:\/\/www.eurooppalainensuomi.fi\/vaaliuudistus-digitaaliset-vihreat-todistukset-euroryhma\" \/>\n<meta property=\"og:site_name\" content=\"Eurooppalainen Suomi\" \/>\n<meta property=\"article:publisher\" content=\"https:\/\/www.facebook.com\/eurooppalainensuomi\" \/>\n<meta property=\"article:published_time\" content=\"2021-04-12T08:47:44+00:00\" \/>\n<meta property=\"article:modified_time\" content=\"2021-04-12T08:47:51+00:00\" \/>\n<meta property=\"og:image\" content=\"https:\/\/www.eurooppalainensuomi.fi\/wp-content\/uploads\/2021\/04\/element5-digital-T9CXBZLUvic-unsplash-scaled.jpg\" \/>\n\t<meta property=\"og:image:width\" content=\"2560\" \/>\n\t<meta property=\"og:image:height\" content=\"1707\" \/>\n\t<meta property=\"og:image:type\" content=\"image\/jpeg\" \/>\n<meta name=\"author\" content=\"Admin\" \/>\n<meta name=\"twitter:card\" content=\"summary_large_image\" \/>\n<meta name=\"twitter:creator\" content=\"@em_finland\" \/>\n<meta name=\"twitter:site\" content=\"@em_finland\" \/>\n<meta name=\"twitter:label1\" content=\"Written by\" \/>\n\t<meta name=\"twitter:data1\" content=\"Admin\" \/>\n\t<meta name=\"twitter:label2\" content=\"Est. reading time\" \/>\n\t<meta name=\"twitter:data2\" content=\"2 minutes\" \/>\n<script type=\"application\/ld+json\" class=\"yoast-schema-graph\">{\"@context\":\"https:\/\/schema.org\",\"@graph\":[{\"@type\":\"Article\",\"@id\":\"https:\/\/www.eurooppalainensuomi.fi\/vaaliuudistus-digitaaliset-vihreat-todistukset-euroryhma#article\",\"isPartOf\":{\"@id\":\"https:\/\/www.eurooppalainensuomi.fi\/vaaliuudistus-digitaaliset-vihreat-todistukset-euroryhma\"},\"author\":{\"name\":\"Admin\",\"@id\":\"https:\/\/www.eurooppalainensuomi.fi\/#\/schema\/person\/9635843384121bb89ed49f8d3129daee\"},\"headline\":\"Vaaliuudistus | Digitaalinen vihre\u00e4 todistus | Euroryhm\u00e4\",\"datePublished\":\"2021-04-12T08:47:44+00:00\",\"dateModified\":\"2021-04-12T08:47:51+00:00\",\"mainEntityOfPage\":{\"@id\":\"https:\/\/www.eurooppalainensuomi.fi\/vaaliuudistus-digitaaliset-vihreat-todistukset-euroryhma\"},\"wordCount\":342,\"publisher\":{\"@id\":\"https:\/\/www.eurooppalainensuomi.fi\/#organization\"},\"articleSection\":[\"Ajankohtaista\",\"Tiedotteet\",\"Uutiset\"],\"inLanguage\":\"en\"},{\"@type\":\"WebPage\",\"@id\":\"https:\/\/www.eurooppalainensuomi.fi\/vaaliuudistus-digitaaliset-vihreat-todistukset-euroryhma\",\"url\":\"https:\/\/www.eurooppalainensuomi.fi\/vaaliuudistus-digitaaliset-vihreat-todistukset-euroryhma\",\"name\":\"Vaaliuudistus | Digitaalinen vihre\u00e4 todistus | Euroryhm\u00e4 - Eurooppalainen Suomi\",\"isPartOf\":{\"@id\":\"https:\/\/www.eurooppalainensuomi.fi\/#website\"},\"datePublished\":\"2021-04-12T08:47:44+00:00\",\"dateModified\":\"2021-04-12T08:47:51+00:00\",\"breadcrumb\":{\"@id\":\"https:\/\/www.eurooppalainensuomi.fi\/vaaliuudistus-digitaaliset-vihreat-todistukset-euroryhma#breadcrumb\"},\"inLanguage\":\"en\",\"potentialAction\":[{\"@type\":\"ReadAction\",\"target\":[\"https:\/\/www.eurooppalainensuomi.fi\/vaaliuudistus-digitaaliset-vihreat-todistukset-euroryhma\"]}]},{\"@type\":\"BreadcrumbList\",\"@id\":\"https:\/\/www.eurooppalainensuomi.fi\/vaaliuudistus-digitaaliset-vihreat-todistukset-euroryhma#breadcrumb\",\"itemListElement\":[{\"@type\":\"ListItem\",\"position\":1,\"name\":\"Etusivu\",\"item\":\"https:\/\/www.eurooppalainensuomi.fi\/\"},{\"@type\":\"ListItem\",\"position\":2,\"name\":\"Vaaliuudistus | Digitaalinen vihre\u00e4 todistus | Euroryhm\u00e4\"}]},{\"@type\":\"WebSite\",\"@id\":\"https:\/\/www.eurooppalainensuomi.fi\/#website\",\"url\":\"https:\/\/www.eurooppalainensuomi.fi\/\",\"name\":\"Eurooppalainen Suomi\",\"description\":\"Parempaa Eurooppaa rakentamassa\",\"publisher\":{\"@id\":\"https:\/\/www.eurooppalainensuomi.fi\/#organization\"},\"potentialAction\":[{\"@type\":\"SearchAction\",\"target\":{\"@type\":\"EntryPoint\",\"urlTemplate\":\"https:\/\/www.eurooppalainensuomi.fi\/?s={search_term_string}\"},\"query-input\":\"required name=search_term_string\"}],\"inLanguage\":\"en\"},{\"@type\":\"Organization\",\"@id\":\"https:\/\/www.eurooppalainensuomi.fi\/#organization\",\"name\":\"Eurooppalainen Suomi ry\",\"url\":\"https:\/\/www.eurooppalainensuomi.fi\/\",\"logo\":{\"@type\":\"ImageObject\",\"inLanguage\":\"en\",\"@id\":\"https:\/\/www.eurooppalainensuomi.fi\/#\/schema\/logo\/image\/\",\"url\":\"https:\/\/www.eurooppalainensuomi.fi\/wp-content\/uploads\/2021\/01\/PNG_large.png\",\"contentUrl\":\"https:\/\/www.eurooppalainensuomi.fi\/wp-content\/uploads\/2021\/01\/PNG_large.png\",\"width\":586,\"height\":220,\"caption\":\"Eurooppalainen Suomi ry\"},\"image\":{\"@id\":\"https:\/\/www.eurooppalainensuomi.fi\/#\/schema\/logo\/image\/\"},\"sameAs\":[\"https:\/\/instagram.com\/eurooppalainensuomi\",\"https:\/\/www.youtube.com\/channel\/UCBeqyrm1ze2RinjeAYS_-Jg\",\"https:\/\/fi.wikipedia.org\/wiki\/Eurooppalainen_Suomi\",\"https:\/\/www.facebook.com\/eurooppalainensuomi\",\"https:\/\/twitter.com\/em_finland\"]},{\"@type\":\"Person\",\"@id\":\"https:\/\/www.eurooppalainensuomi.fi\/#\/schema\/person\/9635843384121bb89ed49f8d3129daee\",\"name\":\"Admin\",\"image\":{\"@type\":\"ImageObject\",\"inLanguage\":\"en\",\"@id\":\"https:\/\/www.eurooppalainensuomi.fi\/#\/schema\/person\/image\/\",\"url\":\"https:\/\/secure.gravatar.com\/avatar\/813eb247d5c8e5914db8a949c18b8e26?s=96&d=mm&r=g\",\"contentUrl\":\"https:\/\/secure.gravatar.com\/avatar\/813eb247d5c8e5914db8a949c18b8e26?s=96&d=mm&r=g\",\"caption\":\"Admin\"}}]}<\/script>\n<!-- \/ Yoast SEO plugin. -->","yoast_head_json":{"title":"Vaaliuudistus | Digitaalinen vihre\u00e4 todistus | Euroryhm\u00e4 - Eurooppalainen Suomi","robots":{"index":"index","follow":"follow","max-snippet":"max-snippet:-1","max-image-preview":"max-image-preview:large","max-video-preview":"max-video-preview:-1"},"canonical":"https:\/\/www.eurooppalainensuomi.fi\/vaaliuudistus-digitaaliset-vihreat-todistukset-euroryhma","og_locale":"en_US","og_type":"article","og_title":"Vaaliuudistus | Digitaalinen vihre\u00e4 todistus | Euroryhm\u00e4 - Eurooppalainen Suomi","og_description":"Euroopan parlamentti pit\u00e4\u00e4 t\u00e4ll\u00e4 viikolla valiokuntatapaamisia mm. vaaliuudistuksesta ja digitaalisista vihreist\u00e4 todistuksista. Keskiviikkona komission kollegio kokoontuu keskustelemaan j\u00e4rjest\u00e4ytyneest\u00e4 rikollisuudesta sek\u00e4 ihmiskaupasta, kun taas euroryhm\u00e4 kokoontuu viikon lopusta keskustelemaan mm. pankkiunionin loppuun viemisest\u00e4. Euroopan parlamenttiKansalaisvapauksien sek\u00e4 oikeus- ja sis\u00e4asioiden valiokunnan mepit\u00a0 keskustelevat komission kanssa ehdotuksesta digitaalisesta vihre\u00e4st\u00e4 todistuksesta, mik\u00e4 helpottaisi matkustamista j\u00e4senvaltioiden v\u00e4lill\u00e4 koronapandemian aikana. Perussopimus- [&hellip;]","og_url":"https:\/\/www.eurooppalainensuomi.fi\/vaaliuudistus-digitaaliset-vihreat-todistukset-euroryhma","og_site_name":"Eurooppalainen Suomi","article_publisher":"https:\/\/www.facebook.com\/eurooppalainensuomi","article_published_time":"2021-04-12T08:47:44+00:00","article_modified_time":"2021-04-12T08:47:51+00:00","og_image":[{"width":2560,"height":1707,"url":"https:\/\/www.eurooppalainensuomi.fi\/wp-content\/uploads\/2021\/04\/element5-digital-T9CXBZLUvic-unsplash-scaled.jpg","type":"image\/jpeg"}],"author":"Admin","twitter_card":"summary_large_image","twitter_creator":"@em_finland","twitter_site":"@em_finland","twitter_misc":{"Written by":"Admin","Est. reading time":"2 minutes"},"schema":{"@context":"https:\/\/schema.org","@graph":[{"@type":"Article","@id":"https:\/\/www.eurooppalainensuomi.fi\/vaaliuudistus-digitaaliset-vihreat-todistukset-euroryhma#article","isPartOf":{"@id":"https:\/\/www.eurooppalainensuomi.fi\/vaaliuudistus-digitaaliset-vihreat-todistukset-euroryhma"},"author":{"name":"Admin","@id":"https:\/\/www.eurooppalainensuomi.fi\/#\/schema\/person\/9635843384121bb89ed49f8d3129daee"},"headline":"Vaaliuudistus | Digitaalinen vihre\u00e4 todistus | Euroryhm\u00e4","datePublished":"2021-04-12T08:47:44+00:00","dateModified":"2021-04-12T08:47:51+00:00","mainEntityOfPage":{"@id":"https:\/\/www.eurooppalainensuomi.fi\/vaaliuudistus-digitaaliset-vihreat-todistukset-euroryhma"},"wordCount":342,"publisher":{"@id":"https:\/\/www.eurooppalainensuomi.fi\/#organization"},"articleSection":["Ajankohtaista","Tiedotteet","Uutiset"],"inLanguage":"en"},{"@type":"WebPage","@id":"https:\/\/www.eurooppalainensuomi.fi\/vaaliuudistus-digitaaliset-vihreat-todistukset-euroryhma","url":"https:\/\/www.eurooppalainensuomi.fi\/vaaliuudistus-digitaaliset-vihreat-todistukset-euroryhma","name":"Vaaliuudistus | Digitaalinen vihre\u00e4 todistus | Euroryhm\u00e4 - Eurooppalainen Suomi","isPartOf":{"@id":"https:\/\/www.eurooppalainensuomi.fi\/#website"},"datePublished":"2021-04-12T08:47:44+00:00","dateModified":"2021-04-12T08:47:51+00:00","breadcrumb":{"@id":"https:\/\/www.eurooppalainensuomi.fi\/vaaliuudistus-digitaaliset-vihreat-todistukset-euroryhma#breadcrumb"},"inLanguage":"en","potentialAction":[{"@type":"ReadAction","target":["https:\/\/www.eurooppalainensuomi.fi\/vaaliuudistus-digitaaliset-vihreat-todistukset-euroryhma"]}]},{"@type":"BreadcrumbList","@id":"https:\/\/www.eurooppalainensuomi.fi\/vaaliuudistus-digitaaliset-vihreat-todistukset-euroryhma#breadcrumb","itemListElement":[{"@type":"ListItem","position":1,"name":"Etusivu","item":"https:\/\/www.eurooppalainensuomi.fi\/"},{"@type":"ListItem","position":2,"name":"Vaaliuudistus | Digitaalinen vihre\u00e4 todistus | Euroryhm\u00e4"}]},{"@type":"WebSite","@id":"https:\/\/www.eurooppalainensuomi.fi\/#website","url":"https:\/\/www.eurooppalainensuomi.fi\/","name":"Eurooppalainen Suomi","description":"Parempaa Eurooppaa rakentamassa","publisher":{"@id":"https:\/\/www.eurooppalainensuomi.fi\/#organization"},"potentialAction":[{"@type":"SearchAction","target":{"@type":"EntryPoint","urlTemplate":"https:\/\/www.eurooppalainensuomi.fi\/?s={search_term_string}"},"query-input":"required name=search_term_string"}],"inLanguage":"en"},{"@type":"Organization","@id":"https:\/\/www.eurooppalainensuomi.fi\/#organization","name":"Eurooppalainen Suomi ry","url":"https:\/\/www.eurooppalainensuomi.fi\/","logo":{"@type":"ImageObject","inLanguage":"en","@id":"https:\/\/www.eurooppalainensuomi.fi\/#\/schema\/logo\/image\/","url":"https:\/\/www.eurooppalainensuomi.fi\/wp-content\/uploads\/2021\/01\/PNG_large.png","contentUrl":"https:\/\/www.eurooppalainensuomi.fi\/wp-content\/uploads\/2021\/01\/PNG_large.png","width":586,"height":220,"caption":"Eurooppalainen Suomi ry"},"image":{"@id":"https:\/\/www.eurooppalainensuomi.fi\/#\/schema\/logo\/image\/"},"sameAs":["https:\/\/instagram.com\/eurooppalainensuomi","https:\/\/www.youtube.com\/channel\/UCBeqyrm1ze2RinjeAYS_-Jg","https:\/\/fi.wikipedia.org\/wiki\/Eurooppalainen_Suomi","https:\/\/www.facebook.com\/eurooppalainensuomi","https:\/\/twitter.com\/em_finland"]},{"@type":"Person","@id":"https:\/\/www.eurooppalainensuomi.fi\/#\/schema\/person\/9635843384121bb89ed49f8d3129daee","name":"Admin","image":{"@type":"ImageObject","inLanguage":"en","@id":"https:\/\/www.eurooppalainensuomi.fi\/#\/schema\/person\/image\/","url":"https:\/\/secure.gravatar.com\/avatar\/813eb247d5c8e5914db8a949c18b8e26?s=96&d=mm&r=g","contentUrl":"https:\/\/secure.gravatar.com\/avatar\/813eb247d5c8e5914db8a949c18b8e26?s=96&d=mm&r=g","caption":"Admin"}}]}},"jetpack_featured_media_url":"","_links":{"self":[{"href":"https:\/\/www.eurooppalainensuomi.fi\/index.php?rest_route=\/wp\/v2\/posts\/2582"}],"collection":[{"href":"https:\/\/www.eurooppalainensuomi.fi\/index.php?rest_route=\/wp\/v2\/posts"}],"about":[{"href":"https:\/\/www.eurooppalainensuomi.fi\/index.php?rest_route=\/wp\/v2\/types\/post"}],"author":[{"embeddable":true,"href":"https:\/\/www.eurooppalainensuomi.fi\/index.php?rest_route=\/wp\/v2\/users\/4"}],"replies":[{"embeddable":true,"href":"https:\/\/www.eurooppalainensuomi.fi\/index.php?rest_route=%2Fwp%2Fv2%2Fcomments&post=2582"}],"version-history":[{"count":2,"href":"https:\/\/www.eurooppalainensuomi.fi\/index.php?rest_route=\/wp\/v2\/posts\/2582\/revisions"}],"predecessor-version":[{"id":2585,"href":"https:\/\/www.eurooppalainensuomi.fi\/index.php?rest_route=\/wp\/v2\/posts\/2582\/revisions\/2585"}],"wp:attachment":[{"href":"https:\/\/www.eurooppalainensuomi.fi\/index.php?rest_route=%2Fwp%2Fv2%2Fmedia&parent=2582"}],"wp:term":[{"taxonomy":"category","embeddable":true,"href":"https:\/\/www.eurooppalainensuomi.fi\/index.php?rest_route=%2Fwp%2Fv2%2Fcategories&post=2582"},{"taxonomy":"post_tag","embeddable":true,"href":"https:\/\/www.eurooppalainensuomi.fi\/index.php?rest_route=%2Fwp%2Fv2%2Ftags&post=2582"}],"curies":[{"name":"wp","href":"https:\/\/api.w.org\/{rel}","templated":true}]}}