{"id":2578,"date":"2021-04-06T09:36:18","date_gmt":"2021-04-06T07:36:18","guid":{"rendered":"https:\/\/www.eurooppalainensuomi.fi\/?p=2578"},"modified":"2021-04-06T09:36:24","modified_gmt":"2021-04-06T07:36:24","slug":"turkki-kansallisen-turvallisuuden-viranomaiset-jordania","status":"publish","type":"post","link":"https:\/\/www.eurooppalainensuomi.fi\/turkki-kansallisen-turvallisuuden-viranomaiset-jordania","title":{"rendered":"Turkki | Kansallisen turvallisuuden viranomaiset | Jordania"},"content":{"rendered":"\n<p>T\u00e4ll\u00e4 viikolla Euroopan parlamentissa on hiljaista, kun mepit ty\u00f6skentelev\u00e4t vaalipiireiss\u00e4\u00e4n sek\u00e4 pit\u00e4v\u00e4t parlamentin ulkopuolisia tapahtumia.<\/p>\n\n\n\n<p>Tiistaina komission puheenjohtaja von der Leyen sek\u00e4 neuvoston puheenjohtaja Charles Michel matkustavat Turkkiin tapaamaan maan presidentin Recep Tayyip Erdo\u011fanin.<\/p>\n\n\n\n<p><strong>Euroopan parlamentti<\/strong><br>T\u00e4lle viikolle ei ole luvassa toimintaa parlamentissa, sill\u00e4 mepit ty\u00f6skentelev\u00e4t parlamentin ulkopuolisten asioiden parissa sek\u00e4 vaalipiireiss\u00e4\u00e4n. Ty\u00f6 parlamentissa jatkuu 12. huhtikuuta valiokuntatapaamisilla.<\/p>\n\n\n\n<p><strong>Euroopan komissio<\/strong><br>Tiistaina komission puheenjohtaja von der Leyen sek\u00e4 neuvoston puheenjohtaja Charles Michel matkustavat Turkkiin tavatakseen maan presidentin Recep Tayyip Erdo\u011fanin. Puheenjohtaja von der Leyen jatkaa keskiviikkona matkaansa Jordaniaan. Komissaari Gentiloni pit\u00e4\u00e4 tapaamisia G7- sek\u00e4 G20-maiden finanssiministereiden sek\u00e4 keskuspankkijohtajien kanssa tiistaina sek\u00e4 keskiviikkona, kun taas torstaina komissaari Johansson tapaa Ruotsin turvallisuuspoliisin p\u00e4\u00e4johtajan. Perjantaina komissaari Vestager tapaa Tanskan finanssiministerin.<\/p>\n\n\n\n<p><strong>Euroopan neuvosto<\/strong><br>Portugalin puheenjohtajisto organisoi t\u00e4ll\u00e4 viikolla Kansallisen turvallisuuden viranomaisten konferenssin, jonka p\u00e4\u00e4m\u00e4\u00e4r\u00e4n\u00e4 on EU:n kansallisen turvallisuuden viranomaisten tietojenvaihdon sujuvoittaminen sek\u00e4 salaiseksi luokiteltujen tietojen turvallisuuteen liittyvist\u00e4 asioista keskusteleminen. Tiistaina Portugalin puheenjohtajisto pit\u00e4\u00e4 korkeatasoisen konferenssin Istanbulin sopimukseen liittyen, mik\u00e4 koostuu mm. saavutetun kehityksen sek\u00e4 kipukohtien, koronapandemian tuomien haasteiden sek\u00e4 naisiin kohdistuvan v\u00e4kivallan vastatoimien analysoimisesta. Neuvosto jatkaa ty\u00f6t\u00e4\u00e4n ensi viikolla, alkaen euroryhm\u00e4n tapaamisella 16. huhtikuuta.<\/p>\n\n\n\n<p><strong>Eduskunta<\/strong><br>Kansallisessa politiikassa keski\u00f6ss\u00e4 ovat viime p\u00e4ivin\u00e4 olleet liikkumisrajoitukset. Perustuslakivaliokunta totesi lausunnossaan viime viikolla hallituksen liikkumisrajoitusesityksest\u00e4, ett\u00e4 lakiehdotuksen liikkumisvapautta koskevat ratkaisut ovat perustuslain kannalta ongelmallisia, ja ett\u00e4 s\u00e4\u00e4ntely tulee t\u00e4lt\u00e4 osin laatia toisin.<\/p>\n\n\n\n<p><strong>Tapahtumat<\/strong><br>Alta l\u00f6yd\u00e4t Eurooppalaisen Suomen yhteis\u00f6j\u00e4senten tapahtumia t\u00e4lle viikolle<\/p>\n\n\n\n<p><strong>Keskiviikko 7.4<\/strong><br>STTK: Kuntien talous ja elinvoima koronan j\u00e4lkeen<br>Kello 14:00-15:00 <a href=\"https:\/\/www.sttk.fi\/webinaarit\/?fbclid=IwAR3XcHU3meV70COdutYiAYKVX1LbfzevH_l7CQRBRBvZ_Oz6vcyxfY1PDiY\">https:\/\/www.sttk.fi\/webinaarit\/?fbclid=IwAR3XcHU3meV70COdutYiAYKVX1LbfzevH_l7CQRBRBvZ_Oz6vcyxfY1PDiY<\/a>\u00a0<\/p>\n\n\n\n<p>#EUviikossa<br>European Movement International ja Eduskunta: Sis\u00e4lt\u00f6<br>Kuva: The Blowup<\/p>\n","protected":false},"excerpt":{"rendered":"<p>T\u00e4ll\u00e4 viikolla Euroopan parlamentissa on hiljaista, kun mepit ty\u00f6skentelev\u00e4t vaalipiireiss\u00e4\u00e4n sek\u00e4 pit\u00e4v\u00e4t parlamentin ulkopuolisia tapahtumia. Tiistaina komission puheenjohtaja von der Leyen sek\u00e4 neuvoston puheenjohtaja Charles Michel matkustavat Turkkiin tapaamaan maan presidentin Recep Tayyip Erdo\u011fanin. Euroopan parlamenttiT\u00e4lle viikolle ei ole luvassa toimintaa parlamentissa, sill\u00e4 mepit ty\u00f6skentelev\u00e4t parlamentin ulkopuolisten asioiden parissa sek\u00e4 vaalipiireiss\u00e4\u00e4n. Ty\u00f6 parlamentissa jatkuu 12. [&hellip;]<\/p>\n","protected":false},"author":4,"featured_media":0,"comment_status":"closed","ping_status":"closed","sticky":false,"template":"","format":"standard","meta":{"_et_pb_use_builder":"","_et_pb_old_content":"","_et_gb_content_width":""},"categories":[8,14,9],"tags":[],"yoast_head":"<!-- This site is optimized with the Yoast SEO plugin v19.13 - https:\/\/yoast.com\/wordpress\/plugins\/seo\/ -->\n<title>Turkki | Kansallisen turvallisuuden viranomaiset | Jordania - Eurooppalainen Suomi<\/title>\n<meta name=\"robots\" content=\"index, follow, max-snippet:-1, max-image-preview:large, max-video-preview:-1\" \/>\n<link rel=\"canonical\" href=\"https:\/\/www.eurooppalainensuomi.fi\/turkki-kansallisen-turvallisuuden-viranomaiset-jordania\" \/>\n<meta property=\"og:locale\" content=\"en_US\" \/>\n<meta property=\"og:type\" content=\"article\" \/>\n<meta property=\"og:title\" content=\"Turkki | Kansallisen turvallisuuden viranomaiset | Jordania - Eurooppalainen Suomi\" \/>\n<meta property=\"og:description\" content=\"T\u00e4ll\u00e4 viikolla Euroopan parlamentissa on hiljaista, kun mepit ty\u00f6skentelev\u00e4t vaalipiireiss\u00e4\u00e4n sek\u00e4 pit\u00e4v\u00e4t parlamentin ulkopuolisia tapahtumia. Tiistaina komission puheenjohtaja von der Leyen sek\u00e4 neuvoston puheenjohtaja Charles Michel matkustavat Turkkiin tapaamaan maan presidentin Recep Tayyip Erdo\u011fanin. Euroopan parlamenttiT\u00e4lle viikolle ei ole luvassa toimintaa parlamentissa, sill\u00e4 mepit ty\u00f6skentelev\u00e4t parlamentin ulkopuolisten asioiden parissa sek\u00e4 vaalipiireiss\u00e4\u00e4n. Ty\u00f6 parlamentissa jatkuu 12. [&hellip;]\" \/>\n<meta property=\"og:url\" content=\"https:\/\/www.eurooppalainensuomi.fi\/turkki-kansallisen-turvallisuuden-viranomaiset-jordania\" \/>\n<meta property=\"og:site_name\" content=\"Eurooppalainen Suomi\" \/>\n<meta property=\"article:publisher\" content=\"https:\/\/www.facebook.com\/eurooppalainensuomi\" \/>\n<meta property=\"article:published_time\" content=\"2021-04-06T07:36:18+00:00\" \/>\n<meta property=\"article:modified_time\" content=\"2021-04-06T07:36:24+00:00\" \/>\n<meta property=\"og:image\" content=\"https:\/\/www.eurooppalainensuomi.fi\/wp-content\/uploads\/2021\/04\/the-blowup-EvNZeUNhZW4-unsplash-scaled.jpg\" \/>\n\t<meta property=\"og:image:width\" content=\"2560\" \/>\n\t<meta property=\"og:image:height\" content=\"1922\" \/>\n\t<meta property=\"og:image:type\" content=\"image\/jpeg\" \/>\n<meta name=\"author\" content=\"Admin\" \/>\n<meta name=\"twitter:card\" content=\"summary_large_image\" \/>\n<meta name=\"twitter:creator\" content=\"@em_finland\" \/>\n<meta name=\"twitter:site\" content=\"@em_finland\" \/>\n<meta name=\"twitter:label1\" content=\"Written by\" \/>\n\t<meta name=\"twitter:data1\" content=\"Admin\" \/>\n\t<meta name=\"twitter:label2\" content=\"Est. reading time\" \/>\n\t<meta name=\"twitter:data2\" content=\"2 minutes\" \/>\n<script type=\"application\/ld+json\" class=\"yoast-schema-graph\">{\"@context\":\"https:\/\/schema.org\",\"@graph\":[{\"@type\":\"Article\",\"@id\":\"https:\/\/www.eurooppalainensuomi.fi\/turkki-kansallisen-turvallisuuden-viranomaiset-jordania#article\",\"isPartOf\":{\"@id\":\"https:\/\/www.eurooppalainensuomi.fi\/turkki-kansallisen-turvallisuuden-viranomaiset-jordania\"},\"author\":{\"name\":\"Admin\",\"@id\":\"https:\/\/www.eurooppalainensuomi.fi\/#\/schema\/person\/9635843384121bb89ed49f8d3129daee\"},\"headline\":\"Turkki | Kansallisen turvallisuuden viranomaiset | Jordania\",\"datePublished\":\"2021-04-06T07:36:18+00:00\",\"dateModified\":\"2021-04-06T07:36:24+00:00\",\"mainEntityOfPage\":{\"@id\":\"https:\/\/www.eurooppalainensuomi.fi\/turkki-kansallisen-turvallisuuden-viranomaiset-jordania\"},\"wordCount\":293,\"publisher\":{\"@id\":\"https:\/\/www.eurooppalainensuomi.fi\/#organization\"},\"articleSection\":[\"Ajankohtaista\",\"Tiedotteet\",\"Uutiset\"],\"inLanguage\":\"en\"},{\"@type\":\"WebPage\",\"@id\":\"https:\/\/www.eurooppalainensuomi.fi\/turkki-kansallisen-turvallisuuden-viranomaiset-jordania\",\"url\":\"https:\/\/www.eurooppalainensuomi.fi\/turkki-kansallisen-turvallisuuden-viranomaiset-jordania\",\"name\":\"Turkki | Kansallisen turvallisuuden viranomaiset | Jordania - Eurooppalainen Suomi\",\"isPartOf\":{\"@id\":\"https:\/\/www.eurooppalainensuomi.fi\/#website\"},\"datePublished\":\"2021-04-06T07:36:18+00:00\",\"dateModified\":\"2021-04-06T07:36:24+00:00\",\"breadcrumb\":{\"@id\":\"https:\/\/www.eurooppalainensuomi.fi\/turkki-kansallisen-turvallisuuden-viranomaiset-jordania#breadcrumb\"},\"inLanguage\":\"en\",\"potentialAction\":[{\"@type\":\"ReadAction\",\"target\":[\"https:\/\/www.eurooppalainensuomi.fi\/turkki-kansallisen-turvallisuuden-viranomaiset-jordania\"]}]},{\"@type\":\"BreadcrumbList\",\"@id\":\"https:\/\/www.eurooppalainensuomi.fi\/turkki-kansallisen-turvallisuuden-viranomaiset-jordania#breadcrumb\",\"itemListElement\":[{\"@type\":\"ListItem\",\"position\":1,\"name\":\"Etusivu\",\"item\":\"https:\/\/www.eurooppalainensuomi.fi\/\"},{\"@type\":\"ListItem\",\"position\":2,\"name\":\"Turkki | Kansallisen turvallisuuden viranomaiset | Jordania\"}]},{\"@type\":\"WebSite\",\"@id\":\"https:\/\/www.eurooppalainensuomi.fi\/#website\",\"url\":\"https:\/\/www.eurooppalainensuomi.fi\/\",\"name\":\"Eurooppalainen Suomi\",\"description\":\"Parempaa Eurooppaa rakentamassa\",\"publisher\":{\"@id\":\"https:\/\/www.eurooppalainensuomi.fi\/#organization\"},\"potentialAction\":[{\"@type\":\"SearchAction\",\"target\":{\"@type\":\"EntryPoint\",\"urlTemplate\":\"https:\/\/www.eurooppalainensuomi.fi\/?s={search_term_string}\"},\"query-input\":\"required name=search_term_string\"}],\"inLanguage\":\"en\"},{\"@type\":\"Organization\",\"@id\":\"https:\/\/www.eurooppalainensuomi.fi\/#organization\",\"name\":\"Eurooppalainen Suomi ry\",\"url\":\"https:\/\/www.eurooppalainensuomi.fi\/\",\"logo\":{\"@type\":\"ImageObject\",\"inLanguage\":\"en\",\"@id\":\"https:\/\/www.eurooppalainensuomi.fi\/#\/schema\/logo\/image\/\",\"url\":\"https:\/\/www.eurooppalainensuomi.fi\/wp-content\/uploads\/2021\/01\/PNG_large.png\",\"contentUrl\":\"https:\/\/www.eurooppalainensuomi.fi\/wp-content\/uploads\/2021\/01\/PNG_large.png\",\"width\":586,\"height\":220,\"caption\":\"Eurooppalainen Suomi ry\"},\"image\":{\"@id\":\"https:\/\/www.eurooppalainensuomi.fi\/#\/schema\/logo\/image\/\"},\"sameAs\":[\"https:\/\/instagram.com\/eurooppalainensuomi\",\"https:\/\/www.youtube.com\/channel\/UCBeqyrm1ze2RinjeAYS_-Jg\",\"https:\/\/fi.wikipedia.org\/wiki\/Eurooppalainen_Suomi\",\"https:\/\/www.facebook.com\/eurooppalainensuomi\",\"https:\/\/twitter.com\/em_finland\"]},{\"@type\":\"Person\",\"@id\":\"https:\/\/www.eurooppalainensuomi.fi\/#\/schema\/person\/9635843384121bb89ed49f8d3129daee\",\"name\":\"Admin\",\"image\":{\"@type\":\"ImageObject\",\"inLanguage\":\"en\",\"@id\":\"https:\/\/www.eurooppalainensuomi.fi\/#\/schema\/person\/image\/\",\"url\":\"https:\/\/secure.gravatar.com\/avatar\/813eb247d5c8e5914db8a949c18b8e26?s=96&d=mm&r=g\",\"contentUrl\":\"https:\/\/secure.gravatar.com\/avatar\/813eb247d5c8e5914db8a949c18b8e26?s=96&d=mm&r=g\",\"caption\":\"Admin\"}}]}<\/script>\n<!-- \/ Yoast SEO plugin. -->","yoast_head_json":{"title":"Turkki | Kansallisen turvallisuuden viranomaiset | Jordania - Eurooppalainen Suomi","robots":{"index":"index","follow":"follow","max-snippet":"max-snippet:-1","max-image-preview":"max-image-preview:large","max-video-preview":"max-video-preview:-1"},"canonical":"https:\/\/www.eurooppalainensuomi.fi\/turkki-kansallisen-turvallisuuden-viranomaiset-jordania","og_locale":"en_US","og_type":"article","og_title":"Turkki | Kansallisen turvallisuuden viranomaiset | Jordania - Eurooppalainen Suomi","og_description":"T\u00e4ll\u00e4 viikolla Euroopan parlamentissa on hiljaista, kun mepit ty\u00f6skentelev\u00e4t vaalipiireiss\u00e4\u00e4n sek\u00e4 pit\u00e4v\u00e4t parlamentin ulkopuolisia tapahtumia. Tiistaina komission puheenjohtaja von der Leyen sek\u00e4 neuvoston puheenjohtaja Charles Michel matkustavat Turkkiin tapaamaan maan presidentin Recep Tayyip Erdo\u011fanin. Euroopan parlamenttiT\u00e4lle viikolle ei ole luvassa toimintaa parlamentissa, sill\u00e4 mepit ty\u00f6skentelev\u00e4t parlamentin ulkopuolisten asioiden parissa sek\u00e4 vaalipiireiss\u00e4\u00e4n. Ty\u00f6 parlamentissa jatkuu 12. [&hellip;]","og_url":"https:\/\/www.eurooppalainensuomi.fi\/turkki-kansallisen-turvallisuuden-viranomaiset-jordania","og_site_name":"Eurooppalainen Suomi","article_publisher":"https:\/\/www.facebook.com\/eurooppalainensuomi","article_published_time":"2021-04-06T07:36:18+00:00","article_modified_time":"2021-04-06T07:36:24+00:00","og_image":[{"width":2560,"height":1922,"url":"https:\/\/www.eurooppalainensuomi.fi\/wp-content\/uploads\/2021\/04\/the-blowup-EvNZeUNhZW4-unsplash-scaled.jpg","type":"image\/jpeg"}],"author":"Admin","twitter_card":"summary_large_image","twitter_creator":"@em_finland","twitter_site":"@em_finland","twitter_misc":{"Written by":"Admin","Est. reading time":"2 minutes"},"schema":{"@context":"https:\/\/schema.org","@graph":[{"@type":"Article","@id":"https:\/\/www.eurooppalainensuomi.fi\/turkki-kansallisen-turvallisuuden-viranomaiset-jordania#article","isPartOf":{"@id":"https:\/\/www.eurooppalainensuomi.fi\/turkki-kansallisen-turvallisuuden-viranomaiset-jordania"},"author":{"name":"Admin","@id":"https:\/\/www.eurooppalainensuomi.fi\/#\/schema\/person\/9635843384121bb89ed49f8d3129daee"},"headline":"Turkki | Kansallisen turvallisuuden viranomaiset | Jordania","datePublished":"2021-04-06T07:36:18+00:00","dateModified":"2021-04-06T07:36:24+00:00","mainEntityOfPage":{"@id":"https:\/\/www.eurooppalainensuomi.fi\/turkki-kansallisen-turvallisuuden-viranomaiset-jordania"},"wordCount":293,"publisher":{"@id":"https:\/\/www.eurooppalainensuomi.fi\/#organization"},"articleSection":["Ajankohtaista","Tiedotteet","Uutiset"],"inLanguage":"en"},{"@type":"WebPage","@id":"https:\/\/www.eurooppalainensuomi.fi\/turkki-kansallisen-turvallisuuden-viranomaiset-jordania","url":"https:\/\/www.eurooppalainensuomi.fi\/turkki-kansallisen-turvallisuuden-viranomaiset-jordania","name":"Turkki | Kansallisen turvallisuuden viranomaiset | Jordania - Eurooppalainen Suomi","isPartOf":{"@id":"https:\/\/www.eurooppalainensuomi.fi\/#website"},"datePublished":"2021-04-06T07:36:18+00:00","dateModified":"2021-04-06T07:36:24+00:00","breadcrumb":{"@id":"https:\/\/www.eurooppalainensuomi.fi\/turkki-kansallisen-turvallisuuden-viranomaiset-jordania#breadcrumb"},"inLanguage":"en","potentialAction":[{"@type":"ReadAction","target":["https:\/\/www.eurooppalainensuomi.fi\/turkki-kansallisen-turvallisuuden-viranomaiset-jordania"]}]},{"@type":"BreadcrumbList","@id":"https:\/\/www.eurooppalainensuomi.fi\/turkki-kansallisen-turvallisuuden-viranomaiset-jordania#breadcrumb","itemListElement":[{"@type":"ListItem","position":1,"name":"Etusivu","item":"https:\/\/www.eurooppalainensuomi.fi\/"},{"@type":"ListItem","position":2,"name":"Turkki | Kansallisen turvallisuuden viranomaiset | Jordania"}]},{"@type":"WebSite","@id":"https:\/\/www.eurooppalainensuomi.fi\/#website","url":"https:\/\/www.eurooppalainensuomi.fi\/","name":"Eurooppalainen Suomi","description":"Parempaa Eurooppaa rakentamassa","publisher":{"@id":"https:\/\/www.eurooppalainensuomi.fi\/#organization"},"potentialAction":[{"@type":"SearchAction","target":{"@type":"EntryPoint","urlTemplate":"https:\/\/www.eurooppalainensuomi.fi\/?s={search_term_string}"},"query-input":"required name=search_term_string"}],"inLanguage":"en"},{"@type":"Organization","@id":"https:\/\/www.eurooppalainensuomi.fi\/#organization","name":"Eurooppalainen Suomi ry","url":"https:\/\/www.eurooppalainensuomi.fi\/","logo":{"@type":"ImageObject","inLanguage":"en","@id":"https:\/\/www.eurooppalainensuomi.fi\/#\/schema\/logo\/image\/","url":"https:\/\/www.eurooppalainensuomi.fi\/wp-content\/uploads\/2021\/01\/PNG_large.png","contentUrl":"https:\/\/www.eurooppalainensuomi.fi\/wp-content\/uploads\/2021\/01\/PNG_large.png","width":586,"height":220,"caption":"Eurooppalainen Suomi ry"},"image":{"@id":"https:\/\/www.eurooppalainensuomi.fi\/#\/schema\/logo\/image\/"},"sameAs":["https:\/\/instagram.com\/eurooppalainensuomi","https:\/\/www.youtube.com\/channel\/UCBeqyrm1ze2RinjeAYS_-Jg","https:\/\/fi.wikipedia.org\/wiki\/Eurooppalainen_Suomi","https:\/\/www.facebook.com\/eurooppalainensuomi","https:\/\/twitter.com\/em_finland"]},{"@type":"Person","@id":"https:\/\/www.eurooppalainensuomi.fi\/#\/schema\/person\/9635843384121bb89ed49f8d3129daee","name":"Admin","image":{"@type":"ImageObject","inLanguage":"en","@id":"https:\/\/www.eurooppalainensuomi.fi\/#\/schema\/person\/image\/","url":"https:\/\/secure.gravatar.com\/avatar\/813eb247d5c8e5914db8a949c18b8e26?s=96&d=mm&r=g","contentUrl":"https:\/\/secure.gravatar.com\/avatar\/813eb247d5c8e5914db8a949c18b8e26?s=96&d=mm&r=g","caption":"Admin"}}]}},"jetpack_featured_media_url":"","_links":{"self":[{"href":"https:\/\/www.eurooppalainensuomi.fi\/index.php?rest_route=\/wp\/v2\/posts\/2578"}],"collection":[{"href":"https:\/\/www.eurooppalainensuomi.fi\/index.php?rest_route=\/wp\/v2\/posts"}],"about":[{"href":"https:\/\/www.eurooppalainensuomi.fi\/index.php?rest_route=\/wp\/v2\/types\/post"}],"author":[{"embeddable":true,"href":"https:\/\/www.eurooppalainensuomi.fi\/index.php?rest_route=\/wp\/v2\/users\/4"}],"replies":[{"embeddable":true,"href":"https:\/\/www.eurooppalainensuomi.fi\/index.php?rest_route=%2Fwp%2Fv2%2Fcomments&post=2578"}],"version-history":[{"count":1,"href":"https:\/\/www.eurooppalainensuomi.fi\/index.php?rest_route=\/wp\/v2\/posts\/2578\/revisions"}],"predecessor-version":[{"id":2580,"href":"https:\/\/www.eurooppalainensuomi.fi\/index.php?rest_route=\/wp\/v2\/posts\/2578\/revisions\/2580"}],"wp:attachment":[{"href":"https:\/\/www.eurooppalainensuomi.fi\/index.php?rest_route=%2Fwp%2Fv2%2Fmedia&parent=2578"}],"wp:term":[{"taxonomy":"category","embeddable":true,"href":"https:\/\/www.eurooppalainensuomi.fi\/index.php?rest_route=%2Fwp%2Fv2%2Fcategories&post=2578"},{"taxonomy":"post_tag","embeddable":true,"href":"https:\/\/www.eurooppalainensuomi.fi\/index.php?rest_route=%2Fwp%2Fv2%2Ftags&post=2578"}],"curies":[{"name":"wp","href":"https:\/\/api.w.org\/{rel}","templated":true}]}}