{"id":2494,"date":"2021-03-08T13:24:31","date_gmt":"2021-03-08T11:24:31","guid":{"rendered":"https:\/\/www.eurooppalainensuomi.fi\/?p=2494"},"modified":"2021-03-08T16:21:52","modified_gmt":"2021-03-08T14:21:52","slug":"eu4health-euroopan-tulevaisuuskonferenssi-kansainvalinen-naistenpaiva","status":"publish","type":"post","link":"https:\/\/www.eurooppalainensuomi.fi\/?p=2494","title":{"rendered":"EU4Health | Euroopan tulevaisuuskonferenssi | Kansainv\u00e4linen naistenp\u00e4iv\u00e4"},"content":{"rendered":"\n<p>Euroopan parlamentissa on t\u00e4ll\u00e4 viikolla t\u00e4ysistuntoviikko, joten debatissa ja \u00e4\u00e4nestyksess\u00e4 on useita eri aiheita. Viikon p\u00e4\u00e4tapahtumiin kuuluu Euroopan tulevaisuutta k\u00e4sittelev\u00e4n konferenssin yhteisen julistuksen allekirjoittaminen parlamentissa keskiviikkona sek\u00e4 kansainv\u00e4lisen naistenp\u00e4iv\u00e4n juhlistaminen t\u00e4n\u00e4\u00e4n maanantaina. Juhlan kunniaksi parlamentin puhemies Sassoli, komission puheenjohtaja von der Leyen sek\u00e4 Uuden-Seelannin p\u00e4\u00e4ministeri Jacinda Ardern puhuttelevat europarlamentaarikkoja ennen t\u00e4ysistunnon alkua.<\/p>\n\n\n\n<p>Komission kollegio kokoontuu tiistaina keskustelemaan Euroopan Digital Decade 2030 -ohjelman digitaalisista p\u00e4\u00e4m\u00e4\u00e4rist\u00e4 sek\u00e4 EU:n humanit\u00e4\u00e4risesta avusta pandemian aikana ja sen j\u00e4lkeen. Komissiossa taas pidet\u00e4\u00e4n t\u00e4ll\u00e4 viikolla oikeus- ja sis\u00e4asiainministereiden ep\u00e4virallisia tapaamisia.<\/p>\n\n\n\n<p><strong>Euroopan parlamentti<\/strong><\/p>\n\n\n\n<p>Parlamentti pit\u00e4\u00e4 t\u00e4ll\u00e4 viikolla vuoden kolmannen t\u00e4ysistuntoviikkonsa. Tiistaina \u00e4\u00e4nestyksess\u00e4 olevia aiheita ovat 5.1 miljardin euron EU4Health -ohjelma vuosille 2021-2027, EU:n hiilivero, sek\u00e4 tasa-arvoinen kohtelu ty\u00f6el\u00e4m\u00e4ss\u00e4 yleissopimukseen vammaisten henkil\u00f6iden oikeuksista liittyen. Keskiviikkona sen sijaan Euroopan tulevaisuutta k\u00e4sittelev\u00e4n konferenssin yleisen julistuksen allekirjoittamisen lis\u00e4ksi Euroopan neuvosto sek\u00e4 komissio antavat lausuntonsa Euroopan sosiaalisten oikeuksien pilarin toimintasuunnitelman toteuttamisesta ennen Portossa toukokuussa j\u00e4rjestett\u00e4v\u00e4\u00e4 sosiaalisen Euroopan huippukokousta.<\/p>\n\n\n\n<p><strong>Euroopan komissio<\/strong><\/p>\n\n\n\n<p>Komission kollegio kokoontuu tiistaina keskustelemaan Euroopan Digital Decade 2030 -ohjelman p\u00e4\u00e4m\u00e4\u00e4rist\u00e4 sek\u00e4 EU:n humanit\u00e4\u00e4risesta avusta pandemian aikana. Komission puheenjohtaja von der Leyen allekirjoittaa yhteisen julistuksen Euroopan tulevaisuutta k\u00e4sittelev\u00e4st\u00e4 konferenssista keskiviikkona sek\u00e4 tapaa Baltian maiden p\u00e4\u00e4ministerit perjantaina. Maanantaina komissaari Schmit puhuu Euroopan ammatillisen yhteisj\u00e4rjest\u00f6n edustajille, kun taas keskiviikkona komissaari Timmermans pit\u00e4\u00e4 puhelun Ruotsin p\u00e4\u00e4ministerin kanssa.<\/p>\n\n\n\n<p><strong>Euroopan neuvosto<\/strong><\/p>\n\n\n\n<p>Torstaina neuvostossa on oikeusministereiden ep\u00e4virallinen tapaaminen, jossa keskustellaan EU:n perusoikeuksista sek\u00e4 Euroopan yleisen syytt\u00e4j\u00e4nviraston perustamisesta. Perjantaina sis\u00e4asiainministerit pit\u00e4v\u00e4t samaan tapaan ep\u00e4virallisen tapaamisen siirtolaisuudesta ja pakolaisuudesta sek\u00e4 yhteisty\u00f6st\u00e4 EU:n ja Pohjois-Afrikan maiden kesken.<\/p>\n\n\n\n<p><strong>Eduskunta<\/strong><\/p>\n\n\n\n<p>Suomen eduskunnan suuri valiokunta p\u00e4\u00e4tti perjantaina 5.3, ett\u00e4 eduskunnan puolesta Euroopan tulevaisuutta k\u00e4sittelev\u00e4n konferenssin rakennetta koskeva julistus on hyv\u00e4ksytt\u00e4viss\u00e4. Suuri valiokunta painotti, ett\u00e4 konferenssin toiminnassa tulee varmistaa toimielinten tasapaino, tasa-arvoinen edustus ja kansallisten parlamenttien osallistumismahdollisuuksien turvaaminen konferenssin ty\u00f6h\u00f6n.&nbsp;<\/p>\n\n\n\n<p>Euroopan tulevaisuutta k\u00e4sittelev\u00e4n konferenssi on tarkoitus k\u00e4ynnist\u00e4\u00e4 mahdollisimman pian yhteisen julistuksen allekirjoittamisen j\u00e4lkeen. Muodollinen k\u00e4ynnistystilaisuus voidaan mahdollisesti j\u00e4rjest\u00e4\u00e4 Eurooppa-p\u00e4iv\u00e4n\u00e4 9. toukokuuta.<\/p>\n\n\n\n<p><strong>Tapahtumat<\/strong><\/p>\n\n\n\n<p>Eurooppalaisen Suomen yhteis\u00f6j\u00e4senten tapahtumia t\u00e4lle viikolle.<\/p>\n\n\n\n<p><strong>Tiistai 9.3.2021<\/strong><\/p>\n\n\n\n<p>Suomen Ammattiliittojen Keskusj\u00e4rjest\u00f6 &#8211; Hur har corona-pandemin p\u00e5verkat arbetstagarna inom servicebranscherna?<\/p>\n\n\n\n<p>Kello 18:00-19:00 <a href=\"https:\/\/www.lyyti.fi\/reg\/Servicefacket_PAMs_erfarenheter_av_pandemitiden_Ordforande_Annika_RonniSallinen_PAM_4394?fbclid=IwAR3u6oTwJ-z_S_6uweOhMWIfWl-bVnhmKfQNUCyJReY8qZUNSCBCYeSXEpc\">https:\/\/www.lyyti.fi\/\u2026\/Servicefacket_PAMs_erfarenheter_av\u2026<\/a><\/p>\n\n\n\n<p><strong>Torstai 11.3.2021<\/strong><\/p>\n\n\n\n<p>STTK &#8211; Meneek\u00f6 soteuudistus maaliin &#8211; mit\u00e4 t\u00e4m\u00e4 tarkoittaa kunnille?<\/p>\n\n\n\n<p>Kello 14:00-15:00 <a href=\"https:\/\/www.sttk.fi\/webinaarit\/?fbclid=IwAR0DH0Iu8U1kBgu1ncgGTHjRuXLG4r45Tl_v-1DggW7nb_XD_aM-Go1D0Yk\">https:\/\/www.sttk.fi\/webinaarit\/<\/a><\/p>\n\n\n\n<p>Globaalikasvatus ja Fingo &#8211; Globaalikasvatuksen kev\u00e4tkattaus<\/p>\n\n\n\n<p>Kello 15.00-17:00 <\/p>\n\n\n\n<p><\/p>\n\n\n\n<p>#EUviikossa<\/p>\n\n\n\n<p>European Movement International ja Eduskunta: sis\u00e4lt\u00f6<\/p>\n\n\n\n<p>Grafiikka: Guillaume P\u00e9rigois<\/p>\n","protected":false},"excerpt":{"rendered":"<p>Euroopan parlamentissa on t\u00e4ll\u00e4 viikolla t\u00e4ysistuntoviikko, joten debatissa ja \u00e4\u00e4nestyksess\u00e4 on useita eri aiheita. Viikon p\u00e4\u00e4tapahtumiin kuuluu Euroopan tulevaisuutta k\u00e4sittelev\u00e4n konferenssin yhteisen julistuksen allekirjoittaminen parlamentissa keskiviikkona sek\u00e4 kansainv\u00e4lisen naistenp\u00e4iv\u00e4n juhlistaminen t\u00e4n\u00e4\u00e4n maanantaina. Juhlan kunniaksi parlamentin puhemies Sassoli, komission puheenjohtaja von der Leyen sek\u00e4 Uuden-Seelannin p\u00e4\u00e4ministeri Jacinda Ardern puhuttelevat europarlamentaarikkoja ennen t\u00e4ysistunnon alkua. Komission kollegio kokoontuu [&hellip;]<\/p>\n","protected":false},"author":4,"featured_media":0,"comment_status":"closed","ping_status":"open","sticky":false,"template":"","format":"standard","meta":{"_et_pb_use_builder":"","_et_pb_old_content":"","_et_gb_content_width":""},"categories":[8,14,9],"tags":[],"yoast_head":"<!-- This site is optimized with the Yoast SEO plugin v19.13 - https:\/\/yoast.com\/wordpress\/plugins\/seo\/ -->\n<title>EU4Health | Euroopan tulevaisuuskonferenssi | Kansainv\u00e4linen naistenp\u00e4iv\u00e4 - Eurooppalainen Suomi<\/title>\n<meta name=\"robots\" content=\"index, follow, max-snippet:-1, max-image-preview:large, max-video-preview:-1\" \/>\n<link rel=\"canonical\" href=\"https:\/\/www.eurooppalainensuomi.fi\/?p=2494\" \/>\n<meta property=\"og:locale\" content=\"en_US\" \/>\n<meta property=\"og:type\" content=\"article\" \/>\n<meta property=\"og:title\" content=\"EU4Health | Euroopan tulevaisuuskonferenssi | Kansainv\u00e4linen naistenp\u00e4iv\u00e4 - Eurooppalainen Suomi\" \/>\n<meta property=\"og:description\" content=\"Euroopan parlamentissa on t\u00e4ll\u00e4 viikolla t\u00e4ysistuntoviikko, joten debatissa ja \u00e4\u00e4nestyksess\u00e4 on useita eri aiheita. Viikon p\u00e4\u00e4tapahtumiin kuuluu Euroopan tulevaisuutta k\u00e4sittelev\u00e4n konferenssin yhteisen julistuksen allekirjoittaminen parlamentissa keskiviikkona sek\u00e4 kansainv\u00e4lisen naistenp\u00e4iv\u00e4n juhlistaminen t\u00e4n\u00e4\u00e4n maanantaina. Juhlan kunniaksi parlamentin puhemies Sassoli, komission puheenjohtaja von der Leyen sek\u00e4 Uuden-Seelannin p\u00e4\u00e4ministeri Jacinda Ardern puhuttelevat europarlamentaarikkoja ennen t\u00e4ysistunnon alkua. Komission kollegio kokoontuu [&hellip;]\" \/>\n<meta property=\"og:url\" content=\"https:\/\/www.eurooppalainensuomi.fi\/?p=2494\" \/>\n<meta property=\"og:site_name\" content=\"Eurooppalainen Suomi\" \/>\n<meta property=\"article:publisher\" content=\"https:\/\/www.facebook.com\/eurooppalainensuomi\" \/>\n<meta property=\"article:published_time\" content=\"2021-03-08T11:24:31+00:00\" \/>\n<meta property=\"article:modified_time\" content=\"2021-03-08T14:21:52+00:00\" \/>\n<meta property=\"og:image\" content=\"https:\/\/www.eurooppalainensuomi.fi\/wp-content\/uploads\/2021\/03\/guillaume-perigois-wVqC9dty3VQ-unsplash-scaled.jpg\" \/>\n\t<meta property=\"og:image:width\" content=\"2560\" \/>\n\t<meta property=\"og:image:height\" content=\"1707\" \/>\n\t<meta property=\"og:image:type\" content=\"image\/jpeg\" \/>\n<meta name=\"author\" content=\"Admin\" \/>\n<meta name=\"twitter:card\" content=\"summary_large_image\" \/>\n<meta name=\"twitter:creator\" content=\"@em_finland\" \/>\n<meta name=\"twitter:site\" content=\"@em_finland\" \/>\n<meta name=\"twitter:label1\" content=\"Written by\" \/>\n\t<meta name=\"twitter:data1\" content=\"Admin\" \/>\n\t<meta name=\"twitter:label2\" content=\"Est. reading time\" \/>\n\t<meta name=\"twitter:data2\" content=\"2 minutes\" \/>\n<script type=\"application\/ld+json\" class=\"yoast-schema-graph\">{\"@context\":\"https:\/\/schema.org\",\"@graph\":[{\"@type\":\"Article\",\"@id\":\"https:\/\/www.eurooppalainensuomi.fi\/?p=2494#article\",\"isPartOf\":{\"@id\":\"https:\/\/www.eurooppalainensuomi.fi\/?p=2494\"},\"author\":{\"name\":\"Admin\",\"@id\":\"https:\/\/www.eurooppalainensuomi.fi\/#\/schema\/person\/9635843384121bb89ed49f8d3129daee\"},\"headline\":\"EU4Health | Euroopan tulevaisuuskonferenssi | Kansainv\u00e4linen naistenp\u00e4iv\u00e4\",\"datePublished\":\"2021-03-08T11:24:31+00:00\",\"dateModified\":\"2021-03-08T14:21:52+00:00\",\"mainEntityOfPage\":{\"@id\":\"https:\/\/www.eurooppalainensuomi.fi\/?p=2494\"},\"wordCount\":442,\"publisher\":{\"@id\":\"https:\/\/www.eurooppalainensuomi.fi\/#organization\"},\"articleSection\":[\"Ajankohtaista\",\"Tiedotteet\",\"Uutiset\"],\"inLanguage\":\"en\"},{\"@type\":\"WebPage\",\"@id\":\"https:\/\/www.eurooppalainensuomi.fi\/?p=2494\",\"url\":\"https:\/\/www.eurooppalainensuomi.fi\/?p=2494\",\"name\":\"EU4Health | Euroopan tulevaisuuskonferenssi | Kansainv\u00e4linen naistenp\u00e4iv\u00e4 - Eurooppalainen Suomi\",\"isPartOf\":{\"@id\":\"https:\/\/www.eurooppalainensuomi.fi\/#website\"},\"datePublished\":\"2021-03-08T11:24:31+00:00\",\"dateModified\":\"2021-03-08T14:21:52+00:00\",\"breadcrumb\":{\"@id\":\"https:\/\/www.eurooppalainensuomi.fi\/?p=2494#breadcrumb\"},\"inLanguage\":\"en\",\"potentialAction\":[{\"@type\":\"ReadAction\",\"target\":[\"https:\/\/www.eurooppalainensuomi.fi\/?p=2494\"]}]},{\"@type\":\"BreadcrumbList\",\"@id\":\"https:\/\/www.eurooppalainensuomi.fi\/?p=2494#breadcrumb\",\"itemListElement\":[{\"@type\":\"ListItem\",\"position\":1,\"name\":\"Etusivu\",\"item\":\"https:\/\/www.eurooppalainensuomi.fi\/\"},{\"@type\":\"ListItem\",\"position\":2,\"name\":\"EU4Health | Euroopan tulevaisuuskonferenssi | Kansainv\u00e4linen naistenp\u00e4iv\u00e4\"}]},{\"@type\":\"WebSite\",\"@id\":\"https:\/\/www.eurooppalainensuomi.fi\/#website\",\"url\":\"https:\/\/www.eurooppalainensuomi.fi\/\",\"name\":\"Eurooppalainen Suomi\",\"description\":\"Parempaa Eurooppaa rakentamassa\",\"publisher\":{\"@id\":\"https:\/\/www.eurooppalainensuomi.fi\/#organization\"},\"potentialAction\":[{\"@type\":\"SearchAction\",\"target\":{\"@type\":\"EntryPoint\",\"urlTemplate\":\"https:\/\/www.eurooppalainensuomi.fi\/?s={search_term_string}\"},\"query-input\":\"required name=search_term_string\"}],\"inLanguage\":\"en\"},{\"@type\":\"Organization\",\"@id\":\"https:\/\/www.eurooppalainensuomi.fi\/#organization\",\"name\":\"Eurooppalainen Suomi ry\",\"url\":\"https:\/\/www.eurooppalainensuomi.fi\/\",\"logo\":{\"@type\":\"ImageObject\",\"inLanguage\":\"en\",\"@id\":\"https:\/\/www.eurooppalainensuomi.fi\/#\/schema\/logo\/image\/\",\"url\":\"https:\/\/www.eurooppalainensuomi.fi\/wp-content\/uploads\/2021\/01\/PNG_large.png\",\"contentUrl\":\"https:\/\/www.eurooppalainensuomi.fi\/wp-content\/uploads\/2021\/01\/PNG_large.png\",\"width\":586,\"height\":220,\"caption\":\"Eurooppalainen Suomi ry\"},\"image\":{\"@id\":\"https:\/\/www.eurooppalainensuomi.fi\/#\/schema\/logo\/image\/\"},\"sameAs\":[\"https:\/\/instagram.com\/eurooppalainensuomi\",\"https:\/\/www.youtube.com\/channel\/UCBeqyrm1ze2RinjeAYS_-Jg\",\"https:\/\/fi.wikipedia.org\/wiki\/Eurooppalainen_Suomi\",\"https:\/\/www.facebook.com\/eurooppalainensuomi\",\"https:\/\/twitter.com\/em_finland\"]},{\"@type\":\"Person\",\"@id\":\"https:\/\/www.eurooppalainensuomi.fi\/#\/schema\/person\/9635843384121bb89ed49f8d3129daee\",\"name\":\"Admin\",\"image\":{\"@type\":\"ImageObject\",\"inLanguage\":\"en\",\"@id\":\"https:\/\/www.eurooppalainensuomi.fi\/#\/schema\/person\/image\/\",\"url\":\"https:\/\/secure.gravatar.com\/avatar\/813eb247d5c8e5914db8a949c18b8e26?s=96&d=mm&r=g\",\"contentUrl\":\"https:\/\/secure.gravatar.com\/avatar\/813eb247d5c8e5914db8a949c18b8e26?s=96&d=mm&r=g\",\"caption\":\"Admin\"}}]}<\/script>\n<!-- \/ Yoast SEO plugin. -->","yoast_head_json":{"title":"EU4Health | Euroopan tulevaisuuskonferenssi | Kansainv\u00e4linen naistenp\u00e4iv\u00e4 - Eurooppalainen Suomi","robots":{"index":"index","follow":"follow","max-snippet":"max-snippet:-1","max-image-preview":"max-image-preview:large","max-video-preview":"max-video-preview:-1"},"canonical":"https:\/\/www.eurooppalainensuomi.fi\/?p=2494","og_locale":"en_US","og_type":"article","og_title":"EU4Health | Euroopan tulevaisuuskonferenssi | Kansainv\u00e4linen naistenp\u00e4iv\u00e4 - Eurooppalainen Suomi","og_description":"Euroopan parlamentissa on t\u00e4ll\u00e4 viikolla t\u00e4ysistuntoviikko, joten debatissa ja \u00e4\u00e4nestyksess\u00e4 on useita eri aiheita. Viikon p\u00e4\u00e4tapahtumiin kuuluu Euroopan tulevaisuutta k\u00e4sittelev\u00e4n konferenssin yhteisen julistuksen allekirjoittaminen parlamentissa keskiviikkona sek\u00e4 kansainv\u00e4lisen naistenp\u00e4iv\u00e4n juhlistaminen t\u00e4n\u00e4\u00e4n maanantaina. Juhlan kunniaksi parlamentin puhemies Sassoli, komission puheenjohtaja von der Leyen sek\u00e4 Uuden-Seelannin p\u00e4\u00e4ministeri Jacinda Ardern puhuttelevat europarlamentaarikkoja ennen t\u00e4ysistunnon alkua. Komission kollegio kokoontuu [&hellip;]","og_url":"https:\/\/www.eurooppalainensuomi.fi\/?p=2494","og_site_name":"Eurooppalainen Suomi","article_publisher":"https:\/\/www.facebook.com\/eurooppalainensuomi","article_published_time":"2021-03-08T11:24:31+00:00","article_modified_time":"2021-03-08T14:21:52+00:00","og_image":[{"width":2560,"height":1707,"url":"https:\/\/www.eurooppalainensuomi.fi\/wp-content\/uploads\/2021\/03\/guillaume-perigois-wVqC9dty3VQ-unsplash-scaled.jpg","type":"image\/jpeg"}],"author":"Admin","twitter_card":"summary_large_image","twitter_creator":"@em_finland","twitter_site":"@em_finland","twitter_misc":{"Written by":"Admin","Est. reading time":"2 minutes"},"schema":{"@context":"https:\/\/schema.org","@graph":[{"@type":"Article","@id":"https:\/\/www.eurooppalainensuomi.fi\/?p=2494#article","isPartOf":{"@id":"https:\/\/www.eurooppalainensuomi.fi\/?p=2494"},"author":{"name":"Admin","@id":"https:\/\/www.eurooppalainensuomi.fi\/#\/schema\/person\/9635843384121bb89ed49f8d3129daee"},"headline":"EU4Health | Euroopan tulevaisuuskonferenssi | Kansainv\u00e4linen naistenp\u00e4iv\u00e4","datePublished":"2021-03-08T11:24:31+00:00","dateModified":"2021-03-08T14:21:52+00:00","mainEntityOfPage":{"@id":"https:\/\/www.eurooppalainensuomi.fi\/?p=2494"},"wordCount":442,"publisher":{"@id":"https:\/\/www.eurooppalainensuomi.fi\/#organization"},"articleSection":["Ajankohtaista","Tiedotteet","Uutiset"],"inLanguage":"en"},{"@type":"WebPage","@id":"https:\/\/www.eurooppalainensuomi.fi\/?p=2494","url":"https:\/\/www.eurooppalainensuomi.fi\/?p=2494","name":"EU4Health | Euroopan tulevaisuuskonferenssi | Kansainv\u00e4linen naistenp\u00e4iv\u00e4 - Eurooppalainen Suomi","isPartOf":{"@id":"https:\/\/www.eurooppalainensuomi.fi\/#website"},"datePublished":"2021-03-08T11:24:31+00:00","dateModified":"2021-03-08T14:21:52+00:00","breadcrumb":{"@id":"https:\/\/www.eurooppalainensuomi.fi\/?p=2494#breadcrumb"},"inLanguage":"en","potentialAction":[{"@type":"ReadAction","target":["https:\/\/www.eurooppalainensuomi.fi\/?p=2494"]}]},{"@type":"BreadcrumbList","@id":"https:\/\/www.eurooppalainensuomi.fi\/?p=2494#breadcrumb","itemListElement":[{"@type":"ListItem","position":1,"name":"Etusivu","item":"https:\/\/www.eurooppalainensuomi.fi\/"},{"@type":"ListItem","position":2,"name":"EU4Health | Euroopan tulevaisuuskonferenssi | Kansainv\u00e4linen naistenp\u00e4iv\u00e4"}]},{"@type":"WebSite","@id":"https:\/\/www.eurooppalainensuomi.fi\/#website","url":"https:\/\/www.eurooppalainensuomi.fi\/","name":"Eurooppalainen Suomi","description":"Parempaa Eurooppaa rakentamassa","publisher":{"@id":"https:\/\/www.eurooppalainensuomi.fi\/#organization"},"potentialAction":[{"@type":"SearchAction","target":{"@type":"EntryPoint","urlTemplate":"https:\/\/www.eurooppalainensuomi.fi\/?s={search_term_string}"},"query-input":"required name=search_term_string"}],"inLanguage":"en"},{"@type":"Organization","@id":"https:\/\/www.eurooppalainensuomi.fi\/#organization","name":"Eurooppalainen Suomi ry","url":"https:\/\/www.eurooppalainensuomi.fi\/","logo":{"@type":"ImageObject","inLanguage":"en","@id":"https:\/\/www.eurooppalainensuomi.fi\/#\/schema\/logo\/image\/","url":"https:\/\/www.eurooppalainensuomi.fi\/wp-content\/uploads\/2021\/01\/PNG_large.png","contentUrl":"https:\/\/www.eurooppalainensuomi.fi\/wp-content\/uploads\/2021\/01\/PNG_large.png","width":586,"height":220,"caption":"Eurooppalainen Suomi ry"},"image":{"@id":"https:\/\/www.eurooppalainensuomi.fi\/#\/schema\/logo\/image\/"},"sameAs":["https:\/\/instagram.com\/eurooppalainensuomi","https:\/\/www.youtube.com\/channel\/UCBeqyrm1ze2RinjeAYS_-Jg","https:\/\/fi.wikipedia.org\/wiki\/Eurooppalainen_Suomi","https:\/\/www.facebook.com\/eurooppalainensuomi","https:\/\/twitter.com\/em_finland"]},{"@type":"Person","@id":"https:\/\/www.eurooppalainensuomi.fi\/#\/schema\/person\/9635843384121bb89ed49f8d3129daee","name":"Admin","image":{"@type":"ImageObject","inLanguage":"en","@id":"https:\/\/www.eurooppalainensuomi.fi\/#\/schema\/person\/image\/","url":"https:\/\/secure.gravatar.com\/avatar\/813eb247d5c8e5914db8a949c18b8e26?s=96&d=mm&r=g","contentUrl":"https:\/\/secure.gravatar.com\/avatar\/813eb247d5c8e5914db8a949c18b8e26?s=96&d=mm&r=g","caption":"Admin"}}]}},"jetpack_featured_media_url":"","_links":{"self":[{"href":"https:\/\/www.eurooppalainensuomi.fi\/index.php?rest_route=\/wp\/v2\/posts\/2494"}],"collection":[{"href":"https:\/\/www.eurooppalainensuomi.fi\/index.php?rest_route=\/wp\/v2\/posts"}],"about":[{"href":"https:\/\/www.eurooppalainensuomi.fi\/index.php?rest_route=\/wp\/v2\/types\/post"}],"author":[{"embeddable":true,"href":"https:\/\/www.eurooppalainensuomi.fi\/index.php?rest_route=\/wp\/v2\/users\/4"}],"replies":[{"embeddable":true,"href":"https:\/\/www.eurooppalainensuomi.fi\/index.php?rest_route=%2Fwp%2Fv2%2Fcomments&post=2494"}],"version-history":[{"count":6,"href":"https:\/\/www.eurooppalainensuomi.fi\/index.php?rest_route=\/wp\/v2\/posts\/2494\/revisions"}],"predecessor-version":[{"id":2501,"href":"https:\/\/www.eurooppalainensuomi.fi\/index.php?rest_route=\/wp\/v2\/posts\/2494\/revisions\/2501"}],"wp:attachment":[{"href":"https:\/\/www.eurooppalainensuomi.fi\/index.php?rest_route=%2Fwp%2Fv2%2Fmedia&parent=2494"}],"wp:term":[{"taxonomy":"category","embeddable":true,"href":"https:\/\/www.eurooppalainensuomi.fi\/index.php?rest_route=%2Fwp%2Fv2%2Fcategories&post=2494"},{"taxonomy":"post_tag","embeddable":true,"href":"https:\/\/www.eurooppalainensuomi.fi\/index.php?rest_route=%2Fwp%2Fv2%2Ftags&post=2494"}],"curies":[{"name":"wp","href":"https:\/\/api.w.org\/{rel}","templated":true}]}}