{"id":2490,"date":"2021-03-01T18:18:41","date_gmt":"2021-03-01T16:18:41","guid":{"rendered":"https:\/\/www.eurooppalainensuomi.fi\/?p=2490"},"modified":"2021-03-01T18:18:47","modified_gmt":"2021-03-01T16:18:47","slug":"sosiaalinen-pilari-kansainvalinen-naistenpaiva-eu-albania","status":"publish","type":"post","link":"https:\/\/www.eurooppalainensuomi.fi\/?p=2490","title":{"rendered":"Sosiaalinen pilari | Kansainv\u00e4linen naistenp\u00e4iv\u00e4 | EU-Albania"},"content":{"rendered":"\n<p>Ensi maanantaina juhlitaan kansainv\u00e4list\u00e4 naistenp\u00e4iv\u00e4\u00e4 ja Euroopan<br>parlamentti j\u00e4rjest\u00e4\u00e4kin t\u00e4ll\u00e4 viikolla s\u00e4\u00e4nn\u00f6llisten valiokuntatapaamisten lis\u00e4ksi<br>tapahtumia kansainv\u00e4lisen naistenp\u00e4iv\u00e4n kunniaksi.<br>Komission kollegio kokoontuu keskiviikkona k\u00e4sittelem\u00e4\u00e4n<br>toimintasuunnitelmaa Euroopan sosiaalisten oikeuksien pilarin<br>toimeenpanemiseksi sek\u00e4 finanssipoliittisia toimia koronaviruksen Euroopassa<br>puhkeamisen vuosip\u00e4iv\u00e4n j\u00e4lkimainingeissa. T\u00e4m\u00e4n lis\u00e4ksi EU-Albanian<br>assosisaatiovaliokunta kokoontuu t\u00e4n\u00e4\u00e4n k\u00e4sittelem\u00e4\u00e4n strategiaa<br>j\u00e4senvaltioksi liittymist\u00e4 edelt\u00e4v\u00e4\u00e4n ajanjaksoon.<br><\/p>\n\n\n\n<p>Euroopan parlamentti<br><\/p>\n\n\n\n<p>Euroopan parlamentti pit\u00e4\u00e4 t\u00e4ll\u00e4 viikolla kaksi kansainv\u00e4list\u00e4 naistenp\u00e4iv\u00e4\u00e4<br>juhlistavaa tapahtumaa. Keskiviikkona parlamentin mediapalvelu pit\u00e4\u00e4<br>journalisteille tarkoitetun webinaarin, joka k\u00e4sittelee naisten johtajuutta<br>koronaviruksen vastaisessa taistelussa. Torstaina komission puheenjohtaja von<br>der Leyen, tasa-arvoasioista vastaava komissaari Dalli sek\u00e4 parlamentin<br>puhemies Sassoli osallistuvat kaikki valiokunnat kattavaan tapaamiseen, jossa<br>my\u00f6skin k\u00e4sitell\u00e4\u00e4n naisten johtajuutta korona-aikana. Lis\u00e4ksi ty\u00f6llisyyden ja<br>sosiaaliasioiden valiokunta kokoontuu keskustelemaan Euroopan sosiaalisten<br>oikeuksien pilarista.<br><\/p>\n\n\n\n<p>Euroopan komissio<br><\/p>\n\n\n\n<p>Komission kollegio kokoontuu keskiviikkona k\u00e4sittelem\u00e4\u00e4n mm.<br>finanssipoliittisia toimia koronaviruksen Euroopassa puhkeamisen vuosip\u00e4iv\u00e4n<br>j\u00e4lkimainingeissa sek\u00e4 toimintasuunnitelmaa Euroopan sosiaalisten oikeuksien<br>pilarin toimeenpanemiseksi. Euroopan vihre\u00e4n kehityksen ohjelmasta vastaava<br>varapuheenjohtaja Timmermans tapaa t\u00e4n\u00e4\u00e4n Norjan hallituksen Euroopan<br>vihre\u00e4n kehityksen ohjelmaa k\u00e4sittelevien asioiden merkeiss\u00e4. Torstaina<br>demokratiasta ja v\u00e4est\u00f6kehityksest\u00e4 vastaava varapuheenjohtaja \u0160uica pit\u00e4\u00e4<br>videokonferenssin yhdess\u00e4 Europa Nostran p\u00e4\u00e4sihteerin kanssa, miss\u00e4<br>k\u00e4yd\u00e4\u00e4n l\u00e4pi Euroopan tulevaisuutta k\u00e4sittelev\u00e4\u00e4 konferenssia.<\/p>\n\n\n\n<p>Euroopan unionin neuvosto<br><\/p>\n\n\n\n<p>EU:n ulkosuhteiden korkea edustaja Borrell johtaa t\u00e4n\u00e4\u00e4n EU-Albanian<br>assosiaatiovaliokunnan kokousta. Kokouksessa k\u00e4sitell\u00e4\u00e4n j\u00e4senvaltioksi<br>liittymist\u00e4 edelt\u00e4v\u00e4\u00e4 strategiaa, erityisesti j\u00e4senyyden kriteereit\u00e4, kun taas<br>tiistaina j\u00e4rjestet\u00e4\u00e4n ep\u00e4virallinen kauppaministereiden tapaaminen.<br><\/p>\n\n\n\n<p>Eduskunta<br><\/p>\n\n\n\n<p>P\u00e4\u00e4ministeri Sanna Marin (sd.) antoi viime keskiviikkona suurelle valiokunnalle<br>ja ulkoasiainvaliokunnalle selvityksens\u00e4 viime viikon torstaina ja perjantaina<br>pidett\u00e4v\u00e4st\u00e4 Eurooppa-neuvoston j\u00e4senten videokokouksesta. Torstain<br>kokouksen p\u00e4\u00e4aiheita olivat korona ja terveysturvallisuus, kun taas perjantaina<br>keski\u00f6ss\u00e4 olivat turvallisuus ja puolustus.<br><\/p>\n\n\n\n<p>Selvityksess\u00e4\u00e4n p\u00e4\u00e4ministeri painotti muun muassa toimia rokotteiden<br>saatavuuden parantamiseksi ja j\u00e4senmaiden yhteisty\u00f6t\u00e4 viruksen levi\u00e4misen<br>ehk\u00e4isemiseksi. Valiokunnat keskustelivatkin p\u00e4\u00e4ministerin kanssa mm. EU:n<br>yhteisten rokotehankintojen hy\u00f6dyist\u00e4 ja ongelmista, sek\u00e4 EU:n<br>sis\u00e4rajaliikenteen rajoittamisesta keinona ehk\u00e4ist\u00e4 viruksen levi\u00e4mist\u00e4.<\/p>\n\n\n\n<p>#EUviikossa<\/p>\n\n\n\n<p>European Movement International: sis\u00e4lt\u00f6 ja grafiikka<\/p>\n","protected":false},"excerpt":{"rendered":"<p>Ensi maanantaina juhlitaan kansainv\u00e4list\u00e4 naistenp\u00e4iv\u00e4\u00e4 ja Euroopanparlamentti j\u00e4rjest\u00e4\u00e4kin t\u00e4ll\u00e4 viikolla s\u00e4\u00e4nn\u00f6llisten valiokuntatapaamisten lis\u00e4ksitapahtumia kansainv\u00e4lisen naistenp\u00e4iv\u00e4n kunniaksi.Komission kollegio kokoontuu keskiviikkona k\u00e4sittelem\u00e4\u00e4ntoimintasuunnitelmaa Euroopan sosiaalisten oikeuksien pilarintoimeenpanemiseksi sek\u00e4 finanssipoliittisia toimia koronaviruksen Euroopassapuhkeamisen vuosip\u00e4iv\u00e4n j\u00e4lkimainingeissa. T\u00e4m\u00e4n lis\u00e4ksi EU-Albanianassosisaatiovaliokunta kokoontuu t\u00e4n\u00e4\u00e4n k\u00e4sittelem\u00e4\u00e4n strategiaaj\u00e4senvaltioksi liittymist\u00e4 edelt\u00e4v\u00e4\u00e4n ajanjaksoon. Euroopan parlamentti Euroopan parlamentti pit\u00e4\u00e4 t\u00e4ll\u00e4 viikolla kaksi kansainv\u00e4list\u00e4 naistenp\u00e4iv\u00e4\u00e4juhlistavaa tapahtumaa. Keskiviikkona parlamentin mediapalvelu [&hellip;]<\/p>\n","protected":false},"author":4,"featured_media":0,"comment_status":"closed","ping_status":"open","sticky":false,"template":"","format":"standard","meta":{"_et_pb_use_builder":"","_et_pb_old_content":"","_et_gb_content_width":""},"categories":[8,14,9],"tags":[],"yoast_head":"<!-- This site is optimized with the Yoast SEO plugin v19.13 - https:\/\/yoast.com\/wordpress\/plugins\/seo\/ -->\n<title>Sosiaalinen pilari | Kansainv\u00e4linen naistenp\u00e4iv\u00e4 | EU-Albania - Eurooppalainen Suomi<\/title>\n<meta name=\"robots\" content=\"index, follow, max-snippet:-1, max-image-preview:large, max-video-preview:-1\" \/>\n<link rel=\"canonical\" href=\"https:\/\/www.eurooppalainensuomi.fi\/?p=2490\" \/>\n<meta property=\"og:locale\" content=\"en_US\" \/>\n<meta property=\"og:type\" content=\"article\" \/>\n<meta property=\"og:title\" content=\"Sosiaalinen pilari | Kansainv\u00e4linen naistenp\u00e4iv\u00e4 | EU-Albania - Eurooppalainen Suomi\" \/>\n<meta property=\"og:description\" content=\"Ensi maanantaina juhlitaan kansainv\u00e4list\u00e4 naistenp\u00e4iv\u00e4\u00e4 ja Euroopanparlamentti j\u00e4rjest\u00e4\u00e4kin t\u00e4ll\u00e4 viikolla s\u00e4\u00e4nn\u00f6llisten valiokuntatapaamisten lis\u00e4ksitapahtumia kansainv\u00e4lisen naistenp\u00e4iv\u00e4n kunniaksi.Komission kollegio kokoontuu keskiviikkona k\u00e4sittelem\u00e4\u00e4ntoimintasuunnitelmaa Euroopan sosiaalisten oikeuksien pilarintoimeenpanemiseksi sek\u00e4 finanssipoliittisia toimia koronaviruksen Euroopassapuhkeamisen vuosip\u00e4iv\u00e4n j\u00e4lkimainingeissa. T\u00e4m\u00e4n lis\u00e4ksi EU-Albanianassosisaatiovaliokunta kokoontuu t\u00e4n\u00e4\u00e4n k\u00e4sittelem\u00e4\u00e4n strategiaaj\u00e4senvaltioksi liittymist\u00e4 edelt\u00e4v\u00e4\u00e4n ajanjaksoon. Euroopan parlamentti Euroopan parlamentti pit\u00e4\u00e4 t\u00e4ll\u00e4 viikolla kaksi kansainv\u00e4list\u00e4 naistenp\u00e4iv\u00e4\u00e4juhlistavaa tapahtumaa. Keskiviikkona parlamentin mediapalvelu [&hellip;]\" \/>\n<meta property=\"og:url\" content=\"https:\/\/www.eurooppalainensuomi.fi\/?p=2490\" \/>\n<meta property=\"og:site_name\" content=\"Eurooppalainen Suomi\" \/>\n<meta property=\"article:publisher\" content=\"https:\/\/www.facebook.com\/eurooppalainensuomi\" \/>\n<meta property=\"article:published_time\" content=\"2021-03-01T16:18:41+00:00\" \/>\n<meta property=\"article:modified_time\" content=\"2021-03-01T16:18:47+00:00\" \/>\n<meta property=\"og:image\" content=\"https:\/\/www.eurooppalainensuomi.fi\/wp-content\/uploads\/2021\/02\/VIIKOSSA-3.jpg\" \/>\n\t<meta property=\"og:image:width\" content=\"1200\" \/>\n\t<meta property=\"og:image:height\" content=\"350\" \/>\n\t<meta property=\"og:image:type\" content=\"image\/jpeg\" \/>\n<meta name=\"author\" content=\"Admin\" \/>\n<meta name=\"twitter:card\" content=\"summary_large_image\" \/>\n<meta name=\"twitter:creator\" content=\"@em_finland\" \/>\n<meta name=\"twitter:site\" content=\"@em_finland\" \/>\n<meta name=\"twitter:label1\" content=\"Written by\" \/>\n\t<meta name=\"twitter:data1\" content=\"Admin\" \/>\n\t<meta name=\"twitter:label2\" content=\"Est. reading time\" \/>\n\t<meta name=\"twitter:data2\" content=\"2 minutes\" \/>\n<script type=\"application\/ld+json\" class=\"yoast-schema-graph\">{\"@context\":\"https:\/\/schema.org\",\"@graph\":[{\"@type\":\"Article\",\"@id\":\"https:\/\/www.eurooppalainensuomi.fi\/?p=2490#article\",\"isPartOf\":{\"@id\":\"https:\/\/www.eurooppalainensuomi.fi\/?p=2490\"},\"author\":{\"name\":\"Admin\",\"@id\":\"https:\/\/www.eurooppalainensuomi.fi\/#\/schema\/person\/9635843384121bb89ed49f8d3129daee\"},\"headline\":\"Sosiaalinen pilari | Kansainv\u00e4linen naistenp\u00e4iv\u00e4 | EU-Albania\",\"datePublished\":\"2021-03-01T16:18:41+00:00\",\"dateModified\":\"2021-03-01T16:18:47+00:00\",\"mainEntityOfPage\":{\"@id\":\"https:\/\/www.eurooppalainensuomi.fi\/?p=2490\"},\"wordCount\":340,\"publisher\":{\"@id\":\"https:\/\/www.eurooppalainensuomi.fi\/#organization\"},\"articleSection\":[\"Ajankohtaista\",\"Tiedotteet\",\"Uutiset\"],\"inLanguage\":\"en\"},{\"@type\":\"WebPage\",\"@id\":\"https:\/\/www.eurooppalainensuomi.fi\/?p=2490\",\"url\":\"https:\/\/www.eurooppalainensuomi.fi\/?p=2490\",\"name\":\"Sosiaalinen pilari | Kansainv\u00e4linen naistenp\u00e4iv\u00e4 | EU-Albania - Eurooppalainen Suomi\",\"isPartOf\":{\"@id\":\"https:\/\/www.eurooppalainensuomi.fi\/#website\"},\"datePublished\":\"2021-03-01T16:18:41+00:00\",\"dateModified\":\"2021-03-01T16:18:47+00:00\",\"breadcrumb\":{\"@id\":\"https:\/\/www.eurooppalainensuomi.fi\/?p=2490#breadcrumb\"},\"inLanguage\":\"en\",\"potentialAction\":[{\"@type\":\"ReadAction\",\"target\":[\"https:\/\/www.eurooppalainensuomi.fi\/?p=2490\"]}]},{\"@type\":\"BreadcrumbList\",\"@id\":\"https:\/\/www.eurooppalainensuomi.fi\/?p=2490#breadcrumb\",\"itemListElement\":[{\"@type\":\"ListItem\",\"position\":1,\"name\":\"Etusivu\",\"item\":\"https:\/\/www.eurooppalainensuomi.fi\/\"},{\"@type\":\"ListItem\",\"position\":2,\"name\":\"Sosiaalinen pilari | Kansainv\u00e4linen naistenp\u00e4iv\u00e4 | EU-Albania\"}]},{\"@type\":\"WebSite\",\"@id\":\"https:\/\/www.eurooppalainensuomi.fi\/#website\",\"url\":\"https:\/\/www.eurooppalainensuomi.fi\/\",\"name\":\"Eurooppalainen Suomi\",\"description\":\"Parempaa Eurooppaa rakentamassa\",\"publisher\":{\"@id\":\"https:\/\/www.eurooppalainensuomi.fi\/#organization\"},\"potentialAction\":[{\"@type\":\"SearchAction\",\"target\":{\"@type\":\"EntryPoint\",\"urlTemplate\":\"https:\/\/www.eurooppalainensuomi.fi\/?s={search_term_string}\"},\"query-input\":\"required name=search_term_string\"}],\"inLanguage\":\"en\"},{\"@type\":\"Organization\",\"@id\":\"https:\/\/www.eurooppalainensuomi.fi\/#organization\",\"name\":\"Eurooppalainen Suomi ry\",\"url\":\"https:\/\/www.eurooppalainensuomi.fi\/\",\"logo\":{\"@type\":\"ImageObject\",\"inLanguage\":\"en\",\"@id\":\"https:\/\/www.eurooppalainensuomi.fi\/#\/schema\/logo\/image\/\",\"url\":\"https:\/\/www.eurooppalainensuomi.fi\/wp-content\/uploads\/2021\/01\/PNG_large.png\",\"contentUrl\":\"https:\/\/www.eurooppalainensuomi.fi\/wp-content\/uploads\/2021\/01\/PNG_large.png\",\"width\":586,\"height\":220,\"caption\":\"Eurooppalainen Suomi ry\"},\"image\":{\"@id\":\"https:\/\/www.eurooppalainensuomi.fi\/#\/schema\/logo\/image\/\"},\"sameAs\":[\"https:\/\/instagram.com\/eurooppalainensuomi\",\"https:\/\/www.youtube.com\/channel\/UCBeqyrm1ze2RinjeAYS_-Jg\",\"https:\/\/fi.wikipedia.org\/wiki\/Eurooppalainen_Suomi\",\"https:\/\/www.facebook.com\/eurooppalainensuomi\",\"https:\/\/twitter.com\/em_finland\"]},{\"@type\":\"Person\",\"@id\":\"https:\/\/www.eurooppalainensuomi.fi\/#\/schema\/person\/9635843384121bb89ed49f8d3129daee\",\"name\":\"Admin\",\"image\":{\"@type\":\"ImageObject\",\"inLanguage\":\"en\",\"@id\":\"https:\/\/www.eurooppalainensuomi.fi\/#\/schema\/person\/image\/\",\"url\":\"https:\/\/secure.gravatar.com\/avatar\/813eb247d5c8e5914db8a949c18b8e26?s=96&d=mm&r=g\",\"contentUrl\":\"https:\/\/secure.gravatar.com\/avatar\/813eb247d5c8e5914db8a949c18b8e26?s=96&d=mm&r=g\",\"caption\":\"Admin\"}}]}<\/script>\n<!-- \/ Yoast SEO plugin. -->","yoast_head_json":{"title":"Sosiaalinen pilari | Kansainv\u00e4linen naistenp\u00e4iv\u00e4 | EU-Albania - Eurooppalainen Suomi","robots":{"index":"index","follow":"follow","max-snippet":"max-snippet:-1","max-image-preview":"max-image-preview:large","max-video-preview":"max-video-preview:-1"},"canonical":"https:\/\/www.eurooppalainensuomi.fi\/?p=2490","og_locale":"en_US","og_type":"article","og_title":"Sosiaalinen pilari | Kansainv\u00e4linen naistenp\u00e4iv\u00e4 | EU-Albania - Eurooppalainen Suomi","og_description":"Ensi maanantaina juhlitaan kansainv\u00e4list\u00e4 naistenp\u00e4iv\u00e4\u00e4 ja Euroopanparlamentti j\u00e4rjest\u00e4\u00e4kin t\u00e4ll\u00e4 viikolla s\u00e4\u00e4nn\u00f6llisten valiokuntatapaamisten lis\u00e4ksitapahtumia kansainv\u00e4lisen naistenp\u00e4iv\u00e4n kunniaksi.Komission kollegio kokoontuu keskiviikkona k\u00e4sittelem\u00e4\u00e4ntoimintasuunnitelmaa Euroopan sosiaalisten oikeuksien pilarintoimeenpanemiseksi sek\u00e4 finanssipoliittisia toimia koronaviruksen Euroopassapuhkeamisen vuosip\u00e4iv\u00e4n j\u00e4lkimainingeissa. T\u00e4m\u00e4n lis\u00e4ksi EU-Albanianassosisaatiovaliokunta kokoontuu t\u00e4n\u00e4\u00e4n k\u00e4sittelem\u00e4\u00e4n strategiaaj\u00e4senvaltioksi liittymist\u00e4 edelt\u00e4v\u00e4\u00e4n ajanjaksoon. Euroopan parlamentti Euroopan parlamentti pit\u00e4\u00e4 t\u00e4ll\u00e4 viikolla kaksi kansainv\u00e4list\u00e4 naistenp\u00e4iv\u00e4\u00e4juhlistavaa tapahtumaa. Keskiviikkona parlamentin mediapalvelu [&hellip;]","og_url":"https:\/\/www.eurooppalainensuomi.fi\/?p=2490","og_site_name":"Eurooppalainen Suomi","article_publisher":"https:\/\/www.facebook.com\/eurooppalainensuomi","article_published_time":"2021-03-01T16:18:41+00:00","article_modified_time":"2021-03-01T16:18:47+00:00","og_image":[{"width":1200,"height":350,"url":"https:\/\/www.eurooppalainensuomi.fi\/wp-content\/uploads\/2021\/02\/VIIKOSSA-3.jpg","type":"image\/jpeg"}],"author":"Admin","twitter_card":"summary_large_image","twitter_creator":"@em_finland","twitter_site":"@em_finland","twitter_misc":{"Written by":"Admin","Est. reading time":"2 minutes"},"schema":{"@context":"https:\/\/schema.org","@graph":[{"@type":"Article","@id":"https:\/\/www.eurooppalainensuomi.fi\/?p=2490#article","isPartOf":{"@id":"https:\/\/www.eurooppalainensuomi.fi\/?p=2490"},"author":{"name":"Admin","@id":"https:\/\/www.eurooppalainensuomi.fi\/#\/schema\/person\/9635843384121bb89ed49f8d3129daee"},"headline":"Sosiaalinen pilari | Kansainv\u00e4linen naistenp\u00e4iv\u00e4 | EU-Albania","datePublished":"2021-03-01T16:18:41+00:00","dateModified":"2021-03-01T16:18:47+00:00","mainEntityOfPage":{"@id":"https:\/\/www.eurooppalainensuomi.fi\/?p=2490"},"wordCount":340,"publisher":{"@id":"https:\/\/www.eurooppalainensuomi.fi\/#organization"},"articleSection":["Ajankohtaista","Tiedotteet","Uutiset"],"inLanguage":"en"},{"@type":"WebPage","@id":"https:\/\/www.eurooppalainensuomi.fi\/?p=2490","url":"https:\/\/www.eurooppalainensuomi.fi\/?p=2490","name":"Sosiaalinen pilari | Kansainv\u00e4linen naistenp\u00e4iv\u00e4 | EU-Albania - Eurooppalainen Suomi","isPartOf":{"@id":"https:\/\/www.eurooppalainensuomi.fi\/#website"},"datePublished":"2021-03-01T16:18:41+00:00","dateModified":"2021-03-01T16:18:47+00:00","breadcrumb":{"@id":"https:\/\/www.eurooppalainensuomi.fi\/?p=2490#breadcrumb"},"inLanguage":"en","potentialAction":[{"@type":"ReadAction","target":["https:\/\/www.eurooppalainensuomi.fi\/?p=2490"]}]},{"@type":"BreadcrumbList","@id":"https:\/\/www.eurooppalainensuomi.fi\/?p=2490#breadcrumb","itemListElement":[{"@type":"ListItem","position":1,"name":"Etusivu","item":"https:\/\/www.eurooppalainensuomi.fi\/"},{"@type":"ListItem","position":2,"name":"Sosiaalinen pilari | Kansainv\u00e4linen naistenp\u00e4iv\u00e4 | EU-Albania"}]},{"@type":"WebSite","@id":"https:\/\/www.eurooppalainensuomi.fi\/#website","url":"https:\/\/www.eurooppalainensuomi.fi\/","name":"Eurooppalainen Suomi","description":"Parempaa Eurooppaa rakentamassa","publisher":{"@id":"https:\/\/www.eurooppalainensuomi.fi\/#organization"},"potentialAction":[{"@type":"SearchAction","target":{"@type":"EntryPoint","urlTemplate":"https:\/\/www.eurooppalainensuomi.fi\/?s={search_term_string}"},"query-input":"required name=search_term_string"}],"inLanguage":"en"},{"@type":"Organization","@id":"https:\/\/www.eurooppalainensuomi.fi\/#organization","name":"Eurooppalainen Suomi ry","url":"https:\/\/www.eurooppalainensuomi.fi\/","logo":{"@type":"ImageObject","inLanguage":"en","@id":"https:\/\/www.eurooppalainensuomi.fi\/#\/schema\/logo\/image\/","url":"https:\/\/www.eurooppalainensuomi.fi\/wp-content\/uploads\/2021\/01\/PNG_large.png","contentUrl":"https:\/\/www.eurooppalainensuomi.fi\/wp-content\/uploads\/2021\/01\/PNG_large.png","width":586,"height":220,"caption":"Eurooppalainen Suomi ry"},"image":{"@id":"https:\/\/www.eurooppalainensuomi.fi\/#\/schema\/logo\/image\/"},"sameAs":["https:\/\/instagram.com\/eurooppalainensuomi","https:\/\/www.youtube.com\/channel\/UCBeqyrm1ze2RinjeAYS_-Jg","https:\/\/fi.wikipedia.org\/wiki\/Eurooppalainen_Suomi","https:\/\/www.facebook.com\/eurooppalainensuomi","https:\/\/twitter.com\/em_finland"]},{"@type":"Person","@id":"https:\/\/www.eurooppalainensuomi.fi\/#\/schema\/person\/9635843384121bb89ed49f8d3129daee","name":"Admin","image":{"@type":"ImageObject","inLanguage":"en","@id":"https:\/\/www.eurooppalainensuomi.fi\/#\/schema\/person\/image\/","url":"https:\/\/secure.gravatar.com\/avatar\/813eb247d5c8e5914db8a949c18b8e26?s=96&d=mm&r=g","contentUrl":"https:\/\/secure.gravatar.com\/avatar\/813eb247d5c8e5914db8a949c18b8e26?s=96&d=mm&r=g","caption":"Admin"}}]}},"jetpack_featured_media_url":"","_links":{"self":[{"href":"https:\/\/www.eurooppalainensuomi.fi\/index.php?rest_route=\/wp\/v2\/posts\/2490"}],"collection":[{"href":"https:\/\/www.eurooppalainensuomi.fi\/index.php?rest_route=\/wp\/v2\/posts"}],"about":[{"href":"https:\/\/www.eurooppalainensuomi.fi\/index.php?rest_route=\/wp\/v2\/types\/post"}],"author":[{"embeddable":true,"href":"https:\/\/www.eurooppalainensuomi.fi\/index.php?rest_route=\/wp\/v2\/users\/4"}],"replies":[{"embeddable":true,"href":"https:\/\/www.eurooppalainensuomi.fi\/index.php?rest_route=%2Fwp%2Fv2%2Fcomments&post=2490"}],"version-history":[{"count":1,"href":"https:\/\/www.eurooppalainensuomi.fi\/index.php?rest_route=\/wp\/v2\/posts\/2490\/revisions"}],"predecessor-version":[{"id":2491,"href":"https:\/\/www.eurooppalainensuomi.fi\/index.php?rest_route=\/wp\/v2\/posts\/2490\/revisions\/2491"}],"wp:attachment":[{"href":"https:\/\/www.eurooppalainensuomi.fi\/index.php?rest_route=%2Fwp%2Fv2%2Fmedia&parent=2490"}],"wp:term":[{"taxonomy":"category","embeddable":true,"href":"https:\/\/www.eurooppalainensuomi.fi\/index.php?rest_route=%2Fwp%2Fv2%2Fcategories&post=2490"},{"taxonomy":"post_tag","embeddable":true,"href":"https:\/\/www.eurooppalainensuomi.fi\/index.php?rest_route=%2Fwp%2Fv2%2Ftags&post=2490"}],"curies":[{"name":"wp","href":"https:\/\/api.w.org\/{rel}","templated":true}]}}