{"id":2482,"date":"2021-02-22T17:03:45","date_gmt":"2021-02-22T15:03:45","guid":{"rendered":"https:\/\/www.eurooppalainensuomi.fi\/?p=2482"},"modified":"2021-03-01T13:31:56","modified_gmt":"2021-03-01T11:31:56","slug":"parlamentaarinen-viikko-euco-euroopan-tulevaisuus","status":"publish","type":"post","link":"https:\/\/www.eurooppalainensuomi.fi\/?p=2482","title":{"rendered":"Parlamentaarinen viikko | EUCO | Euroopan tulevaisuus"},"content":{"rendered":"\n<p>Vuotuinen Euroopan parlamentaarinen viikko j\u00e4rjestet\u00e4\u00e4n maanantaista alkaen, ja se kokoaa yhteen Euroopan unionin, ehdokasmaiden ja tarkkailijamaiden parlamentaarikot keskustelemaan talous-, budjetti-, ymp\u00e4rist\u00f6- ja sosiaaliasioista. T\u00e4m\u00e4n vuoden viikkoa hallitsee COVID-19-kriisin vaikutus EU: n talouteen ja sen elpyminen.&nbsp;<\/p>\n\n\n\n<p>Eurooppa-neuvosto kokoontuu torstaina ja perjantaina keskustelemaan COVID-19:sta, terveys-, puolustus- ja turvallisuusasioista sek\u00e4 etel\u00e4isen naapuruuden kumppanuudesta. Eurooppa-ministerit kokoontuvat tiistaina keskustelemaan Euroopan tulevaisuutta k\u00e4sittelev\u00e4st\u00e4 konferenssista sek\u00e4 EU:n ja Yhdistyneen kuningaskunnan suhteiden nykytilasta.&nbsp;<\/p>\n\n\n\n<p><strong>Euroopan parlamentti<\/strong><\/p>\n\n\n\n<p>Tiistaina kansalaisvapauksien ja naisten oikeuksien valiokunnassa keskustellaan aborttioikeuteen ja oikeusvaltioon kohdistuvista uhista Puolassa. Torstaina ymp\u00e4rist\u00f6 ja kansanterveys sek\u00e4 teollisuus- ja tutkimuskomiteat kokoontuvat keskustelemaan COVID-19-rokotteiden tuotannosta, kun taas liikenne- ja matkailuvaliokunta esitt\u00e4\u00e4 joukon ehdotuksia EU:n matkailualan auttamiseksi.<\/p>\n\n\n\n<p><strong>Euroopan komissio<\/strong><\/p>\n\n\n\n<p>Kollegio kokoontuu keskiviikkona keskustelemaan uudesta strategiasta, joka k\u00e4sittelee ilmastonmuutokseen sopeutumista, alustatalouden ty\u00f6ntekij\u00f6iden ty\u00f6olojen parantamista ja arviota roaming-s\u00e4\u00e4ntelyn tarkistamisesta. Puheenjohtaja von der Leyen pit\u00e4\u00e4 puheen t\u00e4n\u00e4\u00e4n EU-ohjausjakson parlamenttien v\u00e4lisess\u00e4 konferenssissa ja osallistuu my\u00f6hemmin viikolla pidett\u00e4v\u00e4\u00e4n Eurooppa-neuvoston kokoukseen. Lis\u00e4ksi h\u00e4n osallistuu Atlantin neuvoston tiistaina j\u00e4rjest\u00e4m\u00e4\u00e4n EU:n ja Yhdysvaltojen v\u00e4liseen yhteisty\u00f6tapaamiseen.&nbsp;<\/p>\n\n\n\n<p><strong>Euroopan unioni neuvosto<\/strong><\/p>\n\n\n\n<p>Ulkoasiainneuvosto kokoontuu t\u00e4n\u00e4\u00e4n keskustelemaan ajankohtaisista asioista, kuten Myanmarin, Etiopian tilanteesta ja G5 Sahel -huippukokouksesta, ja Yhdysvaltojen ulkoministerin odotetaan osallistuvan keskusteluun EU:n ja Yhdysvaltojen v\u00e4lisist\u00e4 suhteista. Eurooppa-asioiden ministerit kokoontuvat tiistaina keskustelemaan Euroopan tulevaisuutta k\u00e4sittelev\u00e4st\u00e4 konferenssista sek\u00e4 EU:n ja Ison-Britannian suhteiden nykytilasta. Kalastusasioista vastaavat ministerit, sis\u00e4markkina- ja teollisuusministerit sek\u00e4 tutkimuksesta vastaavat ministerit tapaavat my\u00f6s t\u00e4ll\u00e4 viikolla.&nbsp;<\/p>\n\n\n\n<p>#EUviikossa<\/p>\n\n\n\n<p>European Movement International: sis\u00e4lt\u00f6 ja grafiikka<\/p>\n","protected":false},"excerpt":{"rendered":"<p>Vuotuinen Euroopan parlamentaarinen viikko j\u00e4rjestet\u00e4\u00e4n maanantaista alkaen, ja se kokoaa yhteen Euroopan unionin, ehdokasmaiden ja tarkkailijamaiden parlamentaarikot keskustelemaan talous-, budjetti-, ymp\u00e4rist\u00f6- ja sosiaaliasioista. T\u00e4m\u00e4n vuoden viikkoa hallitsee COVID-19-kriisin vaikutus EU: n talouteen ja sen elpyminen.&nbsp; Eurooppa-neuvosto kokoontuu torstaina ja perjantaina keskustelemaan COVID-19:sta, terveys-, puolustus- ja turvallisuusasioista sek\u00e4 etel\u00e4isen naapuruuden kumppanuudesta. Eurooppa-ministerit kokoontuvat tiistaina keskustelemaan Euroopan [&hellip;]<\/p>\n","protected":false},"author":4,"featured_media":0,"comment_status":"closed","ping_status":"open","sticky":false,"template":"","format":"standard","meta":{"_et_pb_use_builder":"","_et_pb_old_content":"","_et_gb_content_width":""},"categories":[8,14,9],"tags":[],"yoast_head":"<!-- This site is optimized with the Yoast SEO plugin v19.13 - https:\/\/yoast.com\/wordpress\/plugins\/seo\/ -->\n<title>Parlamentaarinen viikko | EUCO | Euroopan tulevaisuus - Eurooppalainen Suomi<\/title>\n<meta name=\"robots\" content=\"index, follow, max-snippet:-1, max-image-preview:large, max-video-preview:-1\" \/>\n<link rel=\"canonical\" href=\"https:\/\/www.eurooppalainensuomi.fi\/?p=2482\" \/>\n<meta property=\"og:locale\" content=\"en_US\" \/>\n<meta property=\"og:type\" content=\"article\" \/>\n<meta property=\"og:title\" content=\"Parlamentaarinen viikko | EUCO | Euroopan tulevaisuus - Eurooppalainen Suomi\" \/>\n<meta property=\"og:description\" content=\"Vuotuinen Euroopan parlamentaarinen viikko j\u00e4rjestet\u00e4\u00e4n maanantaista alkaen, ja se kokoaa yhteen Euroopan unionin, ehdokasmaiden ja tarkkailijamaiden parlamentaarikot keskustelemaan talous-, budjetti-, ymp\u00e4rist\u00f6- ja sosiaaliasioista. T\u00e4m\u00e4n vuoden viikkoa hallitsee COVID-19-kriisin vaikutus EU: n talouteen ja sen elpyminen.&nbsp; Eurooppa-neuvosto kokoontuu torstaina ja perjantaina keskustelemaan COVID-19:sta, terveys-, puolustus- ja turvallisuusasioista sek\u00e4 etel\u00e4isen naapuruuden kumppanuudesta. Eurooppa-ministerit kokoontuvat tiistaina keskustelemaan Euroopan [&hellip;]\" \/>\n<meta property=\"og:url\" content=\"https:\/\/www.eurooppalainensuomi.fi\/?p=2482\" \/>\n<meta property=\"og:site_name\" content=\"Eurooppalainen Suomi\" \/>\n<meta property=\"article:publisher\" content=\"https:\/\/www.facebook.com\/eurooppalainensuomi\" \/>\n<meta property=\"article:published_time\" content=\"2021-02-22T15:03:45+00:00\" \/>\n<meta property=\"article:modified_time\" content=\"2021-03-01T11:31:56+00:00\" \/>\n<meta property=\"og:image\" content=\"https:\/\/www.eurooppalainensuomi.fi\/wp-content\/uploads\/2021\/02\/VIIKOSSA-3.jpg\" \/>\n\t<meta property=\"og:image:width\" content=\"1200\" \/>\n\t<meta property=\"og:image:height\" content=\"350\" \/>\n\t<meta property=\"og:image:type\" content=\"image\/jpeg\" \/>\n<meta name=\"author\" content=\"Admin\" \/>\n<meta name=\"twitter:card\" content=\"summary_large_image\" \/>\n<meta name=\"twitter:creator\" content=\"@em_finland\" \/>\n<meta name=\"twitter:site\" content=\"@em_finland\" \/>\n<meta name=\"twitter:label1\" content=\"Written by\" \/>\n\t<meta name=\"twitter:data1\" content=\"Admin\" \/>\n\t<meta name=\"twitter:label2\" content=\"Est. reading time\" \/>\n\t<meta name=\"twitter:data2\" content=\"1 minute\" \/>\n<script type=\"application\/ld+json\" class=\"yoast-schema-graph\">{\"@context\":\"https:\/\/schema.org\",\"@graph\":[{\"@type\":\"Article\",\"@id\":\"https:\/\/www.eurooppalainensuomi.fi\/?p=2482#article\",\"isPartOf\":{\"@id\":\"https:\/\/www.eurooppalainensuomi.fi\/?p=2482\"},\"author\":{\"name\":\"Admin\",\"@id\":\"https:\/\/www.eurooppalainensuomi.fi\/#\/schema\/person\/9635843384121bb89ed49f8d3129daee\"},\"headline\":\"Parlamentaarinen viikko | EUCO | Euroopan tulevaisuus\",\"datePublished\":\"2021-02-22T15:03:45+00:00\",\"dateModified\":\"2021-03-01T11:31:56+00:00\",\"mainEntityOfPage\":{\"@id\":\"https:\/\/www.eurooppalainensuomi.fi\/?p=2482\"},\"wordCount\":271,\"publisher\":{\"@id\":\"https:\/\/www.eurooppalainensuomi.fi\/#organization\"},\"articleSection\":[\"Ajankohtaista\",\"Tiedotteet\",\"Uutiset\"],\"inLanguage\":\"en\"},{\"@type\":\"WebPage\",\"@id\":\"https:\/\/www.eurooppalainensuomi.fi\/?p=2482\",\"url\":\"https:\/\/www.eurooppalainensuomi.fi\/?p=2482\",\"name\":\"Parlamentaarinen viikko | EUCO | Euroopan tulevaisuus - Eurooppalainen Suomi\",\"isPartOf\":{\"@id\":\"https:\/\/www.eurooppalainensuomi.fi\/#website\"},\"datePublished\":\"2021-02-22T15:03:45+00:00\",\"dateModified\":\"2021-03-01T11:31:56+00:00\",\"breadcrumb\":{\"@id\":\"https:\/\/www.eurooppalainensuomi.fi\/?p=2482#breadcrumb\"},\"inLanguage\":\"en\",\"potentialAction\":[{\"@type\":\"ReadAction\",\"target\":[\"https:\/\/www.eurooppalainensuomi.fi\/?p=2482\"]}]},{\"@type\":\"BreadcrumbList\",\"@id\":\"https:\/\/www.eurooppalainensuomi.fi\/?p=2482#breadcrumb\",\"itemListElement\":[{\"@type\":\"ListItem\",\"position\":1,\"name\":\"Etusivu\",\"item\":\"https:\/\/www.eurooppalainensuomi.fi\/\"},{\"@type\":\"ListItem\",\"position\":2,\"name\":\"Parlamentaarinen viikko | EUCO | Euroopan tulevaisuus\"}]},{\"@type\":\"WebSite\",\"@id\":\"https:\/\/www.eurooppalainensuomi.fi\/#website\",\"url\":\"https:\/\/www.eurooppalainensuomi.fi\/\",\"name\":\"Eurooppalainen Suomi\",\"description\":\"Parempaa Eurooppaa rakentamassa\",\"publisher\":{\"@id\":\"https:\/\/www.eurooppalainensuomi.fi\/#organization\"},\"potentialAction\":[{\"@type\":\"SearchAction\",\"target\":{\"@type\":\"EntryPoint\",\"urlTemplate\":\"https:\/\/www.eurooppalainensuomi.fi\/?s={search_term_string}\"},\"query-input\":\"required name=search_term_string\"}],\"inLanguage\":\"en\"},{\"@type\":\"Organization\",\"@id\":\"https:\/\/www.eurooppalainensuomi.fi\/#organization\",\"name\":\"Eurooppalainen Suomi ry\",\"url\":\"https:\/\/www.eurooppalainensuomi.fi\/\",\"logo\":{\"@type\":\"ImageObject\",\"inLanguage\":\"en\",\"@id\":\"https:\/\/www.eurooppalainensuomi.fi\/#\/schema\/logo\/image\/\",\"url\":\"https:\/\/www.eurooppalainensuomi.fi\/wp-content\/uploads\/2021\/01\/PNG_large.png\",\"contentUrl\":\"https:\/\/www.eurooppalainensuomi.fi\/wp-content\/uploads\/2021\/01\/PNG_large.png\",\"width\":586,\"height\":220,\"caption\":\"Eurooppalainen Suomi ry\"},\"image\":{\"@id\":\"https:\/\/www.eurooppalainensuomi.fi\/#\/schema\/logo\/image\/\"},\"sameAs\":[\"https:\/\/instagram.com\/eurooppalainensuomi\",\"https:\/\/www.youtube.com\/channel\/UCBeqyrm1ze2RinjeAYS_-Jg\",\"https:\/\/fi.wikipedia.org\/wiki\/Eurooppalainen_Suomi\",\"https:\/\/www.facebook.com\/eurooppalainensuomi\",\"https:\/\/twitter.com\/em_finland\"]},{\"@type\":\"Person\",\"@id\":\"https:\/\/www.eurooppalainensuomi.fi\/#\/schema\/person\/9635843384121bb89ed49f8d3129daee\",\"name\":\"Admin\",\"image\":{\"@type\":\"ImageObject\",\"inLanguage\":\"en\",\"@id\":\"https:\/\/www.eurooppalainensuomi.fi\/#\/schema\/person\/image\/\",\"url\":\"https:\/\/secure.gravatar.com\/avatar\/813eb247d5c8e5914db8a949c18b8e26?s=96&d=mm&r=g\",\"contentUrl\":\"https:\/\/secure.gravatar.com\/avatar\/813eb247d5c8e5914db8a949c18b8e26?s=96&d=mm&r=g\",\"caption\":\"Admin\"}}]}<\/script>\n<!-- \/ Yoast SEO plugin. -->","yoast_head_json":{"title":"Parlamentaarinen viikko | EUCO | Euroopan tulevaisuus - Eurooppalainen Suomi","robots":{"index":"index","follow":"follow","max-snippet":"max-snippet:-1","max-image-preview":"max-image-preview:large","max-video-preview":"max-video-preview:-1"},"canonical":"https:\/\/www.eurooppalainensuomi.fi\/?p=2482","og_locale":"en_US","og_type":"article","og_title":"Parlamentaarinen viikko | EUCO | Euroopan tulevaisuus - Eurooppalainen Suomi","og_description":"Vuotuinen Euroopan parlamentaarinen viikko j\u00e4rjestet\u00e4\u00e4n maanantaista alkaen, ja se kokoaa yhteen Euroopan unionin, ehdokasmaiden ja tarkkailijamaiden parlamentaarikot keskustelemaan talous-, budjetti-, ymp\u00e4rist\u00f6- ja sosiaaliasioista. T\u00e4m\u00e4n vuoden viikkoa hallitsee COVID-19-kriisin vaikutus EU: n talouteen ja sen elpyminen.&nbsp; Eurooppa-neuvosto kokoontuu torstaina ja perjantaina keskustelemaan COVID-19:sta, terveys-, puolustus- ja turvallisuusasioista sek\u00e4 etel\u00e4isen naapuruuden kumppanuudesta. Eurooppa-ministerit kokoontuvat tiistaina keskustelemaan Euroopan [&hellip;]","og_url":"https:\/\/www.eurooppalainensuomi.fi\/?p=2482","og_site_name":"Eurooppalainen Suomi","article_publisher":"https:\/\/www.facebook.com\/eurooppalainensuomi","article_published_time":"2021-02-22T15:03:45+00:00","article_modified_time":"2021-03-01T11:31:56+00:00","og_image":[{"width":1200,"height":350,"url":"https:\/\/www.eurooppalainensuomi.fi\/wp-content\/uploads\/2021\/02\/VIIKOSSA-3.jpg","type":"image\/jpeg"}],"author":"Admin","twitter_card":"summary_large_image","twitter_creator":"@em_finland","twitter_site":"@em_finland","twitter_misc":{"Written by":"Admin","Est. reading time":"1 minute"},"schema":{"@context":"https:\/\/schema.org","@graph":[{"@type":"Article","@id":"https:\/\/www.eurooppalainensuomi.fi\/?p=2482#article","isPartOf":{"@id":"https:\/\/www.eurooppalainensuomi.fi\/?p=2482"},"author":{"name":"Admin","@id":"https:\/\/www.eurooppalainensuomi.fi\/#\/schema\/person\/9635843384121bb89ed49f8d3129daee"},"headline":"Parlamentaarinen viikko | EUCO | Euroopan tulevaisuus","datePublished":"2021-02-22T15:03:45+00:00","dateModified":"2021-03-01T11:31:56+00:00","mainEntityOfPage":{"@id":"https:\/\/www.eurooppalainensuomi.fi\/?p=2482"},"wordCount":271,"publisher":{"@id":"https:\/\/www.eurooppalainensuomi.fi\/#organization"},"articleSection":["Ajankohtaista","Tiedotteet","Uutiset"],"inLanguage":"en"},{"@type":"WebPage","@id":"https:\/\/www.eurooppalainensuomi.fi\/?p=2482","url":"https:\/\/www.eurooppalainensuomi.fi\/?p=2482","name":"Parlamentaarinen viikko | EUCO | Euroopan tulevaisuus - Eurooppalainen Suomi","isPartOf":{"@id":"https:\/\/www.eurooppalainensuomi.fi\/#website"},"datePublished":"2021-02-22T15:03:45+00:00","dateModified":"2021-03-01T11:31:56+00:00","breadcrumb":{"@id":"https:\/\/www.eurooppalainensuomi.fi\/?p=2482#breadcrumb"},"inLanguage":"en","potentialAction":[{"@type":"ReadAction","target":["https:\/\/www.eurooppalainensuomi.fi\/?p=2482"]}]},{"@type":"BreadcrumbList","@id":"https:\/\/www.eurooppalainensuomi.fi\/?p=2482#breadcrumb","itemListElement":[{"@type":"ListItem","position":1,"name":"Etusivu","item":"https:\/\/www.eurooppalainensuomi.fi\/"},{"@type":"ListItem","position":2,"name":"Parlamentaarinen viikko | EUCO | Euroopan tulevaisuus"}]},{"@type":"WebSite","@id":"https:\/\/www.eurooppalainensuomi.fi\/#website","url":"https:\/\/www.eurooppalainensuomi.fi\/","name":"Eurooppalainen Suomi","description":"Parempaa Eurooppaa rakentamassa","publisher":{"@id":"https:\/\/www.eurooppalainensuomi.fi\/#organization"},"potentialAction":[{"@type":"SearchAction","target":{"@type":"EntryPoint","urlTemplate":"https:\/\/www.eurooppalainensuomi.fi\/?s={search_term_string}"},"query-input":"required name=search_term_string"}],"inLanguage":"en"},{"@type":"Organization","@id":"https:\/\/www.eurooppalainensuomi.fi\/#organization","name":"Eurooppalainen Suomi ry","url":"https:\/\/www.eurooppalainensuomi.fi\/","logo":{"@type":"ImageObject","inLanguage":"en","@id":"https:\/\/www.eurooppalainensuomi.fi\/#\/schema\/logo\/image\/","url":"https:\/\/www.eurooppalainensuomi.fi\/wp-content\/uploads\/2021\/01\/PNG_large.png","contentUrl":"https:\/\/www.eurooppalainensuomi.fi\/wp-content\/uploads\/2021\/01\/PNG_large.png","width":586,"height":220,"caption":"Eurooppalainen Suomi ry"},"image":{"@id":"https:\/\/www.eurooppalainensuomi.fi\/#\/schema\/logo\/image\/"},"sameAs":["https:\/\/instagram.com\/eurooppalainensuomi","https:\/\/www.youtube.com\/channel\/UCBeqyrm1ze2RinjeAYS_-Jg","https:\/\/fi.wikipedia.org\/wiki\/Eurooppalainen_Suomi","https:\/\/www.facebook.com\/eurooppalainensuomi","https:\/\/twitter.com\/em_finland"]},{"@type":"Person","@id":"https:\/\/www.eurooppalainensuomi.fi\/#\/schema\/person\/9635843384121bb89ed49f8d3129daee","name":"Admin","image":{"@type":"ImageObject","inLanguage":"en","@id":"https:\/\/www.eurooppalainensuomi.fi\/#\/schema\/person\/image\/","url":"https:\/\/secure.gravatar.com\/avatar\/813eb247d5c8e5914db8a949c18b8e26?s=96&d=mm&r=g","contentUrl":"https:\/\/secure.gravatar.com\/avatar\/813eb247d5c8e5914db8a949c18b8e26?s=96&d=mm&r=g","caption":"Admin"}}]}},"jetpack_featured_media_url":"","_links":{"self":[{"href":"https:\/\/www.eurooppalainensuomi.fi\/index.php?rest_route=\/wp\/v2\/posts\/2482"}],"collection":[{"href":"https:\/\/www.eurooppalainensuomi.fi\/index.php?rest_route=\/wp\/v2\/posts"}],"about":[{"href":"https:\/\/www.eurooppalainensuomi.fi\/index.php?rest_route=\/wp\/v2\/types\/post"}],"author":[{"embeddable":true,"href":"https:\/\/www.eurooppalainensuomi.fi\/index.php?rest_route=\/wp\/v2\/users\/4"}],"replies":[{"embeddable":true,"href":"https:\/\/www.eurooppalainensuomi.fi\/index.php?rest_route=%2Fwp%2Fv2%2Fcomments&post=2482"}],"version-history":[{"count":2,"href":"https:\/\/www.eurooppalainensuomi.fi\/index.php?rest_route=\/wp\/v2\/posts\/2482\/revisions"}],"predecessor-version":[{"id":2488,"href":"https:\/\/www.eurooppalainensuomi.fi\/index.php?rest_route=\/wp\/v2\/posts\/2482\/revisions\/2488"}],"wp:attachment":[{"href":"https:\/\/www.eurooppalainensuomi.fi\/index.php?rest_route=%2Fwp%2Fv2%2Fmedia&parent=2482"}],"wp:term":[{"taxonomy":"category","embeddable":true,"href":"https:\/\/www.eurooppalainensuomi.fi\/index.php?rest_route=%2Fwp%2Fv2%2Fcategories&post=2482"},{"taxonomy":"post_tag","embeddable":true,"href":"https:\/\/www.eurooppalainensuomi.fi\/index.php?rest_route=%2Fwp%2Fv2%2Ftags&post=2482"}],"curies":[{"name":"wp","href":"https:\/\/api.w.org\/{rel}","templated":true}]}}