{"id":2469,"date":"2021-02-15T16:45:15","date_gmt":"2021-02-15T14:45:15","guid":{"rendered":"https:\/\/www.eurooppalainensuomi.fi\/?p=2469"},"modified":"2021-02-16T12:09:46","modified_gmt":"2021-02-16T10:09:46","slug":"euroryhma-kauppapolitiikka-bio-puolustus","status":"publish","type":"post","link":"https:\/\/www.eurooppalainensuomi.fi\/?p=2469","title":{"rendered":"Euroryhm\u00e4 | Kauppapolitiikka | Bio-puolustus"},"content":{"rendered":"\n<p>Euroryhm\u00e4 kokoustaa t\u00e4n\u00e4\u00e4n et\u00e4n\u00e4 ja komission kollegio puolestaan kokoustaa keskiviikkona. Aiheena ovat mm. kauppapolitiikka ja biologisen puolustuksen varautumissuunnitelma koskien mahdollisia tulevia terveyskriisej\u00e4. Terveys- ja elintarviketurvallisuudesta vastaava komissaari Stella Kyriakides tapaa torstaina verkon v\u00e4lityksell\u00e4 G7-maiden terveysministerit sek\u00e4 COVID-19:ta k\u00e4sittelev\u00e4n EU:n tieteellisen neuvontafoorumin.&nbsp;<\/p>\n\n\n\n<p><strong>Euroopan parlamentti<\/strong><\/p>\n\n\n\n<p>T\u00e4ll\u00e4 viikolla parlamentissa on hiljaisempaa, sill\u00e4 mepit ty\u00f6skentelev\u00e4t p\u00e4\u00e4osin parlamenttity\u00f6n ulkopuolelle kuuluvien asioiden parissa. Parlamentaarinen toiminta jatkuu 22. helmikuuta valiokuntien kokousten yhteydess\u00e4.<\/p>\n\n\n\n<p><strong>Euroopan komissio<\/strong><\/p>\n\n\n\n<p>Kollegio kokoontuu keskiviikkona tarkastelemaan kauppapolitiikkaa mukaan lukien&nbsp; WTO:n uusi aloite, siviili-, puolustus- ja avaruusteollisuuden v\u00e4lisi\u00e4 synergioita koskevaa toimintasuunnitelmaa ja viestim\u00e4\u00e4n biologisen puolustuksen varautumissuunnitelmasta. Maanantaina varapuheenjohtaja Timmermans osallistuu et\u00e4n\u00e4 Euroopan teollisuuden py\u00f6re\u00e4n p\u00f6yd\u00e4n keskusteluun Euroopan vihre\u00e4n kehityksen ohjelmasta, kun taas torstaina komission j\u00e4sen Kyriakides tapaa et\u00e4n\u00e4 G7-maiden terveysministerit sek\u00e4 EU: n tieteellisen neuvontafoorumin COVID-19:sta.<\/p>\n\n\n\n<p><strong>Euroopan unionin neuvosto<\/strong><\/p>\n\n\n\n<p>Euroryhm\u00e4 kokoontuu t\u00e4n\u00e4\u00e4n et\u00e4n\u00e4 keskustelemaan makrotalouden kehityksest\u00e4 ja poliittisista n\u00e4kymist\u00e4 euroalueella, euron kansainv\u00e4lisest\u00e4 roolista ja yrityssektorin vakavaraisuuden viimeaikaisesta kehityksest\u00e4 muun muassa pandemian valossa. Muita tapahtumia ovat talous- ja valtiovarainministerien ep\u00e4virallinen kokous, joka pidet\u00e4\u00e4n tiistaina, sek\u00e4 ep\u00e4virallinen koulutusministerien kokous, joka pidet\u00e4\u00e4n perjantaina.<\/p>\n\n\n\n<p>#EUviikossa<\/p>\n\n\n\n<p>European Movement International: sis\u00e4lt\u00f6 ja grafiikka<\/p>\n","protected":false},"excerpt":{"rendered":"<p>Euroryhm\u00e4 kokoustaa t\u00e4n\u00e4\u00e4n et\u00e4n\u00e4 ja komission kollegio puolestaan kokoustaa keskiviikkona. Aiheena ovat mm. kauppapolitiikka ja biologisen puolustuksen varautumissuunnitelma koskien mahdollisia tulevia terveyskriisej\u00e4. Terveys- ja elintarviketurvallisuudesta vastaava komissaari Stella Kyriakides tapaa torstaina verkon v\u00e4lityksell\u00e4 G7-maiden terveysministerit sek\u00e4 COVID-19:ta k\u00e4sittelev\u00e4n EU:n tieteellisen neuvontafoorumin.&nbsp; Euroopan parlamentti T\u00e4ll\u00e4 viikolla parlamentissa on hiljaisempaa, sill\u00e4 mepit ty\u00f6skentelev\u00e4t p\u00e4\u00e4osin parlamenttity\u00f6n ulkopuolelle kuuluvien [&hellip;]<\/p>\n","protected":false},"author":4,"featured_media":0,"comment_status":"closed","ping_status":"closed","sticky":false,"template":"","format":"standard","meta":{"_et_pb_use_builder":"","_et_pb_old_content":"","_et_gb_content_width":""},"categories":[8,14,9],"tags":[],"yoast_head":"<!-- This site is optimized with the Yoast SEO plugin v19.13 - https:\/\/yoast.com\/wordpress\/plugins\/seo\/ -->\n<title>Euroryhm\u00e4 | Kauppapolitiikka | Bio-puolustus - Eurooppalainen Suomi<\/title>\n<meta name=\"robots\" content=\"index, follow, max-snippet:-1, max-image-preview:large, max-video-preview:-1\" \/>\n<link rel=\"canonical\" href=\"https:\/\/www.eurooppalainensuomi.fi\/?p=2469\" \/>\n<meta property=\"og:locale\" content=\"en_US\" \/>\n<meta property=\"og:type\" content=\"article\" \/>\n<meta property=\"og:title\" content=\"Euroryhm\u00e4 | Kauppapolitiikka | Bio-puolustus - Eurooppalainen Suomi\" \/>\n<meta property=\"og:description\" content=\"Euroryhm\u00e4 kokoustaa t\u00e4n\u00e4\u00e4n et\u00e4n\u00e4 ja komission kollegio puolestaan kokoustaa keskiviikkona. Aiheena ovat mm. kauppapolitiikka ja biologisen puolustuksen varautumissuunnitelma koskien mahdollisia tulevia terveyskriisej\u00e4. Terveys- ja elintarviketurvallisuudesta vastaava komissaari Stella Kyriakides tapaa torstaina verkon v\u00e4lityksell\u00e4 G7-maiden terveysministerit sek\u00e4 COVID-19:ta k\u00e4sittelev\u00e4n EU:n tieteellisen neuvontafoorumin.&nbsp; Euroopan parlamentti T\u00e4ll\u00e4 viikolla parlamentissa on hiljaisempaa, sill\u00e4 mepit ty\u00f6skentelev\u00e4t p\u00e4\u00e4osin parlamenttity\u00f6n ulkopuolelle kuuluvien [&hellip;]\" \/>\n<meta property=\"og:url\" content=\"https:\/\/www.eurooppalainensuomi.fi\/?p=2469\" \/>\n<meta property=\"og:site_name\" content=\"Eurooppalainen Suomi\" \/>\n<meta property=\"article:publisher\" content=\"https:\/\/www.facebook.com\/eurooppalainensuomi\" \/>\n<meta property=\"article:published_time\" content=\"2021-02-15T14:45:15+00:00\" \/>\n<meta property=\"article:modified_time\" content=\"2021-02-16T10:09:46+00:00\" \/>\n<meta property=\"og:image\" content=\"https:\/\/www.eurooppalainensuomi.fi\/wp-content\/uploads\/2021\/02\/VIIKOSSA-2.jpg\" \/>\n\t<meta property=\"og:image:width\" content=\"1200\" \/>\n\t<meta property=\"og:image:height\" content=\"350\" \/>\n\t<meta property=\"og:image:type\" content=\"image\/jpeg\" \/>\n<meta name=\"author\" content=\"Admin\" \/>\n<meta name=\"twitter:card\" content=\"summary_large_image\" \/>\n<meta name=\"twitter:creator\" content=\"@em_finland\" \/>\n<meta name=\"twitter:site\" content=\"@em_finland\" \/>\n<meta name=\"twitter:label1\" content=\"Written by\" \/>\n\t<meta name=\"twitter:data1\" content=\"Admin\" \/>\n\t<meta name=\"twitter:label2\" content=\"Est. reading time\" \/>\n\t<meta name=\"twitter:data2\" content=\"1 minute\" \/>\n<script type=\"application\/ld+json\" class=\"yoast-schema-graph\">{\"@context\":\"https:\/\/schema.org\",\"@graph\":[{\"@type\":\"Article\",\"@id\":\"https:\/\/www.eurooppalainensuomi.fi\/?p=2469#article\",\"isPartOf\":{\"@id\":\"https:\/\/www.eurooppalainensuomi.fi\/?p=2469\"},\"author\":{\"name\":\"Admin\",\"@id\":\"https:\/\/www.eurooppalainensuomi.fi\/#\/schema\/person\/9635843384121bb89ed49f8d3129daee\"},\"headline\":\"Euroryhm\u00e4 | Kauppapolitiikka | Bio-puolustus\",\"datePublished\":\"2021-02-15T14:45:15+00:00\",\"dateModified\":\"2021-02-16T10:09:46+00:00\",\"mainEntityOfPage\":{\"@id\":\"https:\/\/www.eurooppalainensuomi.fi\/?p=2469\"},\"wordCount\":212,\"publisher\":{\"@id\":\"https:\/\/www.eurooppalainensuomi.fi\/#organization\"},\"articleSection\":[\"Ajankohtaista\",\"Tiedotteet\",\"Uutiset\"],\"inLanguage\":\"en\"},{\"@type\":\"WebPage\",\"@id\":\"https:\/\/www.eurooppalainensuomi.fi\/?p=2469\",\"url\":\"https:\/\/www.eurooppalainensuomi.fi\/?p=2469\",\"name\":\"Euroryhm\u00e4 | Kauppapolitiikka | Bio-puolustus - Eurooppalainen Suomi\",\"isPartOf\":{\"@id\":\"https:\/\/www.eurooppalainensuomi.fi\/#website\"},\"datePublished\":\"2021-02-15T14:45:15+00:00\",\"dateModified\":\"2021-02-16T10:09:46+00:00\",\"breadcrumb\":{\"@id\":\"https:\/\/www.eurooppalainensuomi.fi\/?p=2469#breadcrumb\"},\"inLanguage\":\"en\",\"potentialAction\":[{\"@type\":\"ReadAction\",\"target\":[\"https:\/\/www.eurooppalainensuomi.fi\/?p=2469\"]}]},{\"@type\":\"BreadcrumbList\",\"@id\":\"https:\/\/www.eurooppalainensuomi.fi\/?p=2469#breadcrumb\",\"itemListElement\":[{\"@type\":\"ListItem\",\"position\":1,\"name\":\"Etusivu\",\"item\":\"https:\/\/www.eurooppalainensuomi.fi\/\"},{\"@type\":\"ListItem\",\"position\":2,\"name\":\"Euroryhm\u00e4 | Kauppapolitiikka | Bio-puolustus\"}]},{\"@type\":\"WebSite\",\"@id\":\"https:\/\/www.eurooppalainensuomi.fi\/#website\",\"url\":\"https:\/\/www.eurooppalainensuomi.fi\/\",\"name\":\"Eurooppalainen Suomi\",\"description\":\"Parempaa Eurooppaa rakentamassa\",\"publisher\":{\"@id\":\"https:\/\/www.eurooppalainensuomi.fi\/#organization\"},\"potentialAction\":[{\"@type\":\"SearchAction\",\"target\":{\"@type\":\"EntryPoint\",\"urlTemplate\":\"https:\/\/www.eurooppalainensuomi.fi\/?s={search_term_string}\"},\"query-input\":\"required name=search_term_string\"}],\"inLanguage\":\"en\"},{\"@type\":\"Organization\",\"@id\":\"https:\/\/www.eurooppalainensuomi.fi\/#organization\",\"name\":\"Eurooppalainen Suomi ry\",\"url\":\"https:\/\/www.eurooppalainensuomi.fi\/\",\"logo\":{\"@type\":\"ImageObject\",\"inLanguage\":\"en\",\"@id\":\"https:\/\/www.eurooppalainensuomi.fi\/#\/schema\/logo\/image\/\",\"url\":\"https:\/\/www.eurooppalainensuomi.fi\/wp-content\/uploads\/2021\/01\/PNG_large.png\",\"contentUrl\":\"https:\/\/www.eurooppalainensuomi.fi\/wp-content\/uploads\/2021\/01\/PNG_large.png\",\"width\":586,\"height\":220,\"caption\":\"Eurooppalainen Suomi ry\"},\"image\":{\"@id\":\"https:\/\/www.eurooppalainensuomi.fi\/#\/schema\/logo\/image\/\"},\"sameAs\":[\"https:\/\/instagram.com\/eurooppalainensuomi\",\"https:\/\/www.youtube.com\/channel\/UCBeqyrm1ze2RinjeAYS_-Jg\",\"https:\/\/fi.wikipedia.org\/wiki\/Eurooppalainen_Suomi\",\"https:\/\/www.facebook.com\/eurooppalainensuomi\",\"https:\/\/twitter.com\/em_finland\"]},{\"@type\":\"Person\",\"@id\":\"https:\/\/www.eurooppalainensuomi.fi\/#\/schema\/person\/9635843384121bb89ed49f8d3129daee\",\"name\":\"Admin\",\"image\":{\"@type\":\"ImageObject\",\"inLanguage\":\"en\",\"@id\":\"https:\/\/www.eurooppalainensuomi.fi\/#\/schema\/person\/image\/\",\"url\":\"https:\/\/secure.gravatar.com\/avatar\/813eb247d5c8e5914db8a949c18b8e26?s=96&d=mm&r=g\",\"contentUrl\":\"https:\/\/secure.gravatar.com\/avatar\/813eb247d5c8e5914db8a949c18b8e26?s=96&d=mm&r=g\",\"caption\":\"Admin\"}}]}<\/script>\n<!-- \/ Yoast SEO plugin. -->","yoast_head_json":{"title":"Euroryhm\u00e4 | Kauppapolitiikka | Bio-puolustus - Eurooppalainen Suomi","robots":{"index":"index","follow":"follow","max-snippet":"max-snippet:-1","max-image-preview":"max-image-preview:large","max-video-preview":"max-video-preview:-1"},"canonical":"https:\/\/www.eurooppalainensuomi.fi\/?p=2469","og_locale":"en_US","og_type":"article","og_title":"Euroryhm\u00e4 | Kauppapolitiikka | Bio-puolustus - Eurooppalainen Suomi","og_description":"Euroryhm\u00e4 kokoustaa t\u00e4n\u00e4\u00e4n et\u00e4n\u00e4 ja komission kollegio puolestaan kokoustaa keskiviikkona. Aiheena ovat mm. kauppapolitiikka ja biologisen puolustuksen varautumissuunnitelma koskien mahdollisia tulevia terveyskriisej\u00e4. Terveys- ja elintarviketurvallisuudesta vastaava komissaari Stella Kyriakides tapaa torstaina verkon v\u00e4lityksell\u00e4 G7-maiden terveysministerit sek\u00e4 COVID-19:ta k\u00e4sittelev\u00e4n EU:n tieteellisen neuvontafoorumin.&nbsp; Euroopan parlamentti T\u00e4ll\u00e4 viikolla parlamentissa on hiljaisempaa, sill\u00e4 mepit ty\u00f6skentelev\u00e4t p\u00e4\u00e4osin parlamenttity\u00f6n ulkopuolelle kuuluvien [&hellip;]","og_url":"https:\/\/www.eurooppalainensuomi.fi\/?p=2469","og_site_name":"Eurooppalainen Suomi","article_publisher":"https:\/\/www.facebook.com\/eurooppalainensuomi","article_published_time":"2021-02-15T14:45:15+00:00","article_modified_time":"2021-02-16T10:09:46+00:00","og_image":[{"width":1200,"height":350,"url":"https:\/\/www.eurooppalainensuomi.fi\/wp-content\/uploads\/2021\/02\/VIIKOSSA-2.jpg","type":"image\/jpeg"}],"author":"Admin","twitter_card":"summary_large_image","twitter_creator":"@em_finland","twitter_site":"@em_finland","twitter_misc":{"Written by":"Admin","Est. reading time":"1 minute"},"schema":{"@context":"https:\/\/schema.org","@graph":[{"@type":"Article","@id":"https:\/\/www.eurooppalainensuomi.fi\/?p=2469#article","isPartOf":{"@id":"https:\/\/www.eurooppalainensuomi.fi\/?p=2469"},"author":{"name":"Admin","@id":"https:\/\/www.eurooppalainensuomi.fi\/#\/schema\/person\/9635843384121bb89ed49f8d3129daee"},"headline":"Euroryhm\u00e4 | Kauppapolitiikka | Bio-puolustus","datePublished":"2021-02-15T14:45:15+00:00","dateModified":"2021-02-16T10:09:46+00:00","mainEntityOfPage":{"@id":"https:\/\/www.eurooppalainensuomi.fi\/?p=2469"},"wordCount":212,"publisher":{"@id":"https:\/\/www.eurooppalainensuomi.fi\/#organization"},"articleSection":["Ajankohtaista","Tiedotteet","Uutiset"],"inLanguage":"en"},{"@type":"WebPage","@id":"https:\/\/www.eurooppalainensuomi.fi\/?p=2469","url":"https:\/\/www.eurooppalainensuomi.fi\/?p=2469","name":"Euroryhm\u00e4 | Kauppapolitiikka | Bio-puolustus - Eurooppalainen Suomi","isPartOf":{"@id":"https:\/\/www.eurooppalainensuomi.fi\/#website"},"datePublished":"2021-02-15T14:45:15+00:00","dateModified":"2021-02-16T10:09:46+00:00","breadcrumb":{"@id":"https:\/\/www.eurooppalainensuomi.fi\/?p=2469#breadcrumb"},"inLanguage":"en","potentialAction":[{"@type":"ReadAction","target":["https:\/\/www.eurooppalainensuomi.fi\/?p=2469"]}]},{"@type":"BreadcrumbList","@id":"https:\/\/www.eurooppalainensuomi.fi\/?p=2469#breadcrumb","itemListElement":[{"@type":"ListItem","position":1,"name":"Etusivu","item":"https:\/\/www.eurooppalainensuomi.fi\/"},{"@type":"ListItem","position":2,"name":"Euroryhm\u00e4 | Kauppapolitiikka | Bio-puolustus"}]},{"@type":"WebSite","@id":"https:\/\/www.eurooppalainensuomi.fi\/#website","url":"https:\/\/www.eurooppalainensuomi.fi\/","name":"Eurooppalainen Suomi","description":"Parempaa Eurooppaa rakentamassa","publisher":{"@id":"https:\/\/www.eurooppalainensuomi.fi\/#organization"},"potentialAction":[{"@type":"SearchAction","target":{"@type":"EntryPoint","urlTemplate":"https:\/\/www.eurooppalainensuomi.fi\/?s={search_term_string}"},"query-input":"required name=search_term_string"}],"inLanguage":"en"},{"@type":"Organization","@id":"https:\/\/www.eurooppalainensuomi.fi\/#organization","name":"Eurooppalainen Suomi ry","url":"https:\/\/www.eurooppalainensuomi.fi\/","logo":{"@type":"ImageObject","inLanguage":"en","@id":"https:\/\/www.eurooppalainensuomi.fi\/#\/schema\/logo\/image\/","url":"https:\/\/www.eurooppalainensuomi.fi\/wp-content\/uploads\/2021\/01\/PNG_large.png","contentUrl":"https:\/\/www.eurooppalainensuomi.fi\/wp-content\/uploads\/2021\/01\/PNG_large.png","width":586,"height":220,"caption":"Eurooppalainen Suomi ry"},"image":{"@id":"https:\/\/www.eurooppalainensuomi.fi\/#\/schema\/logo\/image\/"},"sameAs":["https:\/\/instagram.com\/eurooppalainensuomi","https:\/\/www.youtube.com\/channel\/UCBeqyrm1ze2RinjeAYS_-Jg","https:\/\/fi.wikipedia.org\/wiki\/Eurooppalainen_Suomi","https:\/\/www.facebook.com\/eurooppalainensuomi","https:\/\/twitter.com\/em_finland"]},{"@type":"Person","@id":"https:\/\/www.eurooppalainensuomi.fi\/#\/schema\/person\/9635843384121bb89ed49f8d3129daee","name":"Admin","image":{"@type":"ImageObject","inLanguage":"en","@id":"https:\/\/www.eurooppalainensuomi.fi\/#\/schema\/person\/image\/","url":"https:\/\/secure.gravatar.com\/avatar\/813eb247d5c8e5914db8a949c18b8e26?s=96&d=mm&r=g","contentUrl":"https:\/\/secure.gravatar.com\/avatar\/813eb247d5c8e5914db8a949c18b8e26?s=96&d=mm&r=g","caption":"Admin"}}]}},"jetpack_featured_media_url":"","_links":{"self":[{"href":"https:\/\/www.eurooppalainensuomi.fi\/index.php?rest_route=\/wp\/v2\/posts\/2469"}],"collection":[{"href":"https:\/\/www.eurooppalainensuomi.fi\/index.php?rest_route=\/wp\/v2\/posts"}],"about":[{"href":"https:\/\/www.eurooppalainensuomi.fi\/index.php?rest_route=\/wp\/v2\/types\/post"}],"author":[{"embeddable":true,"href":"https:\/\/www.eurooppalainensuomi.fi\/index.php?rest_route=\/wp\/v2\/users\/4"}],"replies":[{"embeddable":true,"href":"https:\/\/www.eurooppalainensuomi.fi\/index.php?rest_route=%2Fwp%2Fv2%2Fcomments&post=2469"}],"version-history":[{"count":2,"href":"https:\/\/www.eurooppalainensuomi.fi\/index.php?rest_route=\/wp\/v2\/posts\/2469\/revisions"}],"predecessor-version":[{"id":2477,"href":"https:\/\/www.eurooppalainensuomi.fi\/index.php?rest_route=\/wp\/v2\/posts\/2469\/revisions\/2477"}],"wp:attachment":[{"href":"https:\/\/www.eurooppalainensuomi.fi\/index.php?rest_route=%2Fwp%2Fv2%2Fmedia&parent=2469"}],"wp:term":[{"taxonomy":"category","embeddable":true,"href":"https:\/\/www.eurooppalainensuomi.fi\/index.php?rest_route=%2Fwp%2Fv2%2Fcategories&post=2469"},{"taxonomy":"post_tag","embeddable":true,"href":"https:\/\/www.eurooppalainensuomi.fi\/index.php?rest_route=%2Fwp%2Fv2%2Ftags&post=2469"}],"curies":[{"name":"wp","href":"https:\/\/api.w.org\/{rel}","templated":true}]}}