{"id":2352,"date":"2021-01-29T21:08:18","date_gmt":"2021-01-29T19:08:18","guid":{"rendered":"https:\/\/www.eurooppalainensuomi.fi\/?p=2352"},"modified":"2021-01-29T21:09:30","modified_gmt":"2021-01-29T19:09:30","slug":"hallituksen-eu-selonteon-keskiossa-vakaampi-eu","status":"publish","type":"post","link":"https:\/\/www.eurooppalainensuomi.fi\/?p=2352","title":{"rendered":"Hallituksen EU-selonteon keski\u00f6ss\u00e4 vakaampi EU"},"content":{"rendered":"\n<figure class=\"wp-block-image size-large is-resized\"><a href=\"https:\/\/www.eurooppalainensuomi.fi\/wp-content\/uploads\/2021\/01\/JJ_pressi.jpg\"><img loading=\"lazy\" src=\"https:\/\/www.eurooppalainensuomi.fi\/wp-content\/uploads\/2021\/01\/JJ_pressi-1024x535.jpg\" alt=\"\" class=\"wp-image-2186\" width=\"817\" height=\"426\"\/><\/a><\/figure>\n\n\n\n<p>Euroopan unionin yhteisty\u00f6n on, koko historiansa ajan, kehittynyt harppauksin erilaisten kriisien kautta. Viime aikoina EU:ta ovat ravisuttaneet muun muassa eurokriisi, Britannian EU-ero, pakolaiskriisi ja viimeisimp\u00e4n\u00e4 COVID-19:n aiheuttama terveydellinen ja taloudellinen kriisi. EU:n yhten\u00e4isyytt\u00e4 koetellaan jatkuvasti, mutta kyse ei ole vain ulkoisista vaikutuksista ja sattumasta. EU:n on kyett\u00e4v\u00e4 vahvistamaan omia sis\u00e4isi\u00e4 pelis\u00e4\u00e4nt\u00f6j\u00e4\u00e4n ja mekanismeja, joilla kriisej\u00e4 ennakoidaan ja niihin vastataan. Suomen hallitus pyrkii uudessa EU-selonteossa vastaamaan t\u00e4h\u00e4n haasteeseen esitt\u00e4m\u00e4ll\u00e4 n\u00e4kemyksen siit\u00e4, miten unionin kriisinkest\u00e4vyytt\u00e4 eli resilienssi\u00e4 lujitetaan kaikessa EU:n toiminnassa.&nbsp;<\/p>\n\n\n\n<p>EU-selonteko osuu mielenkiintoiseen ja t\u00e4rke\u00e4\u00e4n ajankohtaan, sill\u00e4 viime vuoden lopulla hyv\u00e4ksyttiin EU:n pitk\u00e4n aikav\u00e4lin budjetti vuosille 2021\u20132027 sek\u00e4 laaja elvytyskokonaisuus. EU aloittaa budjettikautensa tilanteessa, jossa sen on samanaikaisesti kyett\u00e4v\u00e4 ratkaisemaan koronakriisi ja ennaltaehk\u00e4isem\u00e4\u00e4n tulevia kriisej\u00e4. Ensimm\u00e4ist\u00e4 kertaa mukana on my\u00f6s Suomen EU-puheenjohtajuuskaudellakin edistetty oikeusvaltioperiaate, jonka my\u00f6t\u00e4 EU-varoja ei voitaisi en\u00e4\u00e4 my\u00f6nt\u00e4\u00e4 oikeusvaltioperiaatetta rikkovalle j\u00e4senmaalle.<\/p>\n\n\n\n<p>Selonteko noudattelee pitk\u00e4lti hallitusohjelman linjauksia, joten se ei tarjoa suuria yll\u00e4tyksi\u00e4. L\u00e4hitulevaisuuden merkitt\u00e4v\u00e4t haasteet ovat ilmastonmuutoksen torjumisessa ja taloudellisesti, ekologisesti ja sosiaalisesti kest\u00e4v\u00e4n unionin rakentamisessa. Suomen linjana on vauhdittaa unionia n\u00e4iden kehitysten eteenp\u00e4in viemisess\u00e4. Hallitus haluaa unionilta vahvoja kauppasuhteita ja kansainv\u00e4list\u00e4 kilpailukyky\u00e4 sek\u00e4 my\u00f6nteist\u00e4 kauppasuhdetta Yhdysvaltoihin.<\/p>\n\n\n\n<p>Koronapandemian aiheuttama terveydellinen ja taloudellinen kriisi kuitenkin muodostaa l\u00e4hivuosien ensimm\u00e4isen koetinkiven EU:n kriisinkest\u00e4vyydelle. Se on lis\u00e4nnyt eriarvoisuutta maailmanlaajuisesti ja EU-maiden v\u00e4lill\u00e4. Ensimm\u00e4ist\u00e4 kertaa vuosikymmeniin my\u00f6s absoluuttisessa k\u00f6yhyydess\u00e4 el\u00e4vien m\u00e4\u00e4r\u00e4 kasvaa. Eriarvoisuus ja k\u00f6yhyys puolestaan ruokkivat vastakkainasettelua ja toimivat polttoaineena populistisille liikkeille. Onkin selv\u00e4\u00e4, ett\u00e4 koronapandemia on ratkaistava nopeasti, jotta sen pitk\u00e4aikaisilta vaikutuksilta v\u00e4ltyt\u00e4\u00e4n.<\/p>\n\n\n\n<p>Selonteossa korostetaan, ett\u00e4 EU:n on s\u00e4ilytett\u00e4v\u00e4 globaali johtajuus kest\u00e4v\u00e4n kehityksen Agenda 2030 -toimintaohjelman ja Pariisin ilmastosopimuksen toimeenpanossa. Pariisin ilmastosopimus t\u00e4ht\u00e4\u00e4 siihen, ett\u00e4 maailman keskil\u00e4mp\u00f6tilan nousu saataisiin rajoitettua alle 1,5 asteeseen. Esimerkiksi Suomen ilmastopaneelin ja riippumattoman Climate Action Trackerin arvioiden valossa nykyiset tavoitteet eiv\u00e4t riit\u00e4 1,5 asteen l\u00e4mpenemisrajan saavuttamiseen. EU:n on siis teht\u00e4v\u00e4 viel\u00e4kin kunnianhimoisempia p\u00e4\u00e4t\u00f6ksi\u00e4 hiilineutraalin tulevaisuuden saavuttamiseksi ja Suomen on toimittava t\u00e4m\u00e4n kehityksen kiritt\u00e4j\u00e4n\u00e4. T\u00e4m\u00e4 puolestaan takaisi sen, ett\u00e4 ilmastokriisin pahimmilta seurauksilta v\u00e4ltyt\u00e4\u00e4n.<\/p>\n\n\n\n<p>Selonteossa v\u00e4hemm\u00e4n tilaa ja konkretiaa saivat kansalaisten osallistaminen yhteiskunnalliseen keskusteluun ja kytkeminen EU-p\u00e4\u00e4t\u00f6ksentekoon. Tulevaisuuskonferenssissa j\u00e4senmaiden hallitukset, parlamentit ja toimielinten edustajat tekev\u00e4t linjauksia unionin tulevasta suunnasta. Parlamentin p\u00e4\u00e4t\u00f6slauselmassa korostetaan, ett\u00e4 kaikista taustoista tulevien kansalaisten, kansalaisyhteiskunnan edustajien sek\u00e4 sidosryhmien tulisi olla mukana EU:n painopisteiden m\u00e4\u00e4ritt\u00e4misess\u00e4, jotta painopisteet vastaavat kansalaisten todellisia huolenaiheita. Konferenssi on EU:lle merkitt\u00e4v\u00e4 n\u00e4yt\u00f6n paikka, sill\u00e4 unioni k\u00e4rsii v\u00e4h\u00e4lle huomiolle j\u00e4\u00e4neest\u00e4 ja pitk\u00e4aikaisesta kriisist\u00e4, nimitt\u00e4in matalasta \u00e4\u00e4nestysaktiivisuudesta. Monelle EU n\u00e4ytt\u00e4ytyy edelleen et\u00e4isen\u00e4 toimijana ja pidemm\u00e4n p\u00e4\u00e4lle ilmi\u00f6 nakertaa syv\u00e4lt\u00e4 EU:n legitimiteetti\u00e4 ja demokratiaa.<\/p>\n\n\n\n<p>Lopuksi, EU-selonteossa unionin kriisinkest\u00e4vyyden vahvistamista ja unionin kehitt\u00e4mist\u00e4 tarkastellaan erityisesti 2020-luvun alkupuolella. T\u00e4m\u00e4 her\u00e4tt\u00e4\u00e4 kysymyksen siit\u00e4, pit\u00e4isik\u00f6 Suomen tulevaisuuskonferenssin yhteydess\u00e4 tuottaa my\u00f6s pidemm\u00e4n aikav\u00e4lin EU-selonteko, jossa EU-politiikan tavoitteita tarkastellaan yli hallituskausien. Edellisest\u00e4 EU-selonteosta ehti nimitt\u00e4in kulua melkein vuosikymmen.<\/p>\n\n\n\n<p>Jesse J\u00e4\u00e4skel\u00e4inen<br>asiantuntija, EU-asiat ja kansalaisviestint\u00e4<br>Eurooppalainen Suomi ry<\/p>\n","protected":false},"excerpt":{"rendered":"<p>Euroopan unionin yhteisty\u00f6n on, koko historiansa ajan, kehittynyt harppauksin erilaisten kriisien kautta. Viime aikoina EU:ta ovat ravisuttaneet muun muassa eurokriisi, Britannian EU-ero, pakolaiskriisi ja viimeisimp\u00e4n\u00e4 COVID-19:n aiheuttama terveydellinen ja taloudellinen kriisi. EU:n yhten\u00e4isyytt\u00e4 koetellaan jatkuvasti, mutta kyse ei ole vain ulkoisista vaikutuksista ja sattumasta. EU:n on kyett\u00e4v\u00e4 vahvistamaan omia sis\u00e4isi\u00e4 pelis\u00e4\u00e4nt\u00f6j\u00e4\u00e4n ja mekanismeja, joilla kriisej\u00e4 [&hellip;]<\/p>\n","protected":false},"author":4,"featured_media":0,"comment_status":"closed","ping_status":"closed","sticky":false,"template":"","format":"standard","meta":{"_et_pb_use_builder":"","_et_pb_old_content":"","_et_gb_content_width":""},"categories":[8,10],"tags":[],"yoast_head":"<!-- This site is optimized with the Yoast SEO plugin v19.13 - https:\/\/yoast.com\/wordpress\/plugins\/seo\/ -->\n<title>Hallituksen EU-selonteon keski\u00f6ss\u00e4 vakaampi EU - Eurooppalainen Suomi<\/title>\n<meta name=\"robots\" content=\"index, follow, max-snippet:-1, max-image-preview:large, max-video-preview:-1\" \/>\n<link rel=\"canonical\" href=\"https:\/\/www.eurooppalainensuomi.fi\/?p=2352\" \/>\n<meta property=\"og:locale\" content=\"en_US\" \/>\n<meta property=\"og:type\" content=\"article\" \/>\n<meta property=\"og:title\" content=\"Hallituksen EU-selonteon keski\u00f6ss\u00e4 vakaampi EU - Eurooppalainen Suomi\" \/>\n<meta property=\"og:description\" content=\"Euroopan unionin yhteisty\u00f6n on, koko historiansa ajan, kehittynyt harppauksin erilaisten kriisien kautta. Viime aikoina EU:ta ovat ravisuttaneet muun muassa eurokriisi, Britannian EU-ero, pakolaiskriisi ja viimeisimp\u00e4n\u00e4 COVID-19:n aiheuttama terveydellinen ja taloudellinen kriisi. EU:n yhten\u00e4isyytt\u00e4 koetellaan jatkuvasti, mutta kyse ei ole vain ulkoisista vaikutuksista ja sattumasta. EU:n on kyett\u00e4v\u00e4 vahvistamaan omia sis\u00e4isi\u00e4 pelis\u00e4\u00e4nt\u00f6j\u00e4\u00e4n ja mekanismeja, joilla kriisej\u00e4 [&hellip;]\" \/>\n<meta property=\"og:url\" content=\"https:\/\/www.eurooppalainensuomi.fi\/?p=2352\" \/>\n<meta property=\"og:site_name\" content=\"Eurooppalainen Suomi\" \/>\n<meta property=\"article:publisher\" content=\"https:\/\/www.facebook.com\/eurooppalainensuomi\" \/>\n<meta property=\"article:published_time\" content=\"2021-01-29T19:08:18+00:00\" \/>\n<meta property=\"article:modified_time\" content=\"2021-01-29T19:09:30+00:00\" \/>\n<meta property=\"og:image\" content=\"https:\/\/www.eurooppalainensuomi.fi\/wp-content\/uploads\/2021\/01\/JJ_pressi-1024x535.jpg\" \/>\n<meta name=\"author\" content=\"Admin\" \/>\n<meta name=\"twitter:card\" content=\"summary_large_image\" \/>\n<meta name=\"twitter:creator\" content=\"@em_finland\" \/>\n<meta name=\"twitter:site\" content=\"@em_finland\" \/>\n<meta name=\"twitter:label1\" content=\"Written by\" \/>\n\t<meta name=\"twitter:data1\" content=\"Admin\" \/>\n\t<meta name=\"twitter:label2\" content=\"Est. reading time\" \/>\n\t<meta name=\"twitter:data2\" content=\"3 minutes\" \/>\n<script type=\"application\/ld+json\" class=\"yoast-schema-graph\">{\"@context\":\"https:\/\/schema.org\",\"@graph\":[{\"@type\":\"Article\",\"@id\":\"https:\/\/www.eurooppalainensuomi.fi\/?p=2352#article\",\"isPartOf\":{\"@id\":\"https:\/\/www.eurooppalainensuomi.fi\/?p=2352\"},\"author\":{\"name\":\"Admin\",\"@id\":\"https:\/\/www.eurooppalainensuomi.fi\/#\/schema\/person\/9635843384121bb89ed49f8d3129daee\"},\"headline\":\"Hallituksen EU-selonteon keski\u00f6ss\u00e4 vakaampi EU\",\"datePublished\":\"2021-01-29T19:08:18+00:00\",\"dateModified\":\"2021-01-29T19:09:30+00:00\",\"mainEntityOfPage\":{\"@id\":\"https:\/\/www.eurooppalainensuomi.fi\/?p=2352\"},\"wordCount\":558,\"publisher\":{\"@id\":\"https:\/\/www.eurooppalainensuomi.fi\/#organization\"},\"articleSection\":[\"Ajankohtaista\",\"Julkaisut\"],\"inLanguage\":\"en\"},{\"@type\":\"WebPage\",\"@id\":\"https:\/\/www.eurooppalainensuomi.fi\/?p=2352\",\"url\":\"https:\/\/www.eurooppalainensuomi.fi\/?p=2352\",\"name\":\"Hallituksen EU-selonteon keski\u00f6ss\u00e4 vakaampi EU - Eurooppalainen Suomi\",\"isPartOf\":{\"@id\":\"https:\/\/www.eurooppalainensuomi.fi\/#website\"},\"datePublished\":\"2021-01-29T19:08:18+00:00\",\"dateModified\":\"2021-01-29T19:09:30+00:00\",\"breadcrumb\":{\"@id\":\"https:\/\/www.eurooppalainensuomi.fi\/?p=2352#breadcrumb\"},\"inLanguage\":\"en\",\"potentialAction\":[{\"@type\":\"ReadAction\",\"target\":[\"https:\/\/www.eurooppalainensuomi.fi\/?p=2352\"]}]},{\"@type\":\"BreadcrumbList\",\"@id\":\"https:\/\/www.eurooppalainensuomi.fi\/?p=2352#breadcrumb\",\"itemListElement\":[{\"@type\":\"ListItem\",\"position\":1,\"name\":\"Etusivu\",\"item\":\"https:\/\/www.eurooppalainensuomi.fi\/\"},{\"@type\":\"ListItem\",\"position\":2,\"name\":\"Hallituksen EU-selonteon keski\u00f6ss\u00e4 vakaampi EU\"}]},{\"@type\":\"WebSite\",\"@id\":\"https:\/\/www.eurooppalainensuomi.fi\/#website\",\"url\":\"https:\/\/www.eurooppalainensuomi.fi\/\",\"name\":\"Eurooppalainen Suomi\",\"description\":\"Parempaa Eurooppaa rakentamassa\",\"publisher\":{\"@id\":\"https:\/\/www.eurooppalainensuomi.fi\/#organization\"},\"potentialAction\":[{\"@type\":\"SearchAction\",\"target\":{\"@type\":\"EntryPoint\",\"urlTemplate\":\"https:\/\/www.eurooppalainensuomi.fi\/?s={search_term_string}\"},\"query-input\":\"required name=search_term_string\"}],\"inLanguage\":\"en\"},{\"@type\":\"Organization\",\"@id\":\"https:\/\/www.eurooppalainensuomi.fi\/#organization\",\"name\":\"Eurooppalainen Suomi ry\",\"url\":\"https:\/\/www.eurooppalainensuomi.fi\/\",\"logo\":{\"@type\":\"ImageObject\",\"inLanguage\":\"en\",\"@id\":\"https:\/\/www.eurooppalainensuomi.fi\/#\/schema\/logo\/image\/\",\"url\":\"https:\/\/www.eurooppalainensuomi.fi\/wp-content\/uploads\/2021\/01\/PNG_large.png\",\"contentUrl\":\"https:\/\/www.eurooppalainensuomi.fi\/wp-content\/uploads\/2021\/01\/PNG_large.png\",\"width\":586,\"height\":220,\"caption\":\"Eurooppalainen Suomi ry\"},\"image\":{\"@id\":\"https:\/\/www.eurooppalainensuomi.fi\/#\/schema\/logo\/image\/\"},\"sameAs\":[\"https:\/\/instagram.com\/eurooppalainensuomi\",\"https:\/\/www.youtube.com\/channel\/UCBeqyrm1ze2RinjeAYS_-Jg\",\"https:\/\/fi.wikipedia.org\/wiki\/Eurooppalainen_Suomi\",\"https:\/\/www.facebook.com\/eurooppalainensuomi\",\"https:\/\/twitter.com\/em_finland\"]},{\"@type\":\"Person\",\"@id\":\"https:\/\/www.eurooppalainensuomi.fi\/#\/schema\/person\/9635843384121bb89ed49f8d3129daee\",\"name\":\"Admin\",\"image\":{\"@type\":\"ImageObject\",\"inLanguage\":\"en\",\"@id\":\"https:\/\/www.eurooppalainensuomi.fi\/#\/schema\/person\/image\/\",\"url\":\"https:\/\/secure.gravatar.com\/avatar\/813eb247d5c8e5914db8a949c18b8e26?s=96&d=mm&r=g\",\"contentUrl\":\"https:\/\/secure.gravatar.com\/avatar\/813eb247d5c8e5914db8a949c18b8e26?s=96&d=mm&r=g\",\"caption\":\"Admin\"}}]}<\/script>\n<!-- \/ Yoast SEO plugin. -->","yoast_head_json":{"title":"Hallituksen EU-selonteon keski\u00f6ss\u00e4 vakaampi EU - Eurooppalainen Suomi","robots":{"index":"index","follow":"follow","max-snippet":"max-snippet:-1","max-image-preview":"max-image-preview:large","max-video-preview":"max-video-preview:-1"},"canonical":"https:\/\/www.eurooppalainensuomi.fi\/?p=2352","og_locale":"en_US","og_type":"article","og_title":"Hallituksen EU-selonteon keski\u00f6ss\u00e4 vakaampi EU - Eurooppalainen Suomi","og_description":"Euroopan unionin yhteisty\u00f6n on, koko historiansa ajan, kehittynyt harppauksin erilaisten kriisien kautta. Viime aikoina EU:ta ovat ravisuttaneet muun muassa eurokriisi, Britannian EU-ero, pakolaiskriisi ja viimeisimp\u00e4n\u00e4 COVID-19:n aiheuttama terveydellinen ja taloudellinen kriisi. EU:n yhten\u00e4isyytt\u00e4 koetellaan jatkuvasti, mutta kyse ei ole vain ulkoisista vaikutuksista ja sattumasta. EU:n on kyett\u00e4v\u00e4 vahvistamaan omia sis\u00e4isi\u00e4 pelis\u00e4\u00e4nt\u00f6j\u00e4\u00e4n ja mekanismeja, joilla kriisej\u00e4 [&hellip;]","og_url":"https:\/\/www.eurooppalainensuomi.fi\/?p=2352","og_site_name":"Eurooppalainen Suomi","article_publisher":"https:\/\/www.facebook.com\/eurooppalainensuomi","article_published_time":"2021-01-29T19:08:18+00:00","article_modified_time":"2021-01-29T19:09:30+00:00","og_image":[{"url":"https:\/\/www.eurooppalainensuomi.fi\/wp-content\/uploads\/2021\/01\/JJ_pressi-1024x535.jpg"}],"author":"Admin","twitter_card":"summary_large_image","twitter_creator":"@em_finland","twitter_site":"@em_finland","twitter_misc":{"Written by":"Admin","Est. reading time":"3 minutes"},"schema":{"@context":"https:\/\/schema.org","@graph":[{"@type":"Article","@id":"https:\/\/www.eurooppalainensuomi.fi\/?p=2352#article","isPartOf":{"@id":"https:\/\/www.eurooppalainensuomi.fi\/?p=2352"},"author":{"name":"Admin","@id":"https:\/\/www.eurooppalainensuomi.fi\/#\/schema\/person\/9635843384121bb89ed49f8d3129daee"},"headline":"Hallituksen EU-selonteon keski\u00f6ss\u00e4 vakaampi EU","datePublished":"2021-01-29T19:08:18+00:00","dateModified":"2021-01-29T19:09:30+00:00","mainEntityOfPage":{"@id":"https:\/\/www.eurooppalainensuomi.fi\/?p=2352"},"wordCount":558,"publisher":{"@id":"https:\/\/www.eurooppalainensuomi.fi\/#organization"},"articleSection":["Ajankohtaista","Julkaisut"],"inLanguage":"en"},{"@type":"WebPage","@id":"https:\/\/www.eurooppalainensuomi.fi\/?p=2352","url":"https:\/\/www.eurooppalainensuomi.fi\/?p=2352","name":"Hallituksen EU-selonteon keski\u00f6ss\u00e4 vakaampi EU - Eurooppalainen Suomi","isPartOf":{"@id":"https:\/\/www.eurooppalainensuomi.fi\/#website"},"datePublished":"2021-01-29T19:08:18+00:00","dateModified":"2021-01-29T19:09:30+00:00","breadcrumb":{"@id":"https:\/\/www.eurooppalainensuomi.fi\/?p=2352#breadcrumb"},"inLanguage":"en","potentialAction":[{"@type":"ReadAction","target":["https:\/\/www.eurooppalainensuomi.fi\/?p=2352"]}]},{"@type":"BreadcrumbList","@id":"https:\/\/www.eurooppalainensuomi.fi\/?p=2352#breadcrumb","itemListElement":[{"@type":"ListItem","position":1,"name":"Etusivu","item":"https:\/\/www.eurooppalainensuomi.fi\/"},{"@type":"ListItem","position":2,"name":"Hallituksen EU-selonteon keski\u00f6ss\u00e4 vakaampi EU"}]},{"@type":"WebSite","@id":"https:\/\/www.eurooppalainensuomi.fi\/#website","url":"https:\/\/www.eurooppalainensuomi.fi\/","name":"Eurooppalainen Suomi","description":"Parempaa Eurooppaa rakentamassa","publisher":{"@id":"https:\/\/www.eurooppalainensuomi.fi\/#organization"},"potentialAction":[{"@type":"SearchAction","target":{"@type":"EntryPoint","urlTemplate":"https:\/\/www.eurooppalainensuomi.fi\/?s={search_term_string}"},"query-input":"required name=search_term_string"}],"inLanguage":"en"},{"@type":"Organization","@id":"https:\/\/www.eurooppalainensuomi.fi\/#organization","name":"Eurooppalainen Suomi ry","url":"https:\/\/www.eurooppalainensuomi.fi\/","logo":{"@type":"ImageObject","inLanguage":"en","@id":"https:\/\/www.eurooppalainensuomi.fi\/#\/schema\/logo\/image\/","url":"https:\/\/www.eurooppalainensuomi.fi\/wp-content\/uploads\/2021\/01\/PNG_large.png","contentUrl":"https:\/\/www.eurooppalainensuomi.fi\/wp-content\/uploads\/2021\/01\/PNG_large.png","width":586,"height":220,"caption":"Eurooppalainen Suomi ry"},"image":{"@id":"https:\/\/www.eurooppalainensuomi.fi\/#\/schema\/logo\/image\/"},"sameAs":["https:\/\/instagram.com\/eurooppalainensuomi","https:\/\/www.youtube.com\/channel\/UCBeqyrm1ze2RinjeAYS_-Jg","https:\/\/fi.wikipedia.org\/wiki\/Eurooppalainen_Suomi","https:\/\/www.facebook.com\/eurooppalainensuomi","https:\/\/twitter.com\/em_finland"]},{"@type":"Person","@id":"https:\/\/www.eurooppalainensuomi.fi\/#\/schema\/person\/9635843384121bb89ed49f8d3129daee","name":"Admin","image":{"@type":"ImageObject","inLanguage":"en","@id":"https:\/\/www.eurooppalainensuomi.fi\/#\/schema\/person\/image\/","url":"https:\/\/secure.gravatar.com\/avatar\/813eb247d5c8e5914db8a949c18b8e26?s=96&d=mm&r=g","contentUrl":"https:\/\/secure.gravatar.com\/avatar\/813eb247d5c8e5914db8a949c18b8e26?s=96&d=mm&r=g","caption":"Admin"}}]}},"jetpack_featured_media_url":"","_links":{"self":[{"href":"https:\/\/www.eurooppalainensuomi.fi\/index.php?rest_route=\/wp\/v2\/posts\/2352"}],"collection":[{"href":"https:\/\/www.eurooppalainensuomi.fi\/index.php?rest_route=\/wp\/v2\/posts"}],"about":[{"href":"https:\/\/www.eurooppalainensuomi.fi\/index.php?rest_route=\/wp\/v2\/types\/post"}],"author":[{"embeddable":true,"href":"https:\/\/www.eurooppalainensuomi.fi\/index.php?rest_route=\/wp\/v2\/users\/4"}],"replies":[{"embeddable":true,"href":"https:\/\/www.eurooppalainensuomi.fi\/index.php?rest_route=%2Fwp%2Fv2%2Fcomments&post=2352"}],"version-history":[{"count":2,"href":"https:\/\/www.eurooppalainensuomi.fi\/index.php?rest_route=\/wp\/v2\/posts\/2352\/revisions"}],"predecessor-version":[{"id":2354,"href":"https:\/\/www.eurooppalainensuomi.fi\/index.php?rest_route=\/wp\/v2\/posts\/2352\/revisions\/2354"}],"wp:attachment":[{"href":"https:\/\/www.eurooppalainensuomi.fi\/index.php?rest_route=%2Fwp%2Fv2%2Fmedia&parent=2352"}],"wp:term":[{"taxonomy":"category","embeddable":true,"href":"https:\/\/www.eurooppalainensuomi.fi\/index.php?rest_route=%2Fwp%2Fv2%2Fcategories&post=2352"},{"taxonomy":"post_tag","embeddable":true,"href":"https:\/\/www.eurooppalainensuomi.fi\/index.php?rest_route=%2Fwp%2Fv2%2Ftags&post=2352"}],"curies":[{"name":"wp","href":"https:\/\/api.w.org\/{rel}","templated":true}]}}