{"id":1987,"date":"2021-01-25T14:41:35","date_gmt":"2021-01-25T12:41:35","guid":{"rendered":"http:\/\/www.eurooppalainensuomi.fi\/?p=1987"},"modified":"2021-01-29T00:14:29","modified_gmt":"2021-01-28T22:14:29","slug":"eu-afrikka-davos-ikaantyminen","status":"publish","type":"post","link":"https:\/\/www.eurooppalainensuomi.fi\/?p=1987","title":{"rendered":"EU-Afrikka | Davos | Ik\u00e4\u00e4ntyminen"},"content":{"rendered":"\n<figure class=\"wp-block-image size-large\"><a href=\"https:\/\/www.eurooppalainensuomi.fi\/wp-content\/uploads\/2021\/01\/EU_viikossa.jpg\"><img src=\"https:\/\/www.eurooppalainensuomi.fi\/wp-content\/uploads\/2021\/01\/EU_viikossa-1024x299.jpg\" alt=\"\" class=\"wp-image-2262\"\/><\/a><\/figure>\n\n\n\n<p>T\u00e4ll\u00e4 viikolla valiokunnat keskustelevat muun muassa EU:n ja Yhdistyneen kuningaskunnan v\u00e4lisest\u00e4 sopimuksesta, Portugalin prioriteeteista ja EU:n ja Afrikan strategiasta. Euroopan komissio hyv\u00e4ksyy t\u00e4ll\u00e4 viikolla \u2018Vihre\u00e4n kirjan ik\u00e4\u00e4ntymisest\u00e4\u2019. Von der Leyen ja useat komissaarit osallistuvat my\u00f6s Maailman talousfoorumin vuosikokoukseen. Neuvoston tasolla ulkoministerit sek\u00e4 maatalous- ja kalastusministerit kokoontuvat t\u00e4n\u00e4\u00e4n. Keskiviikkona 27. tammikuuta EU muistaa holokaustin ja natsismin uhreja.<\/p>\n\n\n\n<p><strong>Euroopan parlamentti<\/strong><\/p>\n\n\n\n<p>T\u00e4ll\u00e4 viikolla j\u00e4rjestett\u00e4viss\u00e4 kuulemistilaisuuksissa parlamentin j\u00e4senille tiedotetaan puheenjohtajavaltio Portugalin prioriteeteista komiteoille t\u00e4rkeill\u00e4 politiikan aloilla. Talous- ja raha-asioiden komitea keskustelee t\u00e4n\u00e4\u00e4n talouden elpymisest\u00e4 COVID-19-pandemian j\u00e4lkeisen\u00e4 aikana, ja keskiviikkona kehitysvaliokunta \u00e4\u00e4nest\u00e4\u00e4 uudesta EU-Afrikka-strategiasta. Torstaina kauppakomitea, kalatalousvaliokunta ja veroasioiden alivaliokunta ty\u00f6skentelev\u00e4t EU:n ja Yhdistyneen kuningaskunnan kauppa- ja yhteisty\u00f6sopimuksen parissa.&nbsp;<\/p>\n\n\n\n<p><strong>Euroopan komissio<\/strong><\/p>\n\n\n\n<p>Euroopan komissio on ilmoittanut aloittavansa laajan julkisen keskustelun v\u00e4est\u00f6rakenteen muutoksesta Euroopassa hyv\u00e4ksym\u00e4ll\u00e4 t\u00e4ll\u00e4 viikolla \u2018Vihre\u00e4n kirjan ik\u00e4\u00e4ntymisest\u00e4\u2019. Vihre\u00e4n kirjan tarkoituksena on esitell\u00e4 ik\u00e4\u00e4ntymiseen liittyv\u00e4t avainkysymykset ja keskustella siit\u00e4, miten ennakoida ja vastata v\u00e4est\u00f6n ik\u00e4\u00e4ntymisen sosioekonomisiin vaikutuksiin. T\u00e4ll\u00e4 viikolla presidentti Von der Leyen ja useat komission j\u00e4senet osallistuvat my\u00f6s (virtuaaliseen) Maailman talousfoorumin kokoukseen Davosissa.&nbsp;<\/p>\n\n\n\n<p><strong>Euroopan unionin neuvosto<\/strong><\/p>\n\n\n\n<p>Maanantaina maataloudesta ja kalastuksesta vastaavat EU:n ministerit kokoontuvat keskustelemaan muun muassa EU:n tulevasta maatalouspolitiikasta, kauppaan liittyvist\u00e4 kysymyksist\u00e4 ja Yhdistyneen kuningaskunnan kanssa jaettujen kalakantojen kalastusmahdollisuuksista. Lis\u00e4ksi ulkoministerit kokoontuvat keskustelemaan Aleksei Navalnyn pid\u00e4tyksest\u00e4, EU:n ja Yhdysvaltojen v\u00e4lisist\u00e4 suhteista ja EU:n globaalien kumppaneiden mahdollisuudesta saada COVID-19-rokotteita. Japanin ulkoministerin Toshimitsu Motegin osallistuu neuvoston verkkokokoukseen vaihtamaan n\u00e4kemyksi\u00e4 Japanin Indo-Tyynenmeren alueesta ja alueellisesta turvallisuudesta Aasiassa.<\/p>\n\n\n\n<p>#EUviikossa<\/p>\n\n\n\n<p>European Movement International: sis\u00e4lt\u00f6 ja grafiikka<\/p>\n","protected":false},"excerpt":{"rendered":"<p>T\u00e4ll\u00e4 viikolla valiokunnat keskustelevat muun muassa EU:n ja Yhdistyneen kuningaskunnan v\u00e4lisest\u00e4 sopimuksesta, Portugalin prioriteeteista ja EU:n ja Afrikan strategiasta. Euroopan komissio hyv\u00e4ksyy t\u00e4ll\u00e4 viikolla \u2018Vihre\u00e4n kirjan ik\u00e4\u00e4ntymisest\u00e4\u2019. Von der Leyen ja useat komissaarit osallistuvat my\u00f6s Maailman talousfoorumin vuosikokoukseen. Neuvoston tasolla ulkoministerit sek\u00e4 maatalous- ja kalastusministerit kokoontuvat t\u00e4n\u00e4\u00e4n. Keskiviikkona 27. tammikuuta EU muistaa holokaustin ja natsismin [&hellip;]<\/p>\n","protected":false},"author":4,"featured_media":0,"comment_status":"closed","ping_status":"open","sticky":false,"template":"","format":"standard","meta":{"_et_pb_use_builder":"","_et_pb_old_content":"","_et_gb_content_width":""},"categories":[8,14,9],"tags":[],"yoast_head":"<!-- This site is optimized with the Yoast SEO plugin v19.13 - https:\/\/yoast.com\/wordpress\/plugins\/seo\/ -->\n<title>EU-Afrikka | Davos | Ik\u00e4\u00e4ntyminen - Eurooppalainen Suomi<\/title>\n<meta name=\"robots\" content=\"index, follow, max-snippet:-1, max-image-preview:large, max-video-preview:-1\" \/>\n<link rel=\"canonical\" href=\"https:\/\/www.eurooppalainensuomi.fi\/?p=1987\" \/>\n<meta property=\"og:locale\" content=\"en_US\" \/>\n<meta property=\"og:type\" content=\"article\" \/>\n<meta property=\"og:title\" content=\"EU-Afrikka | Davos | Ik\u00e4\u00e4ntyminen - Eurooppalainen Suomi\" \/>\n<meta property=\"og:description\" content=\"T\u00e4ll\u00e4 viikolla valiokunnat keskustelevat muun muassa EU:n ja Yhdistyneen kuningaskunnan v\u00e4lisest\u00e4 sopimuksesta, Portugalin prioriteeteista ja EU:n ja Afrikan strategiasta. Euroopan komissio hyv\u00e4ksyy t\u00e4ll\u00e4 viikolla \u2018Vihre\u00e4n kirjan ik\u00e4\u00e4ntymisest\u00e4\u2019. Von der Leyen ja useat komissaarit osallistuvat my\u00f6s Maailman talousfoorumin vuosikokoukseen. Neuvoston tasolla ulkoministerit sek\u00e4 maatalous- ja kalastusministerit kokoontuvat t\u00e4n\u00e4\u00e4n. Keskiviikkona 27. tammikuuta EU muistaa holokaustin ja natsismin [&hellip;]\" \/>\n<meta property=\"og:url\" content=\"https:\/\/www.eurooppalainensuomi.fi\/?p=1987\" \/>\n<meta property=\"og:site_name\" content=\"Eurooppalainen Suomi\" \/>\n<meta property=\"article:publisher\" content=\"https:\/\/www.facebook.com\/eurooppalainensuomi\" \/>\n<meta property=\"article:published_time\" content=\"2021-01-25T12:41:35+00:00\" \/>\n<meta property=\"article:modified_time\" content=\"2021-01-28T22:14:29+00:00\" \/>\n<meta property=\"og:image\" content=\"https:\/\/www.eurooppalainensuomi.fi\/wp-content\/uploads\/2021\/01\/EU_viikossa-1024x299.jpg\" \/>\n<meta name=\"author\" content=\"Admin\" \/>\n<meta name=\"twitter:card\" content=\"summary_large_image\" \/>\n<meta name=\"twitter:creator\" content=\"@em_finland\" \/>\n<meta name=\"twitter:site\" content=\"@em_finland\" \/>\n<meta name=\"twitter:label1\" content=\"Written by\" \/>\n\t<meta name=\"twitter:data1\" content=\"Admin\" \/>\n\t<meta name=\"twitter:label2\" content=\"Est. reading time\" \/>\n\t<meta name=\"twitter:data2\" content=\"2 minutes\" \/>\n<script type=\"application\/ld+json\" class=\"yoast-schema-graph\">{\"@context\":\"https:\/\/schema.org\",\"@graph\":[{\"@type\":\"Article\",\"@id\":\"https:\/\/www.eurooppalainensuomi.fi\/?p=1987#article\",\"isPartOf\":{\"@id\":\"https:\/\/www.eurooppalainensuomi.fi\/?p=1987\"},\"author\":{\"name\":\"Admin\",\"@id\":\"https:\/\/www.eurooppalainensuomi.fi\/#\/schema\/person\/9635843384121bb89ed49f8d3129daee\"},\"headline\":\"EU-Afrikka | Davos | Ik\u00e4\u00e4ntyminen\",\"datePublished\":\"2021-01-25T12:41:35+00:00\",\"dateModified\":\"2021-01-28T22:14:29+00:00\",\"mainEntityOfPage\":{\"@id\":\"https:\/\/www.eurooppalainensuomi.fi\/?p=1987\"},\"wordCount\":283,\"publisher\":{\"@id\":\"https:\/\/www.eurooppalainensuomi.fi\/#organization\"},\"articleSection\":[\"Ajankohtaista\",\"Tiedotteet\",\"Uutiset\"],\"inLanguage\":\"en\"},{\"@type\":\"WebPage\",\"@id\":\"https:\/\/www.eurooppalainensuomi.fi\/?p=1987\",\"url\":\"https:\/\/www.eurooppalainensuomi.fi\/?p=1987\",\"name\":\"EU-Afrikka | Davos | Ik\u00e4\u00e4ntyminen - Eurooppalainen Suomi\",\"isPartOf\":{\"@id\":\"https:\/\/www.eurooppalainensuomi.fi\/#website\"},\"datePublished\":\"2021-01-25T12:41:35+00:00\",\"dateModified\":\"2021-01-28T22:14:29+00:00\",\"breadcrumb\":{\"@id\":\"https:\/\/www.eurooppalainensuomi.fi\/?p=1987#breadcrumb\"},\"inLanguage\":\"en\",\"potentialAction\":[{\"@type\":\"ReadAction\",\"target\":[\"https:\/\/www.eurooppalainensuomi.fi\/?p=1987\"]}]},{\"@type\":\"BreadcrumbList\",\"@id\":\"https:\/\/www.eurooppalainensuomi.fi\/?p=1987#breadcrumb\",\"itemListElement\":[{\"@type\":\"ListItem\",\"position\":1,\"name\":\"Etusivu\",\"item\":\"https:\/\/www.eurooppalainensuomi.fi\/\"},{\"@type\":\"ListItem\",\"position\":2,\"name\":\"EU-Afrikka | Davos | Ik\u00e4\u00e4ntyminen\"}]},{\"@type\":\"WebSite\",\"@id\":\"https:\/\/www.eurooppalainensuomi.fi\/#website\",\"url\":\"https:\/\/www.eurooppalainensuomi.fi\/\",\"name\":\"Eurooppalainen Suomi\",\"description\":\"Parempaa Eurooppaa rakentamassa\",\"publisher\":{\"@id\":\"https:\/\/www.eurooppalainensuomi.fi\/#organization\"},\"potentialAction\":[{\"@type\":\"SearchAction\",\"target\":{\"@type\":\"EntryPoint\",\"urlTemplate\":\"https:\/\/www.eurooppalainensuomi.fi\/?s={search_term_string}\"},\"query-input\":\"required name=search_term_string\"}],\"inLanguage\":\"en\"},{\"@type\":\"Organization\",\"@id\":\"https:\/\/www.eurooppalainensuomi.fi\/#organization\",\"name\":\"Eurooppalainen Suomi ry\",\"url\":\"https:\/\/www.eurooppalainensuomi.fi\/\",\"logo\":{\"@type\":\"ImageObject\",\"inLanguage\":\"en\",\"@id\":\"https:\/\/www.eurooppalainensuomi.fi\/#\/schema\/logo\/image\/\",\"url\":\"https:\/\/www.eurooppalainensuomi.fi\/wp-content\/uploads\/2021\/01\/PNG_large.png\",\"contentUrl\":\"https:\/\/www.eurooppalainensuomi.fi\/wp-content\/uploads\/2021\/01\/PNG_large.png\",\"width\":586,\"height\":220,\"caption\":\"Eurooppalainen Suomi ry\"},\"image\":{\"@id\":\"https:\/\/www.eurooppalainensuomi.fi\/#\/schema\/logo\/image\/\"},\"sameAs\":[\"https:\/\/instagram.com\/eurooppalainensuomi\",\"https:\/\/www.youtube.com\/channel\/UCBeqyrm1ze2RinjeAYS_-Jg\",\"https:\/\/fi.wikipedia.org\/wiki\/Eurooppalainen_Suomi\",\"https:\/\/www.facebook.com\/eurooppalainensuomi\",\"https:\/\/twitter.com\/em_finland\"]},{\"@type\":\"Person\",\"@id\":\"https:\/\/www.eurooppalainensuomi.fi\/#\/schema\/person\/9635843384121bb89ed49f8d3129daee\",\"name\":\"Admin\",\"image\":{\"@type\":\"ImageObject\",\"inLanguage\":\"en\",\"@id\":\"https:\/\/www.eurooppalainensuomi.fi\/#\/schema\/person\/image\/\",\"url\":\"https:\/\/secure.gravatar.com\/avatar\/813eb247d5c8e5914db8a949c18b8e26?s=96&d=mm&r=g\",\"contentUrl\":\"https:\/\/secure.gravatar.com\/avatar\/813eb247d5c8e5914db8a949c18b8e26?s=96&d=mm&r=g\",\"caption\":\"Admin\"}}]}<\/script>\n<!-- \/ Yoast SEO plugin. -->","yoast_head_json":{"title":"EU-Afrikka | Davos | Ik\u00e4\u00e4ntyminen - Eurooppalainen Suomi","robots":{"index":"index","follow":"follow","max-snippet":"max-snippet:-1","max-image-preview":"max-image-preview:large","max-video-preview":"max-video-preview:-1"},"canonical":"https:\/\/www.eurooppalainensuomi.fi\/?p=1987","og_locale":"en_US","og_type":"article","og_title":"EU-Afrikka | Davos | Ik\u00e4\u00e4ntyminen - Eurooppalainen Suomi","og_description":"T\u00e4ll\u00e4 viikolla valiokunnat keskustelevat muun muassa EU:n ja Yhdistyneen kuningaskunnan v\u00e4lisest\u00e4 sopimuksesta, Portugalin prioriteeteista ja EU:n ja Afrikan strategiasta. Euroopan komissio hyv\u00e4ksyy t\u00e4ll\u00e4 viikolla \u2018Vihre\u00e4n kirjan ik\u00e4\u00e4ntymisest\u00e4\u2019. Von der Leyen ja useat komissaarit osallistuvat my\u00f6s Maailman talousfoorumin vuosikokoukseen. Neuvoston tasolla ulkoministerit sek\u00e4 maatalous- ja kalastusministerit kokoontuvat t\u00e4n\u00e4\u00e4n. Keskiviikkona 27. tammikuuta EU muistaa holokaustin ja natsismin [&hellip;]","og_url":"https:\/\/www.eurooppalainensuomi.fi\/?p=1987","og_site_name":"Eurooppalainen Suomi","article_publisher":"https:\/\/www.facebook.com\/eurooppalainensuomi","article_published_time":"2021-01-25T12:41:35+00:00","article_modified_time":"2021-01-28T22:14:29+00:00","og_image":[{"url":"https:\/\/www.eurooppalainensuomi.fi\/wp-content\/uploads\/2021\/01\/EU_viikossa-1024x299.jpg"}],"author":"Admin","twitter_card":"summary_large_image","twitter_creator":"@em_finland","twitter_site":"@em_finland","twitter_misc":{"Written by":"Admin","Est. reading time":"2 minutes"},"schema":{"@context":"https:\/\/schema.org","@graph":[{"@type":"Article","@id":"https:\/\/www.eurooppalainensuomi.fi\/?p=1987#article","isPartOf":{"@id":"https:\/\/www.eurooppalainensuomi.fi\/?p=1987"},"author":{"name":"Admin","@id":"https:\/\/www.eurooppalainensuomi.fi\/#\/schema\/person\/9635843384121bb89ed49f8d3129daee"},"headline":"EU-Afrikka | Davos | Ik\u00e4\u00e4ntyminen","datePublished":"2021-01-25T12:41:35+00:00","dateModified":"2021-01-28T22:14:29+00:00","mainEntityOfPage":{"@id":"https:\/\/www.eurooppalainensuomi.fi\/?p=1987"},"wordCount":283,"publisher":{"@id":"https:\/\/www.eurooppalainensuomi.fi\/#organization"},"articleSection":["Ajankohtaista","Tiedotteet","Uutiset"],"inLanguage":"en"},{"@type":"WebPage","@id":"https:\/\/www.eurooppalainensuomi.fi\/?p=1987","url":"https:\/\/www.eurooppalainensuomi.fi\/?p=1987","name":"EU-Afrikka | Davos | Ik\u00e4\u00e4ntyminen - Eurooppalainen Suomi","isPartOf":{"@id":"https:\/\/www.eurooppalainensuomi.fi\/#website"},"datePublished":"2021-01-25T12:41:35+00:00","dateModified":"2021-01-28T22:14:29+00:00","breadcrumb":{"@id":"https:\/\/www.eurooppalainensuomi.fi\/?p=1987#breadcrumb"},"inLanguage":"en","potentialAction":[{"@type":"ReadAction","target":["https:\/\/www.eurooppalainensuomi.fi\/?p=1987"]}]},{"@type":"BreadcrumbList","@id":"https:\/\/www.eurooppalainensuomi.fi\/?p=1987#breadcrumb","itemListElement":[{"@type":"ListItem","position":1,"name":"Etusivu","item":"https:\/\/www.eurooppalainensuomi.fi\/"},{"@type":"ListItem","position":2,"name":"EU-Afrikka | Davos | Ik\u00e4\u00e4ntyminen"}]},{"@type":"WebSite","@id":"https:\/\/www.eurooppalainensuomi.fi\/#website","url":"https:\/\/www.eurooppalainensuomi.fi\/","name":"Eurooppalainen Suomi","description":"Parempaa Eurooppaa rakentamassa","publisher":{"@id":"https:\/\/www.eurooppalainensuomi.fi\/#organization"},"potentialAction":[{"@type":"SearchAction","target":{"@type":"EntryPoint","urlTemplate":"https:\/\/www.eurooppalainensuomi.fi\/?s={search_term_string}"},"query-input":"required name=search_term_string"}],"inLanguage":"en"},{"@type":"Organization","@id":"https:\/\/www.eurooppalainensuomi.fi\/#organization","name":"Eurooppalainen Suomi ry","url":"https:\/\/www.eurooppalainensuomi.fi\/","logo":{"@type":"ImageObject","inLanguage":"en","@id":"https:\/\/www.eurooppalainensuomi.fi\/#\/schema\/logo\/image\/","url":"https:\/\/www.eurooppalainensuomi.fi\/wp-content\/uploads\/2021\/01\/PNG_large.png","contentUrl":"https:\/\/www.eurooppalainensuomi.fi\/wp-content\/uploads\/2021\/01\/PNG_large.png","width":586,"height":220,"caption":"Eurooppalainen Suomi ry"},"image":{"@id":"https:\/\/www.eurooppalainensuomi.fi\/#\/schema\/logo\/image\/"},"sameAs":["https:\/\/instagram.com\/eurooppalainensuomi","https:\/\/www.youtube.com\/channel\/UCBeqyrm1ze2RinjeAYS_-Jg","https:\/\/fi.wikipedia.org\/wiki\/Eurooppalainen_Suomi","https:\/\/www.facebook.com\/eurooppalainensuomi","https:\/\/twitter.com\/em_finland"]},{"@type":"Person","@id":"https:\/\/www.eurooppalainensuomi.fi\/#\/schema\/person\/9635843384121bb89ed49f8d3129daee","name":"Admin","image":{"@type":"ImageObject","inLanguage":"en","@id":"https:\/\/www.eurooppalainensuomi.fi\/#\/schema\/person\/image\/","url":"https:\/\/secure.gravatar.com\/avatar\/813eb247d5c8e5914db8a949c18b8e26?s=96&d=mm&r=g","contentUrl":"https:\/\/secure.gravatar.com\/avatar\/813eb247d5c8e5914db8a949c18b8e26?s=96&d=mm&r=g","caption":"Admin"}}]}},"jetpack_featured_media_url":"","_links":{"self":[{"href":"https:\/\/www.eurooppalainensuomi.fi\/index.php?rest_route=\/wp\/v2\/posts\/1987"}],"collection":[{"href":"https:\/\/www.eurooppalainensuomi.fi\/index.php?rest_route=\/wp\/v2\/posts"}],"about":[{"href":"https:\/\/www.eurooppalainensuomi.fi\/index.php?rest_route=\/wp\/v2\/types\/post"}],"author":[{"embeddable":true,"href":"https:\/\/www.eurooppalainensuomi.fi\/index.php?rest_route=\/wp\/v2\/users\/4"}],"replies":[{"embeddable":true,"href":"https:\/\/www.eurooppalainensuomi.fi\/index.php?rest_route=%2Fwp%2Fv2%2Fcomments&post=1987"}],"version-history":[{"count":1,"href":"https:\/\/www.eurooppalainensuomi.fi\/index.php?rest_route=\/wp\/v2\/posts\/1987\/revisions"}],"predecessor-version":[{"id":2263,"href":"https:\/\/www.eurooppalainensuomi.fi\/index.php?rest_route=\/wp\/v2\/posts\/1987\/revisions\/2263"}],"wp:attachment":[{"href":"https:\/\/www.eurooppalainensuomi.fi\/index.php?rest_route=%2Fwp%2Fv2%2Fmedia&parent=1987"}],"wp:term":[{"taxonomy":"category","embeddable":true,"href":"https:\/\/www.eurooppalainensuomi.fi\/index.php?rest_route=%2Fwp%2Fv2%2Fcategories&post=1987"},{"taxonomy":"post_tag","embeddable":true,"href":"https:\/\/www.eurooppalainensuomi.fi\/index.php?rest_route=%2Fwp%2Fv2%2Ftags&post=1987"}],"curies":[{"name":"wp","href":"https:\/\/api.w.org\/{rel}","templated":true}]}}