{"id":1983,"date":"2021-01-18T19:02:00","date_gmt":"2021-01-18T17:02:00","guid":{"rendered":"http:\/\/www.eurooppalainensuomi.fi\/?p=1983"},"modified":"2021-01-18T19:02:00","modified_gmt":"2021-01-18T17:02:00","slug":"rokotteet-cofoe-euco","status":"publish","type":"post","link":"https:\/\/www.eurooppalainensuomi.fi\/?p=1983","title":{"rendered":"Rokotteet | CoFoE | EUCO"},"content":{"rendered":"\n<div class=\"wp-block-image\"><figure class=\"aligncenter size-large\"><a href=\"https:\/\/www.eurooppalainensuomi.fi\/wp-content\/uploads\/2021\/01\/VIIKOSSA.jpg\"><img src=\"https:\/\/www.eurooppalainensuomi.fi\/wp-content\/uploads\/2021\/01\/VIIKOSSA-1024x299.jpg\" alt=\"\" class=\"wp-image-1984\"\/><\/a><\/figure><\/div>\n\n\n\n<p>T\u00e4ll\u00e4 viikolla parlamentaarikot osallistuvat vuoden ensimm\u00e4iseen t\u00e4ysistuntoon, jossa keskustellaan muun muassa EU:n rokotestrategiasta, sukupuolten tasa-arvosta, Yhdysvaltain poliittisesta tilanteesta ja Portugalin puheenjohtajakauden painopisteist\u00e4.<\/p>\n\n\n\n<p>Komission odotetaan hyv\u00e4ksyv\u00e4n t\u00e4ll\u00e4 viikolla strategiansa Euroopan taloudellisen ja finanssialan itsem\u00e4\u00e4r\u00e4\u00e4misoikeuden vahvistamiseksi. Torstaina EU:n johtajat kokoontuvat huippukokoukseen arvioidakseen pandemiatilannetta ja EU:n rokotusohjelmaa.<\/p>\n\n\n\n<p><strong>Euroopan parlamentti<\/strong><\/p>\n\n\n\n<p>Tiistaina parlamentaarikot keskustelevat EU:n rokotestrategian nykytilasta. Parlamentti on keskiviikkona toimittanut \u00e4\u00e4nestyksen ihmisoikeuksia ja demokratiaa maailmassa koskevasta vuoden 2019 mietinn\u00f6st\u00e4 ja EU:n vastauksista. Keskiviikkona on tarkoitus keskustella Yhdysvaltojen t\u00e4m\u00e4nhetkisest\u00e4 poliittisesta tilanteesta ja Portugalin puheenjohtajakauden ohjelman esittelyst\u00e4. \u00c4\u00e4nestykset useista FEMM-valiokunnan mietinn\u00f6ist\u00e4 on esitetty my\u00f6hemmin t\u00e4ll\u00e4 viikolla, mukaan lukien sukupuolin\u00e4k\u00f6kulma COVID-19-kriisiss\u00e4, EU:n sukupuolten tasa-arvon strategia ja naisten osallistuminen digitaalitalouteen.<\/p>\n\n\n\n<p><strong>Euroopan komissio<\/strong><\/p>\n\n\n\n<p>Tiistaina komission odotetaan hyv\u00e4ksyv\u00e4n strategiansa Euroopan taloudellisen ja rahoituksellisen itsem\u00e4\u00e4r\u00e4\u00e4misoikeuden vahvistamiseksi. Lis\u00e4ksi Turkin ulkoministerin Mevl\u00fct \u00c7avusoglun matkustaa torstaina Brysseliin tapaamaan Josep Borrellin.<\/p>\n\n\n\n<p><strong>Euroopan unionin neuvosto<\/strong><\/p>\n\n\n\n<p>T\u00e4ll\u00e4 viikolla ministerit eri neuvoston kokoonpanoissa saavat tietoa puheenjohtajavaltio Portugalin ty\u00f6ohjelmasta. Euroryhm\u00e4 puolestaan kokoontuu ja keskustelee muun muassa makrotalouden ep\u00e4tasapainosta euroalueella COVID-19-kriisin seurauksena. Tiistaina talous- ja valtiovarainministerit keskustelevat komission toimintasuunnitelmasta j\u00e4rjest\u00e4m\u00e4tt\u00f6mien lainojen torjumiseksi COVID-19-pandemian j\u00e4lkeen.<\/p>\n\n\n\n<p>#EUviikossa<\/p>\n\n\n\n<p>European Movement International: sis\u00e4lt\u00f6 ja grafiikka<\/p>\n","protected":false},"excerpt":{"rendered":"<p>T\u00e4ll\u00e4 viikolla parlamentaarikot osallistuvat vuoden ensimm\u00e4iseen t\u00e4ysistuntoon, jossa keskustellaan muun muassa EU:n rokotestrategiasta, sukupuolten tasa-arvosta, Yhdysvaltain poliittisesta tilanteesta ja Portugalin puheenjohtajakauden painopisteist\u00e4. Komission odotetaan hyv\u00e4ksyv\u00e4n t\u00e4ll\u00e4 viikolla strategiansa Euroopan taloudellisen ja finanssialan itsem\u00e4\u00e4r\u00e4\u00e4misoikeuden vahvistamiseksi. Torstaina EU:n johtajat kokoontuvat huippukokoukseen arvioidakseen pandemiatilannetta ja EU:n rokotusohjelmaa. Euroopan parlamentti Tiistaina parlamentaarikot keskustelevat EU:n rokotestrategian nykytilasta. Parlamentti on keskiviikkona [&hellip;]<\/p>\n","protected":false},"author":4,"featured_media":0,"comment_status":"closed","ping_status":"open","sticky":false,"template":"","format":"standard","meta":{"_et_pb_use_builder":"","_et_pb_old_content":"","_et_gb_content_width":""},"categories":[8,14,9],"tags":[],"yoast_head":"<!-- This site is optimized with the Yoast SEO plugin v19.13 - https:\/\/yoast.com\/wordpress\/plugins\/seo\/ -->\n<title>Rokotteet | CoFoE | EUCO - Eurooppalainen Suomi<\/title>\n<meta name=\"robots\" content=\"index, follow, max-snippet:-1, max-image-preview:large, max-video-preview:-1\" \/>\n<link rel=\"canonical\" href=\"https:\/\/www.eurooppalainensuomi.fi\/?p=1983\" \/>\n<meta property=\"og:locale\" content=\"en_US\" \/>\n<meta property=\"og:type\" content=\"article\" \/>\n<meta property=\"og:title\" content=\"Rokotteet | CoFoE | EUCO - Eurooppalainen Suomi\" \/>\n<meta property=\"og:description\" content=\"T\u00e4ll\u00e4 viikolla parlamentaarikot osallistuvat vuoden ensimm\u00e4iseen t\u00e4ysistuntoon, jossa keskustellaan muun muassa EU:n rokotestrategiasta, sukupuolten tasa-arvosta, Yhdysvaltain poliittisesta tilanteesta ja Portugalin puheenjohtajakauden painopisteist\u00e4. Komission odotetaan hyv\u00e4ksyv\u00e4n t\u00e4ll\u00e4 viikolla strategiansa Euroopan taloudellisen ja finanssialan itsem\u00e4\u00e4r\u00e4\u00e4misoikeuden vahvistamiseksi. Torstaina EU:n johtajat kokoontuvat huippukokoukseen arvioidakseen pandemiatilannetta ja EU:n rokotusohjelmaa. Euroopan parlamentti Tiistaina parlamentaarikot keskustelevat EU:n rokotestrategian nykytilasta. Parlamentti on keskiviikkona [&hellip;]\" \/>\n<meta property=\"og:url\" content=\"https:\/\/www.eurooppalainensuomi.fi\/?p=1983\" \/>\n<meta property=\"og:site_name\" content=\"Eurooppalainen Suomi\" \/>\n<meta property=\"article:publisher\" content=\"https:\/\/www.facebook.com\/eurooppalainensuomi\" \/>\n<meta property=\"article:published_time\" content=\"2021-01-18T17:02:00+00:00\" \/>\n<meta property=\"og:image\" content=\"https:\/\/www.eurooppalainensuomi.fi\/wp-content\/uploads\/2021\/01\/VIIKOSSA-1024x299.jpg\" \/>\n<meta name=\"author\" content=\"Admin\" \/>\n<meta name=\"twitter:card\" content=\"summary_large_image\" \/>\n<meta name=\"twitter:creator\" content=\"@em_finland\" \/>\n<meta name=\"twitter:site\" content=\"@em_finland\" \/>\n<meta name=\"twitter:label1\" content=\"Written by\" \/>\n\t<meta name=\"twitter:data1\" content=\"Admin\" \/>\n\t<meta name=\"twitter:label2\" content=\"Est. reading time\" \/>\n\t<meta name=\"twitter:data2\" content=\"1 minute\" \/>\n<script type=\"application\/ld+json\" class=\"yoast-schema-graph\">{\"@context\":\"https:\/\/schema.org\",\"@graph\":[{\"@type\":\"Article\",\"@id\":\"https:\/\/www.eurooppalainensuomi.fi\/?p=1983#article\",\"isPartOf\":{\"@id\":\"https:\/\/www.eurooppalainensuomi.fi\/?p=1983\"},\"author\":{\"name\":\"Admin\",\"@id\":\"https:\/\/www.eurooppalainensuomi.fi\/#\/schema\/person\/9635843384121bb89ed49f8d3129daee\"},\"headline\":\"Rokotteet | CoFoE | EUCO\",\"datePublished\":\"2021-01-18T17:02:00+00:00\",\"dateModified\":\"2021-01-18T17:02:00+00:00\",\"mainEntityOfPage\":{\"@id\":\"https:\/\/www.eurooppalainensuomi.fi\/?p=1983\"},\"wordCount\":213,\"publisher\":{\"@id\":\"https:\/\/www.eurooppalainensuomi.fi\/#organization\"},\"articleSection\":[\"Ajankohtaista\",\"Tiedotteet\",\"Uutiset\"],\"inLanguage\":\"en\"},{\"@type\":\"WebPage\",\"@id\":\"https:\/\/www.eurooppalainensuomi.fi\/?p=1983\",\"url\":\"https:\/\/www.eurooppalainensuomi.fi\/?p=1983\",\"name\":\"Rokotteet | CoFoE | EUCO - Eurooppalainen Suomi\",\"isPartOf\":{\"@id\":\"https:\/\/www.eurooppalainensuomi.fi\/#website\"},\"datePublished\":\"2021-01-18T17:02:00+00:00\",\"dateModified\":\"2021-01-18T17:02:00+00:00\",\"breadcrumb\":{\"@id\":\"https:\/\/www.eurooppalainensuomi.fi\/?p=1983#breadcrumb\"},\"inLanguage\":\"en\",\"potentialAction\":[{\"@type\":\"ReadAction\",\"target\":[\"https:\/\/www.eurooppalainensuomi.fi\/?p=1983\"]}]},{\"@type\":\"BreadcrumbList\",\"@id\":\"https:\/\/www.eurooppalainensuomi.fi\/?p=1983#breadcrumb\",\"itemListElement\":[{\"@type\":\"ListItem\",\"position\":1,\"name\":\"Etusivu\",\"item\":\"https:\/\/www.eurooppalainensuomi.fi\/\"},{\"@type\":\"ListItem\",\"position\":2,\"name\":\"Rokotteet | CoFoE | EUCO\"}]},{\"@type\":\"WebSite\",\"@id\":\"https:\/\/www.eurooppalainensuomi.fi\/#website\",\"url\":\"https:\/\/www.eurooppalainensuomi.fi\/\",\"name\":\"Eurooppalainen Suomi\",\"description\":\"Parempaa Eurooppaa rakentamassa\",\"publisher\":{\"@id\":\"https:\/\/www.eurooppalainensuomi.fi\/#organization\"},\"potentialAction\":[{\"@type\":\"SearchAction\",\"target\":{\"@type\":\"EntryPoint\",\"urlTemplate\":\"https:\/\/www.eurooppalainensuomi.fi\/?s={search_term_string}\"},\"query-input\":\"required name=search_term_string\"}],\"inLanguage\":\"en\"},{\"@type\":\"Organization\",\"@id\":\"https:\/\/www.eurooppalainensuomi.fi\/#organization\",\"name\":\"Eurooppalainen Suomi ry\",\"url\":\"https:\/\/www.eurooppalainensuomi.fi\/\",\"logo\":{\"@type\":\"ImageObject\",\"inLanguage\":\"en\",\"@id\":\"https:\/\/www.eurooppalainensuomi.fi\/#\/schema\/logo\/image\/\",\"url\":\"https:\/\/www.eurooppalainensuomi.fi\/wp-content\/uploads\/2021\/01\/PNG_large.png\",\"contentUrl\":\"https:\/\/www.eurooppalainensuomi.fi\/wp-content\/uploads\/2021\/01\/PNG_large.png\",\"width\":586,\"height\":220,\"caption\":\"Eurooppalainen Suomi ry\"},\"image\":{\"@id\":\"https:\/\/www.eurooppalainensuomi.fi\/#\/schema\/logo\/image\/\"},\"sameAs\":[\"https:\/\/instagram.com\/eurooppalainensuomi\",\"https:\/\/www.youtube.com\/channel\/UCBeqyrm1ze2RinjeAYS_-Jg\",\"https:\/\/fi.wikipedia.org\/wiki\/Eurooppalainen_Suomi\",\"https:\/\/www.facebook.com\/eurooppalainensuomi\",\"https:\/\/twitter.com\/em_finland\"]},{\"@type\":\"Person\",\"@id\":\"https:\/\/www.eurooppalainensuomi.fi\/#\/schema\/person\/9635843384121bb89ed49f8d3129daee\",\"name\":\"Admin\",\"image\":{\"@type\":\"ImageObject\",\"inLanguage\":\"en\",\"@id\":\"https:\/\/www.eurooppalainensuomi.fi\/#\/schema\/person\/image\/\",\"url\":\"https:\/\/secure.gravatar.com\/avatar\/813eb247d5c8e5914db8a949c18b8e26?s=96&d=mm&r=g\",\"contentUrl\":\"https:\/\/secure.gravatar.com\/avatar\/813eb247d5c8e5914db8a949c18b8e26?s=96&d=mm&r=g\",\"caption\":\"Admin\"}}]}<\/script>\n<!-- \/ Yoast SEO plugin. -->","yoast_head_json":{"title":"Rokotteet | CoFoE | EUCO - Eurooppalainen Suomi","robots":{"index":"index","follow":"follow","max-snippet":"max-snippet:-1","max-image-preview":"max-image-preview:large","max-video-preview":"max-video-preview:-1"},"canonical":"https:\/\/www.eurooppalainensuomi.fi\/?p=1983","og_locale":"en_US","og_type":"article","og_title":"Rokotteet | CoFoE | EUCO - Eurooppalainen Suomi","og_description":"T\u00e4ll\u00e4 viikolla parlamentaarikot osallistuvat vuoden ensimm\u00e4iseen t\u00e4ysistuntoon, jossa keskustellaan muun muassa EU:n rokotestrategiasta, sukupuolten tasa-arvosta, Yhdysvaltain poliittisesta tilanteesta ja Portugalin puheenjohtajakauden painopisteist\u00e4. Komission odotetaan hyv\u00e4ksyv\u00e4n t\u00e4ll\u00e4 viikolla strategiansa Euroopan taloudellisen ja finanssialan itsem\u00e4\u00e4r\u00e4\u00e4misoikeuden vahvistamiseksi. Torstaina EU:n johtajat kokoontuvat huippukokoukseen arvioidakseen pandemiatilannetta ja EU:n rokotusohjelmaa. Euroopan parlamentti Tiistaina parlamentaarikot keskustelevat EU:n rokotestrategian nykytilasta. Parlamentti on keskiviikkona [&hellip;]","og_url":"https:\/\/www.eurooppalainensuomi.fi\/?p=1983","og_site_name":"Eurooppalainen Suomi","article_publisher":"https:\/\/www.facebook.com\/eurooppalainensuomi","article_published_time":"2021-01-18T17:02:00+00:00","og_image":[{"url":"https:\/\/www.eurooppalainensuomi.fi\/wp-content\/uploads\/2021\/01\/VIIKOSSA-1024x299.jpg"}],"author":"Admin","twitter_card":"summary_large_image","twitter_creator":"@em_finland","twitter_site":"@em_finland","twitter_misc":{"Written by":"Admin","Est. reading time":"1 minute"},"schema":{"@context":"https:\/\/schema.org","@graph":[{"@type":"Article","@id":"https:\/\/www.eurooppalainensuomi.fi\/?p=1983#article","isPartOf":{"@id":"https:\/\/www.eurooppalainensuomi.fi\/?p=1983"},"author":{"name":"Admin","@id":"https:\/\/www.eurooppalainensuomi.fi\/#\/schema\/person\/9635843384121bb89ed49f8d3129daee"},"headline":"Rokotteet | CoFoE | EUCO","datePublished":"2021-01-18T17:02:00+00:00","dateModified":"2021-01-18T17:02:00+00:00","mainEntityOfPage":{"@id":"https:\/\/www.eurooppalainensuomi.fi\/?p=1983"},"wordCount":213,"publisher":{"@id":"https:\/\/www.eurooppalainensuomi.fi\/#organization"},"articleSection":["Ajankohtaista","Tiedotteet","Uutiset"],"inLanguage":"en"},{"@type":"WebPage","@id":"https:\/\/www.eurooppalainensuomi.fi\/?p=1983","url":"https:\/\/www.eurooppalainensuomi.fi\/?p=1983","name":"Rokotteet | CoFoE | EUCO - Eurooppalainen Suomi","isPartOf":{"@id":"https:\/\/www.eurooppalainensuomi.fi\/#website"},"datePublished":"2021-01-18T17:02:00+00:00","dateModified":"2021-01-18T17:02:00+00:00","breadcrumb":{"@id":"https:\/\/www.eurooppalainensuomi.fi\/?p=1983#breadcrumb"},"inLanguage":"en","potentialAction":[{"@type":"ReadAction","target":["https:\/\/www.eurooppalainensuomi.fi\/?p=1983"]}]},{"@type":"BreadcrumbList","@id":"https:\/\/www.eurooppalainensuomi.fi\/?p=1983#breadcrumb","itemListElement":[{"@type":"ListItem","position":1,"name":"Etusivu","item":"https:\/\/www.eurooppalainensuomi.fi\/"},{"@type":"ListItem","position":2,"name":"Rokotteet | CoFoE | EUCO"}]},{"@type":"WebSite","@id":"https:\/\/www.eurooppalainensuomi.fi\/#website","url":"https:\/\/www.eurooppalainensuomi.fi\/","name":"Eurooppalainen Suomi","description":"Parempaa Eurooppaa rakentamassa","publisher":{"@id":"https:\/\/www.eurooppalainensuomi.fi\/#organization"},"potentialAction":[{"@type":"SearchAction","target":{"@type":"EntryPoint","urlTemplate":"https:\/\/www.eurooppalainensuomi.fi\/?s={search_term_string}"},"query-input":"required name=search_term_string"}],"inLanguage":"en"},{"@type":"Organization","@id":"https:\/\/www.eurooppalainensuomi.fi\/#organization","name":"Eurooppalainen Suomi ry","url":"https:\/\/www.eurooppalainensuomi.fi\/","logo":{"@type":"ImageObject","inLanguage":"en","@id":"https:\/\/www.eurooppalainensuomi.fi\/#\/schema\/logo\/image\/","url":"https:\/\/www.eurooppalainensuomi.fi\/wp-content\/uploads\/2021\/01\/PNG_large.png","contentUrl":"https:\/\/www.eurooppalainensuomi.fi\/wp-content\/uploads\/2021\/01\/PNG_large.png","width":586,"height":220,"caption":"Eurooppalainen Suomi ry"},"image":{"@id":"https:\/\/www.eurooppalainensuomi.fi\/#\/schema\/logo\/image\/"},"sameAs":["https:\/\/instagram.com\/eurooppalainensuomi","https:\/\/www.youtube.com\/channel\/UCBeqyrm1ze2RinjeAYS_-Jg","https:\/\/fi.wikipedia.org\/wiki\/Eurooppalainen_Suomi","https:\/\/www.facebook.com\/eurooppalainensuomi","https:\/\/twitter.com\/em_finland"]},{"@type":"Person","@id":"https:\/\/www.eurooppalainensuomi.fi\/#\/schema\/person\/9635843384121bb89ed49f8d3129daee","name":"Admin","image":{"@type":"ImageObject","inLanguage":"en","@id":"https:\/\/www.eurooppalainensuomi.fi\/#\/schema\/person\/image\/","url":"https:\/\/secure.gravatar.com\/avatar\/813eb247d5c8e5914db8a949c18b8e26?s=96&d=mm&r=g","contentUrl":"https:\/\/secure.gravatar.com\/avatar\/813eb247d5c8e5914db8a949c18b8e26?s=96&d=mm&r=g","caption":"Admin"}}]}},"jetpack_featured_media_url":"","_links":{"self":[{"href":"https:\/\/www.eurooppalainensuomi.fi\/index.php?rest_route=\/wp\/v2\/posts\/1983"}],"collection":[{"href":"https:\/\/www.eurooppalainensuomi.fi\/index.php?rest_route=\/wp\/v2\/posts"}],"about":[{"href":"https:\/\/www.eurooppalainensuomi.fi\/index.php?rest_route=\/wp\/v2\/types\/post"}],"author":[{"embeddable":true,"href":"https:\/\/www.eurooppalainensuomi.fi\/index.php?rest_route=\/wp\/v2\/users\/4"}],"replies":[{"embeddable":true,"href":"https:\/\/www.eurooppalainensuomi.fi\/index.php?rest_route=%2Fwp%2Fv2%2Fcomments&post=1983"}],"version-history":[{"count":0,"href":"https:\/\/www.eurooppalainensuomi.fi\/index.php?rest_route=\/wp\/v2\/posts\/1983\/revisions"}],"wp:attachment":[{"href":"https:\/\/www.eurooppalainensuomi.fi\/index.php?rest_route=%2Fwp%2Fv2%2Fmedia&parent=1983"}],"wp:term":[{"taxonomy":"category","embeddable":true,"href":"https:\/\/www.eurooppalainensuomi.fi\/index.php?rest_route=%2Fwp%2Fv2%2Fcategories&post=1983"},{"taxonomy":"post_tag","embeddable":true,"href":"https:\/\/www.eurooppalainensuomi.fi\/index.php?rest_route=%2Fwp%2Fv2%2Ftags&post=1983"}],"curies":[{"name":"wp","href":"https:\/\/api.w.org\/{rel}","templated":true}]}}